{"id":72945,"date":"2021-04-15T15:48:20","date_gmt":"2021-04-15T14:48:20","guid":{"rendered":"https:\/\/www.copealcoy.es\/?p=72945"},"modified":"2021-04-15T15:55:38","modified_gmt":"2021-04-15T14:55:38","slug":"santa-faz-y-mare-de-deu-del-miracle-la-union-que-hizo-posible-don-jose-soler","status":"publish","type":"post","link":"https:\/\/www.copealcoy.es\/es\/santa-faz-y-mare-de-deu-del-miracle-la-union-que-hizo-posible-don-jose-soler\/","title":{"rendered":"Santa Faz y Mare de D\u00e9u del Miracle, la uni\u00f3n que hizo posible Don Jos\u00e9 Soler"},"content":{"rendered":"<p style=\"text-align: justify;\">La <strong>crisis sanitaria del Coronavirus<\/strong> ha impedido que Alicante celebrase por segundo a\u00f1o consecutivo <strong>la tradicional Romer\u00eda de la Santa Faz<\/strong>, una festividad que t<strong>iene lugar el jueves posterior a la fiesta de San Vicente Ferrer<\/strong>. Este hecho ha propiciado que una vez m\u00e1s la imagen peregrina de la misma Santa Faz, <strong>en cuyo reverso se contempla al rostro de la Mare de D\u00e9u del Miracle de Cocentaina<\/strong>, haya partido de la Concatedral de San Nicol\u00e1s de Bari en direcci\u00f3n al Monasterio alicantino donde se venera la reliquia con el manto en el que la Ver\u00f3nica enjuag\u00f3\u00a0el rostro de Cristo camino del Calvario.<\/p>\n<p style=\"text-align: justify;\">Esta imagen peregrina<strong> fue pintada por el sacerdote contestano Don Jos\u00e9 Soler Cardona<\/strong>, gran conocedor de las tradiciones valencianas, con una fuerte vinculaci\u00f3n a la capital alicantina y un reconocido artista pict\u00f3rico que <strong>dej\u00f3 como legado una importante colecci\u00f3n de\u00a0obras<\/strong>. Soler pint\u00f3 la r\u00e9plica de Santa Faz <strong>en 1989<\/strong>, coincidiendo con el quinto centenario de la celebraci\u00f3n, y en en la misma <strong>quiso plasmar tambi\u00e9n a la Mare de D\u00e9u del Miracle haciendo alusi\u00f3n a su localidad natal as\u00ed como a la profunda devoci\u00f3n que le profesaba a la patrona de la Villa Condal<\/strong>. Posteriormente, en 2001,\u00a0el Palau Comtal de Cocentaina acogi\u00f3 en plena Fira de Tots Sants <strong>una exposici\u00f3n de obras de Don Jos\u00e9 Soler<\/strong>, entre las cuales se encontraba precisamente la r\u00e9plica de la Santa Faz que hasta aquel momento nunca hab\u00eda abandonado Alicante.<\/p>\n<p style=\"text-align: justify;\">Don Jos\u00e9 Soler, que tambi\u00e9n mantuvo una especial union con el mundo de las Fiestas de Moros y Cristianos de la provincia,<strong> falleci\u00f3\u00a0el 19 de abril de 2009<\/strong> justo en el d\u00eda en el que Cocentaina celebra la festividad de su patrona.<\/p>\n","protected":false},"excerpt":{"rendered":"<p>La crisis sanitaria del Coronavirus ha impedido que Alicante celebrase por segundo a\u00f1o consecutivo la tradicional Romer\u00eda de la Santa&#8230;<\/p>\n","protected":false},"author":1,"featured_media":72948,"comment_status":"open","ping_status":"open","sticky":false,"template":"","format":"standard","meta":{"footnotes":""},"categories":[98,75],"tags":[269,132,11142,6188,1984,11141],"class_list":["post-72945","post","type-post","status-publish","format-standard","has-post-thumbnail","hentry","category-comarcas","category-noticias","tag-alicante","tag-cocentaina","tag-don-jose-soler","tag-imagen-peregrina","tag-mare-de-deu-del-miracle","tag-santa-faz"],"yoast_head":"<!-- This site is optimized with the Yoast SEO plugin v27.3 - https:\/\/yoast.com\/product\/yoast-seo-wordpress\/ -->\n<title>Santa Faz y Mare de D\u00e9u del Miracle, la uni\u00f3n que hizo posible Don Jos\u00e9 Soler - COPE Alcoy<\/title>\n<meta name=\"robots\" content=\"index, follow, max-snippet:-1, max-image-preview:large, max-video-preview:-1\" \/>\n<link rel=\"canonical\" href=\"https:\/\/www.copealcoy.es\/es\/santa-faz-y-mare-de-deu-del-miracle-la-union-que-hizo-posible-don-jose-soler\/\" \/>\n<meta property=\"og:locale\" content=\"es_ES\" \/>\n<meta property=\"og:type\" content=\"article\" \/>\n<meta property=\"og:title\" content=\"Santa Faz y Mare de D\u00e9u del Miracle, la uni\u00f3n que hizo posible Don Jos\u00e9 Soler - COPE Alcoy\" \/>\n<meta property=\"og:description\" content=\"La crisis sanitaria del Coronavirus ha impedido que Alicante celebrase por segundo a\u00f1o consecutivo la tradicional Romer\u00eda de la Santa...\" \/>\n<meta property=\"og:url\" content=\"https:\/\/www.copealcoy.es\/es\/santa-faz-y-mare-de-deu-del-miracle-la-union-que-hizo-posible-don-jose-soler\/\" \/>\n<meta property=\"og:site_name\" content=\"COPE Alcoy\" \/>\n<meta property=\"article:published_time\" content=\"2021-04-15T14:48:20+00:00\" \/>\n<meta property=\"article:modified_time\" content=\"2021-04-15T14:55:38+00:00\" \/>\n<meta property=\"og:image\" content=\"https:\/\/www.copealcoy.es\/wp-content\/uploads\/2021\/04\/10173594_1421317451463388_2191266479116483364_n.jpg\" \/>\n\t<meta property=\"og:image:width\" content=\"715\" \/>\n\t<meta property=\"og:image:height\" content=\"487\" \/>\n\t<meta property=\"og:image:type\" content=\"image\/jpeg\" \/>\n<meta name=\"author\" content=\"Cope Alcoy\" \/>\n<meta name=\"twitter:label1\" content=\"Escrito por\" \/>\n\t<meta name=\"twitter:data1\" content=\"Cope Alcoy\" \/>\n\t<meta name=\"twitter:label2\" content=\"Tiempo de lectura\" \/>\n\t<meta name=\"twitter:data2\" content=\"2 minutos\" \/>\n<script type=\"application\/ld+json\" class=\"yoast-schema-graph\">{\"@context\":\"https:\\\/\\\/schema.org\",\"@graph\":[{\"@type\":\"Article\",\"@id\":\"https:\\\/\\\/www.copealcoy.es\\\/es\\\/santa-faz-y-mare-de-deu-del-miracle-la-union-que-hizo-posible-don-jose-soler\\\/#article\",\"isPartOf\":{\"@id\":\"https:\\\/\\\/www.copealcoy.es\\\/es\\\/santa-faz-y-mare-de-deu-del-miracle-la-union-que-hizo-posible-don-jose-soler\\\/\"},\"author\":{\"name\":\"Cope Alcoy\",\"@id\":\"https:\\\/\\\/www.copealcoy.es\\\/es\\\/#\\\/schema\\\/person\\\/e777c87fa024e57d40170af9df39882c\"},\"headline\":\"Santa Faz y Mare de D\u00e9u del Miracle, la uni\u00f3n que hizo posible Don Jos\u00e9 Soler\",\"datePublished\":\"2021-04-15T14:48:20+00:00\",\"dateModified\":\"2021-04-15T14:55:38+00:00\",\"mainEntityOfPage\":{\"@id\":\"https:\\\/\\\/www.copealcoy.es\\\/es\\\/santa-faz-y-mare-de-deu-del-miracle-la-union-que-hizo-posible-don-jose-soler\\\/\"},\"wordCount\":320,\"commentCount\":0,\"image\":{\"@id\":\"https:\\\/\\\/www.copealcoy.es\\\/es\\\/santa-faz-y-mare-de-deu-del-miracle-la-union-que-hizo-posible-don-jose-soler\\\/#primaryimage\"},\"thumbnailUrl\":\"https:\\\/\\\/www.copealcoy.es\\\/wp-content\\\/uploads\\\/2021\\\/04\\\/10173594_1421317451463388_2191266479116483364_n.jpg\",\"keywords\":[\"Alicante\",\"Cocentaina\",\"Don Jos\u00e9 Soler\",\"imagen peregrina\",\"Mare de D\u00e9u del Miracle\",\"Santa Faz\"],\"articleSection\":[\"Comarcas\",\"Noticias\"],\"inLanguage\":\"es\"},{\"@type\":\"WebPage\",\"@id\":\"https:\\\/\\\/www.copealcoy.es\\\/es\\\/santa-faz-y-mare-de-deu-del-miracle-la-union-que-hizo-posible-don-jose-soler\\\/\",\"url\":\"https:\\\/\\\/www.copealcoy.es\\\/es\\\/santa-faz-y-mare-de-deu-del-miracle-la-union-que-hizo-posible-don-jose-soler\\\/\",\"name\":\"Santa Faz y Mare de D\u00e9u del Miracle, la uni\u00f3n que hizo posible Don Jos\u00e9 Soler - COPE Alcoy\",\"isPartOf\":{\"@id\":\"https:\\\/\\\/www.copealcoy.es\\\/es\\\/#website\"},\"primaryImageOfPage\":{\"@id\":\"https:\\\/\\\/www.copealcoy.es\\\/es\\\/santa-faz-y-mare-de-deu-del-miracle-la-union-que-hizo-posible-don-jose-soler\\\/#primaryimage\"},\"image\":{\"@id\":\"https:\\\/\\\/www.copealcoy.es\\\/es\\\/santa-faz-y-mare-de-deu-del-miracle-la-union-que-hizo-posible-don-jose-soler\\\/#primaryimage\"},\"thumbnailUrl\":\"https:\\\/\\\/www.copealcoy.es\\\/wp-content\\\/uploads\\\/2021\\\/04\\\/10173594_1421317451463388_2191266479116483364_n.jpg\",\"datePublished\":\"2021-04-15T14:48:20+00:00\",\"dateModified\":\"2021-04-15T14:55:38+00:00\",\"author\":{\"@id\":\"https:\\\/\\\/www.copealcoy.es\\\/es\\\/#\\\/schema\\\/person\\\/e777c87fa024e57d40170af9df39882c\"},\"breadcrumb\":{\"@id\":\"https:\\\/\\\/www.copealcoy.es\\\/es\\\/santa-faz-y-mare-de-deu-del-miracle-la-union-que-hizo-posible-don-jose-soler\\\/#breadcrumb\"},\"inLanguage\":\"es\",\"potentialAction\":[{\"@type\":\"ReadAction\",\"target\":[\"https:\\\/\\\/www.copealcoy.es\\\/es\\\/santa-faz-y-mare-de-deu-del-miracle-la-union-que-hizo-posible-don-jose-soler\\\/\"]}]},{\"@type\":\"ImageObject\",\"inLanguage\":\"es\",\"@id\":\"https:\\\/\\\/www.copealcoy.es\\\/es\\\/santa-faz-y-mare-de-deu-del-miracle-la-union-que-hizo-posible-don-jose-soler\\\/#primaryimage\",\"url\":\"https:\\\/\\\/www.copealcoy.es\\\/wp-content\\\/uploads\\\/2021\\\/04\\\/10173594_1421317451463388_2191266479116483364_n.jpg\",\"contentUrl\":\"https:\\\/\\\/www.copealcoy.es\\\/wp-content\\\/uploads\\\/2021\\\/04\\\/10173594_1421317451463388_2191266479116483364_n.jpg\",\"width\":715,\"height\":487},{\"@type\":\"BreadcrumbList\",\"@id\":\"https:\\\/\\\/www.copealcoy.es\\\/es\\\/santa-faz-y-mare-de-deu-del-miracle-la-union-que-hizo-posible-don-jose-soler\\\/#breadcrumb\",\"itemListElement\":[{\"@type\":\"ListItem\",\"position\":1,\"name\":\"Portada\",\"item\":\"https:\\\/\\\/www.copealcoy.es\\\/es\\\/\"},{\"@type\":\"ListItem\",\"position\":2,\"name\":\"Santa Faz y Mare de D\u00e9u del Miracle, la uni\u00f3n que hizo posible Don Jos\u00e9 Soler\"}]},{\"@type\":\"WebSite\",\"@id\":\"https:\\\/\\\/www.copealcoy.es\\\/es\\\/#website\",\"url\":\"https:\\\/\\\/www.copealcoy.es\\\/es\\\/\",\"name\":\"COPE Alcoy\",\"description\":\"Emisora COPE de radio local con emisi\u00f3n online. Pont de Sant Jordi 8-10 03803 Alcoy\",\"potentialAction\":[{\"@type\":\"SearchAction\",\"target\":{\"@type\":\"EntryPoint\",\"urlTemplate\":\"https:\\\/\\\/www.copealcoy.es\\\/es\\\/?s={search_term_string}\"},\"query-input\":{\"@type\":\"PropertyValueSpecification\",\"valueRequired\":true,\"valueName\":\"search_term_string\"}}],\"inLanguage\":\"es\"},{\"@type\":\"Person\",\"@id\":\"https:\\\/\\\/www.copealcoy.es\\\/es\\\/#\\\/schema\\\/person\\\/e777c87fa024e57d40170af9df39882c\",\"name\":\"Cope Alcoy\",\"image\":{\"@type\":\"ImageObject\",\"inLanguage\":\"es\",\"@id\":\"https:\\\/\\\/secure.gravatar.com\\\/avatar\\\/bb65d0283347e303893ba14f0692005417c1e0e690a325a4c5d8bb2b3943ee14?s=96&d=mm&r=g\",\"url\":\"https:\\\/\\\/secure.gravatar.com\\\/avatar\\\/bb65d0283347e303893ba14f0692005417c1e0e690a325a4c5d8bb2b3943ee14?s=96&d=mm&r=g\",\"contentUrl\":\"https:\\\/\\\/secure.gravatar.com\\\/avatar\\\/bb65d0283347e303893ba14f0692005417c1e0e690a325a4c5d8bb2b3943ee14?s=96&d=mm&r=g\",\"caption\":\"Cope Alcoy\"}}]}<\/script>\n<!-- \/ Yoast SEO plugin. -->","yoast_head_json":{"title":"Santa Faz y Mare de D\u00e9u del Miracle, la uni\u00f3n que hizo posible Don Jos\u00e9 Soler - COPE Alcoy","robots":{"index":"index","follow":"follow","max-snippet":"max-snippet:-1","max-image-preview":"max-image-preview:large","max-video-preview":"max-video-preview:-1"},"canonical":"https:\/\/www.copealcoy.es\/es\/santa-faz-y-mare-de-deu-del-miracle-la-union-que-hizo-posible-don-jose-soler\/","og_locale":"es_ES","og_type":"article","og_title":"Santa Faz y Mare de D\u00e9u del Miracle, la uni\u00f3n que hizo posible Don Jos\u00e9 Soler - COPE Alcoy","og_description":"La crisis sanitaria del Coronavirus ha impedido que Alicante celebrase por segundo a\u00f1o consecutivo la tradicional Romer\u00eda de la Santa...","og_url":"https:\/\/www.copealcoy.es\/es\/santa-faz-y-mare-de-deu-del-miracle-la-union-que-hizo-posible-don-jose-soler\/","og_site_name":"COPE Alcoy","article_published_time":"2021-04-15T14:48:20+00:00","article_modified_time":"2021-04-15T14:55:38+00:00","og_image":[{"width":715,"height":487,"url":"https:\/\/www.copealcoy.es\/wp-content\/uploads\/2021\/04\/10173594_1421317451463388_2191266479116483364_n.jpg","type":"image\/jpeg"}],"author":"Cope Alcoy","twitter_misc":{"Escrito por":"Cope Alcoy","Tiempo de lectura":"2 minutos"},"schema":{"@context":"https:\/\/schema.org","@graph":[{"@type":"Article","@id":"https:\/\/www.copealcoy.es\/es\/santa-faz-y-mare-de-deu-del-miracle-la-union-que-hizo-posible-don-jose-soler\/#article","isPartOf":{"@id":"https:\/\/www.copealcoy.es\/es\/santa-faz-y-mare-de-deu-del-miracle-la-union-que-hizo-posible-don-jose-soler\/"},"author":{"name":"Cope Alcoy","@id":"https:\/\/www.copealcoy.es\/es\/#\/schema\/person\/e777c87fa024e57d40170af9df39882c"},"headline":"Santa Faz y Mare de D\u00e9u del Miracle, la uni\u00f3n que hizo posible Don Jos\u00e9 Soler","datePublished":"2021-04-15T14:48:20+00:00","dateModified":"2021-04-15T14:55:38+00:00","mainEntityOfPage":{"@id":"https:\/\/www.copealcoy.es\/es\/santa-faz-y-mare-de-deu-del-miracle-la-union-que-hizo-posible-don-jose-soler\/"},"wordCount":320,"commentCount":0,"image":{"@id":"https:\/\/www.copealcoy.es\/es\/santa-faz-y-mare-de-deu-del-miracle-la-union-que-hizo-posible-don-jose-soler\/#primaryimage"},"thumbnailUrl":"https:\/\/www.copealcoy.es\/wp-content\/uploads\/2021\/04\/10173594_1421317451463388_2191266479116483364_n.jpg","keywords":["Alicante","Cocentaina","Don Jos\u00e9 Soler","imagen peregrina","Mare de D\u00e9u del Miracle","Santa Faz"],"articleSection":["Comarcas","Noticias"],"inLanguage":"es"},{"@type":"WebPage","@id":"https:\/\/www.copealcoy.es\/es\/santa-faz-y-mare-de-deu-del-miracle-la-union-que-hizo-posible-don-jose-soler\/","url":"https:\/\/www.copealcoy.es\/es\/santa-faz-y-mare-de-deu-del-miracle-la-union-que-hizo-posible-don-jose-soler\/","name":"Santa Faz y Mare de D\u00e9u del Miracle, la uni\u00f3n que hizo posible Don Jos\u00e9 Soler - COPE Alcoy","isPartOf":{"@id":"https:\/\/www.copealcoy.es\/es\/#website"},"primaryImageOfPage":{"@id":"https:\/\/www.copealcoy.es\/es\/santa-faz-y-mare-de-deu-del-miracle-la-union-que-hizo-posible-don-jose-soler\/#primaryimage"},"image":{"@id":"https:\/\/www.copealcoy.es\/es\/santa-faz-y-mare-de-deu-del-miracle-la-union-que-hizo-posible-don-jose-soler\/#primaryimage"},"thumbnailUrl":"https:\/\/www.copealcoy.es\/wp-content\/uploads\/2021\/04\/10173594_1421317451463388_2191266479116483364_n.jpg","datePublished":"2021-04-15T14:48:20+00:00","dateModified":"2021-04-15T14:55:38+00:00","author":{"@id":"https:\/\/www.copealcoy.es\/es\/#\/schema\/person\/e777c87fa024e57d40170af9df39882c"},"breadcrumb":{"@id":"https:\/\/www.copealcoy.es\/es\/santa-faz-y-mare-de-deu-del-miracle-la-union-que-hizo-posible-don-jose-soler\/#breadcrumb"},"inLanguage":"es","potentialAction":[{"@type":"ReadAction","target":["https:\/\/www.copealcoy.es\/es\/santa-faz-y-mare-de-deu-del-miracle-la-union-que-hizo-posible-don-jose-soler\/"]}]},{"@type":"ImageObject","inLanguage":"es","@id":"https:\/\/www.copealcoy.es\/es\/santa-faz-y-mare-de-deu-del-miracle-la-union-que-hizo-posible-don-jose-soler\/#primaryimage","url":"https:\/\/www.copealcoy.es\/wp-content\/uploads\/2021\/04\/10173594_1421317451463388_2191266479116483364_n.jpg","contentUrl":"https:\/\/www.copealcoy.es\/wp-content\/uploads\/2021\/04\/10173594_1421317451463388_2191266479116483364_n.jpg","width":715,"height":487},{"@type":"BreadcrumbList","@id":"https:\/\/www.copealcoy.es\/es\/santa-faz-y-mare-de-deu-del-miracle-la-union-que-hizo-posible-don-jose-soler\/#breadcrumb","itemListElement":[{"@type":"ListItem","position":1,"name":"Portada","item":"https:\/\/www.copealcoy.es\/es\/"},{"@type":"ListItem","position":2,"name":"Santa Faz y Mare de D\u00e9u del Miracle, la uni\u00f3n que hizo posible Don Jos\u00e9 Soler"}]},{"@type":"WebSite","@id":"https:\/\/www.copealcoy.es\/es\/#website","url":"https:\/\/www.copealcoy.es\/es\/","name":"COPE Alcoy","description":"Emisora COPE de radio local con emisi\u00f3n online. Pont de Sant Jordi 8-10 03803 Alcoy","potentialAction":[{"@type":"SearchAction","target":{"@type":"EntryPoint","urlTemplate":"https:\/\/www.copealcoy.es\/es\/?s={search_term_string}"},"query-input":{"@type":"PropertyValueSpecification","valueRequired":true,"valueName":"search_term_string"}}],"inLanguage":"es"},{"@type":"Person","@id":"https:\/\/www.copealcoy.es\/es\/#\/schema\/person\/e777c87fa024e57d40170af9df39882c","name":"Cope Alcoy","image":{"@type":"ImageObject","inLanguage":"es","@id":"https:\/\/secure.gravatar.com\/avatar\/bb65d0283347e303893ba14f0692005417c1e0e690a325a4c5d8bb2b3943ee14?s=96&d=mm&r=g","url":"https:\/\/secure.gravatar.com\/avatar\/bb65d0283347e303893ba14f0692005417c1e0e690a325a4c5d8bb2b3943ee14?s=96&d=mm&r=g","contentUrl":"https:\/\/secure.gravatar.com\/avatar\/bb65d0283347e303893ba14f0692005417c1e0e690a325a4c5d8bb2b3943ee14?s=96&d=mm&r=g","caption":"Cope Alcoy"}}]}},"_links":{"self":[{"href":"https:\/\/www.copealcoy.es\/es\/wp-json\/wp\/v2\/posts\/72945","targetHints":{"allow":["GET"]}}],"collection":[{"href":"https:\/\/www.copealcoy.es\/es\/wp-json\/wp\/v2\/posts"}],"about":[{"href":"https:\/\/www.copealcoy.es\/es\/wp-json\/wp\/v2\/types\/post"}],"author":[{"embeddable":true,"href":"https:\/\/www.copealcoy.es\/es\/wp-json\/wp\/v2\/users\/1"}],"replies":[{"embeddable":true,"href":"https:\/\/www.copealcoy.es\/es\/wp-json\/wp\/v2\/comments?post=72945"}],"version-history":[{"count":0,"href":"https:\/\/www.copealcoy.es\/es\/wp-json\/wp\/v2\/posts\/72945\/revisions"}],"wp:featuredmedia":[{"embeddable":true,"href":"https:\/\/www.copealcoy.es\/es\/wp-json\/wp\/v2\/media\/72948"}],"wp:attachment":[{"href":"https:\/\/www.copealcoy.es\/es\/wp-json\/wp\/v2\/media?parent=72945"}],"wp:term":[{"taxonomy":"category","embeddable":true,"href":"https:\/\/www.copealcoy.es\/es\/wp-json\/wp\/v2\/categories?post=72945"},{"taxonomy":"post_tag","embeddable":true,"href":"https:\/\/www.copealcoy.es\/es\/wp-json\/wp\/v2\/tags?post=72945"}],"curies":[{"name":"wp","href":"https:\/\/api.w.org\/{rel}","templated":true}]}}