{"id":72901,"date":"2021-04-14T15:52:05","date_gmt":"2021-04-14T14:52:05","guid":{"rendered":"https:\/\/www.copealcoy.es\/?p=72901"},"modified":"2021-04-14T16:02:03","modified_gmt":"2021-04-14T15:02:03","slug":"eugenia-miguel-sera-la-nova-regidora-de-seguretat-ciutadana-de-cocentaina","status":"publish","type":"post","link":"https:\/\/www.copealcoy.es\/es\/eugenia-miguel-sera-la-nova-regidora-de-seguretat-ciutadana-de-cocentaina\/","title":{"rendered":"Eug\u00e8nia Miguel ser\u00e0 la nova regidora de Seguretat Ciutadana de Cocentaina"},"content":{"rendered":"<p style=\"text-align: justify;\">El <strong>Govern Municipal de Cocentaina<\/strong> portar\u00e0 endavant <strong>canvis en la seua estructura<\/strong> i\u00a0<strong>Eug\u00e8nia\u00a0<span class=\"hiddenSpellError\">Miguel<\/span>\u00a0passar\u00e0 a gestionar la regidoria de Seguretat Ciutadana<\/strong> rellevant aix\u00ed en el c\u00e0rrec a Antonio\u00a0Hern\u00e1ndez. Aquest \u00faltim ha estat al capdavant de la regidoria des de l\u2019inici d\u2019aquesta legislatura i <strong>per motius laborals<\/strong> es veu obligat a cedir la gesti\u00f3 de la seguretat a l&#8217;actual regidora de Fira i Urbanisme.<\/p>\n<p style=\"text-align: justify;\">Aquest fet ha motivat que l\u2019alcaldessa de Cocentaina <strong>delegue aquesta compet\u00e8ncia en\u00a0Eug\u00e8nia\u00a0<span class=\"hiddenSpellError\">Miguel<\/span><\/strong>, qui treballa en exclusiva per al govern i que &#8220;<em>de segur que desenvolupar\u00e0 una tasca excel\u00b7lent en\u00a0aquest\u00a0nou repte&#8221;, ha afirmat la primera edil contestana. <\/em>Per la seua part, <strong>la regidora<\/strong> <strong>encara aquesta responsabilitat amb molta il\u00b7lusi\u00f3<\/strong><em> &#8220;posar\u00e9 tot el meu esfor\u00e7 per qu\u00e8 la gesti\u00f3 de la seguretat del nostre poble siga la millor possible amb els recursos humans i econ\u00f2mics de qu\u00e8 disposem<\/em>&#8220;, ha manifestat. Finalment <strong>Toni\u00a0Hern\u00e1ndez<\/strong>\u00a0ha fet <strong>un balan\u00e7 positiu<\/strong> del temps que ha dedicat a aquesta regidoria &#8220;<em>en unes circumst\u00e0ncies tan especials com aquesta pand\u00e8mia la regidoria necessita m\u00e9s temps de dedicaci\u00f3 i d\u2019una coordinaci\u00f3 di\u00e0ria amb la policia local, cosa que pel meu horari de treball fora de l\u2019Ajuntament no puc permetrem. Han estat dos anys de treball intens amb la Policia i que ara continuaran amb la gesti\u00f3 de la resta de les meues \u00e0rees, focalitzant tot el meu esfor\u00e7 en la negociaci\u00f3 de la nova relaci\u00f3 de llocs de treball de l\u2019Ajuntament<\/em>&#8220;, destaca.<\/p>\n<p style=\"text-align: justify;\">Antonio Hern\u00e1ndez seguir\u00e0 al c\u00e0rrec de les regidories de <strong>Cementeri, Pedanies, Personal i Ocupaci\u00f3<\/strong> mentre que <strong>Eug\u00e8nia <span class=\"hiddenSpellError\">Miguel<\/span>\u00a0sumar\u00e0 a Fira, Urbanisme i Medi Ambient<\/strong> ara tamb\u00e9 la de Seguretat Ciutadana.<\/p>\n","protected":false},"excerpt":{"rendered":"<p>El Govern Municipal de Cocentaina portar\u00e0 endavant canvis en la seua estructura i\u00a0Eug\u00e8nia\u00a0Miguel\u00a0passar\u00e0 a gestionar la regidoria de Seguretat Ciutadana&#8230;<\/p>\n","protected":false},"author":1,"featured_media":72902,"comment_status":"open","ping_status":"open","sticky":false,"template":"","format":"standard","meta":{"footnotes":""},"categories":[98,75],"tags":[7740,11132,7015,11131],"class_list":["post-72901","post","type-post","status-publish","format-standard","has-post-thumbnail","hentry","category-comarcas","category-noticias","tag-ajuntament-de-cocentaina","tag-canvi-de-regidoria","tag-eugenia-miguel","tag-seguretat-ciutadana"],"yoast_head":"<!-- This site is optimized with the Yoast SEO plugin v27.3 - https:\/\/yoast.com\/product\/yoast-seo-wordpress\/ -->\n<title>Eug\u00e8nia Miguel ser\u00e0 la nova regidora de Seguretat Ciutadana de Cocentaina - COPE Alcoy<\/title>\n<meta name=\"robots\" content=\"index, follow, max-snippet:-1, max-image-preview:large, max-video-preview:-1\" \/>\n<link rel=\"canonical\" href=\"https:\/\/www.copealcoy.es\/es\/eugenia-miguel-sera-la-nova-regidora-de-seguretat-ciutadana-de-cocentaina\/\" \/>\n<meta property=\"og:locale\" content=\"es_ES\" \/>\n<meta property=\"og:type\" content=\"article\" \/>\n<meta property=\"og:title\" content=\"Eug\u00e8nia Miguel ser\u00e0 la nova regidora de Seguretat Ciutadana de Cocentaina - COPE Alcoy\" \/>\n<meta property=\"og:description\" content=\"El Govern Municipal de Cocentaina portar\u00e0 endavant canvis en la seua estructura i\u00a0Eug\u00e8nia\u00a0Miguel\u00a0passar\u00e0 a gestionar la regidoria de Seguretat Ciutadana...\" \/>\n<meta property=\"og:url\" content=\"https:\/\/www.copealcoy.es\/es\/eugenia-miguel-sera-la-nova-regidora-de-seguretat-ciutadana-de-cocentaina\/\" \/>\n<meta property=\"og:site_name\" content=\"COPE Alcoy\" \/>\n<meta property=\"article:published_time\" content=\"2021-04-14T14:52:05+00:00\" \/>\n<meta property=\"article:modified_time\" content=\"2021-04-14T15:02:03+00:00\" \/>\n<meta property=\"og:image\" content=\"https:\/\/www.copealcoy.es\/wp-content\/uploads\/2021\/04\/3557-scaled.jpg\" \/>\n\t<meta property=\"og:image:width\" content=\"2560\" \/>\n\t<meta property=\"og:image:height\" content=\"1796\" \/>\n\t<meta property=\"og:image:type\" content=\"image\/jpeg\" \/>\n<meta name=\"author\" content=\"Cope Alcoy\" \/>\n<meta name=\"twitter:label1\" content=\"Escrito por\" \/>\n\t<meta name=\"twitter:data1\" content=\"Cope Alcoy\" \/>\n\t<meta name=\"twitter:label2\" content=\"Tiempo de lectura\" \/>\n\t<meta name=\"twitter:data2\" content=\"1 minuto\" \/>\n<script type=\"application\/ld+json\" class=\"yoast-schema-graph\">{\"@context\":\"https:\\\/\\\/schema.org\",\"@graph\":[{\"@type\":\"Article\",\"@id\":\"https:\\\/\\\/www.copealcoy.es\\\/es\\\/eugenia-miguel-sera-la-nova-regidora-de-seguretat-ciutadana-de-cocentaina\\\/#article\",\"isPartOf\":{\"@id\":\"https:\\\/\\\/www.copealcoy.es\\\/es\\\/eugenia-miguel-sera-la-nova-regidora-de-seguretat-ciutadana-de-cocentaina\\\/\"},\"author\":{\"name\":\"Cope Alcoy\",\"@id\":\"https:\\\/\\\/www.copealcoy.es\\\/es\\\/#\\\/schema\\\/person\\\/e777c87fa024e57d40170af9df39882c\"},\"headline\":\"Eug\u00e8nia Miguel ser\u00e0 la nova regidora de Seguretat Ciutadana de Cocentaina\",\"datePublished\":\"2021-04-14T14:52:05+00:00\",\"dateModified\":\"2021-04-14T15:02:03+00:00\",\"mainEntityOfPage\":{\"@id\":\"https:\\\/\\\/www.copealcoy.es\\\/es\\\/eugenia-miguel-sera-la-nova-regidora-de-seguretat-ciutadana-de-cocentaina\\\/\"},\"wordCount\":309,\"commentCount\":0,\"image\":{\"@id\":\"https:\\\/\\\/www.copealcoy.es\\\/es\\\/eugenia-miguel-sera-la-nova-regidora-de-seguretat-ciutadana-de-cocentaina\\\/#primaryimage\"},\"thumbnailUrl\":\"https:\\\/\\\/www.copealcoy.es\\\/wp-content\\\/uploads\\\/2021\\\/04\\\/3557-scaled.jpg\",\"keywords\":[\"Ajuntament de Cocentaina\",\"canvi de regidoria\",\"Eugenia Miguel\",\"Seguretat Ciutadana\"],\"articleSection\":[\"Comarcas\",\"Noticias\"],\"inLanguage\":\"es\"},{\"@type\":\"WebPage\",\"@id\":\"https:\\\/\\\/www.copealcoy.es\\\/es\\\/eugenia-miguel-sera-la-nova-regidora-de-seguretat-ciutadana-de-cocentaina\\\/\",\"url\":\"https:\\\/\\\/www.copealcoy.es\\\/es\\\/eugenia-miguel-sera-la-nova-regidora-de-seguretat-ciutadana-de-cocentaina\\\/\",\"name\":\"Eug\u00e8nia Miguel ser\u00e0 la nova regidora de Seguretat Ciutadana de Cocentaina - COPE Alcoy\",\"isPartOf\":{\"@id\":\"https:\\\/\\\/www.copealcoy.es\\\/es\\\/#website\"},\"primaryImageOfPage\":{\"@id\":\"https:\\\/\\\/www.copealcoy.es\\\/es\\\/eugenia-miguel-sera-la-nova-regidora-de-seguretat-ciutadana-de-cocentaina\\\/#primaryimage\"},\"image\":{\"@id\":\"https:\\\/\\\/www.copealcoy.es\\\/es\\\/eugenia-miguel-sera-la-nova-regidora-de-seguretat-ciutadana-de-cocentaina\\\/#primaryimage\"},\"thumbnailUrl\":\"https:\\\/\\\/www.copealcoy.es\\\/wp-content\\\/uploads\\\/2021\\\/04\\\/3557-scaled.jpg\",\"datePublished\":\"2021-04-14T14:52:05+00:00\",\"dateModified\":\"2021-04-14T15:02:03+00:00\",\"author\":{\"@id\":\"https:\\\/\\\/www.copealcoy.es\\\/es\\\/#\\\/schema\\\/person\\\/e777c87fa024e57d40170af9df39882c\"},\"breadcrumb\":{\"@id\":\"https:\\\/\\\/www.copealcoy.es\\\/es\\\/eugenia-miguel-sera-la-nova-regidora-de-seguretat-ciutadana-de-cocentaina\\\/#breadcrumb\"},\"inLanguage\":\"es\",\"potentialAction\":[{\"@type\":\"ReadAction\",\"target\":[\"https:\\\/\\\/www.copealcoy.es\\\/es\\\/eugenia-miguel-sera-la-nova-regidora-de-seguretat-ciutadana-de-cocentaina\\\/\"]}]},{\"@type\":\"ImageObject\",\"inLanguage\":\"es\",\"@id\":\"https:\\\/\\\/www.copealcoy.es\\\/es\\\/eugenia-miguel-sera-la-nova-regidora-de-seguretat-ciutadana-de-cocentaina\\\/#primaryimage\",\"url\":\"https:\\\/\\\/www.copealcoy.es\\\/wp-content\\\/uploads\\\/2021\\\/04\\\/3557-scaled.jpg\",\"contentUrl\":\"https:\\\/\\\/www.copealcoy.es\\\/wp-content\\\/uploads\\\/2021\\\/04\\\/3557-scaled.jpg\",\"width\":2560,\"height\":1796},{\"@type\":\"BreadcrumbList\",\"@id\":\"https:\\\/\\\/www.copealcoy.es\\\/es\\\/eugenia-miguel-sera-la-nova-regidora-de-seguretat-ciutadana-de-cocentaina\\\/#breadcrumb\",\"itemListElement\":[{\"@type\":\"ListItem\",\"position\":1,\"name\":\"Portada\",\"item\":\"https:\\\/\\\/www.copealcoy.es\\\/es\\\/\"},{\"@type\":\"ListItem\",\"position\":2,\"name\":\"Eug\u00e8nia Miguel ser\u00e0 la nova regidora de Seguretat Ciutadana de Cocentaina\"}]},{\"@type\":\"WebSite\",\"@id\":\"https:\\\/\\\/www.copealcoy.es\\\/es\\\/#website\",\"url\":\"https:\\\/\\\/www.copealcoy.es\\\/es\\\/\",\"name\":\"COPE Alcoy\",\"description\":\"Emisora COPE de radio local con emisi\u00f3n online. Pont de Sant Jordi 8-10 03803 Alcoy\",\"potentialAction\":[{\"@type\":\"SearchAction\",\"target\":{\"@type\":\"EntryPoint\",\"urlTemplate\":\"https:\\\/\\\/www.copealcoy.es\\\/es\\\/?s={search_term_string}\"},\"query-input\":{\"@type\":\"PropertyValueSpecification\",\"valueRequired\":true,\"valueName\":\"search_term_string\"}}],\"inLanguage\":\"es\"},{\"@type\":\"Person\",\"@id\":\"https:\\\/\\\/www.copealcoy.es\\\/es\\\/#\\\/schema\\\/person\\\/e777c87fa024e57d40170af9df39882c\",\"name\":\"Cope Alcoy\",\"image\":{\"@type\":\"ImageObject\",\"inLanguage\":\"es\",\"@id\":\"https:\\\/\\\/secure.gravatar.com\\\/avatar\\\/bb65d0283347e303893ba14f0692005417c1e0e690a325a4c5d8bb2b3943ee14?s=96&d=mm&r=g\",\"url\":\"https:\\\/\\\/secure.gravatar.com\\\/avatar\\\/bb65d0283347e303893ba14f0692005417c1e0e690a325a4c5d8bb2b3943ee14?s=96&d=mm&r=g\",\"contentUrl\":\"https:\\\/\\\/secure.gravatar.com\\\/avatar\\\/bb65d0283347e303893ba14f0692005417c1e0e690a325a4c5d8bb2b3943ee14?s=96&d=mm&r=g\",\"caption\":\"Cope Alcoy\"}}]}<\/script>\n<!-- \/ Yoast SEO plugin. -->","yoast_head_json":{"title":"Eug\u00e8nia Miguel ser\u00e0 la nova regidora de Seguretat Ciutadana de Cocentaina - COPE Alcoy","robots":{"index":"index","follow":"follow","max-snippet":"max-snippet:-1","max-image-preview":"max-image-preview:large","max-video-preview":"max-video-preview:-1"},"canonical":"https:\/\/www.copealcoy.es\/es\/eugenia-miguel-sera-la-nova-regidora-de-seguretat-ciutadana-de-cocentaina\/","og_locale":"es_ES","og_type":"article","og_title":"Eug\u00e8nia Miguel ser\u00e0 la nova regidora de Seguretat Ciutadana de Cocentaina - COPE Alcoy","og_description":"El Govern Municipal de Cocentaina portar\u00e0 endavant canvis en la seua estructura i\u00a0Eug\u00e8nia\u00a0Miguel\u00a0passar\u00e0 a gestionar la regidoria de Seguretat Ciutadana...","og_url":"https:\/\/www.copealcoy.es\/es\/eugenia-miguel-sera-la-nova-regidora-de-seguretat-ciutadana-de-cocentaina\/","og_site_name":"COPE Alcoy","article_published_time":"2021-04-14T14:52:05+00:00","article_modified_time":"2021-04-14T15:02:03+00:00","og_image":[{"width":2560,"height":1796,"url":"https:\/\/www.copealcoy.es\/wp-content\/uploads\/2021\/04\/3557-scaled.jpg","type":"image\/jpeg"}],"author":"Cope Alcoy","twitter_misc":{"Escrito por":"Cope Alcoy","Tiempo de lectura":"1 minuto"},"schema":{"@context":"https:\/\/schema.org","@graph":[{"@type":"Article","@id":"https:\/\/www.copealcoy.es\/es\/eugenia-miguel-sera-la-nova-regidora-de-seguretat-ciutadana-de-cocentaina\/#article","isPartOf":{"@id":"https:\/\/www.copealcoy.es\/es\/eugenia-miguel-sera-la-nova-regidora-de-seguretat-ciutadana-de-cocentaina\/"},"author":{"name":"Cope Alcoy","@id":"https:\/\/www.copealcoy.es\/es\/#\/schema\/person\/e777c87fa024e57d40170af9df39882c"},"headline":"Eug\u00e8nia Miguel ser\u00e0 la nova regidora de Seguretat Ciutadana de Cocentaina","datePublished":"2021-04-14T14:52:05+00:00","dateModified":"2021-04-14T15:02:03+00:00","mainEntityOfPage":{"@id":"https:\/\/www.copealcoy.es\/es\/eugenia-miguel-sera-la-nova-regidora-de-seguretat-ciutadana-de-cocentaina\/"},"wordCount":309,"commentCount":0,"image":{"@id":"https:\/\/www.copealcoy.es\/es\/eugenia-miguel-sera-la-nova-regidora-de-seguretat-ciutadana-de-cocentaina\/#primaryimage"},"thumbnailUrl":"https:\/\/www.copealcoy.es\/wp-content\/uploads\/2021\/04\/3557-scaled.jpg","keywords":["Ajuntament de Cocentaina","canvi de regidoria","Eugenia Miguel","Seguretat Ciutadana"],"articleSection":["Comarcas","Noticias"],"inLanguage":"es"},{"@type":"WebPage","@id":"https:\/\/www.copealcoy.es\/es\/eugenia-miguel-sera-la-nova-regidora-de-seguretat-ciutadana-de-cocentaina\/","url":"https:\/\/www.copealcoy.es\/es\/eugenia-miguel-sera-la-nova-regidora-de-seguretat-ciutadana-de-cocentaina\/","name":"Eug\u00e8nia Miguel ser\u00e0 la nova regidora de Seguretat Ciutadana de Cocentaina - COPE Alcoy","isPartOf":{"@id":"https:\/\/www.copealcoy.es\/es\/#website"},"primaryImageOfPage":{"@id":"https:\/\/www.copealcoy.es\/es\/eugenia-miguel-sera-la-nova-regidora-de-seguretat-ciutadana-de-cocentaina\/#primaryimage"},"image":{"@id":"https:\/\/www.copealcoy.es\/es\/eugenia-miguel-sera-la-nova-regidora-de-seguretat-ciutadana-de-cocentaina\/#primaryimage"},"thumbnailUrl":"https:\/\/www.copealcoy.es\/wp-content\/uploads\/2021\/04\/3557-scaled.jpg","datePublished":"2021-04-14T14:52:05+00:00","dateModified":"2021-04-14T15:02:03+00:00","author":{"@id":"https:\/\/www.copealcoy.es\/es\/#\/schema\/person\/e777c87fa024e57d40170af9df39882c"},"breadcrumb":{"@id":"https:\/\/www.copealcoy.es\/es\/eugenia-miguel-sera-la-nova-regidora-de-seguretat-ciutadana-de-cocentaina\/#breadcrumb"},"inLanguage":"es","potentialAction":[{"@type":"ReadAction","target":["https:\/\/www.copealcoy.es\/es\/eugenia-miguel-sera-la-nova-regidora-de-seguretat-ciutadana-de-cocentaina\/"]}]},{"@type":"ImageObject","inLanguage":"es","@id":"https:\/\/www.copealcoy.es\/es\/eugenia-miguel-sera-la-nova-regidora-de-seguretat-ciutadana-de-cocentaina\/#primaryimage","url":"https:\/\/www.copealcoy.es\/wp-content\/uploads\/2021\/04\/3557-scaled.jpg","contentUrl":"https:\/\/www.copealcoy.es\/wp-content\/uploads\/2021\/04\/3557-scaled.jpg","width":2560,"height":1796},{"@type":"BreadcrumbList","@id":"https:\/\/www.copealcoy.es\/es\/eugenia-miguel-sera-la-nova-regidora-de-seguretat-ciutadana-de-cocentaina\/#breadcrumb","itemListElement":[{"@type":"ListItem","position":1,"name":"Portada","item":"https:\/\/www.copealcoy.es\/es\/"},{"@type":"ListItem","position":2,"name":"Eug\u00e8nia Miguel ser\u00e0 la nova regidora de Seguretat Ciutadana de Cocentaina"}]},{"@type":"WebSite","@id":"https:\/\/www.copealcoy.es\/es\/#website","url":"https:\/\/www.copealcoy.es\/es\/","name":"COPE Alcoy","description":"Emisora COPE de radio local con emisi\u00f3n online. Pont de Sant Jordi 8-10 03803 Alcoy","potentialAction":[{"@type":"SearchAction","target":{"@type":"EntryPoint","urlTemplate":"https:\/\/www.copealcoy.es\/es\/?s={search_term_string}"},"query-input":{"@type":"PropertyValueSpecification","valueRequired":true,"valueName":"search_term_string"}}],"inLanguage":"es"},{"@type":"Person","@id":"https:\/\/www.copealcoy.es\/es\/#\/schema\/person\/e777c87fa024e57d40170af9df39882c","name":"Cope Alcoy","image":{"@type":"ImageObject","inLanguage":"es","@id":"https:\/\/secure.gravatar.com\/avatar\/bb65d0283347e303893ba14f0692005417c1e0e690a325a4c5d8bb2b3943ee14?s=96&d=mm&r=g","url":"https:\/\/secure.gravatar.com\/avatar\/bb65d0283347e303893ba14f0692005417c1e0e690a325a4c5d8bb2b3943ee14?s=96&d=mm&r=g","contentUrl":"https:\/\/secure.gravatar.com\/avatar\/bb65d0283347e303893ba14f0692005417c1e0e690a325a4c5d8bb2b3943ee14?s=96&d=mm&r=g","caption":"Cope Alcoy"}}]}},"_links":{"self":[{"href":"https:\/\/www.copealcoy.es\/es\/wp-json\/wp\/v2\/posts\/72901","targetHints":{"allow":["GET"]}}],"collection":[{"href":"https:\/\/www.copealcoy.es\/es\/wp-json\/wp\/v2\/posts"}],"about":[{"href":"https:\/\/www.copealcoy.es\/es\/wp-json\/wp\/v2\/types\/post"}],"author":[{"embeddable":true,"href":"https:\/\/www.copealcoy.es\/es\/wp-json\/wp\/v2\/users\/1"}],"replies":[{"embeddable":true,"href":"https:\/\/www.copealcoy.es\/es\/wp-json\/wp\/v2\/comments?post=72901"}],"version-history":[{"count":0,"href":"https:\/\/www.copealcoy.es\/es\/wp-json\/wp\/v2\/posts\/72901\/revisions"}],"wp:featuredmedia":[{"embeddable":true,"href":"https:\/\/www.copealcoy.es\/es\/wp-json\/wp\/v2\/media\/72902"}],"wp:attachment":[{"href":"https:\/\/www.copealcoy.es\/es\/wp-json\/wp\/v2\/media?parent=72901"}],"wp:term":[{"taxonomy":"category","embeddable":true,"href":"https:\/\/www.copealcoy.es\/es\/wp-json\/wp\/v2\/categories?post=72901"},{"taxonomy":"post_tag","embeddable":true,"href":"https:\/\/www.copealcoy.es\/es\/wp-json\/wp\/v2\/tags?post=72901"}],"curies":[{"name":"wp","href":"https:\/\/api.w.org\/{rel}","templated":true}]}}