{"id":72843,"date":"2021-04-11T18:19:45","date_gmt":"2021-04-11T17:19:45","guid":{"rendered":"https:\/\/www.copealcoy.es\/?p=72843"},"modified":"2021-04-12T15:06:46","modified_gmt":"2021-04-12T14:06:46","slug":"todos-los-cambios-en-las-restricciones-hasta-el-25-de-abril-en-la-comunitat","status":"publish","type":"post","link":"https:\/\/www.copealcoy.es\/es\/todos-los-cambios-en-las-restricciones-hasta-el-25-de-abril-en-la-comunitat\/","title":{"rendered":"Todos los cambios en las restricciones hasta el 25 de abril en la Comunitat"},"content":{"rendered":"<p style=\"text-align: justify;\">Desde este lunes <strong>la Comunitat Valenciana afronta quince d\u00edas con nuevas restricciones <\/strong>que afectan sobre todo al \u00e1mbito social.<\/p>\n<p style=\"text-align: justify;\">Seg\u00fan detall\u00f3\u00a0<b>el Jefe del Consell, Ximo Puig<\/b>\u00a0tras la reuni\u00f3n de la Mesa Departamental de seguimiento del Covid y que recoge la resoluci\u00f3n del\u00a0<a href=\"http:\/\/dogv.gva.es\/\" target=\"_blank\" rel=\"noopener noreferrer\">Diari Oficial de la Generalitat (DOGV)\u00a0<\/a>las nuevas medidas se aplican desde las 00.00 horas de este lunes 12 de abril y hasta las 23.59 horas del 25 de abril.<\/p>\n<p style=\"text-align: justify;\">Las<strong> principales novedades <\/strong>afectan a los encuentros y reuniones sociales.<\/p>\n<p style=\"text-align: justify;\">En este sentido,\u00a0<strong>el decreto regula las medidas de limitaci\u00f3n de permanencia de grupos de personas tanto en espacios p\u00fablicos, donde pasa de 4 a 6 el l\u00edmite m\u00e1ximo de personas, como en los espacios privados,<\/strong>\u00a0donde\u00a0<strong>se ampl\u00eda la posibilidad de reuniones, hasta ahora limitada a los convivientes, a un m\u00e1ximo de dos n\u00facleos familiares o grupos de convivencia<\/strong>.<\/p>\n<p style=\"text-align: justify;\"><strong>El resto de restricciones que afectan a la movilidad se prorrogan por lo que la Comunitat se mantiene 15 d\u00edas m\u00e1s cerradas perimetralmente, como viene ocurriendo desde finales de octubre solo se puede entrar o salir por razones justificadas<\/strong>, y el toque de queda nocturno entre las diez de la noche y las seis de la ma\u00f1ana.<\/p>\n<p style=\"text-align: justify;\"><strong>El Gobierno valenciano justifica estas medidas en que, a pesar de la situaci\u00f3n epidemiol\u00f3gica actual, en la que el n\u00famero de contagios y el \u00edndice de ocupaci\u00f3n de los hospitales de la Comunitat, especialmente en las UCI, est\u00e1 en un nivel de riesgo bajo (2,47 % en planta y 7,60 % en cr\u00edticos), la situaci\u00f3n en el resto de Espa\u00f1a &#8220;no permite rebajar significativamente las restricciones&#8221;.<\/strong><\/p>\n<p style=\"text-align: justify;\">Asimismo, se\u00f1ala que la tasa de positividad entre todas las pruebas diagn\u00f3sticas de infecci\u00f3n realizadas en la \u00faltima semana es del 4,6 %, ligeramente por encima del 4 %, el umbral establecido como l\u00edmite a partir del cual el riesgo de transmisi\u00f3n se ve incrementado.<\/p>\n<p style=\"text-align: justify;\">En consecuencia,\u00a0<strong>el President defendi\u00f3 la necesidad por razones de prudencia, mantener una limitaci\u00f3n de los contactos sociales fuera de la unidad de convivencia, as\u00ed como la limitaci\u00f3n de la libertad de la circulaci\u00f3n de las personas en horario nocturno.<\/strong><\/p>\n","protected":false},"excerpt":{"rendered":"<p>Desde este lunes la Comunitat Valenciana afronta quince d\u00edas con nuevas restricciones que afectan sobre todo al \u00e1mbito social. Seg\u00fan&#8230;<\/p>\n","protected":false},"author":1,"featured_media":70341,"comment_status":"open","ping_status":"open","sticky":false,"template":"","format":"standard","meta":{"footnotes":""},"categories":[98,75],"tags":[1109,7281,7397,10050,2822,400],"class_list":["post-72843","post","type-post","status-publish","format-standard","has-post-thumbnail","hentry","category-comarcas","category-noticias","tag-cambios","tag-coronavirus","tag-covid-19","tag-crisis-sanitaria","tag-medidas","tag-restricciones"],"yoast_head":"<!-- This site is optimized with the Yoast SEO plugin v27.3 - https:\/\/yoast.com\/product\/yoast-seo-wordpress\/ -->\n<title>Todos los cambios en las restricciones hasta el 25 de abril en la Comunitat - COPE Alcoy<\/title>\n<meta name=\"robots\" content=\"index, follow, max-snippet:-1, max-image-preview:large, max-video-preview:-1\" \/>\n<link rel=\"canonical\" href=\"https:\/\/www.copealcoy.es\/es\/todos-los-cambios-en-las-restricciones-hasta-el-25-de-abril-en-la-comunitat\/\" \/>\n<meta property=\"og:locale\" content=\"es_ES\" \/>\n<meta property=\"og:type\" content=\"article\" \/>\n<meta property=\"og:title\" content=\"Todos los cambios en las restricciones hasta el 25 de abril en la Comunitat - COPE Alcoy\" \/>\n<meta property=\"og:description\" content=\"Desde este lunes la Comunitat Valenciana afronta quince d\u00edas con nuevas restricciones que afectan sobre todo al \u00e1mbito social. Seg\u00fan...\" \/>\n<meta property=\"og:url\" content=\"https:\/\/www.copealcoy.es\/es\/todos-los-cambios-en-las-restricciones-hasta-el-25-de-abril-en-la-comunitat\/\" \/>\n<meta property=\"og:site_name\" content=\"COPE Alcoy\" \/>\n<meta property=\"article:published_time\" content=\"2021-04-11T17:19:45+00:00\" \/>\n<meta property=\"article:modified_time\" content=\"2021-04-12T14:06:46+00:00\" \/>\n<meta property=\"og:image\" content=\"https:\/\/www.copealcoy.es\/wp-content\/uploads\/2021\/01\/cierre-perimetral.jpg\" \/>\n\t<meta property=\"og:image:width\" content=\"976\" \/>\n\t<meta property=\"og:image:height\" content=\"602\" \/>\n\t<meta property=\"og:image:type\" content=\"image\/jpeg\" \/>\n<meta name=\"author\" content=\"Cope Alcoy\" \/>\n<meta name=\"twitter:label1\" content=\"Escrito por\" \/>\n\t<meta name=\"twitter:data1\" content=\"Cope Alcoy\" \/>\n\t<meta name=\"twitter:label2\" content=\"Tiempo de lectura\" \/>\n\t<meta name=\"twitter:data2\" content=\"2 minutos\" \/>\n<script type=\"application\/ld+json\" class=\"yoast-schema-graph\">{\"@context\":\"https:\\\/\\\/schema.org\",\"@graph\":[{\"@type\":\"Article\",\"@id\":\"https:\\\/\\\/www.copealcoy.es\\\/es\\\/todos-los-cambios-en-las-restricciones-hasta-el-25-de-abril-en-la-comunitat\\\/#article\",\"isPartOf\":{\"@id\":\"https:\\\/\\\/www.copealcoy.es\\\/es\\\/todos-los-cambios-en-las-restricciones-hasta-el-25-de-abril-en-la-comunitat\\\/\"},\"author\":{\"name\":\"Cope Alcoy\",\"@id\":\"https:\\\/\\\/www.copealcoy.es\\\/es\\\/#\\\/schema\\\/person\\\/e777c87fa024e57d40170af9df39882c\"},\"headline\":\"Todos los cambios en las restricciones hasta el 25 de abril en la Comunitat\",\"datePublished\":\"2021-04-11T17:19:45+00:00\",\"dateModified\":\"2021-04-12T14:06:46+00:00\",\"mainEntityOfPage\":{\"@id\":\"https:\\\/\\\/www.copealcoy.es\\\/es\\\/todos-los-cambios-en-las-restricciones-hasta-el-25-de-abril-en-la-comunitat\\\/\"},\"wordCount\":379,\"commentCount\":0,\"image\":{\"@id\":\"https:\\\/\\\/www.copealcoy.es\\\/es\\\/todos-los-cambios-en-las-restricciones-hasta-el-25-de-abril-en-la-comunitat\\\/#primaryimage\"},\"thumbnailUrl\":\"https:\\\/\\\/www.copealcoy.es\\\/wp-content\\\/uploads\\\/2021\\\/01\\\/cierre-perimetral.jpg\",\"keywords\":[\"Cambios\",\"Coronavirus\",\"Covid-19\",\"crisis sanitaria\",\"medidas\",\"Restricciones\"],\"articleSection\":[\"Comarcas\",\"Noticias\"],\"inLanguage\":\"es\"},{\"@type\":\"WebPage\",\"@id\":\"https:\\\/\\\/www.copealcoy.es\\\/es\\\/todos-los-cambios-en-las-restricciones-hasta-el-25-de-abril-en-la-comunitat\\\/\",\"url\":\"https:\\\/\\\/www.copealcoy.es\\\/es\\\/todos-los-cambios-en-las-restricciones-hasta-el-25-de-abril-en-la-comunitat\\\/\",\"name\":\"Todos los cambios en las restricciones hasta el 25 de abril en la Comunitat - COPE Alcoy\",\"isPartOf\":{\"@id\":\"https:\\\/\\\/www.copealcoy.es\\\/es\\\/#website\"},\"primaryImageOfPage\":{\"@id\":\"https:\\\/\\\/www.copealcoy.es\\\/es\\\/todos-los-cambios-en-las-restricciones-hasta-el-25-de-abril-en-la-comunitat\\\/#primaryimage\"},\"image\":{\"@id\":\"https:\\\/\\\/www.copealcoy.es\\\/es\\\/todos-los-cambios-en-las-restricciones-hasta-el-25-de-abril-en-la-comunitat\\\/#primaryimage\"},\"thumbnailUrl\":\"https:\\\/\\\/www.copealcoy.es\\\/wp-content\\\/uploads\\\/2021\\\/01\\\/cierre-perimetral.jpg\",\"datePublished\":\"2021-04-11T17:19:45+00:00\",\"dateModified\":\"2021-04-12T14:06:46+00:00\",\"author\":{\"@id\":\"https:\\\/\\\/www.copealcoy.es\\\/es\\\/#\\\/schema\\\/person\\\/e777c87fa024e57d40170af9df39882c\"},\"breadcrumb\":{\"@id\":\"https:\\\/\\\/www.copealcoy.es\\\/es\\\/todos-los-cambios-en-las-restricciones-hasta-el-25-de-abril-en-la-comunitat\\\/#breadcrumb\"},\"inLanguage\":\"es\",\"potentialAction\":[{\"@type\":\"ReadAction\",\"target\":[\"https:\\\/\\\/www.copealcoy.es\\\/es\\\/todos-los-cambios-en-las-restricciones-hasta-el-25-de-abril-en-la-comunitat\\\/\"]}]},{\"@type\":\"ImageObject\",\"inLanguage\":\"es\",\"@id\":\"https:\\\/\\\/www.copealcoy.es\\\/es\\\/todos-los-cambios-en-las-restricciones-hasta-el-25-de-abril-en-la-comunitat\\\/#primaryimage\",\"url\":\"https:\\\/\\\/www.copealcoy.es\\\/wp-content\\\/uploads\\\/2021\\\/01\\\/cierre-perimetral.jpg\",\"contentUrl\":\"https:\\\/\\\/www.copealcoy.es\\\/wp-content\\\/uploads\\\/2021\\\/01\\\/cierre-perimetral.jpg\",\"width\":976,\"height\":602},{\"@type\":\"BreadcrumbList\",\"@id\":\"https:\\\/\\\/www.copealcoy.es\\\/es\\\/todos-los-cambios-en-las-restricciones-hasta-el-25-de-abril-en-la-comunitat\\\/#breadcrumb\",\"itemListElement\":[{\"@type\":\"ListItem\",\"position\":1,\"name\":\"Portada\",\"item\":\"https:\\\/\\\/www.copealcoy.es\\\/es\\\/\"},{\"@type\":\"ListItem\",\"position\":2,\"name\":\"Todos los cambios en las restricciones hasta el 25 de abril en la Comunitat\"}]},{\"@type\":\"WebSite\",\"@id\":\"https:\\\/\\\/www.copealcoy.es\\\/es\\\/#website\",\"url\":\"https:\\\/\\\/www.copealcoy.es\\\/es\\\/\",\"name\":\"COPE Alcoy\",\"description\":\"Emisora COPE de radio local con emisi\u00f3n online. Pont de Sant Jordi 8-10 03803 Alcoy\",\"potentialAction\":[{\"@type\":\"SearchAction\",\"target\":{\"@type\":\"EntryPoint\",\"urlTemplate\":\"https:\\\/\\\/www.copealcoy.es\\\/es\\\/?s={search_term_string}\"},\"query-input\":{\"@type\":\"PropertyValueSpecification\",\"valueRequired\":true,\"valueName\":\"search_term_string\"}}],\"inLanguage\":\"es\"},{\"@type\":\"Person\",\"@id\":\"https:\\\/\\\/www.copealcoy.es\\\/es\\\/#\\\/schema\\\/person\\\/e777c87fa024e57d40170af9df39882c\",\"name\":\"Cope Alcoy\",\"image\":{\"@type\":\"ImageObject\",\"inLanguage\":\"es\",\"@id\":\"https:\\\/\\\/secure.gravatar.com\\\/avatar\\\/bb65d0283347e303893ba14f0692005417c1e0e690a325a4c5d8bb2b3943ee14?s=96&d=mm&r=g\",\"url\":\"https:\\\/\\\/secure.gravatar.com\\\/avatar\\\/bb65d0283347e303893ba14f0692005417c1e0e690a325a4c5d8bb2b3943ee14?s=96&d=mm&r=g\",\"contentUrl\":\"https:\\\/\\\/secure.gravatar.com\\\/avatar\\\/bb65d0283347e303893ba14f0692005417c1e0e690a325a4c5d8bb2b3943ee14?s=96&d=mm&r=g\",\"caption\":\"Cope Alcoy\"}}]}<\/script>\n<!-- \/ Yoast SEO plugin. -->","yoast_head_json":{"title":"Todos los cambios en las restricciones hasta el 25 de abril en la Comunitat - COPE Alcoy","robots":{"index":"index","follow":"follow","max-snippet":"max-snippet:-1","max-image-preview":"max-image-preview:large","max-video-preview":"max-video-preview:-1"},"canonical":"https:\/\/www.copealcoy.es\/es\/todos-los-cambios-en-las-restricciones-hasta-el-25-de-abril-en-la-comunitat\/","og_locale":"es_ES","og_type":"article","og_title":"Todos los cambios en las restricciones hasta el 25 de abril en la Comunitat - COPE Alcoy","og_description":"Desde este lunes la Comunitat Valenciana afronta quince d\u00edas con nuevas restricciones que afectan sobre todo al \u00e1mbito social. Seg\u00fan...","og_url":"https:\/\/www.copealcoy.es\/es\/todos-los-cambios-en-las-restricciones-hasta-el-25-de-abril-en-la-comunitat\/","og_site_name":"COPE Alcoy","article_published_time":"2021-04-11T17:19:45+00:00","article_modified_time":"2021-04-12T14:06:46+00:00","og_image":[{"width":976,"height":602,"url":"https:\/\/www.copealcoy.es\/wp-content\/uploads\/2021\/01\/cierre-perimetral.jpg","type":"image\/jpeg"}],"author":"Cope Alcoy","twitter_misc":{"Escrito por":"Cope Alcoy","Tiempo de lectura":"2 minutos"},"schema":{"@context":"https:\/\/schema.org","@graph":[{"@type":"Article","@id":"https:\/\/www.copealcoy.es\/es\/todos-los-cambios-en-las-restricciones-hasta-el-25-de-abril-en-la-comunitat\/#article","isPartOf":{"@id":"https:\/\/www.copealcoy.es\/es\/todos-los-cambios-en-las-restricciones-hasta-el-25-de-abril-en-la-comunitat\/"},"author":{"name":"Cope Alcoy","@id":"https:\/\/www.copealcoy.es\/es\/#\/schema\/person\/e777c87fa024e57d40170af9df39882c"},"headline":"Todos los cambios en las restricciones hasta el 25 de abril en la Comunitat","datePublished":"2021-04-11T17:19:45+00:00","dateModified":"2021-04-12T14:06:46+00:00","mainEntityOfPage":{"@id":"https:\/\/www.copealcoy.es\/es\/todos-los-cambios-en-las-restricciones-hasta-el-25-de-abril-en-la-comunitat\/"},"wordCount":379,"commentCount":0,"image":{"@id":"https:\/\/www.copealcoy.es\/es\/todos-los-cambios-en-las-restricciones-hasta-el-25-de-abril-en-la-comunitat\/#primaryimage"},"thumbnailUrl":"https:\/\/www.copealcoy.es\/wp-content\/uploads\/2021\/01\/cierre-perimetral.jpg","keywords":["Cambios","Coronavirus","Covid-19","crisis sanitaria","medidas","Restricciones"],"articleSection":["Comarcas","Noticias"],"inLanguage":"es"},{"@type":"WebPage","@id":"https:\/\/www.copealcoy.es\/es\/todos-los-cambios-en-las-restricciones-hasta-el-25-de-abril-en-la-comunitat\/","url":"https:\/\/www.copealcoy.es\/es\/todos-los-cambios-en-las-restricciones-hasta-el-25-de-abril-en-la-comunitat\/","name":"Todos los cambios en las restricciones hasta el 25 de abril en la Comunitat - COPE Alcoy","isPartOf":{"@id":"https:\/\/www.copealcoy.es\/es\/#website"},"primaryImageOfPage":{"@id":"https:\/\/www.copealcoy.es\/es\/todos-los-cambios-en-las-restricciones-hasta-el-25-de-abril-en-la-comunitat\/#primaryimage"},"image":{"@id":"https:\/\/www.copealcoy.es\/es\/todos-los-cambios-en-las-restricciones-hasta-el-25-de-abril-en-la-comunitat\/#primaryimage"},"thumbnailUrl":"https:\/\/www.copealcoy.es\/wp-content\/uploads\/2021\/01\/cierre-perimetral.jpg","datePublished":"2021-04-11T17:19:45+00:00","dateModified":"2021-04-12T14:06:46+00:00","author":{"@id":"https:\/\/www.copealcoy.es\/es\/#\/schema\/person\/e777c87fa024e57d40170af9df39882c"},"breadcrumb":{"@id":"https:\/\/www.copealcoy.es\/es\/todos-los-cambios-en-las-restricciones-hasta-el-25-de-abril-en-la-comunitat\/#breadcrumb"},"inLanguage":"es","potentialAction":[{"@type":"ReadAction","target":["https:\/\/www.copealcoy.es\/es\/todos-los-cambios-en-las-restricciones-hasta-el-25-de-abril-en-la-comunitat\/"]}]},{"@type":"ImageObject","inLanguage":"es","@id":"https:\/\/www.copealcoy.es\/es\/todos-los-cambios-en-las-restricciones-hasta-el-25-de-abril-en-la-comunitat\/#primaryimage","url":"https:\/\/www.copealcoy.es\/wp-content\/uploads\/2021\/01\/cierre-perimetral.jpg","contentUrl":"https:\/\/www.copealcoy.es\/wp-content\/uploads\/2021\/01\/cierre-perimetral.jpg","width":976,"height":602},{"@type":"BreadcrumbList","@id":"https:\/\/www.copealcoy.es\/es\/todos-los-cambios-en-las-restricciones-hasta-el-25-de-abril-en-la-comunitat\/#breadcrumb","itemListElement":[{"@type":"ListItem","position":1,"name":"Portada","item":"https:\/\/www.copealcoy.es\/es\/"},{"@type":"ListItem","position":2,"name":"Todos los cambios en las restricciones hasta el 25 de abril en la Comunitat"}]},{"@type":"WebSite","@id":"https:\/\/www.copealcoy.es\/es\/#website","url":"https:\/\/www.copealcoy.es\/es\/","name":"COPE Alcoy","description":"Emisora COPE de radio local con emisi\u00f3n online. Pont de Sant Jordi 8-10 03803 Alcoy","potentialAction":[{"@type":"SearchAction","target":{"@type":"EntryPoint","urlTemplate":"https:\/\/www.copealcoy.es\/es\/?s={search_term_string}"},"query-input":{"@type":"PropertyValueSpecification","valueRequired":true,"valueName":"search_term_string"}}],"inLanguage":"es"},{"@type":"Person","@id":"https:\/\/www.copealcoy.es\/es\/#\/schema\/person\/e777c87fa024e57d40170af9df39882c","name":"Cope Alcoy","image":{"@type":"ImageObject","inLanguage":"es","@id":"https:\/\/secure.gravatar.com\/avatar\/bb65d0283347e303893ba14f0692005417c1e0e690a325a4c5d8bb2b3943ee14?s=96&d=mm&r=g","url":"https:\/\/secure.gravatar.com\/avatar\/bb65d0283347e303893ba14f0692005417c1e0e690a325a4c5d8bb2b3943ee14?s=96&d=mm&r=g","contentUrl":"https:\/\/secure.gravatar.com\/avatar\/bb65d0283347e303893ba14f0692005417c1e0e690a325a4c5d8bb2b3943ee14?s=96&d=mm&r=g","caption":"Cope Alcoy"}}]}},"_links":{"self":[{"href":"https:\/\/www.copealcoy.es\/es\/wp-json\/wp\/v2\/posts\/72843","targetHints":{"allow":["GET"]}}],"collection":[{"href":"https:\/\/www.copealcoy.es\/es\/wp-json\/wp\/v2\/posts"}],"about":[{"href":"https:\/\/www.copealcoy.es\/es\/wp-json\/wp\/v2\/types\/post"}],"author":[{"embeddable":true,"href":"https:\/\/www.copealcoy.es\/es\/wp-json\/wp\/v2\/users\/1"}],"replies":[{"embeddable":true,"href":"https:\/\/www.copealcoy.es\/es\/wp-json\/wp\/v2\/comments?post=72843"}],"version-history":[{"count":0,"href":"https:\/\/www.copealcoy.es\/es\/wp-json\/wp\/v2\/posts\/72843\/revisions"}],"wp:featuredmedia":[{"embeddable":true,"href":"https:\/\/www.copealcoy.es\/es\/wp-json\/wp\/v2\/media\/70341"}],"wp:attachment":[{"href":"https:\/\/www.copealcoy.es\/es\/wp-json\/wp\/v2\/media?parent=72843"}],"wp:term":[{"taxonomy":"category","embeddable":true,"href":"https:\/\/www.copealcoy.es\/es\/wp-json\/wp\/v2\/categories?post=72843"},{"taxonomy":"post_tag","embeddable":true,"href":"https:\/\/www.copealcoy.es\/es\/wp-json\/wp\/v2\/tags?post=72843"}],"curies":[{"name":"wp","href":"https:\/\/api.w.org\/{rel}","templated":true}]}}