{"id":72765,"date":"2021-04-08T19:00:24","date_gmt":"2021-04-08T18:00:24","guid":{"rendered":"https:\/\/www.copealcoy.es\/?p=72765"},"modified":"2021-04-08T19:27:07","modified_gmt":"2021-04-08T18:27:07","slug":"alcoi-tornara-a-celebrar-el-dia-del-llibre-el-23-dabril","status":"publish","type":"post","link":"https:\/\/www.copealcoy.es\/es\/alcoi-tornara-a-celebrar-el-dia-del-llibre-el-23-dabril\/","title":{"rendered":"Alcoi tornar\u00e0 a celebrar el Dia del Llibre el 23 d\u2019abril"},"content":{"rendered":"<p style=\"text-align: justify;\">El 23 d&#8217;abril <strong>Alcoi tornar\u00e0 a recordar a Sant Jordi<\/strong> amb <strong>una nova edici\u00f3 del Dia del Llibre<\/strong>, una jornada en la qual <strong>hi haur\u00e0 de nou diferents activitats<\/strong> amb la literatura com a principal protagonista. El cartell d\u2019enguany ha estat elaborat per <strong>Gilberto Dob\u00f3n<\/strong>, del Gabinet de Comunicaci\u00f3 de l\u2019\u00c0rea de Cultura.<\/p>\n<p align=\"justify\"><span lang=\"ca-ES\">Les activitats al voltant del Dia del Llibre <strong>comen\u00e7aran el 12 d\u2019abril<\/strong> amb <strong>l\u2019obertura de l\u2019exposici\u00f3 &#8216;Un pa\u00eds de postal: ciutats i paratges valencians al llarg del segle XX&#8217;<\/strong>, una mostra amb unes <strong>200 postals<\/strong> escollides a partir de <strong>la donaci\u00f3 feta per la fam\u00edlia de Fernando Andr\u00e9s Anduix<\/strong>, que recull documents gr\u00e0fics sobre ciutats o paratges de la Comunitat Valenciana des de la d\u00e8cada de 1920. L\u2019exposici\u00f3 podr\u00e0 visitar-se en la primera planta del Centre Cultural Mario Silvestre, <strong>del 12 d\u2019abril al 28 de maig<\/strong>.<\/span><\/p>\n<p align=\"justify\"><span lang=\"ca-ES\">Pel que fa a presentacions liter\u00e0ries hi ha previstes tres: <strong>el dimarts 20 d\u2019abril<\/strong>, <em>Animetes Santes<\/em> (Premi Bernat Cap\u00f3 de Cultura Popular), de<strong> Josep Llu\u00eds Santonja<\/strong>; el dimecres 21 d\u2019abril,<em> Sent\u00e8ncies<\/em> de <strong>Joan Llu\u00eds Vives<\/strong>, de <strong>Francesc Blay<\/strong>; i el <strong>dijous 22 d\u2019abril<\/strong>, <em>Farem un Pensament<\/em>, de <strong>Manel Rodr\u00edguez-Castell\u00f3<\/strong>. Totes les presentacions s\u00f3n a les 19h, al <strong>Centre Cultural Mario Silvestre<\/strong>, amb reserva pr\u00e8via al correu <span style=\"color: #0000ff;\"><strong><a class=\"external\" style=\"color: #0000ff;\" href=\"mailto:biblioteca@alcoi.org\" rel=\"external\">biblioteca@alcoi.org<\/a><\/strong><\/span>.<\/span><\/p>\n<p align=\"justify\">A banda d&#8217;aquestes pr<span lang=\"ca-ES\">opostes <strong>les llibreries col\u00b7laboradores oferiran un 10% de descompte<\/strong> en la compra de llibres i, a m\u00e9s, <strong>l\u2019obsequi de l\u2019obra <\/strong><em><strong>L\u2019Alcoi d\u2019Isabel-Clara Sim\u00f3<\/strong> <\/em>creada per <strong>Jordi Tormo<\/strong>. Seran <strong>un total d&#8217;11 les llibreries<\/strong> que participaran en aquesta interessant iniciativa que coincidir\u00e0 tamb\u00e9 amb la festivitat del nostre patr\u00f3.\u00a0<\/span><\/p>\n","protected":false},"excerpt":{"rendered":"<p>El 23 d&#8217;abril Alcoi tornar\u00e0 a recordar a Sant Jordi amb una nova edici\u00f3 del Dia del Llibre, una jornada&#8230;<\/p>\n","protected":false},"author":1,"featured_media":72766,"comment_status":"open","ping_status":"open","sticky":false,"template":"","format":"standard","meta":{"footnotes":""},"categories":[97,78,75],"tags":[11117,160,7851,1051],"class_list":["post-72765","post","type-post","status-publish","format-standard","has-post-thumbnail","hentry","category-alcoy","category-fiestaycultura","category-noticias","tag-23-dabril","tag-alcoi","tag-dia-del-llibre","tag-literatura"],"yoast_head":"<!-- This site is optimized with the Yoast SEO plugin v27.3 - https:\/\/yoast.com\/product\/yoast-seo-wordpress\/ -->\n<title>Alcoi tornar\u00e0 a celebrar el Dia del Llibre el 23 d\u2019abril - COPE Alcoy<\/title>\n<meta name=\"robots\" content=\"index, follow, max-snippet:-1, max-image-preview:large, max-video-preview:-1\" \/>\n<link rel=\"canonical\" href=\"https:\/\/www.copealcoy.es\/es\/alcoi-tornara-a-celebrar-el-dia-del-llibre-el-23-dabril\/\" \/>\n<meta property=\"og:locale\" content=\"es_ES\" \/>\n<meta property=\"og:type\" content=\"article\" \/>\n<meta property=\"og:title\" content=\"Alcoi tornar\u00e0 a celebrar el Dia del Llibre el 23 d\u2019abril - COPE Alcoy\" \/>\n<meta property=\"og:description\" content=\"El 23 d&#8217;abril Alcoi tornar\u00e0 a recordar a Sant Jordi amb una nova edici\u00f3 del Dia del Llibre, una jornada...\" \/>\n<meta property=\"og:url\" content=\"https:\/\/www.copealcoy.es\/es\/alcoi-tornara-a-celebrar-el-dia-del-llibre-el-23-dabril\/\" \/>\n<meta property=\"og:site_name\" content=\"COPE Alcoy\" \/>\n<meta property=\"article:published_time\" content=\"2021-04-08T18:00:24+00:00\" \/>\n<meta property=\"article:modified_time\" content=\"2021-04-08T18:27:07+00:00\" \/>\n<meta property=\"og:image\" content=\"https:\/\/www.copealcoy.es\/wp-content\/uploads\/2021\/04\/poster_dia_del_llibre-scaled.jpeg\" \/>\n\t<meta property=\"og:image:width\" content=\"2560\" \/>\n\t<meta property=\"og:image:height\" content=\"1600\" \/>\n\t<meta property=\"og:image:type\" content=\"image\/jpeg\" \/>\n<meta name=\"author\" content=\"Cope Alcoy\" \/>\n<meta name=\"twitter:label1\" content=\"Escrito por\" \/>\n\t<meta name=\"twitter:data1\" content=\"Cope Alcoy\" \/>\n\t<meta name=\"twitter:label2\" content=\"Tiempo de lectura\" \/>\n\t<meta name=\"twitter:data2\" content=\"1 minuto\" \/>\n<script type=\"application\/ld+json\" class=\"yoast-schema-graph\">{\"@context\":\"https:\\\/\\\/schema.org\",\"@graph\":[{\"@type\":\"Article\",\"@id\":\"https:\\\/\\\/www.copealcoy.es\\\/es\\\/alcoi-tornara-a-celebrar-el-dia-del-llibre-el-23-dabril\\\/#article\",\"isPartOf\":{\"@id\":\"https:\\\/\\\/www.copealcoy.es\\\/es\\\/alcoi-tornara-a-celebrar-el-dia-del-llibre-el-23-dabril\\\/\"},\"author\":{\"name\":\"Cope Alcoy\",\"@id\":\"https:\\\/\\\/www.copealcoy.es\\\/es\\\/#\\\/schema\\\/person\\\/e777c87fa024e57d40170af9df39882c\"},\"headline\":\"Alcoi tornar\u00e0 a celebrar el Dia del Llibre el 23 d\u2019abril\",\"datePublished\":\"2021-04-08T18:00:24+00:00\",\"dateModified\":\"2021-04-08T18:27:07+00:00\",\"mainEntityOfPage\":{\"@id\":\"https:\\\/\\\/www.copealcoy.es\\\/es\\\/alcoi-tornara-a-celebrar-el-dia-del-llibre-el-23-dabril\\\/\"},\"wordCount\":292,\"commentCount\":0,\"image\":{\"@id\":\"https:\\\/\\\/www.copealcoy.es\\\/es\\\/alcoi-tornara-a-celebrar-el-dia-del-llibre-el-23-dabril\\\/#primaryimage\"},\"thumbnailUrl\":\"https:\\\/\\\/www.copealcoy.es\\\/wp-content\\\/uploads\\\/2021\\\/04\\\/poster_dia_del_llibre-scaled.jpeg\",\"keywords\":[\"23 d'abril\",\"Alcoi\",\"Dia del Llibre\",\"Literatura\"],\"articleSection\":[\"Alcoy\",\"Fiesta y Cultura\",\"Noticias\"],\"inLanguage\":\"es\"},{\"@type\":\"WebPage\",\"@id\":\"https:\\\/\\\/www.copealcoy.es\\\/es\\\/alcoi-tornara-a-celebrar-el-dia-del-llibre-el-23-dabril\\\/\",\"url\":\"https:\\\/\\\/www.copealcoy.es\\\/es\\\/alcoi-tornara-a-celebrar-el-dia-del-llibre-el-23-dabril\\\/\",\"name\":\"Alcoi tornar\u00e0 a celebrar el Dia del Llibre el 23 d\u2019abril - COPE Alcoy\",\"isPartOf\":{\"@id\":\"https:\\\/\\\/www.copealcoy.es\\\/es\\\/#website\"},\"primaryImageOfPage\":{\"@id\":\"https:\\\/\\\/www.copealcoy.es\\\/es\\\/alcoi-tornara-a-celebrar-el-dia-del-llibre-el-23-dabril\\\/#primaryimage\"},\"image\":{\"@id\":\"https:\\\/\\\/www.copealcoy.es\\\/es\\\/alcoi-tornara-a-celebrar-el-dia-del-llibre-el-23-dabril\\\/#primaryimage\"},\"thumbnailUrl\":\"https:\\\/\\\/www.copealcoy.es\\\/wp-content\\\/uploads\\\/2021\\\/04\\\/poster_dia_del_llibre-scaled.jpeg\",\"datePublished\":\"2021-04-08T18:00:24+00:00\",\"dateModified\":\"2021-04-08T18:27:07+00:00\",\"author\":{\"@id\":\"https:\\\/\\\/www.copealcoy.es\\\/es\\\/#\\\/schema\\\/person\\\/e777c87fa024e57d40170af9df39882c\"},\"breadcrumb\":{\"@id\":\"https:\\\/\\\/www.copealcoy.es\\\/es\\\/alcoi-tornara-a-celebrar-el-dia-del-llibre-el-23-dabril\\\/#breadcrumb\"},\"inLanguage\":\"es\",\"potentialAction\":[{\"@type\":\"ReadAction\",\"target\":[\"https:\\\/\\\/www.copealcoy.es\\\/es\\\/alcoi-tornara-a-celebrar-el-dia-del-llibre-el-23-dabril\\\/\"]}]},{\"@type\":\"ImageObject\",\"inLanguage\":\"es\",\"@id\":\"https:\\\/\\\/www.copealcoy.es\\\/es\\\/alcoi-tornara-a-celebrar-el-dia-del-llibre-el-23-dabril\\\/#primaryimage\",\"url\":\"https:\\\/\\\/www.copealcoy.es\\\/wp-content\\\/uploads\\\/2021\\\/04\\\/poster_dia_del_llibre-scaled.jpeg\",\"contentUrl\":\"https:\\\/\\\/www.copealcoy.es\\\/wp-content\\\/uploads\\\/2021\\\/04\\\/poster_dia_del_llibre-scaled.jpeg\",\"width\":2560,\"height\":1600},{\"@type\":\"BreadcrumbList\",\"@id\":\"https:\\\/\\\/www.copealcoy.es\\\/es\\\/alcoi-tornara-a-celebrar-el-dia-del-llibre-el-23-dabril\\\/#breadcrumb\",\"itemListElement\":[{\"@type\":\"ListItem\",\"position\":1,\"name\":\"Portada\",\"item\":\"https:\\\/\\\/www.copealcoy.es\\\/es\\\/\"},{\"@type\":\"ListItem\",\"position\":2,\"name\":\"Alcoi tornar\u00e0 a celebrar el Dia del Llibre el 23 d\u2019abril\"}]},{\"@type\":\"WebSite\",\"@id\":\"https:\\\/\\\/www.copealcoy.es\\\/es\\\/#website\",\"url\":\"https:\\\/\\\/www.copealcoy.es\\\/es\\\/\",\"name\":\"COPE Alcoy\",\"description\":\"Emisora COPE de radio local con emisi\u00f3n online. Pont de Sant Jordi 8-10 03803 Alcoy\",\"potentialAction\":[{\"@type\":\"SearchAction\",\"target\":{\"@type\":\"EntryPoint\",\"urlTemplate\":\"https:\\\/\\\/www.copealcoy.es\\\/es\\\/?s={search_term_string}\"},\"query-input\":{\"@type\":\"PropertyValueSpecification\",\"valueRequired\":true,\"valueName\":\"search_term_string\"}}],\"inLanguage\":\"es\"},{\"@type\":\"Person\",\"@id\":\"https:\\\/\\\/www.copealcoy.es\\\/es\\\/#\\\/schema\\\/person\\\/e777c87fa024e57d40170af9df39882c\",\"name\":\"Cope Alcoy\",\"image\":{\"@type\":\"ImageObject\",\"inLanguage\":\"es\",\"@id\":\"https:\\\/\\\/secure.gravatar.com\\\/avatar\\\/bb65d0283347e303893ba14f0692005417c1e0e690a325a4c5d8bb2b3943ee14?s=96&d=mm&r=g\",\"url\":\"https:\\\/\\\/secure.gravatar.com\\\/avatar\\\/bb65d0283347e303893ba14f0692005417c1e0e690a325a4c5d8bb2b3943ee14?s=96&d=mm&r=g\",\"contentUrl\":\"https:\\\/\\\/secure.gravatar.com\\\/avatar\\\/bb65d0283347e303893ba14f0692005417c1e0e690a325a4c5d8bb2b3943ee14?s=96&d=mm&r=g\",\"caption\":\"Cope Alcoy\"}}]}<\/script>\n<!-- \/ Yoast SEO plugin. -->","yoast_head_json":{"title":"Alcoi tornar\u00e0 a celebrar el Dia del Llibre el 23 d\u2019abril - COPE Alcoy","robots":{"index":"index","follow":"follow","max-snippet":"max-snippet:-1","max-image-preview":"max-image-preview:large","max-video-preview":"max-video-preview:-1"},"canonical":"https:\/\/www.copealcoy.es\/es\/alcoi-tornara-a-celebrar-el-dia-del-llibre-el-23-dabril\/","og_locale":"es_ES","og_type":"article","og_title":"Alcoi tornar\u00e0 a celebrar el Dia del Llibre el 23 d\u2019abril - COPE Alcoy","og_description":"El 23 d&#8217;abril Alcoi tornar\u00e0 a recordar a Sant Jordi amb una nova edici\u00f3 del Dia del Llibre, una jornada...","og_url":"https:\/\/www.copealcoy.es\/es\/alcoi-tornara-a-celebrar-el-dia-del-llibre-el-23-dabril\/","og_site_name":"COPE Alcoy","article_published_time":"2021-04-08T18:00:24+00:00","article_modified_time":"2021-04-08T18:27:07+00:00","og_image":[{"width":2560,"height":1600,"url":"https:\/\/www.copealcoy.es\/wp-content\/uploads\/2021\/04\/poster_dia_del_llibre-scaled.jpeg","type":"image\/jpeg"}],"author":"Cope Alcoy","twitter_misc":{"Escrito por":"Cope Alcoy","Tiempo de lectura":"1 minuto"},"schema":{"@context":"https:\/\/schema.org","@graph":[{"@type":"Article","@id":"https:\/\/www.copealcoy.es\/es\/alcoi-tornara-a-celebrar-el-dia-del-llibre-el-23-dabril\/#article","isPartOf":{"@id":"https:\/\/www.copealcoy.es\/es\/alcoi-tornara-a-celebrar-el-dia-del-llibre-el-23-dabril\/"},"author":{"name":"Cope Alcoy","@id":"https:\/\/www.copealcoy.es\/es\/#\/schema\/person\/e777c87fa024e57d40170af9df39882c"},"headline":"Alcoi tornar\u00e0 a celebrar el Dia del Llibre el 23 d\u2019abril","datePublished":"2021-04-08T18:00:24+00:00","dateModified":"2021-04-08T18:27:07+00:00","mainEntityOfPage":{"@id":"https:\/\/www.copealcoy.es\/es\/alcoi-tornara-a-celebrar-el-dia-del-llibre-el-23-dabril\/"},"wordCount":292,"commentCount":0,"image":{"@id":"https:\/\/www.copealcoy.es\/es\/alcoi-tornara-a-celebrar-el-dia-del-llibre-el-23-dabril\/#primaryimage"},"thumbnailUrl":"https:\/\/www.copealcoy.es\/wp-content\/uploads\/2021\/04\/poster_dia_del_llibre-scaled.jpeg","keywords":["23 d'abril","Alcoi","Dia del Llibre","Literatura"],"articleSection":["Alcoy","Fiesta y Cultura","Noticias"],"inLanguage":"es"},{"@type":"WebPage","@id":"https:\/\/www.copealcoy.es\/es\/alcoi-tornara-a-celebrar-el-dia-del-llibre-el-23-dabril\/","url":"https:\/\/www.copealcoy.es\/es\/alcoi-tornara-a-celebrar-el-dia-del-llibre-el-23-dabril\/","name":"Alcoi tornar\u00e0 a celebrar el Dia del Llibre el 23 d\u2019abril - COPE Alcoy","isPartOf":{"@id":"https:\/\/www.copealcoy.es\/es\/#website"},"primaryImageOfPage":{"@id":"https:\/\/www.copealcoy.es\/es\/alcoi-tornara-a-celebrar-el-dia-del-llibre-el-23-dabril\/#primaryimage"},"image":{"@id":"https:\/\/www.copealcoy.es\/es\/alcoi-tornara-a-celebrar-el-dia-del-llibre-el-23-dabril\/#primaryimage"},"thumbnailUrl":"https:\/\/www.copealcoy.es\/wp-content\/uploads\/2021\/04\/poster_dia_del_llibre-scaled.jpeg","datePublished":"2021-04-08T18:00:24+00:00","dateModified":"2021-04-08T18:27:07+00:00","author":{"@id":"https:\/\/www.copealcoy.es\/es\/#\/schema\/person\/e777c87fa024e57d40170af9df39882c"},"breadcrumb":{"@id":"https:\/\/www.copealcoy.es\/es\/alcoi-tornara-a-celebrar-el-dia-del-llibre-el-23-dabril\/#breadcrumb"},"inLanguage":"es","potentialAction":[{"@type":"ReadAction","target":["https:\/\/www.copealcoy.es\/es\/alcoi-tornara-a-celebrar-el-dia-del-llibre-el-23-dabril\/"]}]},{"@type":"ImageObject","inLanguage":"es","@id":"https:\/\/www.copealcoy.es\/es\/alcoi-tornara-a-celebrar-el-dia-del-llibre-el-23-dabril\/#primaryimage","url":"https:\/\/www.copealcoy.es\/wp-content\/uploads\/2021\/04\/poster_dia_del_llibre-scaled.jpeg","contentUrl":"https:\/\/www.copealcoy.es\/wp-content\/uploads\/2021\/04\/poster_dia_del_llibre-scaled.jpeg","width":2560,"height":1600},{"@type":"BreadcrumbList","@id":"https:\/\/www.copealcoy.es\/es\/alcoi-tornara-a-celebrar-el-dia-del-llibre-el-23-dabril\/#breadcrumb","itemListElement":[{"@type":"ListItem","position":1,"name":"Portada","item":"https:\/\/www.copealcoy.es\/es\/"},{"@type":"ListItem","position":2,"name":"Alcoi tornar\u00e0 a celebrar el Dia del Llibre el 23 d\u2019abril"}]},{"@type":"WebSite","@id":"https:\/\/www.copealcoy.es\/es\/#website","url":"https:\/\/www.copealcoy.es\/es\/","name":"COPE Alcoy","description":"Emisora COPE de radio local con emisi\u00f3n online. Pont de Sant Jordi 8-10 03803 Alcoy","potentialAction":[{"@type":"SearchAction","target":{"@type":"EntryPoint","urlTemplate":"https:\/\/www.copealcoy.es\/es\/?s={search_term_string}"},"query-input":{"@type":"PropertyValueSpecification","valueRequired":true,"valueName":"search_term_string"}}],"inLanguage":"es"},{"@type":"Person","@id":"https:\/\/www.copealcoy.es\/es\/#\/schema\/person\/e777c87fa024e57d40170af9df39882c","name":"Cope Alcoy","image":{"@type":"ImageObject","inLanguage":"es","@id":"https:\/\/secure.gravatar.com\/avatar\/bb65d0283347e303893ba14f0692005417c1e0e690a325a4c5d8bb2b3943ee14?s=96&d=mm&r=g","url":"https:\/\/secure.gravatar.com\/avatar\/bb65d0283347e303893ba14f0692005417c1e0e690a325a4c5d8bb2b3943ee14?s=96&d=mm&r=g","contentUrl":"https:\/\/secure.gravatar.com\/avatar\/bb65d0283347e303893ba14f0692005417c1e0e690a325a4c5d8bb2b3943ee14?s=96&d=mm&r=g","caption":"Cope Alcoy"}}]}},"_links":{"self":[{"href":"https:\/\/www.copealcoy.es\/es\/wp-json\/wp\/v2\/posts\/72765","targetHints":{"allow":["GET"]}}],"collection":[{"href":"https:\/\/www.copealcoy.es\/es\/wp-json\/wp\/v2\/posts"}],"about":[{"href":"https:\/\/www.copealcoy.es\/es\/wp-json\/wp\/v2\/types\/post"}],"author":[{"embeddable":true,"href":"https:\/\/www.copealcoy.es\/es\/wp-json\/wp\/v2\/users\/1"}],"replies":[{"embeddable":true,"href":"https:\/\/www.copealcoy.es\/es\/wp-json\/wp\/v2\/comments?post=72765"}],"version-history":[{"count":0,"href":"https:\/\/www.copealcoy.es\/es\/wp-json\/wp\/v2\/posts\/72765\/revisions"}],"wp:featuredmedia":[{"embeddable":true,"href":"https:\/\/www.copealcoy.es\/es\/wp-json\/wp\/v2\/media\/72766"}],"wp:attachment":[{"href":"https:\/\/www.copealcoy.es\/es\/wp-json\/wp\/v2\/media?parent=72765"}],"wp:term":[{"taxonomy":"category","embeddable":true,"href":"https:\/\/www.copealcoy.es\/es\/wp-json\/wp\/v2\/categories?post=72765"},{"taxonomy":"post_tag","embeddable":true,"href":"https:\/\/www.copealcoy.es\/es\/wp-json\/wp\/v2\/tags?post=72765"}],"curies":[{"name":"wp","href":"https:\/\/api.w.org\/{rel}","templated":true}]}}