{"id":72649,"date":"2021-04-06T07:58:58","date_gmt":"2021-04-06T06:58:58","guid":{"rendered":"https:\/\/www.copealcoy.es\/?p=72649"},"modified":"2021-04-06T09:32:44","modified_gmt":"2021-04-06T08:32:44","slug":"el-pp-exige-que-se-revisen-con-urgencia-los-permisos-de-carga-y-descarga-del-centro","status":"publish","type":"post","link":"https:\/\/www.copealcoy.es\/es\/el-pp-exige-que-se-revisen-con-urgencia-los-permisos-de-carga-y-descarga-del-centro\/","title":{"rendered":"El PP exige que se revisen con urgencia los permisos de carga y descarga del Centro"},"content":{"rendered":"<p style=\"text-align: justify;\">El <strong>Partido Popular de Alcoy<\/strong> ha informado que <strong>el Ayuntamiento est\u00e1 denegando permisos a empresas locales que necesitan hacer uso de las zonas de carga y descarga<\/strong> para suministrar sus productos a domicilios y establecimientos ubicados en el Centro de la ciudad. Los populares indican que\u00a0empresas de alimentaci\u00f3n, tintorer\u00edas, distribuidores de productos de limpieza, entre otros sectores, <strong>han recibido como respuesta que no se les pueden autorizar los permisos de carga y descarga porque no cumplen los requisitos exigidos<\/strong> en la Ordenanza de Peatonalizaci\u00f3n del Centro de Alcoy.<\/p>\n<p style=\"text-align: justify;\">Desde el PP de Alcoy reiteran que este hecho<strong> bloquea\u00a0la actividad econ\u00f3mica de empresas distribuidoras o de reparo a domicilio<\/strong>. Adem\u00e1s insisten en que la citada Ordenanza <strong>estaba todav\u00eda muy verde para ser aprobada<\/strong> &#8220;<em>es un aut\u00e9ntico desprop\u00f3sito lo que est\u00e1 haciendo el PSOE con la ciudad y el da\u00f1o directo que est\u00e1 haciendo a trabajadores a los que les cuesta mucho levantar la persiana cada d\u00eda. Estamos ante problemas graves para aut\u00f3nomos y peque\u00f1as empresas de todo Alcoy que realizan suministros al Centro y a los que se les ha denegado el permiso permanente para la carga y descarga. La soluci\u00f3n no puede ser que tengan que pedir permiso cada vez que vengan a trabajar al Centro<\/em>&#8220;, declara <strong>Quique Ruiz<\/strong>, Portavoz del PP en nuestra ciudad.<\/p>\n<p style=\"text-align: justify;\">Por \u00faltimo el PP expone que adem\u00e1s de denegarse las autorizaciones <strong>el horario de carga y descarga est\u00e1 constre\u00f1ido<\/strong> \u00fanicamente a tres horas al d\u00eda (de 08:30 a 10:30 y de 19:30 a 20:30 horas).<\/p>\n","protected":false},"excerpt":{"rendered":"<p>El Partido Popular de Alcoy ha informado que el Ayuntamiento est\u00e1 denegando permisos a empresas locales que necesitan hacer uso&#8230;<\/p>\n","protected":false},"author":1,"featured_media":72446,"comment_status":"open","ping_status":"open","sticky":false,"template":"","format":"standard","meta":{"footnotes":""},"categories":[97,75,79],"tags":[11102,295,3604,183,448],"class_list":["post-72649","post","type-post","status-publish","format-standard","has-post-thumbnail","hentry","category-alcoy","category-noticias","category-politicayeconomia","tag-carga-y-descarga","tag-centro","tag-horarios","tag-ordenanza","tag-partido-popular"],"yoast_head":"<!-- This site is optimized with the Yoast SEO plugin v27.3 - https:\/\/yoast.com\/product\/yoast-seo-wordpress\/ -->\n<title>El PP exige que se revisen con urgencia los permisos de carga y descarga del Centro - COPE Alcoy<\/title>\n<meta name=\"robots\" content=\"index, follow, max-snippet:-1, max-image-preview:large, max-video-preview:-1\" \/>\n<link rel=\"canonical\" href=\"https:\/\/www.copealcoy.es\/es\/el-pp-exige-que-se-revisen-con-urgencia-los-permisos-de-carga-y-descarga-del-centro\/\" \/>\n<meta property=\"og:locale\" content=\"es_ES\" \/>\n<meta property=\"og:type\" content=\"article\" \/>\n<meta property=\"og:title\" content=\"El PP exige que se revisen con urgencia los permisos de carga y descarga del Centro - COPE Alcoy\" \/>\n<meta property=\"og:description\" content=\"El Partido Popular de Alcoy ha informado que el Ayuntamiento est\u00e1 denegando permisos a empresas locales que necesitan hacer uso...\" \/>\n<meta property=\"og:url\" content=\"https:\/\/www.copealcoy.es\/es\/el-pp-exige-que-se-revisen-con-urgencia-los-permisos-de-carga-y-descarga-del-centro\/\" \/>\n<meta property=\"og:site_name\" content=\"COPE Alcoy\" \/>\n<meta property=\"article:published_time\" content=\"2021-04-06T06:58:58+00:00\" \/>\n<meta property=\"article:modified_time\" content=\"2021-04-06T08:32:44+00:00\" \/>\n<meta property=\"og:image\" content=\"https:\/\/www.copealcoy.es\/wp-content\/uploads\/2021\/03\/unnamed-5-scaled.jpg\" \/>\n\t<meta property=\"og:image:width\" content=\"2560\" \/>\n\t<meta property=\"og:image:height\" content=\"1931\" \/>\n\t<meta property=\"og:image:type\" content=\"image\/jpeg\" \/>\n<meta name=\"author\" content=\"Cope Alcoy\" \/>\n<meta name=\"twitter:label1\" content=\"Escrito por\" \/>\n\t<meta name=\"twitter:data1\" content=\"Cope Alcoy\" \/>\n\t<meta name=\"twitter:label2\" content=\"Tiempo de lectura\" \/>\n\t<meta name=\"twitter:data2\" content=\"1 minuto\" \/>\n<script type=\"application\/ld+json\" class=\"yoast-schema-graph\">{\"@context\":\"https:\\\/\\\/schema.org\",\"@graph\":[{\"@type\":\"Article\",\"@id\":\"https:\\\/\\\/www.copealcoy.es\\\/es\\\/el-pp-exige-que-se-revisen-con-urgencia-los-permisos-de-carga-y-descarga-del-centro\\\/#article\",\"isPartOf\":{\"@id\":\"https:\\\/\\\/www.copealcoy.es\\\/es\\\/el-pp-exige-que-se-revisen-con-urgencia-los-permisos-de-carga-y-descarga-del-centro\\\/\"},\"author\":{\"name\":\"Cope Alcoy\",\"@id\":\"https:\\\/\\\/www.copealcoy.es\\\/es\\\/#\\\/schema\\\/person\\\/e777c87fa024e57d40170af9df39882c\"},\"headline\":\"El PP exige que se revisen con urgencia los permisos de carga y descarga del Centro\",\"datePublished\":\"2021-04-06T06:58:58+00:00\",\"dateModified\":\"2021-04-06T08:32:44+00:00\",\"mainEntityOfPage\":{\"@id\":\"https:\\\/\\\/www.copealcoy.es\\\/es\\\/el-pp-exige-que-se-revisen-con-urgencia-los-permisos-de-carga-y-descarga-del-centro\\\/\"},\"wordCount\":280,\"commentCount\":0,\"image\":{\"@id\":\"https:\\\/\\\/www.copealcoy.es\\\/es\\\/el-pp-exige-que-se-revisen-con-urgencia-los-permisos-de-carga-y-descarga-del-centro\\\/#primaryimage\"},\"thumbnailUrl\":\"https:\\\/\\\/www.copealcoy.es\\\/wp-content\\\/uploads\\\/2021\\\/03\\\/unnamed-5-scaled.jpg\",\"keywords\":[\"carga y descarga\",\"Centro\",\"Horarios\",\"Ordenanza\",\"Partido Popular\"],\"articleSection\":[\"Alcoy\",\"Noticias\",\"Pol\u00edtica y Econom\u00eda\"],\"inLanguage\":\"es\"},{\"@type\":\"WebPage\",\"@id\":\"https:\\\/\\\/www.copealcoy.es\\\/es\\\/el-pp-exige-que-se-revisen-con-urgencia-los-permisos-de-carga-y-descarga-del-centro\\\/\",\"url\":\"https:\\\/\\\/www.copealcoy.es\\\/es\\\/el-pp-exige-que-se-revisen-con-urgencia-los-permisos-de-carga-y-descarga-del-centro\\\/\",\"name\":\"El PP exige que se revisen con urgencia los permisos de carga y descarga del Centro - COPE Alcoy\",\"isPartOf\":{\"@id\":\"https:\\\/\\\/www.copealcoy.es\\\/es\\\/#website\"},\"primaryImageOfPage\":{\"@id\":\"https:\\\/\\\/www.copealcoy.es\\\/es\\\/el-pp-exige-que-se-revisen-con-urgencia-los-permisos-de-carga-y-descarga-del-centro\\\/#primaryimage\"},\"image\":{\"@id\":\"https:\\\/\\\/www.copealcoy.es\\\/es\\\/el-pp-exige-que-se-revisen-con-urgencia-los-permisos-de-carga-y-descarga-del-centro\\\/#primaryimage\"},\"thumbnailUrl\":\"https:\\\/\\\/www.copealcoy.es\\\/wp-content\\\/uploads\\\/2021\\\/03\\\/unnamed-5-scaled.jpg\",\"datePublished\":\"2021-04-06T06:58:58+00:00\",\"dateModified\":\"2021-04-06T08:32:44+00:00\",\"author\":{\"@id\":\"https:\\\/\\\/www.copealcoy.es\\\/es\\\/#\\\/schema\\\/person\\\/e777c87fa024e57d40170af9df39882c\"},\"breadcrumb\":{\"@id\":\"https:\\\/\\\/www.copealcoy.es\\\/es\\\/el-pp-exige-que-se-revisen-con-urgencia-los-permisos-de-carga-y-descarga-del-centro\\\/#breadcrumb\"},\"inLanguage\":\"es\",\"potentialAction\":[{\"@type\":\"ReadAction\",\"target\":[\"https:\\\/\\\/www.copealcoy.es\\\/es\\\/el-pp-exige-que-se-revisen-con-urgencia-los-permisos-de-carga-y-descarga-del-centro\\\/\"]}]},{\"@type\":\"ImageObject\",\"inLanguage\":\"es\",\"@id\":\"https:\\\/\\\/www.copealcoy.es\\\/es\\\/el-pp-exige-que-se-revisen-con-urgencia-los-permisos-de-carga-y-descarga-del-centro\\\/#primaryimage\",\"url\":\"https:\\\/\\\/www.copealcoy.es\\\/wp-content\\\/uploads\\\/2021\\\/03\\\/unnamed-5-scaled.jpg\",\"contentUrl\":\"https:\\\/\\\/www.copealcoy.es\\\/wp-content\\\/uploads\\\/2021\\\/03\\\/unnamed-5-scaled.jpg\",\"width\":2560,\"height\":1931},{\"@type\":\"BreadcrumbList\",\"@id\":\"https:\\\/\\\/www.copealcoy.es\\\/es\\\/el-pp-exige-que-se-revisen-con-urgencia-los-permisos-de-carga-y-descarga-del-centro\\\/#breadcrumb\",\"itemListElement\":[{\"@type\":\"ListItem\",\"position\":1,\"name\":\"Portada\",\"item\":\"https:\\\/\\\/www.copealcoy.es\\\/es\\\/\"},{\"@type\":\"ListItem\",\"position\":2,\"name\":\"El PP exige que se revisen con urgencia los permisos de carga y descarga del Centro\"}]},{\"@type\":\"WebSite\",\"@id\":\"https:\\\/\\\/www.copealcoy.es\\\/es\\\/#website\",\"url\":\"https:\\\/\\\/www.copealcoy.es\\\/es\\\/\",\"name\":\"COPE Alcoy\",\"description\":\"Emisora COPE de radio local con emisi\u00f3n online. Pont de Sant Jordi 8-10 03803 Alcoy\",\"potentialAction\":[{\"@type\":\"SearchAction\",\"target\":{\"@type\":\"EntryPoint\",\"urlTemplate\":\"https:\\\/\\\/www.copealcoy.es\\\/es\\\/?s={search_term_string}\"},\"query-input\":{\"@type\":\"PropertyValueSpecification\",\"valueRequired\":true,\"valueName\":\"search_term_string\"}}],\"inLanguage\":\"es\"},{\"@type\":\"Person\",\"@id\":\"https:\\\/\\\/www.copealcoy.es\\\/es\\\/#\\\/schema\\\/person\\\/e777c87fa024e57d40170af9df39882c\",\"name\":\"Cope Alcoy\",\"image\":{\"@type\":\"ImageObject\",\"inLanguage\":\"es\",\"@id\":\"https:\\\/\\\/secure.gravatar.com\\\/avatar\\\/bb65d0283347e303893ba14f0692005417c1e0e690a325a4c5d8bb2b3943ee14?s=96&d=mm&r=g\",\"url\":\"https:\\\/\\\/secure.gravatar.com\\\/avatar\\\/bb65d0283347e303893ba14f0692005417c1e0e690a325a4c5d8bb2b3943ee14?s=96&d=mm&r=g\",\"contentUrl\":\"https:\\\/\\\/secure.gravatar.com\\\/avatar\\\/bb65d0283347e303893ba14f0692005417c1e0e690a325a4c5d8bb2b3943ee14?s=96&d=mm&r=g\",\"caption\":\"Cope Alcoy\"}}]}<\/script>\n<!-- \/ Yoast SEO plugin. -->","yoast_head_json":{"title":"El PP exige que se revisen con urgencia los permisos de carga y descarga del Centro - COPE Alcoy","robots":{"index":"index","follow":"follow","max-snippet":"max-snippet:-1","max-image-preview":"max-image-preview:large","max-video-preview":"max-video-preview:-1"},"canonical":"https:\/\/www.copealcoy.es\/es\/el-pp-exige-que-se-revisen-con-urgencia-los-permisos-de-carga-y-descarga-del-centro\/","og_locale":"es_ES","og_type":"article","og_title":"El PP exige que se revisen con urgencia los permisos de carga y descarga del Centro - COPE Alcoy","og_description":"El Partido Popular de Alcoy ha informado que el Ayuntamiento est\u00e1 denegando permisos a empresas locales que necesitan hacer uso...","og_url":"https:\/\/www.copealcoy.es\/es\/el-pp-exige-que-se-revisen-con-urgencia-los-permisos-de-carga-y-descarga-del-centro\/","og_site_name":"COPE Alcoy","article_published_time":"2021-04-06T06:58:58+00:00","article_modified_time":"2021-04-06T08:32:44+00:00","og_image":[{"width":2560,"height":1931,"url":"https:\/\/www.copealcoy.es\/wp-content\/uploads\/2021\/03\/unnamed-5-scaled.jpg","type":"image\/jpeg"}],"author":"Cope Alcoy","twitter_misc":{"Escrito por":"Cope Alcoy","Tiempo de lectura":"1 minuto"},"schema":{"@context":"https:\/\/schema.org","@graph":[{"@type":"Article","@id":"https:\/\/www.copealcoy.es\/es\/el-pp-exige-que-se-revisen-con-urgencia-los-permisos-de-carga-y-descarga-del-centro\/#article","isPartOf":{"@id":"https:\/\/www.copealcoy.es\/es\/el-pp-exige-que-se-revisen-con-urgencia-los-permisos-de-carga-y-descarga-del-centro\/"},"author":{"name":"Cope Alcoy","@id":"https:\/\/www.copealcoy.es\/es\/#\/schema\/person\/e777c87fa024e57d40170af9df39882c"},"headline":"El PP exige que se revisen con urgencia los permisos de carga y descarga del Centro","datePublished":"2021-04-06T06:58:58+00:00","dateModified":"2021-04-06T08:32:44+00:00","mainEntityOfPage":{"@id":"https:\/\/www.copealcoy.es\/es\/el-pp-exige-que-se-revisen-con-urgencia-los-permisos-de-carga-y-descarga-del-centro\/"},"wordCount":280,"commentCount":0,"image":{"@id":"https:\/\/www.copealcoy.es\/es\/el-pp-exige-que-se-revisen-con-urgencia-los-permisos-de-carga-y-descarga-del-centro\/#primaryimage"},"thumbnailUrl":"https:\/\/www.copealcoy.es\/wp-content\/uploads\/2021\/03\/unnamed-5-scaled.jpg","keywords":["carga y descarga","Centro","Horarios","Ordenanza","Partido Popular"],"articleSection":["Alcoy","Noticias","Pol\u00edtica y Econom\u00eda"],"inLanguage":"es"},{"@type":"WebPage","@id":"https:\/\/www.copealcoy.es\/es\/el-pp-exige-que-se-revisen-con-urgencia-los-permisos-de-carga-y-descarga-del-centro\/","url":"https:\/\/www.copealcoy.es\/es\/el-pp-exige-que-se-revisen-con-urgencia-los-permisos-de-carga-y-descarga-del-centro\/","name":"El PP exige que se revisen con urgencia los permisos de carga y descarga del Centro - COPE Alcoy","isPartOf":{"@id":"https:\/\/www.copealcoy.es\/es\/#website"},"primaryImageOfPage":{"@id":"https:\/\/www.copealcoy.es\/es\/el-pp-exige-que-se-revisen-con-urgencia-los-permisos-de-carga-y-descarga-del-centro\/#primaryimage"},"image":{"@id":"https:\/\/www.copealcoy.es\/es\/el-pp-exige-que-se-revisen-con-urgencia-los-permisos-de-carga-y-descarga-del-centro\/#primaryimage"},"thumbnailUrl":"https:\/\/www.copealcoy.es\/wp-content\/uploads\/2021\/03\/unnamed-5-scaled.jpg","datePublished":"2021-04-06T06:58:58+00:00","dateModified":"2021-04-06T08:32:44+00:00","author":{"@id":"https:\/\/www.copealcoy.es\/es\/#\/schema\/person\/e777c87fa024e57d40170af9df39882c"},"breadcrumb":{"@id":"https:\/\/www.copealcoy.es\/es\/el-pp-exige-que-se-revisen-con-urgencia-los-permisos-de-carga-y-descarga-del-centro\/#breadcrumb"},"inLanguage":"es","potentialAction":[{"@type":"ReadAction","target":["https:\/\/www.copealcoy.es\/es\/el-pp-exige-que-se-revisen-con-urgencia-los-permisos-de-carga-y-descarga-del-centro\/"]}]},{"@type":"ImageObject","inLanguage":"es","@id":"https:\/\/www.copealcoy.es\/es\/el-pp-exige-que-se-revisen-con-urgencia-los-permisos-de-carga-y-descarga-del-centro\/#primaryimage","url":"https:\/\/www.copealcoy.es\/wp-content\/uploads\/2021\/03\/unnamed-5-scaled.jpg","contentUrl":"https:\/\/www.copealcoy.es\/wp-content\/uploads\/2021\/03\/unnamed-5-scaled.jpg","width":2560,"height":1931},{"@type":"BreadcrumbList","@id":"https:\/\/www.copealcoy.es\/es\/el-pp-exige-que-se-revisen-con-urgencia-los-permisos-de-carga-y-descarga-del-centro\/#breadcrumb","itemListElement":[{"@type":"ListItem","position":1,"name":"Portada","item":"https:\/\/www.copealcoy.es\/es\/"},{"@type":"ListItem","position":2,"name":"El PP exige que se revisen con urgencia los permisos de carga y descarga del Centro"}]},{"@type":"WebSite","@id":"https:\/\/www.copealcoy.es\/es\/#website","url":"https:\/\/www.copealcoy.es\/es\/","name":"COPE Alcoy","description":"Emisora COPE de radio local con emisi\u00f3n online. Pont de Sant Jordi 8-10 03803 Alcoy","potentialAction":[{"@type":"SearchAction","target":{"@type":"EntryPoint","urlTemplate":"https:\/\/www.copealcoy.es\/es\/?s={search_term_string}"},"query-input":{"@type":"PropertyValueSpecification","valueRequired":true,"valueName":"search_term_string"}}],"inLanguage":"es"},{"@type":"Person","@id":"https:\/\/www.copealcoy.es\/es\/#\/schema\/person\/e777c87fa024e57d40170af9df39882c","name":"Cope Alcoy","image":{"@type":"ImageObject","inLanguage":"es","@id":"https:\/\/secure.gravatar.com\/avatar\/bb65d0283347e303893ba14f0692005417c1e0e690a325a4c5d8bb2b3943ee14?s=96&d=mm&r=g","url":"https:\/\/secure.gravatar.com\/avatar\/bb65d0283347e303893ba14f0692005417c1e0e690a325a4c5d8bb2b3943ee14?s=96&d=mm&r=g","contentUrl":"https:\/\/secure.gravatar.com\/avatar\/bb65d0283347e303893ba14f0692005417c1e0e690a325a4c5d8bb2b3943ee14?s=96&d=mm&r=g","caption":"Cope Alcoy"}}]}},"_links":{"self":[{"href":"https:\/\/www.copealcoy.es\/es\/wp-json\/wp\/v2\/posts\/72649","targetHints":{"allow":["GET"]}}],"collection":[{"href":"https:\/\/www.copealcoy.es\/es\/wp-json\/wp\/v2\/posts"}],"about":[{"href":"https:\/\/www.copealcoy.es\/es\/wp-json\/wp\/v2\/types\/post"}],"author":[{"embeddable":true,"href":"https:\/\/www.copealcoy.es\/es\/wp-json\/wp\/v2\/users\/1"}],"replies":[{"embeddable":true,"href":"https:\/\/www.copealcoy.es\/es\/wp-json\/wp\/v2\/comments?post=72649"}],"version-history":[{"count":0,"href":"https:\/\/www.copealcoy.es\/es\/wp-json\/wp\/v2\/posts\/72649\/revisions"}],"wp:featuredmedia":[{"embeddable":true,"href":"https:\/\/www.copealcoy.es\/es\/wp-json\/wp\/v2\/media\/72446"}],"wp:attachment":[{"href":"https:\/\/www.copealcoy.es\/es\/wp-json\/wp\/v2\/media?parent=72649"}],"wp:term":[{"taxonomy":"category","embeddable":true,"href":"https:\/\/www.copealcoy.es\/es\/wp-json\/wp\/v2\/categories?post=72649"},{"taxonomy":"post_tag","embeddable":true,"href":"https:\/\/www.copealcoy.es\/es\/wp-json\/wp\/v2\/tags?post=72649"}],"curies":[{"name":"wp","href":"https:\/\/api.w.org\/{rel}","templated":true}]}}