{"id":72623,"date":"2021-04-03T23:23:27","date_gmt":"2021-04-03T22:23:27","guid":{"rendered":"https:\/\/www.copealcoy.es\/?p=72623"},"modified":"2021-04-03T23:32:09","modified_gmt":"2021-04-03T22:32:09","slug":"alcoy-refuerza-la-vigilancia-en-las-areas-naturales-durante-la-pascua","status":"publish","type":"post","link":"https:\/\/www.copealcoy.es\/es\/alcoy-refuerza-la-vigilancia-en-las-areas-naturales-durante-la-pascua\/","title":{"rendered":"Alcoy refuerza la vigilancia en las \u00e1reas naturales durante la Pascua"},"content":{"rendered":"<p style=\"text-align: justify;\">El <strong>Ayuntamiento de Alcoy<\/strong> ha puesto en marcha <strong>un dispositivo especial de seguridad<\/strong> para los d\u00edas de Semana Santa y Pascua. El mismo est\u00e1 coordinado por el Departamento de\u00a0 Transici\u00f3n Ecol\u00f3gica del Consistorio colaboraci\u00f3n con Protecci\u00f3n Civil, Polic\u00eda Local y con el Parque Natural de la Font Roja.<\/p>\n<p align=\"justify\"><span lang=\"es-ES\">El objetivo principal de este dispositivo es <strong>controlar y limitar la subida de veh\u00edculos al Parque Natural de la Font Roja <\/strong>de\u00a0para <strong>evitar aglomeraciones <\/strong>de los mismos en la carretera y poner en peligro a los visitantes del Parque en caso de emergencia. En este sentido hay que destacar que <strong>l<\/strong><\/span><span lang=\"es-ES\"><strong>os Voluntarios de Protecci\u00f3n Civil estar\u00e1n durante los cuatro d\u00edas en el cruce de Sant Antoni y en el cruce de la carretera Llacunes <\/strong>para as\u00ed poder controlar el acceso de veh\u00edculos al Parque Natural. Se utilizar\u00e1n por primera vez las barreras instaladas en el cruce de Sant Antoni.<\/span><\/p>\n<p align=\"justify\"><span lang=\"es-ES\">Los visitantes que <strong>suban a pie o en bicicleta <\/strong>no tendr\u00e1n ning\u00fan problema para acceder al Parque y tambi\u00e9n <strong>habr\u00e1 un servicio de 2 autobuses desde el Cementerio Municipal los d\u00edas 2, 3, 4, y 5 de abril<\/strong>.<\/span><\/p>\n<p align=\"justify\"><span lang=\"es-ES\">Los<strong> horarios<\/strong> ser\u00e1n:<\/span><\/p>\n<p align=\"justify\"><span lang=\"es-ES\">&#8211; Salidas desde Cementerio 10:00, 10:30, 11:00, 11:30, 12:00, 12:30, 13:00, 13:30, 14:00, 16:00, y 17:00 horas.<\/span><\/p>\n<p align=\"justify\"><span lang=\"es-ES\">&#8211; Salidas desde la FONT ROJA 10:30, 11:00, 11:30, 12:00, 12:30, 13:00, 13:30, 14:00, 14:30, 16:30, 17:30 y 18:00 horas.<\/span><\/p>\n<p align=\"justify\"><span lang=\"es-ES\">El <strong>precio del billete<\/strong> ser\u00e1 de 1 euro el de subida y 1 euro el de bajada y \u00fanicamente se podr\u00e1 pagar con tarjeta seg\u00fan han comunicado desde Sub\u00fas.<\/span><\/p>\n<p align=\"justify\"><span lang=\"es-ES\">Al mismo tiempo <strong>se har\u00e1n rutas de vigilancia en los otros espacios naturales de nuestro municipio<\/strong>, por parte del <strong>voluntariado de ACIF y 30 Charly Alpha<\/strong> y con la intenci\u00f3n de poder controlar el buen hacer de los usuarios. As\u00ed los de 30 Charly Alpha estar\u00e1n en un punto fijo en el \u00e1rea recreativa Sant Antoni y tambi\u00e9n con un veh\u00edculo en ruta por la zona del Estepar, Canal y Polop.<\/span><\/p>\n<p align=\"justify\"><span lang=\"es-ES\">Por su parte, <strong>ACIF har\u00e1 vigilancia con veh\u00edculo<\/strong> por la zona del Rac\u00f3 Bonaventura, Font del Quinzet, Font de la Salud, Nacimiento del Molinar, Serelles y Preventori, con turnos por la ma\u00f1ana y por la tarde.<\/span><\/p>\n<p align=\"justify\">Finalmente <strong>la P<span lang=\"es-ES\">olic\u00eda Local <\/span>continuar\u00e1 con el mismo dispositivo<\/strong> que se puso en marcha cuando volvi\u00f3 a abrir la hosteler\u00eda, intensificando el control del aforo del interior de los bares y restaurantes as\u00ed como el de las terrazas y veladores. Estos controles se har\u00e1n de forma aleatoria. Tambi\u00e9n <strong>la P<\/strong><span lang=\"es-ES\"><strong>olic\u00eda Auton\u00f3mica<\/strong> ha incrementado la vigilancia en las \u00e1reas recreativas de nuestro entorno natural.\u00a0<\/span><\/p>\n","protected":false},"excerpt":{"rendered":"<p>El Ayuntamiento de Alcoy ha puesto en marcha un dispositivo especial de seguridad para los d\u00edas de Semana Santa y&#8230;<\/p>\n","protected":false},"author":1,"featured_media":30472,"comment_status":"open","ping_status":"open","sticky":false,"template":"","format":"standard","meta":{"footnotes":""},"categories":[97,75,125],"tags":[1494,11098,2188,745,4437],"class_list":["post-72623","post","type-post","status-publish","format-standard","has-post-thumbnail","hentry","category-alcoy","category-noticias","category-portada","tag-alcoy","tag-espacios-naturales","tag-pascua","tag-semana-santa","tag-vigilancia"],"yoast_head":"<!-- This site is optimized with the Yoast SEO plugin v27.3 - https:\/\/yoast.com\/product\/yoast-seo-wordpress\/ -->\n<title>Alcoy refuerza la vigilancia en las \u00e1reas naturales durante la Pascua - COPE Alcoy<\/title>\n<meta name=\"robots\" content=\"index, follow, max-snippet:-1, max-image-preview:large, max-video-preview:-1\" \/>\n<link rel=\"canonical\" href=\"https:\/\/www.copealcoy.es\/es\/alcoy-refuerza-la-vigilancia-en-las-areas-naturales-durante-la-pascua\/\" \/>\n<meta property=\"og:locale\" content=\"es_ES\" \/>\n<meta property=\"og:type\" content=\"article\" \/>\n<meta property=\"og:title\" content=\"Alcoy refuerza la vigilancia en las \u00e1reas naturales durante la Pascua - COPE Alcoy\" \/>\n<meta property=\"og:description\" content=\"El Ayuntamiento de Alcoy ha puesto en marcha un dispositivo especial de seguridad para los d\u00edas de Semana Santa y...\" \/>\n<meta property=\"og:url\" content=\"https:\/\/www.copealcoy.es\/es\/alcoy-refuerza-la-vigilancia-en-las-areas-naturales-durante-la-pascua\/\" \/>\n<meta property=\"og:site_name\" content=\"COPE Alcoy\" \/>\n<meta property=\"article:published_time\" content=\"2021-04-03T22:23:27+00:00\" \/>\n<meta property=\"article:modified_time\" content=\"2021-04-03T22:32:09+00:00\" \/>\n<meta property=\"og:image\" content=\"https:\/\/www.copealcoy.es\/wp-content\/uploads\/2017\/04\/tur_fotos_roja_5_foto.jpg\" \/>\n\t<meta property=\"og:image:width\" content=\"747\" \/>\n\t<meta property=\"og:image:height\" content=\"505\" \/>\n\t<meta property=\"og:image:type\" content=\"image\/jpeg\" \/>\n<meta name=\"author\" content=\"Cope Alcoy\" \/>\n<meta name=\"twitter:label1\" content=\"Escrito por\" \/>\n\t<meta name=\"twitter:data1\" content=\"Cope Alcoy\" \/>\n\t<meta name=\"twitter:label2\" content=\"Tiempo de lectura\" \/>\n\t<meta name=\"twitter:data2\" content=\"2 minutos\" \/>\n<script type=\"application\/ld+json\" class=\"yoast-schema-graph\">{\"@context\":\"https:\\\/\\\/schema.org\",\"@graph\":[{\"@type\":\"Article\",\"@id\":\"https:\\\/\\\/www.copealcoy.es\\\/es\\\/alcoy-refuerza-la-vigilancia-en-las-areas-naturales-durante-la-pascua\\\/#article\",\"isPartOf\":{\"@id\":\"https:\\\/\\\/www.copealcoy.es\\\/es\\\/alcoy-refuerza-la-vigilancia-en-las-areas-naturales-durante-la-pascua\\\/\"},\"author\":{\"name\":\"Cope Alcoy\",\"@id\":\"https:\\\/\\\/www.copealcoy.es\\\/es\\\/#\\\/schema\\\/person\\\/e777c87fa024e57d40170af9df39882c\"},\"headline\":\"Alcoy refuerza la vigilancia en las \u00e1reas naturales durante la Pascua\",\"datePublished\":\"2021-04-03T22:23:27+00:00\",\"dateModified\":\"2021-04-03T22:32:09+00:00\",\"mainEntityOfPage\":{\"@id\":\"https:\\\/\\\/www.copealcoy.es\\\/es\\\/alcoy-refuerza-la-vigilancia-en-las-areas-naturales-durante-la-pascua\\\/\"},\"wordCount\":438,\"commentCount\":0,\"image\":{\"@id\":\"https:\\\/\\\/www.copealcoy.es\\\/es\\\/alcoy-refuerza-la-vigilancia-en-las-areas-naturales-durante-la-pascua\\\/#primaryimage\"},\"thumbnailUrl\":\"https:\\\/\\\/www.copealcoy.es\\\/wp-content\\\/uploads\\\/2017\\\/04\\\/tur_fotos_roja_5_foto.jpg\",\"keywords\":[\"Alcoy\",\"espacios naturales\",\"Pascua\",\"Semana Santa\",\"vigilancia\"],\"articleSection\":[\"Alcoy\",\"Noticias\",\"Portada\"],\"inLanguage\":\"es\"},{\"@type\":\"WebPage\",\"@id\":\"https:\\\/\\\/www.copealcoy.es\\\/es\\\/alcoy-refuerza-la-vigilancia-en-las-areas-naturales-durante-la-pascua\\\/\",\"url\":\"https:\\\/\\\/www.copealcoy.es\\\/es\\\/alcoy-refuerza-la-vigilancia-en-las-areas-naturales-durante-la-pascua\\\/\",\"name\":\"Alcoy refuerza la vigilancia en las \u00e1reas naturales durante la Pascua - COPE Alcoy\",\"isPartOf\":{\"@id\":\"https:\\\/\\\/www.copealcoy.es\\\/es\\\/#website\"},\"primaryImageOfPage\":{\"@id\":\"https:\\\/\\\/www.copealcoy.es\\\/es\\\/alcoy-refuerza-la-vigilancia-en-las-areas-naturales-durante-la-pascua\\\/#primaryimage\"},\"image\":{\"@id\":\"https:\\\/\\\/www.copealcoy.es\\\/es\\\/alcoy-refuerza-la-vigilancia-en-las-areas-naturales-durante-la-pascua\\\/#primaryimage\"},\"thumbnailUrl\":\"https:\\\/\\\/www.copealcoy.es\\\/wp-content\\\/uploads\\\/2017\\\/04\\\/tur_fotos_roja_5_foto.jpg\",\"datePublished\":\"2021-04-03T22:23:27+00:00\",\"dateModified\":\"2021-04-03T22:32:09+00:00\",\"author\":{\"@id\":\"https:\\\/\\\/www.copealcoy.es\\\/es\\\/#\\\/schema\\\/person\\\/e777c87fa024e57d40170af9df39882c\"},\"breadcrumb\":{\"@id\":\"https:\\\/\\\/www.copealcoy.es\\\/es\\\/alcoy-refuerza-la-vigilancia-en-las-areas-naturales-durante-la-pascua\\\/#breadcrumb\"},\"inLanguage\":\"es\",\"potentialAction\":[{\"@type\":\"ReadAction\",\"target\":[\"https:\\\/\\\/www.copealcoy.es\\\/es\\\/alcoy-refuerza-la-vigilancia-en-las-areas-naturales-durante-la-pascua\\\/\"]}]},{\"@type\":\"ImageObject\",\"inLanguage\":\"es\",\"@id\":\"https:\\\/\\\/www.copealcoy.es\\\/es\\\/alcoy-refuerza-la-vigilancia-en-las-areas-naturales-durante-la-pascua\\\/#primaryimage\",\"url\":\"https:\\\/\\\/www.copealcoy.es\\\/wp-content\\\/uploads\\\/2017\\\/04\\\/tur_fotos_roja_5_foto.jpg\",\"contentUrl\":\"https:\\\/\\\/www.copealcoy.es\\\/wp-content\\\/uploads\\\/2017\\\/04\\\/tur_fotos_roja_5_foto.jpg\",\"width\":747,\"height\":505},{\"@type\":\"BreadcrumbList\",\"@id\":\"https:\\\/\\\/www.copealcoy.es\\\/es\\\/alcoy-refuerza-la-vigilancia-en-las-areas-naturales-durante-la-pascua\\\/#breadcrumb\",\"itemListElement\":[{\"@type\":\"ListItem\",\"position\":1,\"name\":\"Portada\",\"item\":\"https:\\\/\\\/www.copealcoy.es\\\/es\\\/\"},{\"@type\":\"ListItem\",\"position\":2,\"name\":\"Alcoy refuerza la vigilancia en las \u00e1reas naturales durante la Pascua\"}]},{\"@type\":\"WebSite\",\"@id\":\"https:\\\/\\\/www.copealcoy.es\\\/es\\\/#website\",\"url\":\"https:\\\/\\\/www.copealcoy.es\\\/es\\\/\",\"name\":\"COPE Alcoy\",\"description\":\"Emisora COPE de radio local con emisi\u00f3n online. Pont de Sant Jordi 8-10 03803 Alcoy\",\"potentialAction\":[{\"@type\":\"SearchAction\",\"target\":{\"@type\":\"EntryPoint\",\"urlTemplate\":\"https:\\\/\\\/www.copealcoy.es\\\/es\\\/?s={search_term_string}\"},\"query-input\":{\"@type\":\"PropertyValueSpecification\",\"valueRequired\":true,\"valueName\":\"search_term_string\"}}],\"inLanguage\":\"es\"},{\"@type\":\"Person\",\"@id\":\"https:\\\/\\\/www.copealcoy.es\\\/es\\\/#\\\/schema\\\/person\\\/e777c87fa024e57d40170af9df39882c\",\"name\":\"Cope Alcoy\",\"image\":{\"@type\":\"ImageObject\",\"inLanguage\":\"es\",\"@id\":\"https:\\\/\\\/secure.gravatar.com\\\/avatar\\\/bb65d0283347e303893ba14f0692005417c1e0e690a325a4c5d8bb2b3943ee14?s=96&d=mm&r=g\",\"url\":\"https:\\\/\\\/secure.gravatar.com\\\/avatar\\\/bb65d0283347e303893ba14f0692005417c1e0e690a325a4c5d8bb2b3943ee14?s=96&d=mm&r=g\",\"contentUrl\":\"https:\\\/\\\/secure.gravatar.com\\\/avatar\\\/bb65d0283347e303893ba14f0692005417c1e0e690a325a4c5d8bb2b3943ee14?s=96&d=mm&r=g\",\"caption\":\"Cope Alcoy\"}}]}<\/script>\n<!-- \/ Yoast SEO plugin. -->","yoast_head_json":{"title":"Alcoy refuerza la vigilancia en las \u00e1reas naturales durante la Pascua - COPE Alcoy","robots":{"index":"index","follow":"follow","max-snippet":"max-snippet:-1","max-image-preview":"max-image-preview:large","max-video-preview":"max-video-preview:-1"},"canonical":"https:\/\/www.copealcoy.es\/es\/alcoy-refuerza-la-vigilancia-en-las-areas-naturales-durante-la-pascua\/","og_locale":"es_ES","og_type":"article","og_title":"Alcoy refuerza la vigilancia en las \u00e1reas naturales durante la Pascua - COPE Alcoy","og_description":"El Ayuntamiento de Alcoy ha puesto en marcha un dispositivo especial de seguridad para los d\u00edas de Semana Santa y...","og_url":"https:\/\/www.copealcoy.es\/es\/alcoy-refuerza-la-vigilancia-en-las-areas-naturales-durante-la-pascua\/","og_site_name":"COPE Alcoy","article_published_time":"2021-04-03T22:23:27+00:00","article_modified_time":"2021-04-03T22:32:09+00:00","og_image":[{"width":747,"height":505,"url":"https:\/\/www.copealcoy.es\/wp-content\/uploads\/2017\/04\/tur_fotos_roja_5_foto.jpg","type":"image\/jpeg"}],"author":"Cope Alcoy","twitter_misc":{"Escrito por":"Cope Alcoy","Tiempo de lectura":"2 minutos"},"schema":{"@context":"https:\/\/schema.org","@graph":[{"@type":"Article","@id":"https:\/\/www.copealcoy.es\/es\/alcoy-refuerza-la-vigilancia-en-las-areas-naturales-durante-la-pascua\/#article","isPartOf":{"@id":"https:\/\/www.copealcoy.es\/es\/alcoy-refuerza-la-vigilancia-en-las-areas-naturales-durante-la-pascua\/"},"author":{"name":"Cope Alcoy","@id":"https:\/\/www.copealcoy.es\/es\/#\/schema\/person\/e777c87fa024e57d40170af9df39882c"},"headline":"Alcoy refuerza la vigilancia en las \u00e1reas naturales durante la Pascua","datePublished":"2021-04-03T22:23:27+00:00","dateModified":"2021-04-03T22:32:09+00:00","mainEntityOfPage":{"@id":"https:\/\/www.copealcoy.es\/es\/alcoy-refuerza-la-vigilancia-en-las-areas-naturales-durante-la-pascua\/"},"wordCount":438,"commentCount":0,"image":{"@id":"https:\/\/www.copealcoy.es\/es\/alcoy-refuerza-la-vigilancia-en-las-areas-naturales-durante-la-pascua\/#primaryimage"},"thumbnailUrl":"https:\/\/www.copealcoy.es\/wp-content\/uploads\/2017\/04\/tur_fotos_roja_5_foto.jpg","keywords":["Alcoy","espacios naturales","Pascua","Semana Santa","vigilancia"],"articleSection":["Alcoy","Noticias","Portada"],"inLanguage":"es"},{"@type":"WebPage","@id":"https:\/\/www.copealcoy.es\/es\/alcoy-refuerza-la-vigilancia-en-las-areas-naturales-durante-la-pascua\/","url":"https:\/\/www.copealcoy.es\/es\/alcoy-refuerza-la-vigilancia-en-las-areas-naturales-durante-la-pascua\/","name":"Alcoy refuerza la vigilancia en las \u00e1reas naturales durante la Pascua - COPE Alcoy","isPartOf":{"@id":"https:\/\/www.copealcoy.es\/es\/#website"},"primaryImageOfPage":{"@id":"https:\/\/www.copealcoy.es\/es\/alcoy-refuerza-la-vigilancia-en-las-areas-naturales-durante-la-pascua\/#primaryimage"},"image":{"@id":"https:\/\/www.copealcoy.es\/es\/alcoy-refuerza-la-vigilancia-en-las-areas-naturales-durante-la-pascua\/#primaryimage"},"thumbnailUrl":"https:\/\/www.copealcoy.es\/wp-content\/uploads\/2017\/04\/tur_fotos_roja_5_foto.jpg","datePublished":"2021-04-03T22:23:27+00:00","dateModified":"2021-04-03T22:32:09+00:00","author":{"@id":"https:\/\/www.copealcoy.es\/es\/#\/schema\/person\/e777c87fa024e57d40170af9df39882c"},"breadcrumb":{"@id":"https:\/\/www.copealcoy.es\/es\/alcoy-refuerza-la-vigilancia-en-las-areas-naturales-durante-la-pascua\/#breadcrumb"},"inLanguage":"es","potentialAction":[{"@type":"ReadAction","target":["https:\/\/www.copealcoy.es\/es\/alcoy-refuerza-la-vigilancia-en-las-areas-naturales-durante-la-pascua\/"]}]},{"@type":"ImageObject","inLanguage":"es","@id":"https:\/\/www.copealcoy.es\/es\/alcoy-refuerza-la-vigilancia-en-las-areas-naturales-durante-la-pascua\/#primaryimage","url":"https:\/\/www.copealcoy.es\/wp-content\/uploads\/2017\/04\/tur_fotos_roja_5_foto.jpg","contentUrl":"https:\/\/www.copealcoy.es\/wp-content\/uploads\/2017\/04\/tur_fotos_roja_5_foto.jpg","width":747,"height":505},{"@type":"BreadcrumbList","@id":"https:\/\/www.copealcoy.es\/es\/alcoy-refuerza-la-vigilancia-en-las-areas-naturales-durante-la-pascua\/#breadcrumb","itemListElement":[{"@type":"ListItem","position":1,"name":"Portada","item":"https:\/\/www.copealcoy.es\/es\/"},{"@type":"ListItem","position":2,"name":"Alcoy refuerza la vigilancia en las \u00e1reas naturales durante la Pascua"}]},{"@type":"WebSite","@id":"https:\/\/www.copealcoy.es\/es\/#website","url":"https:\/\/www.copealcoy.es\/es\/","name":"COPE Alcoy","description":"Emisora COPE de radio local con emisi\u00f3n online. Pont de Sant Jordi 8-10 03803 Alcoy","potentialAction":[{"@type":"SearchAction","target":{"@type":"EntryPoint","urlTemplate":"https:\/\/www.copealcoy.es\/es\/?s={search_term_string}"},"query-input":{"@type":"PropertyValueSpecification","valueRequired":true,"valueName":"search_term_string"}}],"inLanguage":"es"},{"@type":"Person","@id":"https:\/\/www.copealcoy.es\/es\/#\/schema\/person\/e777c87fa024e57d40170af9df39882c","name":"Cope Alcoy","image":{"@type":"ImageObject","inLanguage":"es","@id":"https:\/\/secure.gravatar.com\/avatar\/bb65d0283347e303893ba14f0692005417c1e0e690a325a4c5d8bb2b3943ee14?s=96&d=mm&r=g","url":"https:\/\/secure.gravatar.com\/avatar\/bb65d0283347e303893ba14f0692005417c1e0e690a325a4c5d8bb2b3943ee14?s=96&d=mm&r=g","contentUrl":"https:\/\/secure.gravatar.com\/avatar\/bb65d0283347e303893ba14f0692005417c1e0e690a325a4c5d8bb2b3943ee14?s=96&d=mm&r=g","caption":"Cope Alcoy"}}]}},"_links":{"self":[{"href":"https:\/\/www.copealcoy.es\/es\/wp-json\/wp\/v2\/posts\/72623","targetHints":{"allow":["GET"]}}],"collection":[{"href":"https:\/\/www.copealcoy.es\/es\/wp-json\/wp\/v2\/posts"}],"about":[{"href":"https:\/\/www.copealcoy.es\/es\/wp-json\/wp\/v2\/types\/post"}],"author":[{"embeddable":true,"href":"https:\/\/www.copealcoy.es\/es\/wp-json\/wp\/v2\/users\/1"}],"replies":[{"embeddable":true,"href":"https:\/\/www.copealcoy.es\/es\/wp-json\/wp\/v2\/comments?post=72623"}],"version-history":[{"count":0,"href":"https:\/\/www.copealcoy.es\/es\/wp-json\/wp\/v2\/posts\/72623\/revisions"}],"wp:featuredmedia":[{"embeddable":true,"href":"https:\/\/www.copealcoy.es\/es\/wp-json\/wp\/v2\/media\/30472"}],"wp:attachment":[{"href":"https:\/\/www.copealcoy.es\/es\/wp-json\/wp\/v2\/media?parent=72623"}],"wp:term":[{"taxonomy":"category","embeddable":true,"href":"https:\/\/www.copealcoy.es\/es\/wp-json\/wp\/v2\/categories?post=72623"},{"taxonomy":"post_tag","embeddable":true,"href":"https:\/\/www.copealcoy.es\/es\/wp-json\/wp\/v2\/tags?post=72623"}],"curies":[{"name":"wp","href":"https:\/\/api.w.org\/{rel}","templated":true}]}}