{"id":72582,"date":"2021-04-01T16:00:34","date_gmt":"2021-04-01T15:00:34","guid":{"rendered":"https:\/\/www.copealcoy.es\/?p=72582"},"modified":"2021-04-01T17:11:53","modified_gmt":"2021-04-01T16:11:53","slug":"semana-santa-en-el-interior-de-las-iglesias-de-alcoy","status":"publish","type":"post","link":"https:\/\/www.copealcoy.es\/es\/semana-santa-en-el-interior-de-las-iglesias-de-alcoy\/","title":{"rendered":"Semana Santa en el interior de las iglesias de Alcoy"},"content":{"rendered":"<p style=\"text-align: justify;\">Alcoy <strong>vive a partir de hoy los d\u00edas grandes de la Semana Santa<\/strong> y, como ocurre en todos los municipios de <strong>la Di\u00f3cesis de Valencia<\/strong>, no habr\u00e1 <strong>procesiones por las calles<\/strong> a causa de la crisis sanitaria del Coronavirus. Los actos <strong>quedar\u00e1n reducidos al interior de las iglesias<\/strong> y <strong>tendr\u00e1n aforo limitado<\/strong> para cumplir las medidas restrictivas marcadas por las autoridades sanitarias.<\/p>\n<p style=\"text-align: justify;\">En las Parroquias del Centro de la ciudad <strong>la Misa Vespertina de la Cena del Se\u00f1or en el Jueves Santo<\/strong> ser\u00e1 a las 19:00h en el Divino Maestro y a las 19:30h en la iglesia de San Mauro y San Francisco. Ya el <strong>Viernes Santo<\/strong> se rezar\u00e1n Laudes a las 10h de la ma\u00f1ana en Santa Mar\u00eda mientras que a las 10:30h tendr\u00e1 lugar el V\u00eda Crucis y a las 18:30h los Santos Oficios de la Pasi\u00f3n y Muerte del Se\u00f1or. Tambi\u00e9n por la ma\u00f1ana habr\u00e1 un V\u00eda Crucis en el Divino Maestro y en San Mauro a las 12:00h. Por su parte el <strong>S\u00e1bado Santo<\/strong> se volver\u00e1n a rezar Laudes en San Mauro a las 09:00h y la Vigilia Pascual se desarrollar\u00e1 en este templo a las 19:30h y a las 19:00h en el Divino Maestro. Finalmente el <strong>Domingo de Pascua <\/strong>las misas ser\u00e1n a las 10:30h y 12:15h en Santa Mar\u00eda mientras que en San Mauro tendr\u00e1 lugar a las 12:30h con el encuentro glorioso posterior dentro del templo entre las im\u00e1genes de Cristo Resucitado y la Virgen Mar\u00eda. La \u00faltima eucarist\u00eda en este templo se efectuar\u00e1 a las 19:30h de la tarde.<\/p>\n<p>Se\u00f1alar que <strong>la Capilla de Jes\u00fas Nazareno<\/strong>, situada en pleno centro de Alcoy, abrir\u00e1 hoy Jueves Santo de 17h a 20h mientras que el Viernes Santo ser\u00e1 de 10h a 13h.<\/p>\n","protected":false},"excerpt":{"rendered":"<p>Alcoy vive a partir de hoy los d\u00edas grandes de la Semana Santa y, como ocurre en todos los municipios&#8230;<\/p>\n","protected":false},"author":1,"featured_media":72591,"comment_status":"open","ping_status":"open","sticky":false,"template":"","format":"standard","meta":{"footnotes":""},"categories":[97,78,75],"tags":[1494,7281,10050,11089,745],"class_list":["post-72582","post","type-post","status-publish","format-standard","has-post-thumbnail","hentry","category-alcoy","category-fiestaycultura","category-noticias","tag-alcoy","tag-coronavirus","tag-crisis-sanitaria","tag-interior-iglesias","tag-semana-santa"],"yoast_head":"<!-- This site is optimized with the Yoast SEO plugin v27.3 - https:\/\/yoast.com\/product\/yoast-seo-wordpress\/ -->\n<title>Semana Santa en el interior de las iglesias de Alcoy - COPE Alcoy<\/title>\n<meta name=\"robots\" content=\"index, follow, max-snippet:-1, max-image-preview:large, max-video-preview:-1\" \/>\n<link rel=\"canonical\" href=\"https:\/\/www.copealcoy.es\/es\/semana-santa-en-el-interior-de-las-iglesias-de-alcoy\/\" \/>\n<meta property=\"og:locale\" content=\"es_ES\" \/>\n<meta property=\"og:type\" content=\"article\" \/>\n<meta property=\"og:title\" content=\"Semana Santa en el interior de las iglesias de Alcoy - COPE Alcoy\" \/>\n<meta property=\"og:description\" content=\"Alcoy vive a partir de hoy los d\u00edas grandes de la Semana Santa y, como ocurre en todos los municipios...\" \/>\n<meta property=\"og:url\" content=\"https:\/\/www.copealcoy.es\/es\/semana-santa-en-el-interior-de-las-iglesias-de-alcoy\/\" \/>\n<meta property=\"og:site_name\" content=\"COPE Alcoy\" \/>\n<meta property=\"article:published_time\" content=\"2021-04-01T15:00:34+00:00\" \/>\n<meta property=\"article:modified_time\" content=\"2021-04-01T16:11:53+00:00\" \/>\n<meta property=\"og:image\" content=\"https:\/\/www.copealcoy.es\/wp-content\/uploads\/2021\/04\/167728957_4451912564824124_1602277285530016679_n.jpeg\" \/>\n\t<meta property=\"og:image:width\" content=\"1200\" \/>\n\t<meta property=\"og:image:height\" content=\"694\" \/>\n\t<meta property=\"og:image:type\" content=\"image\/jpeg\" \/>\n<meta name=\"author\" content=\"Cope Alcoy\" \/>\n<meta name=\"twitter:label1\" content=\"Escrito por\" \/>\n\t<meta name=\"twitter:data1\" content=\"Cope Alcoy\" \/>\n\t<meta name=\"twitter:label2\" content=\"Tiempo de lectura\" \/>\n\t<meta name=\"twitter:data2\" content=\"2 minutos\" \/>\n<script type=\"application\/ld+json\" class=\"yoast-schema-graph\">{\"@context\":\"https:\\\/\\\/schema.org\",\"@graph\":[{\"@type\":\"Article\",\"@id\":\"https:\\\/\\\/www.copealcoy.es\\\/es\\\/semana-santa-en-el-interior-de-las-iglesias-de-alcoy\\\/#article\",\"isPartOf\":{\"@id\":\"https:\\\/\\\/www.copealcoy.es\\\/es\\\/semana-santa-en-el-interior-de-las-iglesias-de-alcoy\\\/\"},\"author\":{\"name\":\"Cope Alcoy\",\"@id\":\"https:\\\/\\\/www.copealcoy.es\\\/es\\\/#\\\/schema\\\/person\\\/e777c87fa024e57d40170af9df39882c\"},\"headline\":\"Semana Santa en el interior de las iglesias de Alcoy\",\"datePublished\":\"2021-04-01T15:00:34+00:00\",\"dateModified\":\"2021-04-01T16:11:53+00:00\",\"mainEntityOfPage\":{\"@id\":\"https:\\\/\\\/www.copealcoy.es\\\/es\\\/semana-santa-en-el-interior-de-las-iglesias-de-alcoy\\\/\"},\"wordCount\":321,\"commentCount\":0,\"image\":{\"@id\":\"https:\\\/\\\/www.copealcoy.es\\\/es\\\/semana-santa-en-el-interior-de-las-iglesias-de-alcoy\\\/#primaryimage\"},\"thumbnailUrl\":\"https:\\\/\\\/www.copealcoy.es\\\/wp-content\\\/uploads\\\/2021\\\/04\\\/167728957_4451912564824124_1602277285530016679_n.jpeg\",\"keywords\":[\"Alcoy\",\"Coronavirus\",\"crisis sanitaria\",\"interior iglesias\",\"Semana Santa\"],\"articleSection\":[\"Alcoy\",\"Fiesta y Cultura\",\"Noticias\"],\"inLanguage\":\"es\"},{\"@type\":\"WebPage\",\"@id\":\"https:\\\/\\\/www.copealcoy.es\\\/es\\\/semana-santa-en-el-interior-de-las-iglesias-de-alcoy\\\/\",\"url\":\"https:\\\/\\\/www.copealcoy.es\\\/es\\\/semana-santa-en-el-interior-de-las-iglesias-de-alcoy\\\/\",\"name\":\"Semana Santa en el interior de las iglesias de Alcoy - COPE Alcoy\",\"isPartOf\":{\"@id\":\"https:\\\/\\\/www.copealcoy.es\\\/es\\\/#website\"},\"primaryImageOfPage\":{\"@id\":\"https:\\\/\\\/www.copealcoy.es\\\/es\\\/semana-santa-en-el-interior-de-las-iglesias-de-alcoy\\\/#primaryimage\"},\"image\":{\"@id\":\"https:\\\/\\\/www.copealcoy.es\\\/es\\\/semana-santa-en-el-interior-de-las-iglesias-de-alcoy\\\/#primaryimage\"},\"thumbnailUrl\":\"https:\\\/\\\/www.copealcoy.es\\\/wp-content\\\/uploads\\\/2021\\\/04\\\/167728957_4451912564824124_1602277285530016679_n.jpeg\",\"datePublished\":\"2021-04-01T15:00:34+00:00\",\"dateModified\":\"2021-04-01T16:11:53+00:00\",\"author\":{\"@id\":\"https:\\\/\\\/www.copealcoy.es\\\/es\\\/#\\\/schema\\\/person\\\/e777c87fa024e57d40170af9df39882c\"},\"breadcrumb\":{\"@id\":\"https:\\\/\\\/www.copealcoy.es\\\/es\\\/semana-santa-en-el-interior-de-las-iglesias-de-alcoy\\\/#breadcrumb\"},\"inLanguage\":\"es\",\"potentialAction\":[{\"@type\":\"ReadAction\",\"target\":[\"https:\\\/\\\/www.copealcoy.es\\\/es\\\/semana-santa-en-el-interior-de-las-iglesias-de-alcoy\\\/\"]}]},{\"@type\":\"ImageObject\",\"inLanguage\":\"es\",\"@id\":\"https:\\\/\\\/www.copealcoy.es\\\/es\\\/semana-santa-en-el-interior-de-las-iglesias-de-alcoy\\\/#primaryimage\",\"url\":\"https:\\\/\\\/www.copealcoy.es\\\/wp-content\\\/uploads\\\/2021\\\/04\\\/167728957_4451912564824124_1602277285530016679_n.jpeg\",\"contentUrl\":\"https:\\\/\\\/www.copealcoy.es\\\/wp-content\\\/uploads\\\/2021\\\/04\\\/167728957_4451912564824124_1602277285530016679_n.jpeg\",\"width\":1200,\"height\":694},{\"@type\":\"BreadcrumbList\",\"@id\":\"https:\\\/\\\/www.copealcoy.es\\\/es\\\/semana-santa-en-el-interior-de-las-iglesias-de-alcoy\\\/#breadcrumb\",\"itemListElement\":[{\"@type\":\"ListItem\",\"position\":1,\"name\":\"Portada\",\"item\":\"https:\\\/\\\/www.copealcoy.es\\\/es\\\/\"},{\"@type\":\"ListItem\",\"position\":2,\"name\":\"Semana Santa en el interior de las iglesias de Alcoy\"}]},{\"@type\":\"WebSite\",\"@id\":\"https:\\\/\\\/www.copealcoy.es\\\/es\\\/#website\",\"url\":\"https:\\\/\\\/www.copealcoy.es\\\/es\\\/\",\"name\":\"COPE Alcoy\",\"description\":\"Emisora COPE de radio local con emisi\u00f3n online. Pont de Sant Jordi 8-10 03803 Alcoy\",\"potentialAction\":[{\"@type\":\"SearchAction\",\"target\":{\"@type\":\"EntryPoint\",\"urlTemplate\":\"https:\\\/\\\/www.copealcoy.es\\\/es\\\/?s={search_term_string}\"},\"query-input\":{\"@type\":\"PropertyValueSpecification\",\"valueRequired\":true,\"valueName\":\"search_term_string\"}}],\"inLanguage\":\"es\"},{\"@type\":\"Person\",\"@id\":\"https:\\\/\\\/www.copealcoy.es\\\/es\\\/#\\\/schema\\\/person\\\/e777c87fa024e57d40170af9df39882c\",\"name\":\"Cope Alcoy\",\"image\":{\"@type\":\"ImageObject\",\"inLanguage\":\"es\",\"@id\":\"https:\\\/\\\/secure.gravatar.com\\\/avatar\\\/bb65d0283347e303893ba14f0692005417c1e0e690a325a4c5d8bb2b3943ee14?s=96&d=mm&r=g\",\"url\":\"https:\\\/\\\/secure.gravatar.com\\\/avatar\\\/bb65d0283347e303893ba14f0692005417c1e0e690a325a4c5d8bb2b3943ee14?s=96&d=mm&r=g\",\"contentUrl\":\"https:\\\/\\\/secure.gravatar.com\\\/avatar\\\/bb65d0283347e303893ba14f0692005417c1e0e690a325a4c5d8bb2b3943ee14?s=96&d=mm&r=g\",\"caption\":\"Cope Alcoy\"}}]}<\/script>\n<!-- \/ Yoast SEO plugin. -->","yoast_head_json":{"title":"Semana Santa en el interior de las iglesias de Alcoy - COPE Alcoy","robots":{"index":"index","follow":"follow","max-snippet":"max-snippet:-1","max-image-preview":"max-image-preview:large","max-video-preview":"max-video-preview:-1"},"canonical":"https:\/\/www.copealcoy.es\/es\/semana-santa-en-el-interior-de-las-iglesias-de-alcoy\/","og_locale":"es_ES","og_type":"article","og_title":"Semana Santa en el interior de las iglesias de Alcoy - COPE Alcoy","og_description":"Alcoy vive a partir de hoy los d\u00edas grandes de la Semana Santa y, como ocurre en todos los municipios...","og_url":"https:\/\/www.copealcoy.es\/es\/semana-santa-en-el-interior-de-las-iglesias-de-alcoy\/","og_site_name":"COPE Alcoy","article_published_time":"2021-04-01T15:00:34+00:00","article_modified_time":"2021-04-01T16:11:53+00:00","og_image":[{"width":1200,"height":694,"url":"https:\/\/www.copealcoy.es\/wp-content\/uploads\/2021\/04\/167728957_4451912564824124_1602277285530016679_n.jpeg","type":"image\/jpeg"}],"author":"Cope Alcoy","twitter_misc":{"Escrito por":"Cope Alcoy","Tiempo de lectura":"2 minutos"},"schema":{"@context":"https:\/\/schema.org","@graph":[{"@type":"Article","@id":"https:\/\/www.copealcoy.es\/es\/semana-santa-en-el-interior-de-las-iglesias-de-alcoy\/#article","isPartOf":{"@id":"https:\/\/www.copealcoy.es\/es\/semana-santa-en-el-interior-de-las-iglesias-de-alcoy\/"},"author":{"name":"Cope Alcoy","@id":"https:\/\/www.copealcoy.es\/es\/#\/schema\/person\/e777c87fa024e57d40170af9df39882c"},"headline":"Semana Santa en el interior de las iglesias de Alcoy","datePublished":"2021-04-01T15:00:34+00:00","dateModified":"2021-04-01T16:11:53+00:00","mainEntityOfPage":{"@id":"https:\/\/www.copealcoy.es\/es\/semana-santa-en-el-interior-de-las-iglesias-de-alcoy\/"},"wordCount":321,"commentCount":0,"image":{"@id":"https:\/\/www.copealcoy.es\/es\/semana-santa-en-el-interior-de-las-iglesias-de-alcoy\/#primaryimage"},"thumbnailUrl":"https:\/\/www.copealcoy.es\/wp-content\/uploads\/2021\/04\/167728957_4451912564824124_1602277285530016679_n.jpeg","keywords":["Alcoy","Coronavirus","crisis sanitaria","interior iglesias","Semana Santa"],"articleSection":["Alcoy","Fiesta y Cultura","Noticias"],"inLanguage":"es"},{"@type":"WebPage","@id":"https:\/\/www.copealcoy.es\/es\/semana-santa-en-el-interior-de-las-iglesias-de-alcoy\/","url":"https:\/\/www.copealcoy.es\/es\/semana-santa-en-el-interior-de-las-iglesias-de-alcoy\/","name":"Semana Santa en el interior de las iglesias de Alcoy - COPE Alcoy","isPartOf":{"@id":"https:\/\/www.copealcoy.es\/es\/#website"},"primaryImageOfPage":{"@id":"https:\/\/www.copealcoy.es\/es\/semana-santa-en-el-interior-de-las-iglesias-de-alcoy\/#primaryimage"},"image":{"@id":"https:\/\/www.copealcoy.es\/es\/semana-santa-en-el-interior-de-las-iglesias-de-alcoy\/#primaryimage"},"thumbnailUrl":"https:\/\/www.copealcoy.es\/wp-content\/uploads\/2021\/04\/167728957_4451912564824124_1602277285530016679_n.jpeg","datePublished":"2021-04-01T15:00:34+00:00","dateModified":"2021-04-01T16:11:53+00:00","author":{"@id":"https:\/\/www.copealcoy.es\/es\/#\/schema\/person\/e777c87fa024e57d40170af9df39882c"},"breadcrumb":{"@id":"https:\/\/www.copealcoy.es\/es\/semana-santa-en-el-interior-de-las-iglesias-de-alcoy\/#breadcrumb"},"inLanguage":"es","potentialAction":[{"@type":"ReadAction","target":["https:\/\/www.copealcoy.es\/es\/semana-santa-en-el-interior-de-las-iglesias-de-alcoy\/"]}]},{"@type":"ImageObject","inLanguage":"es","@id":"https:\/\/www.copealcoy.es\/es\/semana-santa-en-el-interior-de-las-iglesias-de-alcoy\/#primaryimage","url":"https:\/\/www.copealcoy.es\/wp-content\/uploads\/2021\/04\/167728957_4451912564824124_1602277285530016679_n.jpeg","contentUrl":"https:\/\/www.copealcoy.es\/wp-content\/uploads\/2021\/04\/167728957_4451912564824124_1602277285530016679_n.jpeg","width":1200,"height":694},{"@type":"BreadcrumbList","@id":"https:\/\/www.copealcoy.es\/es\/semana-santa-en-el-interior-de-las-iglesias-de-alcoy\/#breadcrumb","itemListElement":[{"@type":"ListItem","position":1,"name":"Portada","item":"https:\/\/www.copealcoy.es\/es\/"},{"@type":"ListItem","position":2,"name":"Semana Santa en el interior de las iglesias de Alcoy"}]},{"@type":"WebSite","@id":"https:\/\/www.copealcoy.es\/es\/#website","url":"https:\/\/www.copealcoy.es\/es\/","name":"COPE Alcoy","description":"Emisora COPE de radio local con emisi\u00f3n online. Pont de Sant Jordi 8-10 03803 Alcoy","potentialAction":[{"@type":"SearchAction","target":{"@type":"EntryPoint","urlTemplate":"https:\/\/www.copealcoy.es\/es\/?s={search_term_string}"},"query-input":{"@type":"PropertyValueSpecification","valueRequired":true,"valueName":"search_term_string"}}],"inLanguage":"es"},{"@type":"Person","@id":"https:\/\/www.copealcoy.es\/es\/#\/schema\/person\/e777c87fa024e57d40170af9df39882c","name":"Cope Alcoy","image":{"@type":"ImageObject","inLanguage":"es","@id":"https:\/\/secure.gravatar.com\/avatar\/bb65d0283347e303893ba14f0692005417c1e0e690a325a4c5d8bb2b3943ee14?s=96&d=mm&r=g","url":"https:\/\/secure.gravatar.com\/avatar\/bb65d0283347e303893ba14f0692005417c1e0e690a325a4c5d8bb2b3943ee14?s=96&d=mm&r=g","contentUrl":"https:\/\/secure.gravatar.com\/avatar\/bb65d0283347e303893ba14f0692005417c1e0e690a325a4c5d8bb2b3943ee14?s=96&d=mm&r=g","caption":"Cope Alcoy"}}]}},"_links":{"self":[{"href":"https:\/\/www.copealcoy.es\/es\/wp-json\/wp\/v2\/posts\/72582","targetHints":{"allow":["GET"]}}],"collection":[{"href":"https:\/\/www.copealcoy.es\/es\/wp-json\/wp\/v2\/posts"}],"about":[{"href":"https:\/\/www.copealcoy.es\/es\/wp-json\/wp\/v2\/types\/post"}],"author":[{"embeddable":true,"href":"https:\/\/www.copealcoy.es\/es\/wp-json\/wp\/v2\/users\/1"}],"replies":[{"embeddable":true,"href":"https:\/\/www.copealcoy.es\/es\/wp-json\/wp\/v2\/comments?post=72582"}],"version-history":[{"count":0,"href":"https:\/\/www.copealcoy.es\/es\/wp-json\/wp\/v2\/posts\/72582\/revisions"}],"wp:featuredmedia":[{"embeddable":true,"href":"https:\/\/www.copealcoy.es\/es\/wp-json\/wp\/v2\/media\/72591"}],"wp:attachment":[{"href":"https:\/\/www.copealcoy.es\/es\/wp-json\/wp\/v2\/media?parent=72582"}],"wp:term":[{"taxonomy":"category","embeddable":true,"href":"https:\/\/www.copealcoy.es\/es\/wp-json\/wp\/v2\/categories?post=72582"},{"taxonomy":"post_tag","embeddable":true,"href":"https:\/\/www.copealcoy.es\/es\/wp-json\/wp\/v2\/tags?post=72582"}],"curies":[{"name":"wp","href":"https:\/\/api.w.org\/{rel}","templated":true}]}}