{"id":72517,"date":"2021-03-30T20:44:17","date_gmt":"2021-03-30T19:44:17","guid":{"rendered":"https:\/\/www.copealcoy.es\/?p=72517"},"modified":"2021-03-30T20:45:22","modified_gmt":"2021-03-30T19:45:22","slug":"policia-y-guardia-civil-ponen-coto-a-la-picaresca-ante-el-cierre-perimetral-en-semana-santa","status":"publish","type":"post","link":"https:\/\/www.copealcoy.es\/es\/policia-y-guardia-civil-ponen-coto-a-la-picaresca-ante-el-cierre-perimetral-en-semana-santa\/","title":{"rendered":"Polic\u00eda y Guardia Civil ponen coto a la picaresca ante el cierre perimetral en Semana Santa"},"content":{"rendered":"<p style=\"text-align: justify;\">El caso del\u00a0<strong>jugador del Real Madrid Marcelo<\/strong>\u00a0o del valencianista Guedes que han salido y entrado de la Comunitat Valenciana a sus anchas pese al cierre perimetral\u00a0<strong>son los casos mas medi\u00e1ticos pero no los \u00fanicos que dejan en evidencia que la medida en la pr\u00e1ctica resulta complicada de aplicar y sobre todo de controlar<\/strong>.<\/p>\n<p style=\"text-align: justify;\">Pese a los\u00a0<strong>controles policiales<\/strong>\u00a0que desde el fin de semana pasado se han anunciado en la Comunitat, resultan\u00a0<strong>insuficientes para controlar el blindaje de la Comunitat y son muchos jubilados, turistas de otros territorios que han logrado llegar a la Comunitat.<\/strong><\/p>\n<p style=\"text-align: justify;\">Adem\u00e1s las restricciones a la movilidad han hecho que\u00a0<strong>aumente la picaresta entre los ciudadanos que buscan todo tipo de excusa que les sirva de &#8220;salvoconducto&#8221; y poder entrar o salir de nuestro territorio<\/strong>. Hasta tal punto que muchos recurren a\u00a0<strong>pedir certificados de empresas de fontaner\u00eda o reformas para justificar reparaciones de emergenica que les permita acceder a su segunda residencia. Situaciones que se han detectado sobretodo en municipios costeros<\/strong>\u00a0y a los que desde\u00a0<strong>Delegaci\u00f3n del Gobierno aseguran se quiere poner coto y por ello tanto la Polic\u00eda Nacional y la Guardia Civil aumentar\u00e1n la vigilancia y los controles de entrada<\/strong>.<\/p>\n<p style=\"text-align: justify;\"><strong>El subdelegado del Gobienro, Rafael Rubio<\/strong>, asegura que <strong>se movilizar\u00e1n para estos d\u00edas practiamente toda la plantilla disponible de agentes de polic\u00eda y guardia civil, lo que supone mas de 10.000 agentes<\/strong>. Sin embargo, la facilidad con la que los jugadores de futbol o ciudadanos de otras comunidades han llegado a la Comunitat evidencian que no son suficientes.<\/p>\n<p style=\"text-align: justify;\">Sin embargo, las autoridades valencianas como\u00a0el alcalde de Valencia, Joan Rib\u00f3 o el President de la Generalitat, Ximo Puig, lejos de pedir responsabilidades, o el cumplimiento de la medida al Gobierno central, de quien es competencia, prefieren echar la culpa a la <strong>Presidenta de la Comunidad de Madrid, D\u00edaz Ayuso.<\/strong><\/p>\n<p style=\"text-align: justify;\">Ayer los dos pol\u00edticos aseguraban que el caso de Marcelo era fruto de los discursos y la flexibilizacion que existe en la Comunidad de Madrid.\u00a0<strong>Rib\u00f3 ha vuelto a insistir hoy en hacer una llamada a la responsabilidad y no predicar m\u00e1s libertad como hace Madrid ni hacer las cosas que se hacen en algunos lugares del centro del pa\u00eds<\/strong><\/p>\n","protected":false},"excerpt":{"rendered":"<p>El caso del\u00a0jugador del Real Madrid Marcelo\u00a0o del valencianista Guedes que han salido y entrado de la Comunitat Valenciana a&#8230;<\/p>\n","protected":false},"author":1,"featured_media":70341,"comment_status":"open","ping_status":"open","sticky":false,"template":"","format":"standard","meta":{"footnotes":""},"categories":[97,75,79],"tags":[10268,1768,3707,2187,186,745],"class_list":["post-72517","post","type-post","status-publish","format-standard","has-post-thumbnail","hentry","category-alcoy","category-noticias","category-politicayeconomia","tag-cierre-perimetral","tag-comunitat-valenciana","tag-control","tag-guardia-civil","tag-policia","tag-semana-santa"],"yoast_head":"<!-- This site is optimized with the Yoast SEO plugin v27.3 - https:\/\/yoast.com\/product\/yoast-seo-wordpress\/ -->\n<title>Polic\u00eda y Guardia Civil ponen coto a la picaresca ante el cierre perimetral en Semana Santa - COPE Alcoy<\/title>\n<meta name=\"robots\" content=\"index, follow, max-snippet:-1, max-image-preview:large, max-video-preview:-1\" \/>\n<link rel=\"canonical\" href=\"https:\/\/www.copealcoy.es\/es\/policia-y-guardia-civil-ponen-coto-a-la-picaresca-ante-el-cierre-perimetral-en-semana-santa\/\" \/>\n<meta property=\"og:locale\" content=\"es_ES\" \/>\n<meta property=\"og:type\" content=\"article\" \/>\n<meta property=\"og:title\" content=\"Polic\u00eda y Guardia Civil ponen coto a la picaresca ante el cierre perimetral en Semana Santa - COPE Alcoy\" \/>\n<meta property=\"og:description\" content=\"El caso del\u00a0jugador del Real Madrid Marcelo\u00a0o del valencianista Guedes que han salido y entrado de la Comunitat Valenciana a...\" \/>\n<meta property=\"og:url\" content=\"https:\/\/www.copealcoy.es\/es\/policia-y-guardia-civil-ponen-coto-a-la-picaresca-ante-el-cierre-perimetral-en-semana-santa\/\" \/>\n<meta property=\"og:site_name\" content=\"COPE Alcoy\" \/>\n<meta property=\"article:published_time\" content=\"2021-03-30T19:44:17+00:00\" \/>\n<meta property=\"article:modified_time\" content=\"2021-03-30T19:45:22+00:00\" \/>\n<meta property=\"og:image\" content=\"https:\/\/www.copealcoy.es\/wp-content\/uploads\/2021\/01\/cierre-perimetral.jpg\" \/>\n\t<meta property=\"og:image:width\" content=\"976\" \/>\n\t<meta property=\"og:image:height\" content=\"602\" \/>\n\t<meta property=\"og:image:type\" content=\"image\/jpeg\" \/>\n<meta name=\"author\" content=\"Cope Alcoy\" \/>\n<meta name=\"twitter:label1\" content=\"Escrito por\" \/>\n\t<meta name=\"twitter:data1\" content=\"Cope Alcoy\" \/>\n\t<meta name=\"twitter:label2\" content=\"Tiempo de lectura\" \/>\n\t<meta name=\"twitter:data2\" content=\"2 minutos\" \/>\n<script type=\"application\/ld+json\" class=\"yoast-schema-graph\">{\"@context\":\"https:\\\/\\\/schema.org\",\"@graph\":[{\"@type\":\"Article\",\"@id\":\"https:\\\/\\\/www.copealcoy.es\\\/es\\\/policia-y-guardia-civil-ponen-coto-a-la-picaresca-ante-el-cierre-perimetral-en-semana-santa\\\/#article\",\"isPartOf\":{\"@id\":\"https:\\\/\\\/www.copealcoy.es\\\/es\\\/policia-y-guardia-civil-ponen-coto-a-la-picaresca-ante-el-cierre-perimetral-en-semana-santa\\\/\"},\"author\":{\"name\":\"Cope Alcoy\",\"@id\":\"https:\\\/\\\/www.copealcoy.es\\\/es\\\/#\\\/schema\\\/person\\\/e777c87fa024e57d40170af9df39882c\"},\"headline\":\"Polic\u00eda y Guardia Civil ponen coto a la picaresca ante el cierre perimetral en Semana Santa\",\"datePublished\":\"2021-03-30T19:44:17+00:00\",\"dateModified\":\"2021-03-30T19:45:22+00:00\",\"mainEntityOfPage\":{\"@id\":\"https:\\\/\\\/www.copealcoy.es\\\/es\\\/policia-y-guardia-civil-ponen-coto-a-la-picaresca-ante-el-cierre-perimetral-en-semana-santa\\\/\"},\"wordCount\":400,\"commentCount\":0,\"image\":{\"@id\":\"https:\\\/\\\/www.copealcoy.es\\\/es\\\/policia-y-guardia-civil-ponen-coto-a-la-picaresca-ante-el-cierre-perimetral-en-semana-santa\\\/#primaryimage\"},\"thumbnailUrl\":\"https:\\\/\\\/www.copealcoy.es\\\/wp-content\\\/uploads\\\/2021\\\/01\\\/cierre-perimetral.jpg\",\"keywords\":[\"cierre perimetral\",\"Comunitat Valenciana\",\"control\",\"Guardia Civil\",\"Polic\u00eda\",\"Semana Santa\"],\"articleSection\":[\"Alcoy\",\"Noticias\",\"Pol\u00edtica y Econom\u00eda\"],\"inLanguage\":\"es\"},{\"@type\":\"WebPage\",\"@id\":\"https:\\\/\\\/www.copealcoy.es\\\/es\\\/policia-y-guardia-civil-ponen-coto-a-la-picaresca-ante-el-cierre-perimetral-en-semana-santa\\\/\",\"url\":\"https:\\\/\\\/www.copealcoy.es\\\/es\\\/policia-y-guardia-civil-ponen-coto-a-la-picaresca-ante-el-cierre-perimetral-en-semana-santa\\\/\",\"name\":\"Polic\u00eda y Guardia Civil ponen coto a la picaresca ante el cierre perimetral en Semana Santa - COPE Alcoy\",\"isPartOf\":{\"@id\":\"https:\\\/\\\/www.copealcoy.es\\\/es\\\/#website\"},\"primaryImageOfPage\":{\"@id\":\"https:\\\/\\\/www.copealcoy.es\\\/es\\\/policia-y-guardia-civil-ponen-coto-a-la-picaresca-ante-el-cierre-perimetral-en-semana-santa\\\/#primaryimage\"},\"image\":{\"@id\":\"https:\\\/\\\/www.copealcoy.es\\\/es\\\/policia-y-guardia-civil-ponen-coto-a-la-picaresca-ante-el-cierre-perimetral-en-semana-santa\\\/#primaryimage\"},\"thumbnailUrl\":\"https:\\\/\\\/www.copealcoy.es\\\/wp-content\\\/uploads\\\/2021\\\/01\\\/cierre-perimetral.jpg\",\"datePublished\":\"2021-03-30T19:44:17+00:00\",\"dateModified\":\"2021-03-30T19:45:22+00:00\",\"author\":{\"@id\":\"https:\\\/\\\/www.copealcoy.es\\\/es\\\/#\\\/schema\\\/person\\\/e777c87fa024e57d40170af9df39882c\"},\"breadcrumb\":{\"@id\":\"https:\\\/\\\/www.copealcoy.es\\\/es\\\/policia-y-guardia-civil-ponen-coto-a-la-picaresca-ante-el-cierre-perimetral-en-semana-santa\\\/#breadcrumb\"},\"inLanguage\":\"es\",\"potentialAction\":[{\"@type\":\"ReadAction\",\"target\":[\"https:\\\/\\\/www.copealcoy.es\\\/es\\\/policia-y-guardia-civil-ponen-coto-a-la-picaresca-ante-el-cierre-perimetral-en-semana-santa\\\/\"]}]},{\"@type\":\"ImageObject\",\"inLanguage\":\"es\",\"@id\":\"https:\\\/\\\/www.copealcoy.es\\\/es\\\/policia-y-guardia-civil-ponen-coto-a-la-picaresca-ante-el-cierre-perimetral-en-semana-santa\\\/#primaryimage\",\"url\":\"https:\\\/\\\/www.copealcoy.es\\\/wp-content\\\/uploads\\\/2021\\\/01\\\/cierre-perimetral.jpg\",\"contentUrl\":\"https:\\\/\\\/www.copealcoy.es\\\/wp-content\\\/uploads\\\/2021\\\/01\\\/cierre-perimetral.jpg\",\"width\":976,\"height\":602},{\"@type\":\"BreadcrumbList\",\"@id\":\"https:\\\/\\\/www.copealcoy.es\\\/es\\\/policia-y-guardia-civil-ponen-coto-a-la-picaresca-ante-el-cierre-perimetral-en-semana-santa\\\/#breadcrumb\",\"itemListElement\":[{\"@type\":\"ListItem\",\"position\":1,\"name\":\"Portada\",\"item\":\"https:\\\/\\\/www.copealcoy.es\\\/es\\\/\"},{\"@type\":\"ListItem\",\"position\":2,\"name\":\"Polic\u00eda y Guardia Civil ponen coto a la picaresca ante el cierre perimetral en Semana Santa\"}]},{\"@type\":\"WebSite\",\"@id\":\"https:\\\/\\\/www.copealcoy.es\\\/es\\\/#website\",\"url\":\"https:\\\/\\\/www.copealcoy.es\\\/es\\\/\",\"name\":\"COPE Alcoy\",\"description\":\"Emisora COPE de radio local con emisi\u00f3n online. Pont de Sant Jordi 8-10 03803 Alcoy\",\"potentialAction\":[{\"@type\":\"SearchAction\",\"target\":{\"@type\":\"EntryPoint\",\"urlTemplate\":\"https:\\\/\\\/www.copealcoy.es\\\/es\\\/?s={search_term_string}\"},\"query-input\":{\"@type\":\"PropertyValueSpecification\",\"valueRequired\":true,\"valueName\":\"search_term_string\"}}],\"inLanguage\":\"es\"},{\"@type\":\"Person\",\"@id\":\"https:\\\/\\\/www.copealcoy.es\\\/es\\\/#\\\/schema\\\/person\\\/e777c87fa024e57d40170af9df39882c\",\"name\":\"Cope Alcoy\",\"image\":{\"@type\":\"ImageObject\",\"inLanguage\":\"es\",\"@id\":\"https:\\\/\\\/secure.gravatar.com\\\/avatar\\\/bb65d0283347e303893ba14f0692005417c1e0e690a325a4c5d8bb2b3943ee14?s=96&d=mm&r=g\",\"url\":\"https:\\\/\\\/secure.gravatar.com\\\/avatar\\\/bb65d0283347e303893ba14f0692005417c1e0e690a325a4c5d8bb2b3943ee14?s=96&d=mm&r=g\",\"contentUrl\":\"https:\\\/\\\/secure.gravatar.com\\\/avatar\\\/bb65d0283347e303893ba14f0692005417c1e0e690a325a4c5d8bb2b3943ee14?s=96&d=mm&r=g\",\"caption\":\"Cope Alcoy\"}}]}<\/script>\n<!-- \/ Yoast SEO plugin. -->","yoast_head_json":{"title":"Polic\u00eda y Guardia Civil ponen coto a la picaresca ante el cierre perimetral en Semana Santa - COPE Alcoy","robots":{"index":"index","follow":"follow","max-snippet":"max-snippet:-1","max-image-preview":"max-image-preview:large","max-video-preview":"max-video-preview:-1"},"canonical":"https:\/\/www.copealcoy.es\/es\/policia-y-guardia-civil-ponen-coto-a-la-picaresca-ante-el-cierre-perimetral-en-semana-santa\/","og_locale":"es_ES","og_type":"article","og_title":"Polic\u00eda y Guardia Civil ponen coto a la picaresca ante el cierre perimetral en Semana Santa - COPE Alcoy","og_description":"El caso del\u00a0jugador del Real Madrid Marcelo\u00a0o del valencianista Guedes que han salido y entrado de la Comunitat Valenciana a...","og_url":"https:\/\/www.copealcoy.es\/es\/policia-y-guardia-civil-ponen-coto-a-la-picaresca-ante-el-cierre-perimetral-en-semana-santa\/","og_site_name":"COPE Alcoy","article_published_time":"2021-03-30T19:44:17+00:00","article_modified_time":"2021-03-30T19:45:22+00:00","og_image":[{"width":976,"height":602,"url":"https:\/\/www.copealcoy.es\/wp-content\/uploads\/2021\/01\/cierre-perimetral.jpg","type":"image\/jpeg"}],"author":"Cope Alcoy","twitter_misc":{"Escrito por":"Cope Alcoy","Tiempo de lectura":"2 minutos"},"schema":{"@context":"https:\/\/schema.org","@graph":[{"@type":"Article","@id":"https:\/\/www.copealcoy.es\/es\/policia-y-guardia-civil-ponen-coto-a-la-picaresca-ante-el-cierre-perimetral-en-semana-santa\/#article","isPartOf":{"@id":"https:\/\/www.copealcoy.es\/es\/policia-y-guardia-civil-ponen-coto-a-la-picaresca-ante-el-cierre-perimetral-en-semana-santa\/"},"author":{"name":"Cope Alcoy","@id":"https:\/\/www.copealcoy.es\/es\/#\/schema\/person\/e777c87fa024e57d40170af9df39882c"},"headline":"Polic\u00eda y Guardia Civil ponen coto a la picaresca ante el cierre perimetral en Semana Santa","datePublished":"2021-03-30T19:44:17+00:00","dateModified":"2021-03-30T19:45:22+00:00","mainEntityOfPage":{"@id":"https:\/\/www.copealcoy.es\/es\/policia-y-guardia-civil-ponen-coto-a-la-picaresca-ante-el-cierre-perimetral-en-semana-santa\/"},"wordCount":400,"commentCount":0,"image":{"@id":"https:\/\/www.copealcoy.es\/es\/policia-y-guardia-civil-ponen-coto-a-la-picaresca-ante-el-cierre-perimetral-en-semana-santa\/#primaryimage"},"thumbnailUrl":"https:\/\/www.copealcoy.es\/wp-content\/uploads\/2021\/01\/cierre-perimetral.jpg","keywords":["cierre perimetral","Comunitat Valenciana","control","Guardia Civil","Polic\u00eda","Semana Santa"],"articleSection":["Alcoy","Noticias","Pol\u00edtica y Econom\u00eda"],"inLanguage":"es"},{"@type":"WebPage","@id":"https:\/\/www.copealcoy.es\/es\/policia-y-guardia-civil-ponen-coto-a-la-picaresca-ante-el-cierre-perimetral-en-semana-santa\/","url":"https:\/\/www.copealcoy.es\/es\/policia-y-guardia-civil-ponen-coto-a-la-picaresca-ante-el-cierre-perimetral-en-semana-santa\/","name":"Polic\u00eda y Guardia Civil ponen coto a la picaresca ante el cierre perimetral en Semana Santa - COPE Alcoy","isPartOf":{"@id":"https:\/\/www.copealcoy.es\/es\/#website"},"primaryImageOfPage":{"@id":"https:\/\/www.copealcoy.es\/es\/policia-y-guardia-civil-ponen-coto-a-la-picaresca-ante-el-cierre-perimetral-en-semana-santa\/#primaryimage"},"image":{"@id":"https:\/\/www.copealcoy.es\/es\/policia-y-guardia-civil-ponen-coto-a-la-picaresca-ante-el-cierre-perimetral-en-semana-santa\/#primaryimage"},"thumbnailUrl":"https:\/\/www.copealcoy.es\/wp-content\/uploads\/2021\/01\/cierre-perimetral.jpg","datePublished":"2021-03-30T19:44:17+00:00","dateModified":"2021-03-30T19:45:22+00:00","author":{"@id":"https:\/\/www.copealcoy.es\/es\/#\/schema\/person\/e777c87fa024e57d40170af9df39882c"},"breadcrumb":{"@id":"https:\/\/www.copealcoy.es\/es\/policia-y-guardia-civil-ponen-coto-a-la-picaresca-ante-el-cierre-perimetral-en-semana-santa\/#breadcrumb"},"inLanguage":"es","potentialAction":[{"@type":"ReadAction","target":["https:\/\/www.copealcoy.es\/es\/policia-y-guardia-civil-ponen-coto-a-la-picaresca-ante-el-cierre-perimetral-en-semana-santa\/"]}]},{"@type":"ImageObject","inLanguage":"es","@id":"https:\/\/www.copealcoy.es\/es\/policia-y-guardia-civil-ponen-coto-a-la-picaresca-ante-el-cierre-perimetral-en-semana-santa\/#primaryimage","url":"https:\/\/www.copealcoy.es\/wp-content\/uploads\/2021\/01\/cierre-perimetral.jpg","contentUrl":"https:\/\/www.copealcoy.es\/wp-content\/uploads\/2021\/01\/cierre-perimetral.jpg","width":976,"height":602},{"@type":"BreadcrumbList","@id":"https:\/\/www.copealcoy.es\/es\/policia-y-guardia-civil-ponen-coto-a-la-picaresca-ante-el-cierre-perimetral-en-semana-santa\/#breadcrumb","itemListElement":[{"@type":"ListItem","position":1,"name":"Portada","item":"https:\/\/www.copealcoy.es\/es\/"},{"@type":"ListItem","position":2,"name":"Polic\u00eda y Guardia Civil ponen coto a la picaresca ante el cierre perimetral en Semana Santa"}]},{"@type":"WebSite","@id":"https:\/\/www.copealcoy.es\/es\/#website","url":"https:\/\/www.copealcoy.es\/es\/","name":"COPE Alcoy","description":"Emisora COPE de radio local con emisi\u00f3n online. Pont de Sant Jordi 8-10 03803 Alcoy","potentialAction":[{"@type":"SearchAction","target":{"@type":"EntryPoint","urlTemplate":"https:\/\/www.copealcoy.es\/es\/?s={search_term_string}"},"query-input":{"@type":"PropertyValueSpecification","valueRequired":true,"valueName":"search_term_string"}}],"inLanguage":"es"},{"@type":"Person","@id":"https:\/\/www.copealcoy.es\/es\/#\/schema\/person\/e777c87fa024e57d40170af9df39882c","name":"Cope Alcoy","image":{"@type":"ImageObject","inLanguage":"es","@id":"https:\/\/secure.gravatar.com\/avatar\/bb65d0283347e303893ba14f0692005417c1e0e690a325a4c5d8bb2b3943ee14?s=96&d=mm&r=g","url":"https:\/\/secure.gravatar.com\/avatar\/bb65d0283347e303893ba14f0692005417c1e0e690a325a4c5d8bb2b3943ee14?s=96&d=mm&r=g","contentUrl":"https:\/\/secure.gravatar.com\/avatar\/bb65d0283347e303893ba14f0692005417c1e0e690a325a4c5d8bb2b3943ee14?s=96&d=mm&r=g","caption":"Cope Alcoy"}}]}},"_links":{"self":[{"href":"https:\/\/www.copealcoy.es\/es\/wp-json\/wp\/v2\/posts\/72517","targetHints":{"allow":["GET"]}}],"collection":[{"href":"https:\/\/www.copealcoy.es\/es\/wp-json\/wp\/v2\/posts"}],"about":[{"href":"https:\/\/www.copealcoy.es\/es\/wp-json\/wp\/v2\/types\/post"}],"author":[{"embeddable":true,"href":"https:\/\/www.copealcoy.es\/es\/wp-json\/wp\/v2\/users\/1"}],"replies":[{"embeddable":true,"href":"https:\/\/www.copealcoy.es\/es\/wp-json\/wp\/v2\/comments?post=72517"}],"version-history":[{"count":0,"href":"https:\/\/www.copealcoy.es\/es\/wp-json\/wp\/v2\/posts\/72517\/revisions"}],"wp:featuredmedia":[{"embeddable":true,"href":"https:\/\/www.copealcoy.es\/es\/wp-json\/wp\/v2\/media\/70341"}],"wp:attachment":[{"href":"https:\/\/www.copealcoy.es\/es\/wp-json\/wp\/v2\/media?parent=72517"}],"wp:term":[{"taxonomy":"category","embeddable":true,"href":"https:\/\/www.copealcoy.es\/es\/wp-json\/wp\/v2\/categories?post=72517"},{"taxonomy":"post_tag","embeddable":true,"href":"https:\/\/www.copealcoy.es\/es\/wp-json\/wp\/v2\/tags?post=72517"}],"curies":[{"name":"wp","href":"https:\/\/api.w.org\/{rel}","templated":true}]}}