{"id":72501,"date":"2021-03-30T09:45:56","date_gmt":"2021-03-30T08:45:56","guid":{"rendered":"https:\/\/www.copealcoy.es\/?p=72501"},"modified":"2021-03-30T09:50:55","modified_gmt":"2021-03-30T08:50:55","slug":"la-mancomunitat-de-lalcoia-i-el-comtat-signa-un-conveni-amb-ponts-digualtat","status":"publish","type":"post","link":"https:\/\/www.copealcoy.es\/es\/la-mancomunitat-de-lalcoia-i-el-comtat-signa-un-conveni-amb-ponts-digualtat\/","title":{"rendered":"La Mancomunitat de l\u2019Alcoi\u00e0 i el Comtat signa un conveni amb Ponts d\u2019Igualtat"},"content":{"rendered":"<p dir=\"ltr\" style=\"text-align: justify;\">El passat divendres el President de la Mancomunitat de l\u2019Alcoi\u00e0 i el Comtat, <strong>Blas Calbo<\/strong>, i<strong> Aitor Pla<\/strong>, President de Ponts d\u2019Igualtat, van signar<strong> un conveni entre ambdues entitats<\/strong> per tal de desenvolupar <strong>actuacions conjuntes<\/strong> encaminades a aconseguir la completa igualtat de totes les persones, independentment de la seua orientaci\u00f3 sexual, identitat o expressi\u00f3 de g\u00e8nere.<\/p>\n<p dir=\"ltr\" style=\"text-align: justify;\">La Mancomunitat de l\u2019Alcoi\u00e0 i el Comtat ja disposa, des de 2018, <strong>d\u2019un <a href=\"https:\/\/lamancomunitat.org\/igualtat\/\">Servei d\u2019Igualtat<\/a> <\/strong>que proporciona atenci\u00f3 i assessorament en mat\u00e8ria d\u2019igualtat i prevenci\u00f3 de les viol\u00e8ncies de g\u00e8nere als pobles, de forma itinerant. Amb aquest nou conveni, <strong>es refor\u00e7ar\u00e0 el comprom\u00eds de la Mancomunitat per la igualtat<\/strong> posant especial atenci\u00f3 al col\u00b7lectiu LGTBIQ+.<\/p>\n<p dir=\"ltr\" style=\"text-align: justify;\">Ponts d\u2019Igualtat <strong>\u00e9s una associaci\u00f3 creada al 2019 amb l\u2019objectiu de donar visibilitat al col\u00b7lectiu LGTBIQ+<\/strong> i<strong> lluitar per la desaparici\u00f3 de qualsevol tipus de discriminaci\u00f3<\/strong> cap a les persones que l\u2019integren.<\/p>\n<p dir=\"ltr\" style=\"text-align: justify;\">D\u2019aquesta manera, fruit del conveni, la Mancomunitat i Ponts d\u2019Igualtat <strong>sumaran forces a l\u2019hora d\u2019atendre i planificar actuacions adre\u00e7ades a la lluita per la igualtat<\/strong> del col\u00b7lectiu LGTBIQ+. Es contemplen<strong> activitats<\/strong> com xarrades a centres educatius, la celebraci\u00f3 de dies assenyalats com el de la visibilitat trans, el dia contra la LGTBIf\u00f2bia o l\u2019orgull, aix\u00ed com el dia contra la LGTBIf\u00f2bia a l\u2019esport.<\/p>\n<p dir=\"ltr\" style=\"text-align: justify;\">Aquest conjunt d\u2019accions <strong>est\u00e0 dirigit a assolir una finalitat com\u00fa<\/strong>: el recolzament al col\u00b7lectiu LGTBIQ+ i la lluita per la igualtat real a les comarques, fomentant la salut i la participaci\u00f3 social i cultural inclusiva per a totes les persones.<\/p>\n","protected":false},"excerpt":{"rendered":"<p>El passat divendres el President de la Mancomunitat de l\u2019Alcoi\u00e0 i el Comtat, Blas Calbo, i Aitor Pla, President de&#8230;<\/p>\n","protected":false},"author":1,"featured_media":72502,"comment_status":"open","ping_status":"open","sticky":false,"template":"","format":"standard","meta":{"footnotes":""},"categories":[98,75],"tags":[9122,482,237,9827,4266,1745],"class_list":["post-72501","post","type-post","status-publish","format-standard","has-post-thumbnail","hentry","category-comarcas","category-noticias","tag-ponts-digualtat","tag-alcoia","tag-comtat","tag-conveni","tag-lgtbi","tag-mancomunitat"],"yoast_head":"<!-- This site is optimized with the Yoast SEO plugin v27.3 - https:\/\/yoast.com\/product\/yoast-seo-wordpress\/ -->\n<title>La Mancomunitat de l\u2019Alcoi\u00e0 i el Comtat signa un conveni amb Ponts d\u2019Igualtat - COPE Alcoy<\/title>\n<meta name=\"robots\" content=\"index, follow, max-snippet:-1, max-image-preview:large, max-video-preview:-1\" \/>\n<link rel=\"canonical\" href=\"https:\/\/www.copealcoy.es\/es\/la-mancomunitat-de-lalcoia-i-el-comtat-signa-un-conveni-amb-ponts-digualtat\/\" \/>\n<meta property=\"og:locale\" content=\"es_ES\" \/>\n<meta property=\"og:type\" content=\"article\" \/>\n<meta property=\"og:title\" content=\"La Mancomunitat de l\u2019Alcoi\u00e0 i el Comtat signa un conveni amb Ponts d\u2019Igualtat - COPE Alcoy\" \/>\n<meta property=\"og:description\" content=\"El passat divendres el President de la Mancomunitat de l\u2019Alcoi\u00e0 i el Comtat, Blas Calbo, i Aitor Pla, President de...\" \/>\n<meta property=\"og:url\" content=\"https:\/\/www.copealcoy.es\/es\/la-mancomunitat-de-lalcoia-i-el-comtat-signa-un-conveni-amb-ponts-digualtat\/\" \/>\n<meta property=\"og:site_name\" content=\"COPE Alcoy\" \/>\n<meta property=\"article:published_time\" content=\"2021-03-30T08:45:56+00:00\" \/>\n<meta property=\"article:modified_time\" content=\"2021-03-30T08:50:55+00:00\" \/>\n<meta property=\"og:image\" content=\"https:\/\/www.copealcoy.es\/wp-content\/uploads\/2021\/03\/Aitor-Pla-i-Blas-Calbo-Signatura-conveni-ponts-igualtat-mancomunitat.jpeg\" \/>\n\t<meta property=\"og:image:width\" content=\"2016\" \/>\n\t<meta property=\"og:image:height\" content=\"908\" \/>\n\t<meta property=\"og:image:type\" content=\"image\/jpeg\" \/>\n<meta name=\"author\" content=\"Cope Alcoy\" \/>\n<meta name=\"twitter:label1\" content=\"Escrito por\" \/>\n\t<meta name=\"twitter:data1\" content=\"Cope Alcoy\" \/>\n\t<meta name=\"twitter:label2\" content=\"Tiempo de lectura\" \/>\n\t<meta name=\"twitter:data2\" content=\"1 minuto\" \/>\n<script type=\"application\/ld+json\" class=\"yoast-schema-graph\">{\"@context\":\"https:\\\/\\\/schema.org\",\"@graph\":[{\"@type\":\"Article\",\"@id\":\"https:\\\/\\\/www.copealcoy.es\\\/es\\\/la-mancomunitat-de-lalcoia-i-el-comtat-signa-un-conveni-amb-ponts-digualtat\\\/#article\",\"isPartOf\":{\"@id\":\"https:\\\/\\\/www.copealcoy.es\\\/es\\\/la-mancomunitat-de-lalcoia-i-el-comtat-signa-un-conveni-amb-ponts-digualtat\\\/\"},\"author\":{\"name\":\"Cope Alcoy\",\"@id\":\"https:\\\/\\\/www.copealcoy.es\\\/es\\\/#\\\/schema\\\/person\\\/e777c87fa024e57d40170af9df39882c\"},\"headline\":\"La Mancomunitat de l\u2019Alcoi\u00e0 i el Comtat signa un conveni amb Ponts d\u2019Igualtat\",\"datePublished\":\"2021-03-30T08:45:56+00:00\",\"dateModified\":\"2021-03-30T08:50:55+00:00\",\"mainEntityOfPage\":{\"@id\":\"https:\\\/\\\/www.copealcoy.es\\\/es\\\/la-mancomunitat-de-lalcoia-i-el-comtat-signa-un-conveni-amb-ponts-digualtat\\\/\"},\"wordCount\":288,\"commentCount\":0,\"image\":{\"@id\":\"https:\\\/\\\/www.copealcoy.es\\\/es\\\/la-mancomunitat-de-lalcoia-i-el-comtat-signa-un-conveni-amb-ponts-digualtat\\\/#primaryimage\"},\"thumbnailUrl\":\"https:\\\/\\\/www.copealcoy.es\\\/wp-content\\\/uploads\\\/2021\\\/03\\\/Aitor-Pla-i-Blas-Calbo-Signatura-conveni-ponts-igualtat-mancomunitat.jpeg\",\"keywords\":[\"'Ponts d'Igualtat'\",\"Alcoi\u00e0\",\"Comtat\",\"conveni\",\"LGTBI\",\"Mancomunitat\"],\"articleSection\":[\"Comarcas\",\"Noticias\"],\"inLanguage\":\"es\"},{\"@type\":\"WebPage\",\"@id\":\"https:\\\/\\\/www.copealcoy.es\\\/es\\\/la-mancomunitat-de-lalcoia-i-el-comtat-signa-un-conveni-amb-ponts-digualtat\\\/\",\"url\":\"https:\\\/\\\/www.copealcoy.es\\\/es\\\/la-mancomunitat-de-lalcoia-i-el-comtat-signa-un-conveni-amb-ponts-digualtat\\\/\",\"name\":\"La Mancomunitat de l\u2019Alcoi\u00e0 i el Comtat signa un conveni amb Ponts d\u2019Igualtat - COPE Alcoy\",\"isPartOf\":{\"@id\":\"https:\\\/\\\/www.copealcoy.es\\\/es\\\/#website\"},\"primaryImageOfPage\":{\"@id\":\"https:\\\/\\\/www.copealcoy.es\\\/es\\\/la-mancomunitat-de-lalcoia-i-el-comtat-signa-un-conveni-amb-ponts-digualtat\\\/#primaryimage\"},\"image\":{\"@id\":\"https:\\\/\\\/www.copealcoy.es\\\/es\\\/la-mancomunitat-de-lalcoia-i-el-comtat-signa-un-conveni-amb-ponts-digualtat\\\/#primaryimage\"},\"thumbnailUrl\":\"https:\\\/\\\/www.copealcoy.es\\\/wp-content\\\/uploads\\\/2021\\\/03\\\/Aitor-Pla-i-Blas-Calbo-Signatura-conveni-ponts-igualtat-mancomunitat.jpeg\",\"datePublished\":\"2021-03-30T08:45:56+00:00\",\"dateModified\":\"2021-03-30T08:50:55+00:00\",\"author\":{\"@id\":\"https:\\\/\\\/www.copealcoy.es\\\/es\\\/#\\\/schema\\\/person\\\/e777c87fa024e57d40170af9df39882c\"},\"breadcrumb\":{\"@id\":\"https:\\\/\\\/www.copealcoy.es\\\/es\\\/la-mancomunitat-de-lalcoia-i-el-comtat-signa-un-conveni-amb-ponts-digualtat\\\/#breadcrumb\"},\"inLanguage\":\"es\",\"potentialAction\":[{\"@type\":\"ReadAction\",\"target\":[\"https:\\\/\\\/www.copealcoy.es\\\/es\\\/la-mancomunitat-de-lalcoia-i-el-comtat-signa-un-conveni-amb-ponts-digualtat\\\/\"]}]},{\"@type\":\"ImageObject\",\"inLanguage\":\"es\",\"@id\":\"https:\\\/\\\/www.copealcoy.es\\\/es\\\/la-mancomunitat-de-lalcoia-i-el-comtat-signa-un-conveni-amb-ponts-digualtat\\\/#primaryimage\",\"url\":\"https:\\\/\\\/www.copealcoy.es\\\/wp-content\\\/uploads\\\/2021\\\/03\\\/Aitor-Pla-i-Blas-Calbo-Signatura-conveni-ponts-igualtat-mancomunitat.jpeg\",\"contentUrl\":\"https:\\\/\\\/www.copealcoy.es\\\/wp-content\\\/uploads\\\/2021\\\/03\\\/Aitor-Pla-i-Blas-Calbo-Signatura-conveni-ponts-igualtat-mancomunitat.jpeg\",\"width\":2016,\"height\":908},{\"@type\":\"BreadcrumbList\",\"@id\":\"https:\\\/\\\/www.copealcoy.es\\\/es\\\/la-mancomunitat-de-lalcoia-i-el-comtat-signa-un-conveni-amb-ponts-digualtat\\\/#breadcrumb\",\"itemListElement\":[{\"@type\":\"ListItem\",\"position\":1,\"name\":\"Portada\",\"item\":\"https:\\\/\\\/www.copealcoy.es\\\/es\\\/\"},{\"@type\":\"ListItem\",\"position\":2,\"name\":\"La Mancomunitat de l\u2019Alcoi\u00e0 i el Comtat signa un conveni amb Ponts d\u2019Igualtat\"}]},{\"@type\":\"WebSite\",\"@id\":\"https:\\\/\\\/www.copealcoy.es\\\/es\\\/#website\",\"url\":\"https:\\\/\\\/www.copealcoy.es\\\/es\\\/\",\"name\":\"COPE Alcoy\",\"description\":\"Emisora COPE de radio local con emisi\u00f3n online. Pont de Sant Jordi 8-10 03803 Alcoy\",\"potentialAction\":[{\"@type\":\"SearchAction\",\"target\":{\"@type\":\"EntryPoint\",\"urlTemplate\":\"https:\\\/\\\/www.copealcoy.es\\\/es\\\/?s={search_term_string}\"},\"query-input\":{\"@type\":\"PropertyValueSpecification\",\"valueRequired\":true,\"valueName\":\"search_term_string\"}}],\"inLanguage\":\"es\"},{\"@type\":\"Person\",\"@id\":\"https:\\\/\\\/www.copealcoy.es\\\/es\\\/#\\\/schema\\\/person\\\/e777c87fa024e57d40170af9df39882c\",\"name\":\"Cope Alcoy\",\"image\":{\"@type\":\"ImageObject\",\"inLanguage\":\"es\",\"@id\":\"https:\\\/\\\/secure.gravatar.com\\\/avatar\\\/bb65d0283347e303893ba14f0692005417c1e0e690a325a4c5d8bb2b3943ee14?s=96&d=mm&r=g\",\"url\":\"https:\\\/\\\/secure.gravatar.com\\\/avatar\\\/bb65d0283347e303893ba14f0692005417c1e0e690a325a4c5d8bb2b3943ee14?s=96&d=mm&r=g\",\"contentUrl\":\"https:\\\/\\\/secure.gravatar.com\\\/avatar\\\/bb65d0283347e303893ba14f0692005417c1e0e690a325a4c5d8bb2b3943ee14?s=96&d=mm&r=g\",\"caption\":\"Cope Alcoy\"}}]}<\/script>\n<!-- \/ Yoast SEO plugin. -->","yoast_head_json":{"title":"La Mancomunitat de l\u2019Alcoi\u00e0 i el Comtat signa un conveni amb Ponts d\u2019Igualtat - COPE Alcoy","robots":{"index":"index","follow":"follow","max-snippet":"max-snippet:-1","max-image-preview":"max-image-preview:large","max-video-preview":"max-video-preview:-1"},"canonical":"https:\/\/www.copealcoy.es\/es\/la-mancomunitat-de-lalcoia-i-el-comtat-signa-un-conveni-amb-ponts-digualtat\/","og_locale":"es_ES","og_type":"article","og_title":"La Mancomunitat de l\u2019Alcoi\u00e0 i el Comtat signa un conveni amb Ponts d\u2019Igualtat - COPE Alcoy","og_description":"El passat divendres el President de la Mancomunitat de l\u2019Alcoi\u00e0 i el Comtat, Blas Calbo, i Aitor Pla, President de...","og_url":"https:\/\/www.copealcoy.es\/es\/la-mancomunitat-de-lalcoia-i-el-comtat-signa-un-conveni-amb-ponts-digualtat\/","og_site_name":"COPE Alcoy","article_published_time":"2021-03-30T08:45:56+00:00","article_modified_time":"2021-03-30T08:50:55+00:00","og_image":[{"width":2016,"height":908,"url":"https:\/\/www.copealcoy.es\/wp-content\/uploads\/2021\/03\/Aitor-Pla-i-Blas-Calbo-Signatura-conveni-ponts-igualtat-mancomunitat.jpeg","type":"image\/jpeg"}],"author":"Cope Alcoy","twitter_misc":{"Escrito por":"Cope Alcoy","Tiempo de lectura":"1 minuto"},"schema":{"@context":"https:\/\/schema.org","@graph":[{"@type":"Article","@id":"https:\/\/www.copealcoy.es\/es\/la-mancomunitat-de-lalcoia-i-el-comtat-signa-un-conveni-amb-ponts-digualtat\/#article","isPartOf":{"@id":"https:\/\/www.copealcoy.es\/es\/la-mancomunitat-de-lalcoia-i-el-comtat-signa-un-conveni-amb-ponts-digualtat\/"},"author":{"name":"Cope Alcoy","@id":"https:\/\/www.copealcoy.es\/es\/#\/schema\/person\/e777c87fa024e57d40170af9df39882c"},"headline":"La Mancomunitat de l\u2019Alcoi\u00e0 i el Comtat signa un conveni amb Ponts d\u2019Igualtat","datePublished":"2021-03-30T08:45:56+00:00","dateModified":"2021-03-30T08:50:55+00:00","mainEntityOfPage":{"@id":"https:\/\/www.copealcoy.es\/es\/la-mancomunitat-de-lalcoia-i-el-comtat-signa-un-conveni-amb-ponts-digualtat\/"},"wordCount":288,"commentCount":0,"image":{"@id":"https:\/\/www.copealcoy.es\/es\/la-mancomunitat-de-lalcoia-i-el-comtat-signa-un-conveni-amb-ponts-digualtat\/#primaryimage"},"thumbnailUrl":"https:\/\/www.copealcoy.es\/wp-content\/uploads\/2021\/03\/Aitor-Pla-i-Blas-Calbo-Signatura-conveni-ponts-igualtat-mancomunitat.jpeg","keywords":["'Ponts d'Igualtat'","Alcoi\u00e0","Comtat","conveni","LGTBI","Mancomunitat"],"articleSection":["Comarcas","Noticias"],"inLanguage":"es"},{"@type":"WebPage","@id":"https:\/\/www.copealcoy.es\/es\/la-mancomunitat-de-lalcoia-i-el-comtat-signa-un-conveni-amb-ponts-digualtat\/","url":"https:\/\/www.copealcoy.es\/es\/la-mancomunitat-de-lalcoia-i-el-comtat-signa-un-conveni-amb-ponts-digualtat\/","name":"La Mancomunitat de l\u2019Alcoi\u00e0 i el Comtat signa un conveni amb Ponts d\u2019Igualtat - COPE Alcoy","isPartOf":{"@id":"https:\/\/www.copealcoy.es\/es\/#website"},"primaryImageOfPage":{"@id":"https:\/\/www.copealcoy.es\/es\/la-mancomunitat-de-lalcoia-i-el-comtat-signa-un-conveni-amb-ponts-digualtat\/#primaryimage"},"image":{"@id":"https:\/\/www.copealcoy.es\/es\/la-mancomunitat-de-lalcoia-i-el-comtat-signa-un-conveni-amb-ponts-digualtat\/#primaryimage"},"thumbnailUrl":"https:\/\/www.copealcoy.es\/wp-content\/uploads\/2021\/03\/Aitor-Pla-i-Blas-Calbo-Signatura-conveni-ponts-igualtat-mancomunitat.jpeg","datePublished":"2021-03-30T08:45:56+00:00","dateModified":"2021-03-30T08:50:55+00:00","author":{"@id":"https:\/\/www.copealcoy.es\/es\/#\/schema\/person\/e777c87fa024e57d40170af9df39882c"},"breadcrumb":{"@id":"https:\/\/www.copealcoy.es\/es\/la-mancomunitat-de-lalcoia-i-el-comtat-signa-un-conveni-amb-ponts-digualtat\/#breadcrumb"},"inLanguage":"es","potentialAction":[{"@type":"ReadAction","target":["https:\/\/www.copealcoy.es\/es\/la-mancomunitat-de-lalcoia-i-el-comtat-signa-un-conveni-amb-ponts-digualtat\/"]}]},{"@type":"ImageObject","inLanguage":"es","@id":"https:\/\/www.copealcoy.es\/es\/la-mancomunitat-de-lalcoia-i-el-comtat-signa-un-conveni-amb-ponts-digualtat\/#primaryimage","url":"https:\/\/www.copealcoy.es\/wp-content\/uploads\/2021\/03\/Aitor-Pla-i-Blas-Calbo-Signatura-conveni-ponts-igualtat-mancomunitat.jpeg","contentUrl":"https:\/\/www.copealcoy.es\/wp-content\/uploads\/2021\/03\/Aitor-Pla-i-Blas-Calbo-Signatura-conveni-ponts-igualtat-mancomunitat.jpeg","width":2016,"height":908},{"@type":"BreadcrumbList","@id":"https:\/\/www.copealcoy.es\/es\/la-mancomunitat-de-lalcoia-i-el-comtat-signa-un-conveni-amb-ponts-digualtat\/#breadcrumb","itemListElement":[{"@type":"ListItem","position":1,"name":"Portada","item":"https:\/\/www.copealcoy.es\/es\/"},{"@type":"ListItem","position":2,"name":"La Mancomunitat de l\u2019Alcoi\u00e0 i el Comtat signa un conveni amb Ponts d\u2019Igualtat"}]},{"@type":"WebSite","@id":"https:\/\/www.copealcoy.es\/es\/#website","url":"https:\/\/www.copealcoy.es\/es\/","name":"COPE Alcoy","description":"Emisora COPE de radio local con emisi\u00f3n online. Pont de Sant Jordi 8-10 03803 Alcoy","potentialAction":[{"@type":"SearchAction","target":{"@type":"EntryPoint","urlTemplate":"https:\/\/www.copealcoy.es\/es\/?s={search_term_string}"},"query-input":{"@type":"PropertyValueSpecification","valueRequired":true,"valueName":"search_term_string"}}],"inLanguage":"es"},{"@type":"Person","@id":"https:\/\/www.copealcoy.es\/es\/#\/schema\/person\/e777c87fa024e57d40170af9df39882c","name":"Cope Alcoy","image":{"@type":"ImageObject","inLanguage":"es","@id":"https:\/\/secure.gravatar.com\/avatar\/bb65d0283347e303893ba14f0692005417c1e0e690a325a4c5d8bb2b3943ee14?s=96&d=mm&r=g","url":"https:\/\/secure.gravatar.com\/avatar\/bb65d0283347e303893ba14f0692005417c1e0e690a325a4c5d8bb2b3943ee14?s=96&d=mm&r=g","contentUrl":"https:\/\/secure.gravatar.com\/avatar\/bb65d0283347e303893ba14f0692005417c1e0e690a325a4c5d8bb2b3943ee14?s=96&d=mm&r=g","caption":"Cope Alcoy"}}]}},"_links":{"self":[{"href":"https:\/\/www.copealcoy.es\/es\/wp-json\/wp\/v2\/posts\/72501","targetHints":{"allow":["GET"]}}],"collection":[{"href":"https:\/\/www.copealcoy.es\/es\/wp-json\/wp\/v2\/posts"}],"about":[{"href":"https:\/\/www.copealcoy.es\/es\/wp-json\/wp\/v2\/types\/post"}],"author":[{"embeddable":true,"href":"https:\/\/www.copealcoy.es\/es\/wp-json\/wp\/v2\/users\/1"}],"replies":[{"embeddable":true,"href":"https:\/\/www.copealcoy.es\/es\/wp-json\/wp\/v2\/comments?post=72501"}],"version-history":[{"count":0,"href":"https:\/\/www.copealcoy.es\/es\/wp-json\/wp\/v2\/posts\/72501\/revisions"}],"wp:featuredmedia":[{"embeddable":true,"href":"https:\/\/www.copealcoy.es\/es\/wp-json\/wp\/v2\/media\/72502"}],"wp:attachment":[{"href":"https:\/\/www.copealcoy.es\/es\/wp-json\/wp\/v2\/media?parent=72501"}],"wp:term":[{"taxonomy":"category","embeddable":true,"href":"https:\/\/www.copealcoy.es\/es\/wp-json\/wp\/v2\/categories?post=72501"},{"taxonomy":"post_tag","embeddable":true,"href":"https:\/\/www.copealcoy.es\/es\/wp-json\/wp\/v2\/tags?post=72501"}],"curies":[{"name":"wp","href":"https:\/\/api.w.org\/{rel}","templated":true}]}}