{"id":72459,"date":"2021-03-29T11:49:31","date_gmt":"2021-03-29T10:49:31","guid":{"rendered":"https:\/\/www.copealcoy.es\/?p=72459"},"modified":"2021-03-29T12:10:59","modified_gmt":"2021-03-29T11:10:59","slug":"la-comarca-adapta-el-diumenge-de-rams-a-la-pandemia","status":"publish","type":"post","link":"https:\/\/www.copealcoy.es\/es\/la-comarca-adapta-el-diumenge-de-rams-a-la-pandemia\/","title":{"rendered":"La Comarca adapta el Diumenge de Rams a la pand\u00e8mia"},"content":{"rendered":"<p style=\"text-align: justify;\">Les celebracions del <strong>Diumenge de Rams<\/strong> han tornat a marcar <strong>l&#8217;inici de la Setmana Santa en les comarques de l&#8217;Alcoi\u00e0 i el Comtat<\/strong>, uns actes que enguany <strong>han tingut lloc dins dels temples<\/strong> a causa de la pand\u00e8mia del Coronavirus. No hi va haver<strong> processons pels carrers<\/strong> i en moltes esgl\u00e9sies <strong>es van ampliar els horaris per als oficis lit\u00fargics<\/strong> amb la intenci\u00f3 de <strong>donar cabuda als fidels<\/strong> complint amb <strong>les limitacions d&#8217;aforament<\/strong> estipulades per la Conselleria de Sanitat.<\/p>\n<p style=\"text-align: justify;\"><strong><span style=\"color: #0000ff;\">Participatiu Diumenge de Rams en Cocentaina<\/span><\/strong><\/p>\n<p style=\"text-align: justify;\">A la capital del Comtat <strong>les parr\u00f2quies van realitzar les benediccions de palmes en un gran ventall d&#8217;horaris<\/strong> des de la vesprada del dissabte fins a la jornada d&#8217;ahir. En aquestes celebracions, a banda d&#8217;un bon nombre de fidels i la comunitat cristiana de cada esgl\u00e9sia, van estar tamb\u00e9 presents <strong>les confraries del poble<\/strong> i per exemple en<strong> el<\/strong> <strong>Convent dels Franciscans<\/strong> tingueren un protagonisme destacat els membres de Jes\u00fas de l&#8217;Hort, en <strong>la Parr\u00f2quia del Salvador<\/strong> els de La Dolorosa, en <strong>el Monestir de la Mare de D\u00e9u del Miracle<\/strong> els confrares de Jes\u00fas Natzar\u00e9 i en<strong> la Parr\u00f2quia de Santa Maria<\/strong> els integrants del Crist dels Llauradors, l&#8217;Arxiconfraria del Sant\u00edssim Sacrament i l&#8217;<span class=\"hiddenSpellError\">Ecce<\/span>\u00a0<span class=\"hiddenSpellError\">Homo<\/span>. A banda de beneir les palmes <strong>es van celebrar tamb\u00e9 les habituals eucaristies de Diumenge de Rams<\/strong> que inclouen la lectura de la Passi\u00f3 de Crist. La jornada va transc\u00f3rrer <strong>amb absoluta normalitat<\/strong>, sense aglomeracions, i tots <strong>van poder gaudir d&#8217;una celebraci\u00f3 m\u00e9s \u00edntima i diferent<\/strong> de la dels anys anteriors.<\/p>\n<p style=\"text-align: justify;\"><strong><span style=\"color: #0000ff;\">Benedicci\u00f3 de palmes dins de la Parr\u00f2quia de Muro<\/span><\/strong><\/p>\n<p style=\"text-align: justify;\">En Muro tamb\u00e9 hi va haver celebraci\u00f3 del Diumenge de Rams i en aquest cas <strong>la benedicci\u00f3 de les palmes es va portar a terme dins de la Parr\u00f2quia de Sant Joan Baptista<\/strong> a partir de les 12:<span class=\"hiddenGrammarError\">00h<\/span>\u00a0del migdia amb totes les mesures preventives de la\u00a0<span class=\"hiddenSpellError\">Covid<\/span>-19. Despr\u00e9s va tindre lloc <strong>la solemne missa<\/strong> en la qual els xiquets de Primera Comuni\u00f3 van assumir tamb\u00e9 un paper destacat. A banda d&#8217;aquesta celebraci\u00f3 <strong>tamb\u00e9 \u00e9s va realitzar la benedicci\u00f3 de rams a l&#8217;Ermita de la Verge dels Desemparats<\/strong> en un acte \u00edntim que va tindre lloc a primera hora del mat\u00ed.<\/p>\n<p style=\"text-align: justify;\">El ritual es va repetir, adaptat a la pand\u00e8mia, a <strong>les parr\u00f2quies i esgl\u00e9sies<\/strong> de municipis com per exemple Banyeres de Mariola, Ibi, Castalla, Onil, Agres, Alfafara, Pen\u00e0guila o Beniarr\u00e9s.<\/p>\n","protected":false},"excerpt":{"rendered":"<p>Les celebracions del Diumenge de Rams han tornat a marcar l&#8217;inici de la Setmana Santa en les comarques de l&#8217;Alcoi\u00e0&#8230;<\/p>\n","protected":false},"author":1,"featured_media":72460,"comment_status":"open","ping_status":"open","sticky":false,"template":"","format":"standard","meta":{"footnotes":""},"categories":[98,75],"tags":[482,237,7281,10041,5389,7477],"class_list":["post-72459","post","type-post","status-publish","format-standard","has-post-thumbnail","hentry","category-comarcas","category-noticias","tag-alcoia","tag-comtat","tag-coronavirus","tag-crisi-sanitaria","tag-diumenge-de-rams","tag-pandemia"],"yoast_head":"<!-- This site is optimized with the Yoast SEO plugin v27.3 - https:\/\/yoast.com\/product\/yoast-seo-wordpress\/ -->\n<title>La Comarca adapta el Diumenge de Rams a la pand\u00e8mia - COPE Alcoy<\/title>\n<meta name=\"robots\" content=\"index, follow, max-snippet:-1, max-image-preview:large, max-video-preview:-1\" \/>\n<link rel=\"canonical\" href=\"https:\/\/www.copealcoy.es\/es\/la-comarca-adapta-el-diumenge-de-rams-a-la-pandemia\/\" \/>\n<meta property=\"og:locale\" content=\"es_ES\" \/>\n<meta property=\"og:type\" content=\"article\" \/>\n<meta property=\"og:title\" content=\"La Comarca adapta el Diumenge de Rams a la pand\u00e8mia - COPE Alcoy\" \/>\n<meta property=\"og:description\" content=\"Les celebracions del Diumenge de Rams han tornat a marcar l&#8217;inici de la Setmana Santa en les comarques de l&#8217;Alcoi\u00e0...\" \/>\n<meta property=\"og:url\" content=\"https:\/\/www.copealcoy.es\/es\/la-comarca-adapta-el-diumenge-de-rams-a-la-pandemia\/\" \/>\n<meta property=\"og:site_name\" content=\"COPE Alcoy\" \/>\n<meta property=\"article:published_time\" content=\"2021-03-29T10:49:31+00:00\" \/>\n<meta property=\"article:modified_time\" content=\"2021-03-29T11:10:59+00:00\" \/>\n<meta property=\"og:image\" content=\"https:\/\/www.copealcoy.es\/wp-content\/uploads\/2021\/03\/165719061_2351085078368297_6275359157562221622_o.jpg\" \/>\n\t<meta property=\"og:image:width\" content=\"1440\" \/>\n\t<meta property=\"og:image:height\" content=\"920\" \/>\n\t<meta property=\"og:image:type\" content=\"image\/jpeg\" \/>\n<meta name=\"author\" content=\"Cope Alcoy\" \/>\n<meta name=\"twitter:label1\" content=\"Escrito por\" \/>\n\t<meta name=\"twitter:data1\" content=\"Cope Alcoy\" \/>\n\t<meta name=\"twitter:label2\" content=\"Tiempo de lectura\" \/>\n\t<meta name=\"twitter:data2\" content=\"2 minutos\" \/>\n<script type=\"application\/ld+json\" class=\"yoast-schema-graph\">{\"@context\":\"https:\\\/\\\/schema.org\",\"@graph\":[{\"@type\":\"Article\",\"@id\":\"https:\\\/\\\/www.copealcoy.es\\\/es\\\/la-comarca-adapta-el-diumenge-de-rams-a-la-pandemia\\\/#article\",\"isPartOf\":{\"@id\":\"https:\\\/\\\/www.copealcoy.es\\\/es\\\/la-comarca-adapta-el-diumenge-de-rams-a-la-pandemia\\\/\"},\"author\":{\"name\":\"Cope Alcoy\",\"@id\":\"https:\\\/\\\/www.copealcoy.es\\\/es\\\/#\\\/schema\\\/person\\\/e777c87fa024e57d40170af9df39882c\"},\"headline\":\"La Comarca adapta el Diumenge de Rams a la pand\u00e8mia\",\"datePublished\":\"2021-03-29T10:49:31+00:00\",\"dateModified\":\"2021-03-29T11:10:59+00:00\",\"mainEntityOfPage\":{\"@id\":\"https:\\\/\\\/www.copealcoy.es\\\/es\\\/la-comarca-adapta-el-diumenge-de-rams-a-la-pandemia\\\/\"},\"wordCount\":436,\"commentCount\":0,\"image\":{\"@id\":\"https:\\\/\\\/www.copealcoy.es\\\/es\\\/la-comarca-adapta-el-diumenge-de-rams-a-la-pandemia\\\/#primaryimage\"},\"thumbnailUrl\":\"https:\\\/\\\/www.copealcoy.es\\\/wp-content\\\/uploads\\\/2021\\\/03\\\/165719061_2351085078368297_6275359157562221622_o.jpg\",\"keywords\":[\"Alcoi\u00e0\",\"Comtat\",\"Coronavirus\",\"crisi sanit\u00e0ria\",\"Diumenge de Rams\",\"pandemia\"],\"articleSection\":[\"Comarcas\",\"Noticias\"],\"inLanguage\":\"es\"},{\"@type\":\"WebPage\",\"@id\":\"https:\\\/\\\/www.copealcoy.es\\\/es\\\/la-comarca-adapta-el-diumenge-de-rams-a-la-pandemia\\\/\",\"url\":\"https:\\\/\\\/www.copealcoy.es\\\/es\\\/la-comarca-adapta-el-diumenge-de-rams-a-la-pandemia\\\/\",\"name\":\"La Comarca adapta el Diumenge de Rams a la pand\u00e8mia - COPE Alcoy\",\"isPartOf\":{\"@id\":\"https:\\\/\\\/www.copealcoy.es\\\/es\\\/#website\"},\"primaryImageOfPage\":{\"@id\":\"https:\\\/\\\/www.copealcoy.es\\\/es\\\/la-comarca-adapta-el-diumenge-de-rams-a-la-pandemia\\\/#primaryimage\"},\"image\":{\"@id\":\"https:\\\/\\\/www.copealcoy.es\\\/es\\\/la-comarca-adapta-el-diumenge-de-rams-a-la-pandemia\\\/#primaryimage\"},\"thumbnailUrl\":\"https:\\\/\\\/www.copealcoy.es\\\/wp-content\\\/uploads\\\/2021\\\/03\\\/165719061_2351085078368297_6275359157562221622_o.jpg\",\"datePublished\":\"2021-03-29T10:49:31+00:00\",\"dateModified\":\"2021-03-29T11:10:59+00:00\",\"author\":{\"@id\":\"https:\\\/\\\/www.copealcoy.es\\\/es\\\/#\\\/schema\\\/person\\\/e777c87fa024e57d40170af9df39882c\"},\"breadcrumb\":{\"@id\":\"https:\\\/\\\/www.copealcoy.es\\\/es\\\/la-comarca-adapta-el-diumenge-de-rams-a-la-pandemia\\\/#breadcrumb\"},\"inLanguage\":\"es\",\"potentialAction\":[{\"@type\":\"ReadAction\",\"target\":[\"https:\\\/\\\/www.copealcoy.es\\\/es\\\/la-comarca-adapta-el-diumenge-de-rams-a-la-pandemia\\\/\"]}]},{\"@type\":\"ImageObject\",\"inLanguage\":\"es\",\"@id\":\"https:\\\/\\\/www.copealcoy.es\\\/es\\\/la-comarca-adapta-el-diumenge-de-rams-a-la-pandemia\\\/#primaryimage\",\"url\":\"https:\\\/\\\/www.copealcoy.es\\\/wp-content\\\/uploads\\\/2021\\\/03\\\/165719061_2351085078368297_6275359157562221622_o.jpg\",\"contentUrl\":\"https:\\\/\\\/www.copealcoy.es\\\/wp-content\\\/uploads\\\/2021\\\/03\\\/165719061_2351085078368297_6275359157562221622_o.jpg\",\"width\":1440,\"height\":920,\"caption\":\"Un instant de la benedicci\u00f3 de palmes en el Convent dels Pares Franciscans \\\/ Foto: G. Pascual\"},{\"@type\":\"BreadcrumbList\",\"@id\":\"https:\\\/\\\/www.copealcoy.es\\\/es\\\/la-comarca-adapta-el-diumenge-de-rams-a-la-pandemia\\\/#breadcrumb\",\"itemListElement\":[{\"@type\":\"ListItem\",\"position\":1,\"name\":\"Portada\",\"item\":\"https:\\\/\\\/www.copealcoy.es\\\/es\\\/\"},{\"@type\":\"ListItem\",\"position\":2,\"name\":\"La Comarca adapta el Diumenge de Rams a la pand\u00e8mia\"}]},{\"@type\":\"WebSite\",\"@id\":\"https:\\\/\\\/www.copealcoy.es\\\/es\\\/#website\",\"url\":\"https:\\\/\\\/www.copealcoy.es\\\/es\\\/\",\"name\":\"COPE Alcoy\",\"description\":\"Emisora COPE de radio local con emisi\u00f3n online. Pont de Sant Jordi 8-10 03803 Alcoy\",\"potentialAction\":[{\"@type\":\"SearchAction\",\"target\":{\"@type\":\"EntryPoint\",\"urlTemplate\":\"https:\\\/\\\/www.copealcoy.es\\\/es\\\/?s={search_term_string}\"},\"query-input\":{\"@type\":\"PropertyValueSpecification\",\"valueRequired\":true,\"valueName\":\"search_term_string\"}}],\"inLanguage\":\"es\"},{\"@type\":\"Person\",\"@id\":\"https:\\\/\\\/www.copealcoy.es\\\/es\\\/#\\\/schema\\\/person\\\/e777c87fa024e57d40170af9df39882c\",\"name\":\"Cope Alcoy\",\"image\":{\"@type\":\"ImageObject\",\"inLanguage\":\"es\",\"@id\":\"https:\\\/\\\/secure.gravatar.com\\\/avatar\\\/bb65d0283347e303893ba14f0692005417c1e0e690a325a4c5d8bb2b3943ee14?s=96&d=mm&r=g\",\"url\":\"https:\\\/\\\/secure.gravatar.com\\\/avatar\\\/bb65d0283347e303893ba14f0692005417c1e0e690a325a4c5d8bb2b3943ee14?s=96&d=mm&r=g\",\"contentUrl\":\"https:\\\/\\\/secure.gravatar.com\\\/avatar\\\/bb65d0283347e303893ba14f0692005417c1e0e690a325a4c5d8bb2b3943ee14?s=96&d=mm&r=g\",\"caption\":\"Cope Alcoy\"}}]}<\/script>\n<!-- \/ Yoast SEO plugin. -->","yoast_head_json":{"title":"La Comarca adapta el Diumenge de Rams a la pand\u00e8mia - COPE Alcoy","robots":{"index":"index","follow":"follow","max-snippet":"max-snippet:-1","max-image-preview":"max-image-preview:large","max-video-preview":"max-video-preview:-1"},"canonical":"https:\/\/www.copealcoy.es\/es\/la-comarca-adapta-el-diumenge-de-rams-a-la-pandemia\/","og_locale":"es_ES","og_type":"article","og_title":"La Comarca adapta el Diumenge de Rams a la pand\u00e8mia - COPE Alcoy","og_description":"Les celebracions del Diumenge de Rams han tornat a marcar l&#8217;inici de la Setmana Santa en les comarques de l&#8217;Alcoi\u00e0...","og_url":"https:\/\/www.copealcoy.es\/es\/la-comarca-adapta-el-diumenge-de-rams-a-la-pandemia\/","og_site_name":"COPE Alcoy","article_published_time":"2021-03-29T10:49:31+00:00","article_modified_time":"2021-03-29T11:10:59+00:00","og_image":[{"width":1440,"height":920,"url":"https:\/\/www.copealcoy.es\/wp-content\/uploads\/2021\/03\/165719061_2351085078368297_6275359157562221622_o.jpg","type":"image\/jpeg"}],"author":"Cope Alcoy","twitter_misc":{"Escrito por":"Cope Alcoy","Tiempo de lectura":"2 minutos"},"schema":{"@context":"https:\/\/schema.org","@graph":[{"@type":"Article","@id":"https:\/\/www.copealcoy.es\/es\/la-comarca-adapta-el-diumenge-de-rams-a-la-pandemia\/#article","isPartOf":{"@id":"https:\/\/www.copealcoy.es\/es\/la-comarca-adapta-el-diumenge-de-rams-a-la-pandemia\/"},"author":{"name":"Cope Alcoy","@id":"https:\/\/www.copealcoy.es\/es\/#\/schema\/person\/e777c87fa024e57d40170af9df39882c"},"headline":"La Comarca adapta el Diumenge de Rams a la pand\u00e8mia","datePublished":"2021-03-29T10:49:31+00:00","dateModified":"2021-03-29T11:10:59+00:00","mainEntityOfPage":{"@id":"https:\/\/www.copealcoy.es\/es\/la-comarca-adapta-el-diumenge-de-rams-a-la-pandemia\/"},"wordCount":436,"commentCount":0,"image":{"@id":"https:\/\/www.copealcoy.es\/es\/la-comarca-adapta-el-diumenge-de-rams-a-la-pandemia\/#primaryimage"},"thumbnailUrl":"https:\/\/www.copealcoy.es\/wp-content\/uploads\/2021\/03\/165719061_2351085078368297_6275359157562221622_o.jpg","keywords":["Alcoi\u00e0","Comtat","Coronavirus","crisi sanit\u00e0ria","Diumenge de Rams","pandemia"],"articleSection":["Comarcas","Noticias"],"inLanguage":"es"},{"@type":"WebPage","@id":"https:\/\/www.copealcoy.es\/es\/la-comarca-adapta-el-diumenge-de-rams-a-la-pandemia\/","url":"https:\/\/www.copealcoy.es\/es\/la-comarca-adapta-el-diumenge-de-rams-a-la-pandemia\/","name":"La Comarca adapta el Diumenge de Rams a la pand\u00e8mia - COPE Alcoy","isPartOf":{"@id":"https:\/\/www.copealcoy.es\/es\/#website"},"primaryImageOfPage":{"@id":"https:\/\/www.copealcoy.es\/es\/la-comarca-adapta-el-diumenge-de-rams-a-la-pandemia\/#primaryimage"},"image":{"@id":"https:\/\/www.copealcoy.es\/es\/la-comarca-adapta-el-diumenge-de-rams-a-la-pandemia\/#primaryimage"},"thumbnailUrl":"https:\/\/www.copealcoy.es\/wp-content\/uploads\/2021\/03\/165719061_2351085078368297_6275359157562221622_o.jpg","datePublished":"2021-03-29T10:49:31+00:00","dateModified":"2021-03-29T11:10:59+00:00","author":{"@id":"https:\/\/www.copealcoy.es\/es\/#\/schema\/person\/e777c87fa024e57d40170af9df39882c"},"breadcrumb":{"@id":"https:\/\/www.copealcoy.es\/es\/la-comarca-adapta-el-diumenge-de-rams-a-la-pandemia\/#breadcrumb"},"inLanguage":"es","potentialAction":[{"@type":"ReadAction","target":["https:\/\/www.copealcoy.es\/es\/la-comarca-adapta-el-diumenge-de-rams-a-la-pandemia\/"]}]},{"@type":"ImageObject","inLanguage":"es","@id":"https:\/\/www.copealcoy.es\/es\/la-comarca-adapta-el-diumenge-de-rams-a-la-pandemia\/#primaryimage","url":"https:\/\/www.copealcoy.es\/wp-content\/uploads\/2021\/03\/165719061_2351085078368297_6275359157562221622_o.jpg","contentUrl":"https:\/\/www.copealcoy.es\/wp-content\/uploads\/2021\/03\/165719061_2351085078368297_6275359157562221622_o.jpg","width":1440,"height":920,"caption":"Un instant de la benedicci\u00f3 de palmes en el Convent dels Pares Franciscans \/ Foto: G. Pascual"},{"@type":"BreadcrumbList","@id":"https:\/\/www.copealcoy.es\/es\/la-comarca-adapta-el-diumenge-de-rams-a-la-pandemia\/#breadcrumb","itemListElement":[{"@type":"ListItem","position":1,"name":"Portada","item":"https:\/\/www.copealcoy.es\/es\/"},{"@type":"ListItem","position":2,"name":"La Comarca adapta el Diumenge de Rams a la pand\u00e8mia"}]},{"@type":"WebSite","@id":"https:\/\/www.copealcoy.es\/es\/#website","url":"https:\/\/www.copealcoy.es\/es\/","name":"COPE Alcoy","description":"Emisora COPE de radio local con emisi\u00f3n online. Pont de Sant Jordi 8-10 03803 Alcoy","potentialAction":[{"@type":"SearchAction","target":{"@type":"EntryPoint","urlTemplate":"https:\/\/www.copealcoy.es\/es\/?s={search_term_string}"},"query-input":{"@type":"PropertyValueSpecification","valueRequired":true,"valueName":"search_term_string"}}],"inLanguage":"es"},{"@type":"Person","@id":"https:\/\/www.copealcoy.es\/es\/#\/schema\/person\/e777c87fa024e57d40170af9df39882c","name":"Cope Alcoy","image":{"@type":"ImageObject","inLanguage":"es","@id":"https:\/\/secure.gravatar.com\/avatar\/bb65d0283347e303893ba14f0692005417c1e0e690a325a4c5d8bb2b3943ee14?s=96&d=mm&r=g","url":"https:\/\/secure.gravatar.com\/avatar\/bb65d0283347e303893ba14f0692005417c1e0e690a325a4c5d8bb2b3943ee14?s=96&d=mm&r=g","contentUrl":"https:\/\/secure.gravatar.com\/avatar\/bb65d0283347e303893ba14f0692005417c1e0e690a325a4c5d8bb2b3943ee14?s=96&d=mm&r=g","caption":"Cope Alcoy"}}]}},"_links":{"self":[{"href":"https:\/\/www.copealcoy.es\/es\/wp-json\/wp\/v2\/posts\/72459","targetHints":{"allow":["GET"]}}],"collection":[{"href":"https:\/\/www.copealcoy.es\/es\/wp-json\/wp\/v2\/posts"}],"about":[{"href":"https:\/\/www.copealcoy.es\/es\/wp-json\/wp\/v2\/types\/post"}],"author":[{"embeddable":true,"href":"https:\/\/www.copealcoy.es\/es\/wp-json\/wp\/v2\/users\/1"}],"replies":[{"embeddable":true,"href":"https:\/\/www.copealcoy.es\/es\/wp-json\/wp\/v2\/comments?post=72459"}],"version-history":[{"count":0,"href":"https:\/\/www.copealcoy.es\/es\/wp-json\/wp\/v2\/posts\/72459\/revisions"}],"wp:featuredmedia":[{"embeddable":true,"href":"https:\/\/www.copealcoy.es\/es\/wp-json\/wp\/v2\/media\/72460"}],"wp:attachment":[{"href":"https:\/\/www.copealcoy.es\/es\/wp-json\/wp\/v2\/media?parent=72459"}],"wp:term":[{"taxonomy":"category","embeddable":true,"href":"https:\/\/www.copealcoy.es\/es\/wp-json\/wp\/v2\/categories?post=72459"},{"taxonomy":"post_tag","embeddable":true,"href":"https:\/\/www.copealcoy.es\/es\/wp-json\/wp\/v2\/tags?post=72459"}],"curies":[{"name":"wp","href":"https:\/\/api.w.org\/{rel}","templated":true}]}}