{"id":72357,"date":"2021-03-27T12:24:40","date_gmt":"2021-03-27T11:24:40","guid":{"rendered":"https:\/\/www.copealcoy.es\/?p=72357"},"modified":"2021-03-27T12:28:03","modified_gmt":"2021-03-27T11:28:03","slug":"joanfran-rozalen-las-artes-escenicas-vuelven-a-plantar-cara-a-la-crisis","status":"publish","type":"post","link":"https:\/\/www.copealcoy.es\/es\/joanfran-rozalen-las-artes-escenicas-vuelven-a-plantar-cara-a-la-crisis\/","title":{"rendered":"Joanfran Rozal\u00e9n: &#8220;las artes esc\u00e9nicas vuelven a plantar cara a la crisis&#8221;"},"content":{"rendered":"<p style=\"text-align: justify;\">En este<strong> 27 de marzo<\/strong> se celebra el <strong>D\u00eda Mundial del Teatro<\/strong> y las compa\u00f1\u00edas de artes esc\u00e9nicas <strong>afrontan una jornada de reivindicaci\u00f3n cultural<\/strong> ante <strong>la dif\u00edcil situaci\u00f3n que est\u00e1 planteando la crisis sanitaria del Coronavirus<\/strong>. La pandemia <strong>ha condicionado las actividades culturales desde hace un a\u00f1o<\/strong> y muchos de <strong>los proyectos<\/strong> que estaban en marcha <strong>quedaron paralizados<\/strong> en marzo de 2020 con el consiguiente <strong>perjuicio econ\u00f3mico<\/strong> para los profesionales del teatro.<\/p>\n<p style=\"text-align: justify;\">Desde la compa\u00f1\u00eda alcoyana La Dependent aseguran que <strong>no han dejado de trabajar para preparar nuevas propuestas<\/strong> que poner en escena cuando la situaci\u00f3n sanitaria lo permita. Adem\u00e1s <strong>aplauden que hayan vuelto a abrir los espacios culturales de la ciudad<\/strong> y reivindican la cultura <strong>es m\u00e1s necesaria que nunca <\/strong>en los tiempos que nos ha tocado vivir &#8220;<em>la actividad cultural es segura y es muy importante que las autoridades correspondientes adopten las medidas necesarias que permitan que siga habiendo espect\u00e1culos. La ciudadan\u00eda demanda teatro y cultura mientras que las compa\u00f1\u00edas necesitamos recuperar todo lo que se ha perdido en los \u00faltimos meses desde el punto de vista econ\u00f3mico. Desde el sector de las artes esc\u00e9nicas hemos superado todos los golpes que nos han dado las crisis que hemos sufrido en los \u00faltimos a\u00f1os y ahora, una vez m\u00e1s, no dejamos de esforzarnos para plantar cara al complicado contexto que tenemos por delante&#8221;,<\/em> afirmaba en COPE ALCOY <strong>Joanfran Rozal\u00e9n<\/strong>, Director de La Dependent.\u00a0<\/p>\n<p style=\"text-align: justify;\">Con motivo del D\u00eda Mundial del Teatro el Calderon acogi\u00f3\u00a0ayer por la tarde <strong>la lectura del manifiesto a cargo de Enric Piera<\/strong> dentro de la representaci\u00f3n de la obra &#8216;9&#8217;, una coproducci\u00f3n de Perros Daneses y Yapad\u00fa Producciones con texto de Javier Sahuquillo. Adem\u00e1s <strong>La Dependent est\u00e1 ultimando el homenaje que se le tributar\u00e1 a Pep Cort\u00e9s<\/strong> y que se realizar\u00e1 en este 27 de marzo en el Teatre Principal de Val\u00e8ncia.\u00a0<\/p>\n\n\n<p><\/p>\n","protected":false},"excerpt":{"rendered":"<p>En este 27 de marzo se celebra el D\u00eda Mundial del Teatro y las compa\u00f1\u00edas de artes esc\u00e9nicas afrontan una&#8230;<\/p>\n","protected":false},"author":1,"featured_media":72358,"comment_status":"open","ping_status":"open","sticky":false,"template":"","format":"standard","meta":{"footnotes":""},"categories":[97,78,75],"tags":[8832,7281,10050,11071,3320],"class_list":["post-72357","post","type-post","status-publish","format-standard","has-post-thumbnail","hentry","category-alcoy","category-fiestaycultura","category-noticias","tag-artes-escenicas","tag-coronavirus","tag-crisis-sanitaria","tag-dia-mundial-del-teatro","tag-joanfran-rozalen"],"yoast_head":"<!-- This site is optimized with the Yoast SEO plugin v27.3 - https:\/\/yoast.com\/product\/yoast-seo-wordpress\/ -->\n<title>Joanfran Rozal\u00e9n: &quot;las artes esc\u00e9nicas vuelven a plantar cara a la crisis&quot; - COPE Alcoy<\/title>\n<meta name=\"robots\" content=\"index, follow, max-snippet:-1, max-image-preview:large, max-video-preview:-1\" \/>\n<link rel=\"canonical\" href=\"https:\/\/www.copealcoy.es\/es\/joanfran-rozalen-las-artes-escenicas-vuelven-a-plantar-cara-a-la-crisis\/\" \/>\n<meta property=\"og:locale\" content=\"es_ES\" \/>\n<meta property=\"og:type\" content=\"article\" \/>\n<meta property=\"og:title\" content=\"Joanfran Rozal\u00e9n: &quot;las artes esc\u00e9nicas vuelven a plantar cara a la crisis&quot; - COPE Alcoy\" \/>\n<meta property=\"og:description\" content=\"En este 27 de marzo se celebra el D\u00eda Mundial del Teatro y las compa\u00f1\u00edas de artes esc\u00e9nicas afrontan una...\" \/>\n<meta property=\"og:url\" content=\"https:\/\/www.copealcoy.es\/es\/joanfran-rozalen-las-artes-escenicas-vuelven-a-plantar-cara-a-la-crisis\/\" \/>\n<meta property=\"og:site_name\" content=\"COPE Alcoy\" \/>\n<meta property=\"article:published_time\" content=\"2021-03-27T11:24:40+00:00\" \/>\n<meta property=\"article:modified_time\" content=\"2021-03-27T11:28:03+00:00\" \/>\n<meta property=\"og:image\" content=\"https:\/\/www.copealcoy.es\/wp-content\/uploads\/2021\/03\/IMG-4859.jpg\" \/>\n\t<meta property=\"og:image:width\" content=\"960\" \/>\n\t<meta property=\"og:image:height\" content=\"720\" \/>\n\t<meta property=\"og:image:type\" content=\"image\/jpeg\" \/>\n<meta name=\"author\" content=\"Cope Alcoy\" \/>\n<meta name=\"twitter:label1\" content=\"Escrito por\" \/>\n\t<meta name=\"twitter:data1\" content=\"Cope Alcoy\" \/>\n\t<meta name=\"twitter:label2\" content=\"Tiempo de lectura\" \/>\n\t<meta name=\"twitter:data2\" content=\"2 minutos\" \/>\n<script type=\"application\/ld+json\" class=\"yoast-schema-graph\">{\"@context\":\"https:\\\/\\\/schema.org\",\"@graph\":[{\"@type\":\"Article\",\"@id\":\"https:\\\/\\\/www.copealcoy.es\\\/es\\\/joanfran-rozalen-las-artes-escenicas-vuelven-a-plantar-cara-a-la-crisis\\\/#article\",\"isPartOf\":{\"@id\":\"https:\\\/\\\/www.copealcoy.es\\\/es\\\/joanfran-rozalen-las-artes-escenicas-vuelven-a-plantar-cara-a-la-crisis\\\/\"},\"author\":{\"name\":\"Cope Alcoy\",\"@id\":\"https:\\\/\\\/www.copealcoy.es\\\/es\\\/#\\\/schema\\\/person\\\/e777c87fa024e57d40170af9df39882c\"},\"headline\":\"Joanfran Rozal\u00e9n: &#8220;las artes esc\u00e9nicas vuelven a plantar cara a la crisis&#8221;\",\"datePublished\":\"2021-03-27T11:24:40+00:00\",\"dateModified\":\"2021-03-27T11:28:03+00:00\",\"mainEntityOfPage\":{\"@id\":\"https:\\\/\\\/www.copealcoy.es\\\/es\\\/joanfran-rozalen-las-artes-escenicas-vuelven-a-plantar-cara-a-la-crisis\\\/\"},\"wordCount\":343,\"commentCount\":0,\"image\":{\"@id\":\"https:\\\/\\\/www.copealcoy.es\\\/es\\\/joanfran-rozalen-las-artes-escenicas-vuelven-a-plantar-cara-a-la-crisis\\\/#primaryimage\"},\"thumbnailUrl\":\"https:\\\/\\\/www.copealcoy.es\\\/wp-content\\\/uploads\\\/2021\\\/03\\\/IMG-4859.jpg\",\"keywords\":[\"artes esc\u00e9nicas\",\"Coronavirus\",\"crisis sanitaria\",\"D\u00eda Mundial del Teatro\",\"Joanfran Rozal\u00e9n\"],\"articleSection\":[\"Alcoy\",\"Fiesta y Cultura\",\"Noticias\"],\"inLanguage\":\"es\"},{\"@type\":\"WebPage\",\"@id\":\"https:\\\/\\\/www.copealcoy.es\\\/es\\\/joanfran-rozalen-las-artes-escenicas-vuelven-a-plantar-cara-a-la-crisis\\\/\",\"url\":\"https:\\\/\\\/www.copealcoy.es\\\/es\\\/joanfran-rozalen-las-artes-escenicas-vuelven-a-plantar-cara-a-la-crisis\\\/\",\"name\":\"Joanfran Rozal\u00e9n: \\\"las artes esc\u00e9nicas vuelven a plantar cara a la crisis\\\" - COPE Alcoy\",\"isPartOf\":{\"@id\":\"https:\\\/\\\/www.copealcoy.es\\\/es\\\/#website\"},\"primaryImageOfPage\":{\"@id\":\"https:\\\/\\\/www.copealcoy.es\\\/es\\\/joanfran-rozalen-las-artes-escenicas-vuelven-a-plantar-cara-a-la-crisis\\\/#primaryimage\"},\"image\":{\"@id\":\"https:\\\/\\\/www.copealcoy.es\\\/es\\\/joanfran-rozalen-las-artes-escenicas-vuelven-a-plantar-cara-a-la-crisis\\\/#primaryimage\"},\"thumbnailUrl\":\"https:\\\/\\\/www.copealcoy.es\\\/wp-content\\\/uploads\\\/2021\\\/03\\\/IMG-4859.jpg\",\"datePublished\":\"2021-03-27T11:24:40+00:00\",\"dateModified\":\"2021-03-27T11:28:03+00:00\",\"author\":{\"@id\":\"https:\\\/\\\/www.copealcoy.es\\\/es\\\/#\\\/schema\\\/person\\\/e777c87fa024e57d40170af9df39882c\"},\"breadcrumb\":{\"@id\":\"https:\\\/\\\/www.copealcoy.es\\\/es\\\/joanfran-rozalen-las-artes-escenicas-vuelven-a-plantar-cara-a-la-crisis\\\/#breadcrumb\"},\"inLanguage\":\"es\",\"potentialAction\":[{\"@type\":\"ReadAction\",\"target\":[\"https:\\\/\\\/www.copealcoy.es\\\/es\\\/joanfran-rozalen-las-artes-escenicas-vuelven-a-plantar-cara-a-la-crisis\\\/\"]}]},{\"@type\":\"ImageObject\",\"inLanguage\":\"es\",\"@id\":\"https:\\\/\\\/www.copealcoy.es\\\/es\\\/joanfran-rozalen-las-artes-escenicas-vuelven-a-plantar-cara-a-la-crisis\\\/#primaryimage\",\"url\":\"https:\\\/\\\/www.copealcoy.es\\\/wp-content\\\/uploads\\\/2021\\\/03\\\/IMG-4859.jpg\",\"contentUrl\":\"https:\\\/\\\/www.copealcoy.es\\\/wp-content\\\/uploads\\\/2021\\\/03\\\/IMG-4859.jpg\",\"width\":960,\"height\":720},{\"@type\":\"BreadcrumbList\",\"@id\":\"https:\\\/\\\/www.copealcoy.es\\\/es\\\/joanfran-rozalen-las-artes-escenicas-vuelven-a-plantar-cara-a-la-crisis\\\/#breadcrumb\",\"itemListElement\":[{\"@type\":\"ListItem\",\"position\":1,\"name\":\"Portada\",\"item\":\"https:\\\/\\\/www.copealcoy.es\\\/es\\\/\"},{\"@type\":\"ListItem\",\"position\":2,\"name\":\"Joanfran Rozal\u00e9n: &#8220;las artes esc\u00e9nicas vuelven a plantar cara a la crisis&#8221;\"}]},{\"@type\":\"WebSite\",\"@id\":\"https:\\\/\\\/www.copealcoy.es\\\/es\\\/#website\",\"url\":\"https:\\\/\\\/www.copealcoy.es\\\/es\\\/\",\"name\":\"COPE Alcoy\",\"description\":\"Emisora COPE de radio local con emisi\u00f3n online. Pont de Sant Jordi 8-10 03803 Alcoy\",\"potentialAction\":[{\"@type\":\"SearchAction\",\"target\":{\"@type\":\"EntryPoint\",\"urlTemplate\":\"https:\\\/\\\/www.copealcoy.es\\\/es\\\/?s={search_term_string}\"},\"query-input\":{\"@type\":\"PropertyValueSpecification\",\"valueRequired\":true,\"valueName\":\"search_term_string\"}}],\"inLanguage\":\"es\"},{\"@type\":\"Person\",\"@id\":\"https:\\\/\\\/www.copealcoy.es\\\/es\\\/#\\\/schema\\\/person\\\/e777c87fa024e57d40170af9df39882c\",\"name\":\"Cope Alcoy\",\"image\":{\"@type\":\"ImageObject\",\"inLanguage\":\"es\",\"@id\":\"https:\\\/\\\/secure.gravatar.com\\\/avatar\\\/bb65d0283347e303893ba14f0692005417c1e0e690a325a4c5d8bb2b3943ee14?s=96&d=mm&r=g\",\"url\":\"https:\\\/\\\/secure.gravatar.com\\\/avatar\\\/bb65d0283347e303893ba14f0692005417c1e0e690a325a4c5d8bb2b3943ee14?s=96&d=mm&r=g\",\"contentUrl\":\"https:\\\/\\\/secure.gravatar.com\\\/avatar\\\/bb65d0283347e303893ba14f0692005417c1e0e690a325a4c5d8bb2b3943ee14?s=96&d=mm&r=g\",\"caption\":\"Cope Alcoy\"}}]}<\/script>\n<!-- \/ Yoast SEO plugin. -->","yoast_head_json":{"title":"Joanfran Rozal\u00e9n: \"las artes esc\u00e9nicas vuelven a plantar cara a la crisis\" - COPE Alcoy","robots":{"index":"index","follow":"follow","max-snippet":"max-snippet:-1","max-image-preview":"max-image-preview:large","max-video-preview":"max-video-preview:-1"},"canonical":"https:\/\/www.copealcoy.es\/es\/joanfran-rozalen-las-artes-escenicas-vuelven-a-plantar-cara-a-la-crisis\/","og_locale":"es_ES","og_type":"article","og_title":"Joanfran Rozal\u00e9n: \"las artes esc\u00e9nicas vuelven a plantar cara a la crisis\" - COPE Alcoy","og_description":"En este 27 de marzo se celebra el D\u00eda Mundial del Teatro y las compa\u00f1\u00edas de artes esc\u00e9nicas afrontan una...","og_url":"https:\/\/www.copealcoy.es\/es\/joanfran-rozalen-las-artes-escenicas-vuelven-a-plantar-cara-a-la-crisis\/","og_site_name":"COPE Alcoy","article_published_time":"2021-03-27T11:24:40+00:00","article_modified_time":"2021-03-27T11:28:03+00:00","og_image":[{"width":960,"height":720,"url":"https:\/\/www.copealcoy.es\/wp-content\/uploads\/2021\/03\/IMG-4859.jpg","type":"image\/jpeg"}],"author":"Cope Alcoy","twitter_misc":{"Escrito por":"Cope Alcoy","Tiempo de lectura":"2 minutos"},"schema":{"@context":"https:\/\/schema.org","@graph":[{"@type":"Article","@id":"https:\/\/www.copealcoy.es\/es\/joanfran-rozalen-las-artes-escenicas-vuelven-a-plantar-cara-a-la-crisis\/#article","isPartOf":{"@id":"https:\/\/www.copealcoy.es\/es\/joanfran-rozalen-las-artes-escenicas-vuelven-a-plantar-cara-a-la-crisis\/"},"author":{"name":"Cope Alcoy","@id":"https:\/\/www.copealcoy.es\/es\/#\/schema\/person\/e777c87fa024e57d40170af9df39882c"},"headline":"Joanfran Rozal\u00e9n: &#8220;las artes esc\u00e9nicas vuelven a plantar cara a la crisis&#8221;","datePublished":"2021-03-27T11:24:40+00:00","dateModified":"2021-03-27T11:28:03+00:00","mainEntityOfPage":{"@id":"https:\/\/www.copealcoy.es\/es\/joanfran-rozalen-las-artes-escenicas-vuelven-a-plantar-cara-a-la-crisis\/"},"wordCount":343,"commentCount":0,"image":{"@id":"https:\/\/www.copealcoy.es\/es\/joanfran-rozalen-las-artes-escenicas-vuelven-a-plantar-cara-a-la-crisis\/#primaryimage"},"thumbnailUrl":"https:\/\/www.copealcoy.es\/wp-content\/uploads\/2021\/03\/IMG-4859.jpg","keywords":["artes esc\u00e9nicas","Coronavirus","crisis sanitaria","D\u00eda Mundial del Teatro","Joanfran Rozal\u00e9n"],"articleSection":["Alcoy","Fiesta y Cultura","Noticias"],"inLanguage":"es"},{"@type":"WebPage","@id":"https:\/\/www.copealcoy.es\/es\/joanfran-rozalen-las-artes-escenicas-vuelven-a-plantar-cara-a-la-crisis\/","url":"https:\/\/www.copealcoy.es\/es\/joanfran-rozalen-las-artes-escenicas-vuelven-a-plantar-cara-a-la-crisis\/","name":"Joanfran Rozal\u00e9n: \"las artes esc\u00e9nicas vuelven a plantar cara a la crisis\" - COPE Alcoy","isPartOf":{"@id":"https:\/\/www.copealcoy.es\/es\/#website"},"primaryImageOfPage":{"@id":"https:\/\/www.copealcoy.es\/es\/joanfran-rozalen-las-artes-escenicas-vuelven-a-plantar-cara-a-la-crisis\/#primaryimage"},"image":{"@id":"https:\/\/www.copealcoy.es\/es\/joanfran-rozalen-las-artes-escenicas-vuelven-a-plantar-cara-a-la-crisis\/#primaryimage"},"thumbnailUrl":"https:\/\/www.copealcoy.es\/wp-content\/uploads\/2021\/03\/IMG-4859.jpg","datePublished":"2021-03-27T11:24:40+00:00","dateModified":"2021-03-27T11:28:03+00:00","author":{"@id":"https:\/\/www.copealcoy.es\/es\/#\/schema\/person\/e777c87fa024e57d40170af9df39882c"},"breadcrumb":{"@id":"https:\/\/www.copealcoy.es\/es\/joanfran-rozalen-las-artes-escenicas-vuelven-a-plantar-cara-a-la-crisis\/#breadcrumb"},"inLanguage":"es","potentialAction":[{"@type":"ReadAction","target":["https:\/\/www.copealcoy.es\/es\/joanfran-rozalen-las-artes-escenicas-vuelven-a-plantar-cara-a-la-crisis\/"]}]},{"@type":"ImageObject","inLanguage":"es","@id":"https:\/\/www.copealcoy.es\/es\/joanfran-rozalen-las-artes-escenicas-vuelven-a-plantar-cara-a-la-crisis\/#primaryimage","url":"https:\/\/www.copealcoy.es\/wp-content\/uploads\/2021\/03\/IMG-4859.jpg","contentUrl":"https:\/\/www.copealcoy.es\/wp-content\/uploads\/2021\/03\/IMG-4859.jpg","width":960,"height":720},{"@type":"BreadcrumbList","@id":"https:\/\/www.copealcoy.es\/es\/joanfran-rozalen-las-artes-escenicas-vuelven-a-plantar-cara-a-la-crisis\/#breadcrumb","itemListElement":[{"@type":"ListItem","position":1,"name":"Portada","item":"https:\/\/www.copealcoy.es\/es\/"},{"@type":"ListItem","position":2,"name":"Joanfran Rozal\u00e9n: &#8220;las artes esc\u00e9nicas vuelven a plantar cara a la crisis&#8221;"}]},{"@type":"WebSite","@id":"https:\/\/www.copealcoy.es\/es\/#website","url":"https:\/\/www.copealcoy.es\/es\/","name":"COPE Alcoy","description":"Emisora COPE de radio local con emisi\u00f3n online. Pont de Sant Jordi 8-10 03803 Alcoy","potentialAction":[{"@type":"SearchAction","target":{"@type":"EntryPoint","urlTemplate":"https:\/\/www.copealcoy.es\/es\/?s={search_term_string}"},"query-input":{"@type":"PropertyValueSpecification","valueRequired":true,"valueName":"search_term_string"}}],"inLanguage":"es"},{"@type":"Person","@id":"https:\/\/www.copealcoy.es\/es\/#\/schema\/person\/e777c87fa024e57d40170af9df39882c","name":"Cope Alcoy","image":{"@type":"ImageObject","inLanguage":"es","@id":"https:\/\/secure.gravatar.com\/avatar\/bb65d0283347e303893ba14f0692005417c1e0e690a325a4c5d8bb2b3943ee14?s=96&d=mm&r=g","url":"https:\/\/secure.gravatar.com\/avatar\/bb65d0283347e303893ba14f0692005417c1e0e690a325a4c5d8bb2b3943ee14?s=96&d=mm&r=g","contentUrl":"https:\/\/secure.gravatar.com\/avatar\/bb65d0283347e303893ba14f0692005417c1e0e690a325a4c5d8bb2b3943ee14?s=96&d=mm&r=g","caption":"Cope Alcoy"}}]}},"_links":{"self":[{"href":"https:\/\/www.copealcoy.es\/es\/wp-json\/wp\/v2\/posts\/72357","targetHints":{"allow":["GET"]}}],"collection":[{"href":"https:\/\/www.copealcoy.es\/es\/wp-json\/wp\/v2\/posts"}],"about":[{"href":"https:\/\/www.copealcoy.es\/es\/wp-json\/wp\/v2\/types\/post"}],"author":[{"embeddable":true,"href":"https:\/\/www.copealcoy.es\/es\/wp-json\/wp\/v2\/users\/1"}],"replies":[{"embeddable":true,"href":"https:\/\/www.copealcoy.es\/es\/wp-json\/wp\/v2\/comments?post=72357"}],"version-history":[{"count":0,"href":"https:\/\/www.copealcoy.es\/es\/wp-json\/wp\/v2\/posts\/72357\/revisions"}],"wp:featuredmedia":[{"embeddable":true,"href":"https:\/\/www.copealcoy.es\/es\/wp-json\/wp\/v2\/media\/72358"}],"wp:attachment":[{"href":"https:\/\/www.copealcoy.es\/es\/wp-json\/wp\/v2\/media?parent=72357"}],"wp:term":[{"taxonomy":"category","embeddable":true,"href":"https:\/\/www.copealcoy.es\/es\/wp-json\/wp\/v2\/categories?post=72357"},{"taxonomy":"post_tag","embeddable":true,"href":"https:\/\/www.copealcoy.es\/es\/wp-json\/wp\/v2\/tags?post=72357"}],"curies":[{"name":"wp","href":"https:\/\/api.w.org\/{rel}","templated":true}]}}