{"id":72298,"date":"2021-03-26T10:31:23","date_gmt":"2021-03-26T09:31:23","guid":{"rendered":"https:\/\/www.copealcoy.es\/?p=72298"},"modified":"2021-03-26T10:42:54","modified_gmt":"2021-03-26T09:42:54","slug":"carmelitas-recorre-alcoy-en-bicicleta","status":"publish","type":"post","link":"https:\/\/www.copealcoy.es\/es\/carmelitas-recorre-alcoy-en-bicicleta\/","title":{"rendered":"Carmelitas recorre Alcoy en bicicleta"},"content":{"rendered":"<p class=\"p1\" style=\"text-align: justify;\"><span class=\"s1\">El <strong>Colegio Carmelitas Fundaci\u00f3n Vedruna Educaci\u00f3n de Alcoy<\/strong> est\u00e1 participando en <strong>una actividad enmarcada<\/strong> dentro del <strong>programa &#8220;Esport a l\u2019escola&#8221; de la Conselleria d\u2019Educaci\u00f3, Cultura i Esport de la Generalitat Valenciana<\/strong>. En este tipo de actividades tienen preferencia <strong>los centros CEPAFE<\/strong> (Centre promotor de l\u2019actividad f\u00edsica i l\u2019esport) y en este caso Carmelitas lleva 10 a\u00f1os si\u00e9ndolo.\u00a0<\/span><\/p>\n<p class=\"p1\" style=\"text-align: justify;\"><span class=\"s1\">La propuesta que han realizado los alumnos <strong>consta de una s<\/strong><\/span><span class=\"s1\"><strong>esi\u00f3n te\u00f3rica y dos sesiones pr\u00e1cticas<\/strong> en las que se han desarrollado un <\/span><span class=\"s1\">circuito de habilidades con bicis y u <\/span><span class=\"s1\">recorrido por la ciudad en bici. <\/span><span class=\"s1\">Dichas sesiones <strong>han sido impartidas<\/strong> por dos monitores especializados. Todo el material (bicis, cascos, petos&#8230;) <strong>han sido facilitados<\/strong> por la organizaci\u00f3n de esta actividad.<\/span><\/p>\n<p class=\"p1\" style=\"text-align: justify;\"><span class=\"s1\">Indicar que el Presidente de la Generalitat, <strong>Ximo Puig<\/strong>, ha enviado una carta al centro educativo en reconocimiento a esta iniciativa de promoci\u00f3n del deporte.\u00a0<\/span><\/p>\n","protected":false},"excerpt":{"rendered":"<p>El Colegio Carmelitas Fundaci\u00f3n Vedruna Educaci\u00f3n de Alcoy est\u00e1 participando en una actividad enmarcada dentro del programa &#8220;Esport a l\u2019escola&#8221;&#8230;<\/p>\n","protected":false},"author":1,"featured_media":72299,"comment_status":"open","ping_status":"open","sticky":false,"template":"","format":"standard","meta":{"footnotes":""},"categories":[97,900,75],"tags":[5249,6000,11066,994,1728],"class_list":["post-72298","post","type-post","status-publish","format-standard","has-post-thumbnail","hentry","category-alcoy","category-educacion","category-noticias","tag-actividad","tag-bicicletas","tag-carmelitas-alcoy","tag-generalitat-valenciana","tag-ximo-puig"],"yoast_head":"<!-- This site is optimized with the Yoast SEO plugin v27.3 - https:\/\/yoast.com\/product\/yoast-seo-wordpress\/ -->\n<title>Carmelitas recorre Alcoy en bicicleta - COPE Alcoy<\/title>\n<meta name=\"robots\" content=\"index, follow, max-snippet:-1, max-image-preview:large, max-video-preview:-1\" \/>\n<link rel=\"canonical\" href=\"https:\/\/www.copealcoy.es\/es\/carmelitas-recorre-alcoy-en-bicicleta\/\" \/>\n<meta property=\"og:locale\" content=\"es_ES\" \/>\n<meta property=\"og:type\" content=\"article\" \/>\n<meta property=\"og:title\" content=\"Carmelitas recorre Alcoy en bicicleta - COPE Alcoy\" \/>\n<meta property=\"og:description\" content=\"El Colegio Carmelitas Fundaci\u00f3n Vedruna Educaci\u00f3n de Alcoy est\u00e1 participando en una actividad enmarcada dentro del programa &#8220;Esport a l\u2019escola&#8221;...\" \/>\n<meta property=\"og:url\" content=\"https:\/\/www.copealcoy.es\/es\/carmelitas-recorre-alcoy-en-bicicleta\/\" \/>\n<meta property=\"og:site_name\" content=\"COPE Alcoy\" \/>\n<meta property=\"article:published_time\" content=\"2021-03-26T09:31:23+00:00\" \/>\n<meta property=\"article:modified_time\" content=\"2021-03-26T09:42:54+00:00\" \/>\n<meta property=\"og:image\" content=\"https:\/\/www.copealcoy.es\/wp-content\/uploads\/2021\/03\/51718.jpg\" \/>\n\t<meta property=\"og:image:width\" content=\"640\" \/>\n\t<meta property=\"og:image:height\" content=\"480\" \/>\n\t<meta property=\"og:image:type\" content=\"image\/jpeg\" \/>\n<meta name=\"author\" content=\"Cope Alcoy\" \/>\n<meta name=\"twitter:label1\" content=\"Escrito por\" \/>\n\t<meta name=\"twitter:data1\" content=\"Cope Alcoy\" \/>\n\t<meta name=\"twitter:label2\" content=\"Tiempo de lectura\" \/>\n\t<meta name=\"twitter:data2\" content=\"1 minuto\" \/>\n<script type=\"application\/ld+json\" class=\"yoast-schema-graph\">{\"@context\":\"https:\\\/\\\/schema.org\",\"@graph\":[{\"@type\":\"Article\",\"@id\":\"https:\\\/\\\/www.copealcoy.es\\\/es\\\/carmelitas-recorre-alcoy-en-bicicleta\\\/#article\",\"isPartOf\":{\"@id\":\"https:\\\/\\\/www.copealcoy.es\\\/es\\\/carmelitas-recorre-alcoy-en-bicicleta\\\/\"},\"author\":{\"name\":\"Cope Alcoy\",\"@id\":\"https:\\\/\\\/www.copealcoy.es\\\/es\\\/#\\\/schema\\\/person\\\/e777c87fa024e57d40170af9df39882c\"},\"headline\":\"Carmelitas recorre Alcoy en bicicleta\",\"datePublished\":\"2021-03-26T09:31:23+00:00\",\"dateModified\":\"2021-03-26T09:42:54+00:00\",\"mainEntityOfPage\":{\"@id\":\"https:\\\/\\\/www.copealcoy.es\\\/es\\\/carmelitas-recorre-alcoy-en-bicicleta\\\/\"},\"wordCount\":161,\"commentCount\":0,\"image\":{\"@id\":\"https:\\\/\\\/www.copealcoy.es\\\/es\\\/carmelitas-recorre-alcoy-en-bicicleta\\\/#primaryimage\"},\"thumbnailUrl\":\"https:\\\/\\\/www.copealcoy.es\\\/wp-content\\\/uploads\\\/2021\\\/03\\\/51718.jpg\",\"keywords\":[\"actividad\",\"bicicletas\",\"Carmelitas Alcoy\",\"Generalitat Valenciana\",\"Ximo Puig\"],\"articleSection\":[\"Alcoy\",\"Educaci\u00f3n\",\"Noticias\"],\"inLanguage\":\"es\"},{\"@type\":\"WebPage\",\"@id\":\"https:\\\/\\\/www.copealcoy.es\\\/es\\\/carmelitas-recorre-alcoy-en-bicicleta\\\/\",\"url\":\"https:\\\/\\\/www.copealcoy.es\\\/es\\\/carmelitas-recorre-alcoy-en-bicicleta\\\/\",\"name\":\"Carmelitas recorre Alcoy en bicicleta - COPE Alcoy\",\"isPartOf\":{\"@id\":\"https:\\\/\\\/www.copealcoy.es\\\/es\\\/#website\"},\"primaryImageOfPage\":{\"@id\":\"https:\\\/\\\/www.copealcoy.es\\\/es\\\/carmelitas-recorre-alcoy-en-bicicleta\\\/#primaryimage\"},\"image\":{\"@id\":\"https:\\\/\\\/www.copealcoy.es\\\/es\\\/carmelitas-recorre-alcoy-en-bicicleta\\\/#primaryimage\"},\"thumbnailUrl\":\"https:\\\/\\\/www.copealcoy.es\\\/wp-content\\\/uploads\\\/2021\\\/03\\\/51718.jpg\",\"datePublished\":\"2021-03-26T09:31:23+00:00\",\"dateModified\":\"2021-03-26T09:42:54+00:00\",\"author\":{\"@id\":\"https:\\\/\\\/www.copealcoy.es\\\/es\\\/#\\\/schema\\\/person\\\/e777c87fa024e57d40170af9df39882c\"},\"breadcrumb\":{\"@id\":\"https:\\\/\\\/www.copealcoy.es\\\/es\\\/carmelitas-recorre-alcoy-en-bicicleta\\\/#breadcrumb\"},\"inLanguage\":\"es\",\"potentialAction\":[{\"@type\":\"ReadAction\",\"target\":[\"https:\\\/\\\/www.copealcoy.es\\\/es\\\/carmelitas-recorre-alcoy-en-bicicleta\\\/\"]}]},{\"@type\":\"ImageObject\",\"inLanguage\":\"es\",\"@id\":\"https:\\\/\\\/www.copealcoy.es\\\/es\\\/carmelitas-recorre-alcoy-en-bicicleta\\\/#primaryimage\",\"url\":\"https:\\\/\\\/www.copealcoy.es\\\/wp-content\\\/uploads\\\/2021\\\/03\\\/51718.jpg\",\"contentUrl\":\"https:\\\/\\\/www.copealcoy.es\\\/wp-content\\\/uploads\\\/2021\\\/03\\\/51718.jpg\",\"width\":640,\"height\":480},{\"@type\":\"BreadcrumbList\",\"@id\":\"https:\\\/\\\/www.copealcoy.es\\\/es\\\/carmelitas-recorre-alcoy-en-bicicleta\\\/#breadcrumb\",\"itemListElement\":[{\"@type\":\"ListItem\",\"position\":1,\"name\":\"Portada\",\"item\":\"https:\\\/\\\/www.copealcoy.es\\\/es\\\/\"},{\"@type\":\"ListItem\",\"position\":2,\"name\":\"Carmelitas recorre Alcoy en bicicleta\"}]},{\"@type\":\"WebSite\",\"@id\":\"https:\\\/\\\/www.copealcoy.es\\\/es\\\/#website\",\"url\":\"https:\\\/\\\/www.copealcoy.es\\\/es\\\/\",\"name\":\"COPE Alcoy\",\"description\":\"Emisora COPE de radio local con emisi\u00f3n online. Pont de Sant Jordi 8-10 03803 Alcoy\",\"potentialAction\":[{\"@type\":\"SearchAction\",\"target\":{\"@type\":\"EntryPoint\",\"urlTemplate\":\"https:\\\/\\\/www.copealcoy.es\\\/es\\\/?s={search_term_string}\"},\"query-input\":{\"@type\":\"PropertyValueSpecification\",\"valueRequired\":true,\"valueName\":\"search_term_string\"}}],\"inLanguage\":\"es\"},{\"@type\":\"Person\",\"@id\":\"https:\\\/\\\/www.copealcoy.es\\\/es\\\/#\\\/schema\\\/person\\\/e777c87fa024e57d40170af9df39882c\",\"name\":\"Cope Alcoy\",\"image\":{\"@type\":\"ImageObject\",\"inLanguage\":\"es\",\"@id\":\"https:\\\/\\\/secure.gravatar.com\\\/avatar\\\/bb65d0283347e303893ba14f0692005417c1e0e690a325a4c5d8bb2b3943ee14?s=96&d=mm&r=g\",\"url\":\"https:\\\/\\\/secure.gravatar.com\\\/avatar\\\/bb65d0283347e303893ba14f0692005417c1e0e690a325a4c5d8bb2b3943ee14?s=96&d=mm&r=g\",\"contentUrl\":\"https:\\\/\\\/secure.gravatar.com\\\/avatar\\\/bb65d0283347e303893ba14f0692005417c1e0e690a325a4c5d8bb2b3943ee14?s=96&d=mm&r=g\",\"caption\":\"Cope Alcoy\"}}]}<\/script>\n<!-- \/ Yoast SEO plugin. -->","yoast_head_json":{"title":"Carmelitas recorre Alcoy en bicicleta - COPE Alcoy","robots":{"index":"index","follow":"follow","max-snippet":"max-snippet:-1","max-image-preview":"max-image-preview:large","max-video-preview":"max-video-preview:-1"},"canonical":"https:\/\/www.copealcoy.es\/es\/carmelitas-recorre-alcoy-en-bicicleta\/","og_locale":"es_ES","og_type":"article","og_title":"Carmelitas recorre Alcoy en bicicleta - COPE Alcoy","og_description":"El Colegio Carmelitas Fundaci\u00f3n Vedruna Educaci\u00f3n de Alcoy est\u00e1 participando en una actividad enmarcada dentro del programa &#8220;Esport a l\u2019escola&#8221;...","og_url":"https:\/\/www.copealcoy.es\/es\/carmelitas-recorre-alcoy-en-bicicleta\/","og_site_name":"COPE Alcoy","article_published_time":"2021-03-26T09:31:23+00:00","article_modified_time":"2021-03-26T09:42:54+00:00","og_image":[{"width":640,"height":480,"url":"https:\/\/www.copealcoy.es\/wp-content\/uploads\/2021\/03\/51718.jpg","type":"image\/jpeg"}],"author":"Cope Alcoy","twitter_misc":{"Escrito por":"Cope Alcoy","Tiempo de lectura":"1 minuto"},"schema":{"@context":"https:\/\/schema.org","@graph":[{"@type":"Article","@id":"https:\/\/www.copealcoy.es\/es\/carmelitas-recorre-alcoy-en-bicicleta\/#article","isPartOf":{"@id":"https:\/\/www.copealcoy.es\/es\/carmelitas-recorre-alcoy-en-bicicleta\/"},"author":{"name":"Cope Alcoy","@id":"https:\/\/www.copealcoy.es\/es\/#\/schema\/person\/e777c87fa024e57d40170af9df39882c"},"headline":"Carmelitas recorre Alcoy en bicicleta","datePublished":"2021-03-26T09:31:23+00:00","dateModified":"2021-03-26T09:42:54+00:00","mainEntityOfPage":{"@id":"https:\/\/www.copealcoy.es\/es\/carmelitas-recorre-alcoy-en-bicicleta\/"},"wordCount":161,"commentCount":0,"image":{"@id":"https:\/\/www.copealcoy.es\/es\/carmelitas-recorre-alcoy-en-bicicleta\/#primaryimage"},"thumbnailUrl":"https:\/\/www.copealcoy.es\/wp-content\/uploads\/2021\/03\/51718.jpg","keywords":["actividad","bicicletas","Carmelitas Alcoy","Generalitat Valenciana","Ximo Puig"],"articleSection":["Alcoy","Educaci\u00f3n","Noticias"],"inLanguage":"es"},{"@type":"WebPage","@id":"https:\/\/www.copealcoy.es\/es\/carmelitas-recorre-alcoy-en-bicicleta\/","url":"https:\/\/www.copealcoy.es\/es\/carmelitas-recorre-alcoy-en-bicicleta\/","name":"Carmelitas recorre Alcoy en bicicleta - COPE Alcoy","isPartOf":{"@id":"https:\/\/www.copealcoy.es\/es\/#website"},"primaryImageOfPage":{"@id":"https:\/\/www.copealcoy.es\/es\/carmelitas-recorre-alcoy-en-bicicleta\/#primaryimage"},"image":{"@id":"https:\/\/www.copealcoy.es\/es\/carmelitas-recorre-alcoy-en-bicicleta\/#primaryimage"},"thumbnailUrl":"https:\/\/www.copealcoy.es\/wp-content\/uploads\/2021\/03\/51718.jpg","datePublished":"2021-03-26T09:31:23+00:00","dateModified":"2021-03-26T09:42:54+00:00","author":{"@id":"https:\/\/www.copealcoy.es\/es\/#\/schema\/person\/e777c87fa024e57d40170af9df39882c"},"breadcrumb":{"@id":"https:\/\/www.copealcoy.es\/es\/carmelitas-recorre-alcoy-en-bicicleta\/#breadcrumb"},"inLanguage":"es","potentialAction":[{"@type":"ReadAction","target":["https:\/\/www.copealcoy.es\/es\/carmelitas-recorre-alcoy-en-bicicleta\/"]}]},{"@type":"ImageObject","inLanguage":"es","@id":"https:\/\/www.copealcoy.es\/es\/carmelitas-recorre-alcoy-en-bicicleta\/#primaryimage","url":"https:\/\/www.copealcoy.es\/wp-content\/uploads\/2021\/03\/51718.jpg","contentUrl":"https:\/\/www.copealcoy.es\/wp-content\/uploads\/2021\/03\/51718.jpg","width":640,"height":480},{"@type":"BreadcrumbList","@id":"https:\/\/www.copealcoy.es\/es\/carmelitas-recorre-alcoy-en-bicicleta\/#breadcrumb","itemListElement":[{"@type":"ListItem","position":1,"name":"Portada","item":"https:\/\/www.copealcoy.es\/es\/"},{"@type":"ListItem","position":2,"name":"Carmelitas recorre Alcoy en bicicleta"}]},{"@type":"WebSite","@id":"https:\/\/www.copealcoy.es\/es\/#website","url":"https:\/\/www.copealcoy.es\/es\/","name":"COPE Alcoy","description":"Emisora COPE de radio local con emisi\u00f3n online. Pont de Sant Jordi 8-10 03803 Alcoy","potentialAction":[{"@type":"SearchAction","target":{"@type":"EntryPoint","urlTemplate":"https:\/\/www.copealcoy.es\/es\/?s={search_term_string}"},"query-input":{"@type":"PropertyValueSpecification","valueRequired":true,"valueName":"search_term_string"}}],"inLanguage":"es"},{"@type":"Person","@id":"https:\/\/www.copealcoy.es\/es\/#\/schema\/person\/e777c87fa024e57d40170af9df39882c","name":"Cope Alcoy","image":{"@type":"ImageObject","inLanguage":"es","@id":"https:\/\/secure.gravatar.com\/avatar\/bb65d0283347e303893ba14f0692005417c1e0e690a325a4c5d8bb2b3943ee14?s=96&d=mm&r=g","url":"https:\/\/secure.gravatar.com\/avatar\/bb65d0283347e303893ba14f0692005417c1e0e690a325a4c5d8bb2b3943ee14?s=96&d=mm&r=g","contentUrl":"https:\/\/secure.gravatar.com\/avatar\/bb65d0283347e303893ba14f0692005417c1e0e690a325a4c5d8bb2b3943ee14?s=96&d=mm&r=g","caption":"Cope Alcoy"}}]}},"_links":{"self":[{"href":"https:\/\/www.copealcoy.es\/es\/wp-json\/wp\/v2\/posts\/72298","targetHints":{"allow":["GET"]}}],"collection":[{"href":"https:\/\/www.copealcoy.es\/es\/wp-json\/wp\/v2\/posts"}],"about":[{"href":"https:\/\/www.copealcoy.es\/es\/wp-json\/wp\/v2\/types\/post"}],"author":[{"embeddable":true,"href":"https:\/\/www.copealcoy.es\/es\/wp-json\/wp\/v2\/users\/1"}],"replies":[{"embeddable":true,"href":"https:\/\/www.copealcoy.es\/es\/wp-json\/wp\/v2\/comments?post=72298"}],"version-history":[{"count":0,"href":"https:\/\/www.copealcoy.es\/es\/wp-json\/wp\/v2\/posts\/72298\/revisions"}],"wp:featuredmedia":[{"embeddable":true,"href":"https:\/\/www.copealcoy.es\/es\/wp-json\/wp\/v2\/media\/72299"}],"wp:attachment":[{"href":"https:\/\/www.copealcoy.es\/es\/wp-json\/wp\/v2\/media?parent=72298"}],"wp:term":[{"taxonomy":"category","embeddable":true,"href":"https:\/\/www.copealcoy.es\/es\/wp-json\/wp\/v2\/categories?post=72298"},{"taxonomy":"post_tag","embeddable":true,"href":"https:\/\/www.copealcoy.es\/es\/wp-json\/wp\/v2\/tags?post=72298"}],"curies":[{"name":"wp","href":"https:\/\/api.w.org\/{rel}","templated":true}]}}