{"id":72289,"date":"2021-03-26T08:37:01","date_gmt":"2021-03-26T07:37:01","guid":{"rendered":"https:\/\/www.copealcoy.es\/?p=72289"},"modified":"2021-03-26T08:38:21","modified_gmt":"2021-03-26T07:38:21","slug":"generalitat-valenciana-a-los-madrilenos-esta-semana-santa-no-podemos-vernos-pero-os-queremos","status":"publish","type":"post","link":"https:\/\/www.copealcoy.es\/es\/generalitat-valenciana-a-los-madrilenos-esta-semana-santa-no-podemos-vernos-pero-os-queremos\/","title":{"rendered":"Generalitat Valenciana a los madrile\u00f1os: &#8220;esta Semana Santa no podemos vernos, pero os queremos&#8221;"},"content":{"rendered":"<p style=\"text-align: justify;\">El\u00a0<strong>Gobierno Valenciano<\/strong>\u00a0ha puesto en marcha una campa\u00f1a de publicidad a nivel nacional para\u00a0<strong>evitar desplazamientos innecesarios en las vacaciones de Semana Santa<\/strong>. La Comunitat mantiene su cierre perimetral, pero\u00a0<strong>son muchos los ciudadanos de otras comunidades y tambi\u00e9n la madrile\u00f1a<\/strong>\u00a0que tienen su segunda residencia en nuestro territorio o que eligen la Comunitat como destino vacacional o de ocio.<\/p>\n<p style=\"text-align: justify;\">Las restricciones y la prudencia son clave para &#8220;sobrevivir&#8221; a la Semana Santa sin que ello suponga un sobresalto en los contagios y en la incidencia del virus en la Comunitat, pero desde la Generalitat tambi\u00e9n son conscientes del peso que el turismo nacional tiene en la Comunitat valenciana.<\/p>\n<p style=\"text-align: justify;\">Por eso, con esta campa\u00f1a el Gobienro valenciano pretende lograr\u00a0<strong>dos objetivos<\/strong>:\u00a0<strong>por un lado, hacer un gui\u00f1o a los madrile\u00f1os y turistas nacionales para que sigan confiando en la Comunitat, y por otro disuadir a aquellos que pese a las restricciones tuvieran pensado venir a la Comunitat.<\/strong><\/p>\n<p style=\"text-align: justify;\">La campa\u00f1a consta de un video para difundir en redes sociales y tambien de una cu\u00f1a radiof\u00f3nica en la que destaca el sonido del mar y la naturaleza, para dar paso a la voz de una mujer que dice: &#8220;Nos encanta compartir lo nuestro con las personas que ven\u00eds de Madrid. Qu\u00e9 ganas tenemos de recibiros y daros un abrazo de bienvenida&#8221;. Y a\u00f1ade:\u00a0<strong>&#8220;Esta Semana Santa no podremos vernos, pero pronto estaremos juntos. Os queremos&#8221;.<\/strong><\/p>\n<p style=\"text-align: justify;\">Esta misma semana el President Ximo Puig aseguraba que si todo va bien, el verano sera un buen momento para reencuentros, precisamente en un mensaje dirigido a todos aquellos que siempre conf\u00edan en la Comunitat como destino tur\u00edstico.<\/p>\n<p style=\"text-align: justify;\">La campa\u00f1a\u00a0 se prolongar\u00e1 durante toda la Semana Santa y Pascua. La Comunitat ha logrado reducir la incidencia acumulada a niveles de r\u00e9cord y por ello insiste en apelar a la responsabilidad ciudadana para no tener que dar pasos atr\u00e1s en la desescalada. De hecho el Gobierno valenciano mantiene las restricciones hasta el pr\u00f3ximo 12 de abril que recordemos son las m\u00e1s duras de toda Espa\u00f1a.<\/p>\n","protected":false},"excerpt":{"rendered":"<p>El\u00a0Gobierno Valenciano\u00a0ha puesto en marcha una campa\u00f1a de publicidad a nivel nacional para\u00a0evitar desplazamientos innecesarios en las vacaciones de Semana&#8230;<\/p>\n","protected":false},"author":1,"featured_media":70341,"comment_status":"open","ping_status":"open","sticky":false,"template":"","format":"standard","meta":{"footnotes":""},"categories":[97,75,79],"tags":[199,994,1575,745,514],"class_list":["post-72289","post","type-post","status-publish","format-standard","has-post-thumbnail","hentry","category-alcoy","category-noticias","category-politicayeconomia","tag-campana","tag-generalitat-valenciana","tag-madrid","tag-semana-santa","tag-turismo"],"yoast_head":"<!-- This site is optimized with the Yoast SEO plugin v27.3 - https:\/\/yoast.com\/product\/yoast-seo-wordpress\/ -->\n<title>Generalitat Valenciana a los madrile\u00f1os: &quot;esta Semana Santa no podemos vernos, pero os queremos&quot; - COPE Alcoy<\/title>\n<meta name=\"robots\" content=\"index, follow, max-snippet:-1, max-image-preview:large, max-video-preview:-1\" \/>\n<link rel=\"canonical\" href=\"https:\/\/www.copealcoy.es\/es\/generalitat-valenciana-a-los-madrilenos-esta-semana-santa-no-podemos-vernos-pero-os-queremos\/\" \/>\n<meta property=\"og:locale\" content=\"es_ES\" \/>\n<meta property=\"og:type\" content=\"article\" \/>\n<meta property=\"og:title\" content=\"Generalitat Valenciana a los madrile\u00f1os: &quot;esta Semana Santa no podemos vernos, pero os queremos&quot; - COPE Alcoy\" \/>\n<meta property=\"og:description\" content=\"El\u00a0Gobierno Valenciano\u00a0ha puesto en marcha una campa\u00f1a de publicidad a nivel nacional para\u00a0evitar desplazamientos innecesarios en las vacaciones de Semana...\" \/>\n<meta property=\"og:url\" content=\"https:\/\/www.copealcoy.es\/es\/generalitat-valenciana-a-los-madrilenos-esta-semana-santa-no-podemos-vernos-pero-os-queremos\/\" \/>\n<meta property=\"og:site_name\" content=\"COPE Alcoy\" \/>\n<meta property=\"article:published_time\" content=\"2021-03-26T07:37:01+00:00\" \/>\n<meta property=\"article:modified_time\" content=\"2021-03-26T07:38:21+00:00\" \/>\n<meta property=\"og:image\" content=\"https:\/\/www.copealcoy.es\/wp-content\/uploads\/2021\/01\/cierre-perimetral.jpg\" \/>\n\t<meta property=\"og:image:width\" content=\"976\" \/>\n\t<meta property=\"og:image:height\" content=\"602\" \/>\n\t<meta property=\"og:image:type\" content=\"image\/jpeg\" \/>\n<meta name=\"author\" content=\"Cope Alcoy\" \/>\n<meta name=\"twitter:label1\" content=\"Escrito por\" \/>\n\t<meta name=\"twitter:data1\" content=\"Cope Alcoy\" \/>\n\t<meta name=\"twitter:label2\" content=\"Tiempo de lectura\" \/>\n\t<meta name=\"twitter:data2\" content=\"2 minutos\" \/>\n<script type=\"application\/ld+json\" class=\"yoast-schema-graph\">{\"@context\":\"https:\\\/\\\/schema.org\",\"@graph\":[{\"@type\":\"Article\",\"@id\":\"https:\\\/\\\/www.copealcoy.es\\\/es\\\/generalitat-valenciana-a-los-madrilenos-esta-semana-santa-no-podemos-vernos-pero-os-queremos\\\/#article\",\"isPartOf\":{\"@id\":\"https:\\\/\\\/www.copealcoy.es\\\/es\\\/generalitat-valenciana-a-los-madrilenos-esta-semana-santa-no-podemos-vernos-pero-os-queremos\\\/\"},\"author\":{\"name\":\"Cope Alcoy\",\"@id\":\"https:\\\/\\\/www.copealcoy.es\\\/es\\\/#\\\/schema\\\/person\\\/e777c87fa024e57d40170af9df39882c\"},\"headline\":\"Generalitat Valenciana a los madrile\u00f1os: &#8220;esta Semana Santa no podemos vernos, pero os queremos&#8221;\",\"datePublished\":\"2021-03-26T07:37:01+00:00\",\"dateModified\":\"2021-03-26T07:38:21+00:00\",\"mainEntityOfPage\":{\"@id\":\"https:\\\/\\\/www.copealcoy.es\\\/es\\\/generalitat-valenciana-a-los-madrilenos-esta-semana-santa-no-podemos-vernos-pero-os-queremos\\\/\"},\"wordCount\":372,\"commentCount\":0,\"image\":{\"@id\":\"https:\\\/\\\/www.copealcoy.es\\\/es\\\/generalitat-valenciana-a-los-madrilenos-esta-semana-santa-no-podemos-vernos-pero-os-queremos\\\/#primaryimage\"},\"thumbnailUrl\":\"https:\\\/\\\/www.copealcoy.es\\\/wp-content\\\/uploads\\\/2021\\\/01\\\/cierre-perimetral.jpg\",\"keywords\":[\"Campa\u00f1a\",\"Generalitat Valenciana\",\"Madrid\",\"Semana Santa\",\"Turismo\"],\"articleSection\":[\"Alcoy\",\"Noticias\",\"Pol\u00edtica y Econom\u00eda\"],\"inLanguage\":\"es\"},{\"@type\":\"WebPage\",\"@id\":\"https:\\\/\\\/www.copealcoy.es\\\/es\\\/generalitat-valenciana-a-los-madrilenos-esta-semana-santa-no-podemos-vernos-pero-os-queremos\\\/\",\"url\":\"https:\\\/\\\/www.copealcoy.es\\\/es\\\/generalitat-valenciana-a-los-madrilenos-esta-semana-santa-no-podemos-vernos-pero-os-queremos\\\/\",\"name\":\"Generalitat Valenciana a los madrile\u00f1os: \\\"esta Semana Santa no podemos vernos, pero os queremos\\\" - COPE Alcoy\",\"isPartOf\":{\"@id\":\"https:\\\/\\\/www.copealcoy.es\\\/es\\\/#website\"},\"primaryImageOfPage\":{\"@id\":\"https:\\\/\\\/www.copealcoy.es\\\/es\\\/generalitat-valenciana-a-los-madrilenos-esta-semana-santa-no-podemos-vernos-pero-os-queremos\\\/#primaryimage\"},\"image\":{\"@id\":\"https:\\\/\\\/www.copealcoy.es\\\/es\\\/generalitat-valenciana-a-los-madrilenos-esta-semana-santa-no-podemos-vernos-pero-os-queremos\\\/#primaryimage\"},\"thumbnailUrl\":\"https:\\\/\\\/www.copealcoy.es\\\/wp-content\\\/uploads\\\/2021\\\/01\\\/cierre-perimetral.jpg\",\"datePublished\":\"2021-03-26T07:37:01+00:00\",\"dateModified\":\"2021-03-26T07:38:21+00:00\",\"author\":{\"@id\":\"https:\\\/\\\/www.copealcoy.es\\\/es\\\/#\\\/schema\\\/person\\\/e777c87fa024e57d40170af9df39882c\"},\"breadcrumb\":{\"@id\":\"https:\\\/\\\/www.copealcoy.es\\\/es\\\/generalitat-valenciana-a-los-madrilenos-esta-semana-santa-no-podemos-vernos-pero-os-queremos\\\/#breadcrumb\"},\"inLanguage\":\"es\",\"potentialAction\":[{\"@type\":\"ReadAction\",\"target\":[\"https:\\\/\\\/www.copealcoy.es\\\/es\\\/generalitat-valenciana-a-los-madrilenos-esta-semana-santa-no-podemos-vernos-pero-os-queremos\\\/\"]}]},{\"@type\":\"ImageObject\",\"inLanguage\":\"es\",\"@id\":\"https:\\\/\\\/www.copealcoy.es\\\/es\\\/generalitat-valenciana-a-los-madrilenos-esta-semana-santa-no-podemos-vernos-pero-os-queremos\\\/#primaryimage\",\"url\":\"https:\\\/\\\/www.copealcoy.es\\\/wp-content\\\/uploads\\\/2021\\\/01\\\/cierre-perimetral.jpg\",\"contentUrl\":\"https:\\\/\\\/www.copealcoy.es\\\/wp-content\\\/uploads\\\/2021\\\/01\\\/cierre-perimetral.jpg\",\"width\":976,\"height\":602},{\"@type\":\"BreadcrumbList\",\"@id\":\"https:\\\/\\\/www.copealcoy.es\\\/es\\\/generalitat-valenciana-a-los-madrilenos-esta-semana-santa-no-podemos-vernos-pero-os-queremos\\\/#breadcrumb\",\"itemListElement\":[{\"@type\":\"ListItem\",\"position\":1,\"name\":\"Portada\",\"item\":\"https:\\\/\\\/www.copealcoy.es\\\/es\\\/\"},{\"@type\":\"ListItem\",\"position\":2,\"name\":\"Generalitat Valenciana a los madrile\u00f1os: &#8220;esta Semana Santa no podemos vernos, pero os queremos&#8221;\"}]},{\"@type\":\"WebSite\",\"@id\":\"https:\\\/\\\/www.copealcoy.es\\\/es\\\/#website\",\"url\":\"https:\\\/\\\/www.copealcoy.es\\\/es\\\/\",\"name\":\"COPE Alcoy\",\"description\":\"Emisora COPE de radio local con emisi\u00f3n online. Pont de Sant Jordi 8-10 03803 Alcoy\",\"potentialAction\":[{\"@type\":\"SearchAction\",\"target\":{\"@type\":\"EntryPoint\",\"urlTemplate\":\"https:\\\/\\\/www.copealcoy.es\\\/es\\\/?s={search_term_string}\"},\"query-input\":{\"@type\":\"PropertyValueSpecification\",\"valueRequired\":true,\"valueName\":\"search_term_string\"}}],\"inLanguage\":\"es\"},{\"@type\":\"Person\",\"@id\":\"https:\\\/\\\/www.copealcoy.es\\\/es\\\/#\\\/schema\\\/person\\\/e777c87fa024e57d40170af9df39882c\",\"name\":\"Cope Alcoy\",\"image\":{\"@type\":\"ImageObject\",\"inLanguage\":\"es\",\"@id\":\"https:\\\/\\\/secure.gravatar.com\\\/avatar\\\/bb65d0283347e303893ba14f0692005417c1e0e690a325a4c5d8bb2b3943ee14?s=96&d=mm&r=g\",\"url\":\"https:\\\/\\\/secure.gravatar.com\\\/avatar\\\/bb65d0283347e303893ba14f0692005417c1e0e690a325a4c5d8bb2b3943ee14?s=96&d=mm&r=g\",\"contentUrl\":\"https:\\\/\\\/secure.gravatar.com\\\/avatar\\\/bb65d0283347e303893ba14f0692005417c1e0e690a325a4c5d8bb2b3943ee14?s=96&d=mm&r=g\",\"caption\":\"Cope Alcoy\"}}]}<\/script>\n<!-- \/ Yoast SEO plugin. -->","yoast_head_json":{"title":"Generalitat Valenciana a los madrile\u00f1os: \"esta Semana Santa no podemos vernos, pero os queremos\" - COPE Alcoy","robots":{"index":"index","follow":"follow","max-snippet":"max-snippet:-1","max-image-preview":"max-image-preview:large","max-video-preview":"max-video-preview:-1"},"canonical":"https:\/\/www.copealcoy.es\/es\/generalitat-valenciana-a-los-madrilenos-esta-semana-santa-no-podemos-vernos-pero-os-queremos\/","og_locale":"es_ES","og_type":"article","og_title":"Generalitat Valenciana a los madrile\u00f1os: \"esta Semana Santa no podemos vernos, pero os queremos\" - COPE Alcoy","og_description":"El\u00a0Gobierno Valenciano\u00a0ha puesto en marcha una campa\u00f1a de publicidad a nivel nacional para\u00a0evitar desplazamientos innecesarios en las vacaciones de Semana...","og_url":"https:\/\/www.copealcoy.es\/es\/generalitat-valenciana-a-los-madrilenos-esta-semana-santa-no-podemos-vernos-pero-os-queremos\/","og_site_name":"COPE Alcoy","article_published_time":"2021-03-26T07:37:01+00:00","article_modified_time":"2021-03-26T07:38:21+00:00","og_image":[{"width":976,"height":602,"url":"https:\/\/www.copealcoy.es\/wp-content\/uploads\/2021\/01\/cierre-perimetral.jpg","type":"image\/jpeg"}],"author":"Cope Alcoy","twitter_misc":{"Escrito por":"Cope Alcoy","Tiempo de lectura":"2 minutos"},"schema":{"@context":"https:\/\/schema.org","@graph":[{"@type":"Article","@id":"https:\/\/www.copealcoy.es\/es\/generalitat-valenciana-a-los-madrilenos-esta-semana-santa-no-podemos-vernos-pero-os-queremos\/#article","isPartOf":{"@id":"https:\/\/www.copealcoy.es\/es\/generalitat-valenciana-a-los-madrilenos-esta-semana-santa-no-podemos-vernos-pero-os-queremos\/"},"author":{"name":"Cope Alcoy","@id":"https:\/\/www.copealcoy.es\/es\/#\/schema\/person\/e777c87fa024e57d40170af9df39882c"},"headline":"Generalitat Valenciana a los madrile\u00f1os: &#8220;esta Semana Santa no podemos vernos, pero os queremos&#8221;","datePublished":"2021-03-26T07:37:01+00:00","dateModified":"2021-03-26T07:38:21+00:00","mainEntityOfPage":{"@id":"https:\/\/www.copealcoy.es\/es\/generalitat-valenciana-a-los-madrilenos-esta-semana-santa-no-podemos-vernos-pero-os-queremos\/"},"wordCount":372,"commentCount":0,"image":{"@id":"https:\/\/www.copealcoy.es\/es\/generalitat-valenciana-a-los-madrilenos-esta-semana-santa-no-podemos-vernos-pero-os-queremos\/#primaryimage"},"thumbnailUrl":"https:\/\/www.copealcoy.es\/wp-content\/uploads\/2021\/01\/cierre-perimetral.jpg","keywords":["Campa\u00f1a","Generalitat Valenciana","Madrid","Semana Santa","Turismo"],"articleSection":["Alcoy","Noticias","Pol\u00edtica y Econom\u00eda"],"inLanguage":"es"},{"@type":"WebPage","@id":"https:\/\/www.copealcoy.es\/es\/generalitat-valenciana-a-los-madrilenos-esta-semana-santa-no-podemos-vernos-pero-os-queremos\/","url":"https:\/\/www.copealcoy.es\/es\/generalitat-valenciana-a-los-madrilenos-esta-semana-santa-no-podemos-vernos-pero-os-queremos\/","name":"Generalitat Valenciana a los madrile\u00f1os: \"esta Semana Santa no podemos vernos, pero os queremos\" - COPE Alcoy","isPartOf":{"@id":"https:\/\/www.copealcoy.es\/es\/#website"},"primaryImageOfPage":{"@id":"https:\/\/www.copealcoy.es\/es\/generalitat-valenciana-a-los-madrilenos-esta-semana-santa-no-podemos-vernos-pero-os-queremos\/#primaryimage"},"image":{"@id":"https:\/\/www.copealcoy.es\/es\/generalitat-valenciana-a-los-madrilenos-esta-semana-santa-no-podemos-vernos-pero-os-queremos\/#primaryimage"},"thumbnailUrl":"https:\/\/www.copealcoy.es\/wp-content\/uploads\/2021\/01\/cierre-perimetral.jpg","datePublished":"2021-03-26T07:37:01+00:00","dateModified":"2021-03-26T07:38:21+00:00","author":{"@id":"https:\/\/www.copealcoy.es\/es\/#\/schema\/person\/e777c87fa024e57d40170af9df39882c"},"breadcrumb":{"@id":"https:\/\/www.copealcoy.es\/es\/generalitat-valenciana-a-los-madrilenos-esta-semana-santa-no-podemos-vernos-pero-os-queremos\/#breadcrumb"},"inLanguage":"es","potentialAction":[{"@type":"ReadAction","target":["https:\/\/www.copealcoy.es\/es\/generalitat-valenciana-a-los-madrilenos-esta-semana-santa-no-podemos-vernos-pero-os-queremos\/"]}]},{"@type":"ImageObject","inLanguage":"es","@id":"https:\/\/www.copealcoy.es\/es\/generalitat-valenciana-a-los-madrilenos-esta-semana-santa-no-podemos-vernos-pero-os-queremos\/#primaryimage","url":"https:\/\/www.copealcoy.es\/wp-content\/uploads\/2021\/01\/cierre-perimetral.jpg","contentUrl":"https:\/\/www.copealcoy.es\/wp-content\/uploads\/2021\/01\/cierre-perimetral.jpg","width":976,"height":602},{"@type":"BreadcrumbList","@id":"https:\/\/www.copealcoy.es\/es\/generalitat-valenciana-a-los-madrilenos-esta-semana-santa-no-podemos-vernos-pero-os-queremos\/#breadcrumb","itemListElement":[{"@type":"ListItem","position":1,"name":"Portada","item":"https:\/\/www.copealcoy.es\/es\/"},{"@type":"ListItem","position":2,"name":"Generalitat Valenciana a los madrile\u00f1os: &#8220;esta Semana Santa no podemos vernos, pero os queremos&#8221;"}]},{"@type":"WebSite","@id":"https:\/\/www.copealcoy.es\/es\/#website","url":"https:\/\/www.copealcoy.es\/es\/","name":"COPE Alcoy","description":"Emisora COPE de radio local con emisi\u00f3n online. Pont de Sant Jordi 8-10 03803 Alcoy","potentialAction":[{"@type":"SearchAction","target":{"@type":"EntryPoint","urlTemplate":"https:\/\/www.copealcoy.es\/es\/?s={search_term_string}"},"query-input":{"@type":"PropertyValueSpecification","valueRequired":true,"valueName":"search_term_string"}}],"inLanguage":"es"},{"@type":"Person","@id":"https:\/\/www.copealcoy.es\/es\/#\/schema\/person\/e777c87fa024e57d40170af9df39882c","name":"Cope Alcoy","image":{"@type":"ImageObject","inLanguage":"es","@id":"https:\/\/secure.gravatar.com\/avatar\/bb65d0283347e303893ba14f0692005417c1e0e690a325a4c5d8bb2b3943ee14?s=96&d=mm&r=g","url":"https:\/\/secure.gravatar.com\/avatar\/bb65d0283347e303893ba14f0692005417c1e0e690a325a4c5d8bb2b3943ee14?s=96&d=mm&r=g","contentUrl":"https:\/\/secure.gravatar.com\/avatar\/bb65d0283347e303893ba14f0692005417c1e0e690a325a4c5d8bb2b3943ee14?s=96&d=mm&r=g","caption":"Cope Alcoy"}}]}},"_links":{"self":[{"href":"https:\/\/www.copealcoy.es\/es\/wp-json\/wp\/v2\/posts\/72289","targetHints":{"allow":["GET"]}}],"collection":[{"href":"https:\/\/www.copealcoy.es\/es\/wp-json\/wp\/v2\/posts"}],"about":[{"href":"https:\/\/www.copealcoy.es\/es\/wp-json\/wp\/v2\/types\/post"}],"author":[{"embeddable":true,"href":"https:\/\/www.copealcoy.es\/es\/wp-json\/wp\/v2\/users\/1"}],"replies":[{"embeddable":true,"href":"https:\/\/www.copealcoy.es\/es\/wp-json\/wp\/v2\/comments?post=72289"}],"version-history":[{"count":0,"href":"https:\/\/www.copealcoy.es\/es\/wp-json\/wp\/v2\/posts\/72289\/revisions"}],"wp:featuredmedia":[{"embeddable":true,"href":"https:\/\/www.copealcoy.es\/es\/wp-json\/wp\/v2\/media\/70341"}],"wp:attachment":[{"href":"https:\/\/www.copealcoy.es\/es\/wp-json\/wp\/v2\/media?parent=72289"}],"wp:term":[{"taxonomy":"category","embeddable":true,"href":"https:\/\/www.copealcoy.es\/es\/wp-json\/wp\/v2\/categories?post=72289"},{"taxonomy":"post_tag","embeddable":true,"href":"https:\/\/www.copealcoy.es\/es\/wp-json\/wp\/v2\/tags?post=72289"}],"curies":[{"name":"wp","href":"https:\/\/api.w.org\/{rel}","templated":true}]}}