{"id":72222,"date":"2021-03-24T19:21:01","date_gmt":"2021-03-24T18:21:01","guid":{"rendered":"https:\/\/www.copealcoy.es\/?p=72222"},"modified":"2021-03-24T19:31:21","modified_gmt":"2021-03-24T18:31:21","slug":"erasmus-carmelitas-intercambio-europeo-en-tiempos-de-pandemia","status":"publish","type":"post","link":"https:\/\/www.copealcoy.es\/es\/erasmus-carmelitas-intercambio-europeo-en-tiempos-de-pandemia\/","title":{"rendered":"Erasmus + Carmelitas: intercambio Europeo en tiempos de pandemia"},"content":{"rendered":"<p style=\"text-align: justify;\">Tres <strong>alumnas espa\u00f1olas<\/strong> charlan amigablemente con <strong>dos compa\u00f1eros franceses<\/strong>, mientras <strong>otro grupo intercambia recetas alcoyanas<\/strong> con un chico y una chica de Estonia. Las <strong>dificultades del idioma<\/strong> se ven superadas por <strong>las ganas de comunicarse<\/strong> y todos ellos <strong>ponen en pr\u00e1ctica<\/strong> sus conocimientos de ingl\u00e9s, franc\u00e9s o espa\u00f1ol.<\/p>\n<p style=\"text-align: justify;\">Parec\u00eda que la pandemia lo har\u00eda imposible pero ah\u00ed est\u00e1n, <strong>felices de conocerse al fin <\/strong>y <strong>poder compartir <\/strong>este momento. Todos juntos en la amplia Sala del \u00c1gora que <strong>amablemente\u00a0 ha prestado el Ayuntamiento de Alcoy al Centro Educativo<\/strong>. As\u00ed han discurrido <strong>las primeras jornadas Erasmus+ con\u00a0 movilidad virtual<\/strong> organizadas por el Colegio Carmelitas de Alcoy. Ni la distancia ni el Covid-19 ha impedido <strong>poder desarrollar las actividades previstas en este ilusionante proyecto<\/strong> que, con el t\u00edtulo <strong>\u201cEurope, different origins, a common future\u201d<\/strong>, Carmelitas comparte con el <strong>Colegio Le Bastion de Carcassonne (Francia)<\/strong> y el <strong>Colegio Deskartes de Tartu (Estonia)<\/strong>.<\/p>\n<p style=\"text-align: justify;\">Durante el 17 y 18 de marzo el alumnado de estos tres Colegios <strong>han puesto en pr\u00e1ctica sus conocimientos de idiomas, conocerse y compartir con sus socios comunitarios<\/strong> recetas t\u00edpicas de cada pa\u00eds. Y ahora toca cocinar, <strong>otra parte divertida<\/strong> del proyecto. Cada alumno <strong>tendr\u00e1 que preparar una de las recetas<\/strong> facilitadas por sus compa\u00f1eros europeos. Todo <strong>un reto<\/strong> para estos estudiantes de 2\u00ba, 3\u00ba y 4\u00ba de ESO.<\/p>\n<p style=\"text-align: justify;\">El Colegio Carmelitas Vedruna, con una tradici\u00f3n de casi 20 a\u00f1os en intercambios europeos, <strong>es el coordinador de este proyecto Erasmus+ que tiene una duraci\u00f3n de dos a\u00f1os<\/strong>. En este curso los intercambios <strong>son virtuales<\/strong> pero conf\u00edan en que la situaci\u00f3n mejore y el pr\u00f3ximo a\u00f1o sus alumnos <strong>puedan volver a visitar<\/strong> diferentes pa\u00edses de la Uni\u00f3n Europea.<\/p>\n","protected":false},"excerpt":{"rendered":"<p>Tres alumnas espa\u00f1olas charlan amigablemente con dos compa\u00f1eros franceses, mientras otro grupo intercambia recetas alcoyanas con un chico y una&#8230;<\/p>\n","protected":false},"author":1,"featured_media":72223,"comment_status":"open","ping_status":"open","sticky":false,"template":"","format":"standard","meta":{"footnotes":""},"categories":[97,900,75],"tags":[718,7281,4183,11056,11057],"class_list":["post-72222","post","type-post","status-publish","format-standard","has-post-thumbnail","hentry","category-alcoy","category-educacion","category-noticias","tag-carmelitas","tag-coronavirus","tag-erasmus","tag-intercambio-europeo","tag-tiempos-de-pandemia"],"yoast_head":"<!-- This site is optimized with the Yoast SEO plugin v27.3 - https:\/\/yoast.com\/product\/yoast-seo-wordpress\/ -->\n<title>Erasmus + Carmelitas: intercambio Europeo en tiempos de pandemia - COPE Alcoy<\/title>\n<meta name=\"robots\" content=\"index, follow, max-snippet:-1, max-image-preview:large, max-video-preview:-1\" \/>\n<link rel=\"canonical\" href=\"https:\/\/www.copealcoy.es\/es\/erasmus-carmelitas-intercambio-europeo-en-tiempos-de-pandemia\/\" \/>\n<meta property=\"og:locale\" content=\"es_ES\" \/>\n<meta property=\"og:type\" content=\"article\" \/>\n<meta property=\"og:title\" content=\"Erasmus + Carmelitas: intercambio Europeo en tiempos de pandemia - COPE Alcoy\" \/>\n<meta property=\"og:description\" content=\"Tres alumnas espa\u00f1olas charlan amigablemente con dos compa\u00f1eros franceses, mientras otro grupo intercambia recetas alcoyanas con un chico y una...\" \/>\n<meta property=\"og:url\" content=\"https:\/\/www.copealcoy.es\/es\/erasmus-carmelitas-intercambio-europeo-en-tiempos-de-pandemia\/\" \/>\n<meta property=\"og:site_name\" content=\"COPE Alcoy\" \/>\n<meta property=\"article:published_time\" content=\"2021-03-24T18:21:01+00:00\" \/>\n<meta property=\"article:modified_time\" content=\"2021-03-24T18:31:21+00:00\" \/>\n<meta property=\"og:image\" content=\"https:\/\/www.copealcoy.es\/wp-content\/uploads\/2021\/03\/foto-Erasmus.jpeg\" \/>\n\t<meta property=\"og:image:width\" content=\"640\" \/>\n\t<meta property=\"og:image:height\" content=\"480\" \/>\n\t<meta property=\"og:image:type\" content=\"image\/jpeg\" \/>\n<meta name=\"author\" content=\"Cope Alcoy\" \/>\n<meta name=\"twitter:label1\" content=\"Escrito por\" \/>\n\t<meta name=\"twitter:data1\" content=\"Cope Alcoy\" \/>\n\t<meta name=\"twitter:label2\" content=\"Tiempo de lectura\" \/>\n\t<meta name=\"twitter:data2\" content=\"1 minuto\" \/>\n<script type=\"application\/ld+json\" class=\"yoast-schema-graph\">{\"@context\":\"https:\\\/\\\/schema.org\",\"@graph\":[{\"@type\":\"Article\",\"@id\":\"https:\\\/\\\/www.copealcoy.es\\\/es\\\/erasmus-carmelitas-intercambio-europeo-en-tiempos-de-pandemia\\\/#article\",\"isPartOf\":{\"@id\":\"https:\\\/\\\/www.copealcoy.es\\\/es\\\/erasmus-carmelitas-intercambio-europeo-en-tiempos-de-pandemia\\\/\"},\"author\":{\"name\":\"Cope Alcoy\",\"@id\":\"https:\\\/\\\/www.copealcoy.es\\\/es\\\/#\\\/schema\\\/person\\\/e777c87fa024e57d40170af9df39882c\"},\"headline\":\"Erasmus + Carmelitas: intercambio Europeo en tiempos de pandemia\",\"datePublished\":\"2021-03-24T18:21:01+00:00\",\"dateModified\":\"2021-03-24T18:31:21+00:00\",\"mainEntityOfPage\":{\"@id\":\"https:\\\/\\\/www.copealcoy.es\\\/es\\\/erasmus-carmelitas-intercambio-europeo-en-tiempos-de-pandemia\\\/\"},\"wordCount\":301,\"commentCount\":0,\"image\":{\"@id\":\"https:\\\/\\\/www.copealcoy.es\\\/es\\\/erasmus-carmelitas-intercambio-europeo-en-tiempos-de-pandemia\\\/#primaryimage\"},\"thumbnailUrl\":\"https:\\\/\\\/www.copealcoy.es\\\/wp-content\\\/uploads\\\/2021\\\/03\\\/foto-Erasmus.jpeg\",\"keywords\":[\"Carmelitas\",\"Coronavirus\",\"Erasmus\",\"intercambio Europeo\",\"tiempos de pandemia\"],\"articleSection\":[\"Alcoy\",\"Educaci\u00f3n\",\"Noticias\"],\"inLanguage\":\"es\"},{\"@type\":\"WebPage\",\"@id\":\"https:\\\/\\\/www.copealcoy.es\\\/es\\\/erasmus-carmelitas-intercambio-europeo-en-tiempos-de-pandemia\\\/\",\"url\":\"https:\\\/\\\/www.copealcoy.es\\\/es\\\/erasmus-carmelitas-intercambio-europeo-en-tiempos-de-pandemia\\\/\",\"name\":\"Erasmus + Carmelitas: intercambio Europeo en tiempos de pandemia - COPE Alcoy\",\"isPartOf\":{\"@id\":\"https:\\\/\\\/www.copealcoy.es\\\/es\\\/#website\"},\"primaryImageOfPage\":{\"@id\":\"https:\\\/\\\/www.copealcoy.es\\\/es\\\/erasmus-carmelitas-intercambio-europeo-en-tiempos-de-pandemia\\\/#primaryimage\"},\"image\":{\"@id\":\"https:\\\/\\\/www.copealcoy.es\\\/es\\\/erasmus-carmelitas-intercambio-europeo-en-tiempos-de-pandemia\\\/#primaryimage\"},\"thumbnailUrl\":\"https:\\\/\\\/www.copealcoy.es\\\/wp-content\\\/uploads\\\/2021\\\/03\\\/foto-Erasmus.jpeg\",\"datePublished\":\"2021-03-24T18:21:01+00:00\",\"dateModified\":\"2021-03-24T18:31:21+00:00\",\"author\":{\"@id\":\"https:\\\/\\\/www.copealcoy.es\\\/es\\\/#\\\/schema\\\/person\\\/e777c87fa024e57d40170af9df39882c\"},\"breadcrumb\":{\"@id\":\"https:\\\/\\\/www.copealcoy.es\\\/es\\\/erasmus-carmelitas-intercambio-europeo-en-tiempos-de-pandemia\\\/#breadcrumb\"},\"inLanguage\":\"es\",\"potentialAction\":[{\"@type\":\"ReadAction\",\"target\":[\"https:\\\/\\\/www.copealcoy.es\\\/es\\\/erasmus-carmelitas-intercambio-europeo-en-tiempos-de-pandemia\\\/\"]}]},{\"@type\":\"ImageObject\",\"inLanguage\":\"es\",\"@id\":\"https:\\\/\\\/www.copealcoy.es\\\/es\\\/erasmus-carmelitas-intercambio-europeo-en-tiempos-de-pandemia\\\/#primaryimage\",\"url\":\"https:\\\/\\\/www.copealcoy.es\\\/wp-content\\\/uploads\\\/2021\\\/03\\\/foto-Erasmus.jpeg\",\"contentUrl\":\"https:\\\/\\\/www.copealcoy.es\\\/wp-content\\\/uploads\\\/2021\\\/03\\\/foto-Erasmus.jpeg\",\"width\":640,\"height\":480},{\"@type\":\"BreadcrumbList\",\"@id\":\"https:\\\/\\\/www.copealcoy.es\\\/es\\\/erasmus-carmelitas-intercambio-europeo-en-tiempos-de-pandemia\\\/#breadcrumb\",\"itemListElement\":[{\"@type\":\"ListItem\",\"position\":1,\"name\":\"Portada\",\"item\":\"https:\\\/\\\/www.copealcoy.es\\\/es\\\/\"},{\"@type\":\"ListItem\",\"position\":2,\"name\":\"Erasmus + Carmelitas: intercambio Europeo en tiempos de pandemia\"}]},{\"@type\":\"WebSite\",\"@id\":\"https:\\\/\\\/www.copealcoy.es\\\/es\\\/#website\",\"url\":\"https:\\\/\\\/www.copealcoy.es\\\/es\\\/\",\"name\":\"COPE Alcoy\",\"description\":\"Emisora COPE de radio local con emisi\u00f3n online. Pont de Sant Jordi 8-10 03803 Alcoy\",\"potentialAction\":[{\"@type\":\"SearchAction\",\"target\":{\"@type\":\"EntryPoint\",\"urlTemplate\":\"https:\\\/\\\/www.copealcoy.es\\\/es\\\/?s={search_term_string}\"},\"query-input\":{\"@type\":\"PropertyValueSpecification\",\"valueRequired\":true,\"valueName\":\"search_term_string\"}}],\"inLanguage\":\"es\"},{\"@type\":\"Person\",\"@id\":\"https:\\\/\\\/www.copealcoy.es\\\/es\\\/#\\\/schema\\\/person\\\/e777c87fa024e57d40170af9df39882c\",\"name\":\"Cope Alcoy\",\"image\":{\"@type\":\"ImageObject\",\"inLanguage\":\"es\",\"@id\":\"https:\\\/\\\/secure.gravatar.com\\\/avatar\\\/bb65d0283347e303893ba14f0692005417c1e0e690a325a4c5d8bb2b3943ee14?s=96&d=mm&r=g\",\"url\":\"https:\\\/\\\/secure.gravatar.com\\\/avatar\\\/bb65d0283347e303893ba14f0692005417c1e0e690a325a4c5d8bb2b3943ee14?s=96&d=mm&r=g\",\"contentUrl\":\"https:\\\/\\\/secure.gravatar.com\\\/avatar\\\/bb65d0283347e303893ba14f0692005417c1e0e690a325a4c5d8bb2b3943ee14?s=96&d=mm&r=g\",\"caption\":\"Cope Alcoy\"}}]}<\/script>\n<!-- \/ Yoast SEO plugin. -->","yoast_head_json":{"title":"Erasmus + Carmelitas: intercambio Europeo en tiempos de pandemia - COPE Alcoy","robots":{"index":"index","follow":"follow","max-snippet":"max-snippet:-1","max-image-preview":"max-image-preview:large","max-video-preview":"max-video-preview:-1"},"canonical":"https:\/\/www.copealcoy.es\/es\/erasmus-carmelitas-intercambio-europeo-en-tiempos-de-pandemia\/","og_locale":"es_ES","og_type":"article","og_title":"Erasmus + Carmelitas: intercambio Europeo en tiempos de pandemia - COPE Alcoy","og_description":"Tres alumnas espa\u00f1olas charlan amigablemente con dos compa\u00f1eros franceses, mientras otro grupo intercambia recetas alcoyanas con un chico y una...","og_url":"https:\/\/www.copealcoy.es\/es\/erasmus-carmelitas-intercambio-europeo-en-tiempos-de-pandemia\/","og_site_name":"COPE Alcoy","article_published_time":"2021-03-24T18:21:01+00:00","article_modified_time":"2021-03-24T18:31:21+00:00","og_image":[{"width":640,"height":480,"url":"https:\/\/www.copealcoy.es\/wp-content\/uploads\/2021\/03\/foto-Erasmus.jpeg","type":"image\/jpeg"}],"author":"Cope Alcoy","twitter_misc":{"Escrito por":"Cope Alcoy","Tiempo de lectura":"1 minuto"},"schema":{"@context":"https:\/\/schema.org","@graph":[{"@type":"Article","@id":"https:\/\/www.copealcoy.es\/es\/erasmus-carmelitas-intercambio-europeo-en-tiempos-de-pandemia\/#article","isPartOf":{"@id":"https:\/\/www.copealcoy.es\/es\/erasmus-carmelitas-intercambio-europeo-en-tiempos-de-pandemia\/"},"author":{"name":"Cope Alcoy","@id":"https:\/\/www.copealcoy.es\/es\/#\/schema\/person\/e777c87fa024e57d40170af9df39882c"},"headline":"Erasmus + Carmelitas: intercambio Europeo en tiempos de pandemia","datePublished":"2021-03-24T18:21:01+00:00","dateModified":"2021-03-24T18:31:21+00:00","mainEntityOfPage":{"@id":"https:\/\/www.copealcoy.es\/es\/erasmus-carmelitas-intercambio-europeo-en-tiempos-de-pandemia\/"},"wordCount":301,"commentCount":0,"image":{"@id":"https:\/\/www.copealcoy.es\/es\/erasmus-carmelitas-intercambio-europeo-en-tiempos-de-pandemia\/#primaryimage"},"thumbnailUrl":"https:\/\/www.copealcoy.es\/wp-content\/uploads\/2021\/03\/foto-Erasmus.jpeg","keywords":["Carmelitas","Coronavirus","Erasmus","intercambio Europeo","tiempos de pandemia"],"articleSection":["Alcoy","Educaci\u00f3n","Noticias"],"inLanguage":"es"},{"@type":"WebPage","@id":"https:\/\/www.copealcoy.es\/es\/erasmus-carmelitas-intercambio-europeo-en-tiempos-de-pandemia\/","url":"https:\/\/www.copealcoy.es\/es\/erasmus-carmelitas-intercambio-europeo-en-tiempos-de-pandemia\/","name":"Erasmus + Carmelitas: intercambio Europeo en tiempos de pandemia - COPE Alcoy","isPartOf":{"@id":"https:\/\/www.copealcoy.es\/es\/#website"},"primaryImageOfPage":{"@id":"https:\/\/www.copealcoy.es\/es\/erasmus-carmelitas-intercambio-europeo-en-tiempos-de-pandemia\/#primaryimage"},"image":{"@id":"https:\/\/www.copealcoy.es\/es\/erasmus-carmelitas-intercambio-europeo-en-tiempos-de-pandemia\/#primaryimage"},"thumbnailUrl":"https:\/\/www.copealcoy.es\/wp-content\/uploads\/2021\/03\/foto-Erasmus.jpeg","datePublished":"2021-03-24T18:21:01+00:00","dateModified":"2021-03-24T18:31:21+00:00","author":{"@id":"https:\/\/www.copealcoy.es\/es\/#\/schema\/person\/e777c87fa024e57d40170af9df39882c"},"breadcrumb":{"@id":"https:\/\/www.copealcoy.es\/es\/erasmus-carmelitas-intercambio-europeo-en-tiempos-de-pandemia\/#breadcrumb"},"inLanguage":"es","potentialAction":[{"@type":"ReadAction","target":["https:\/\/www.copealcoy.es\/es\/erasmus-carmelitas-intercambio-europeo-en-tiempos-de-pandemia\/"]}]},{"@type":"ImageObject","inLanguage":"es","@id":"https:\/\/www.copealcoy.es\/es\/erasmus-carmelitas-intercambio-europeo-en-tiempos-de-pandemia\/#primaryimage","url":"https:\/\/www.copealcoy.es\/wp-content\/uploads\/2021\/03\/foto-Erasmus.jpeg","contentUrl":"https:\/\/www.copealcoy.es\/wp-content\/uploads\/2021\/03\/foto-Erasmus.jpeg","width":640,"height":480},{"@type":"BreadcrumbList","@id":"https:\/\/www.copealcoy.es\/es\/erasmus-carmelitas-intercambio-europeo-en-tiempos-de-pandemia\/#breadcrumb","itemListElement":[{"@type":"ListItem","position":1,"name":"Portada","item":"https:\/\/www.copealcoy.es\/es\/"},{"@type":"ListItem","position":2,"name":"Erasmus + Carmelitas: intercambio Europeo en tiempos de pandemia"}]},{"@type":"WebSite","@id":"https:\/\/www.copealcoy.es\/es\/#website","url":"https:\/\/www.copealcoy.es\/es\/","name":"COPE Alcoy","description":"Emisora COPE de radio local con emisi\u00f3n online. Pont de Sant Jordi 8-10 03803 Alcoy","potentialAction":[{"@type":"SearchAction","target":{"@type":"EntryPoint","urlTemplate":"https:\/\/www.copealcoy.es\/es\/?s={search_term_string}"},"query-input":{"@type":"PropertyValueSpecification","valueRequired":true,"valueName":"search_term_string"}}],"inLanguage":"es"},{"@type":"Person","@id":"https:\/\/www.copealcoy.es\/es\/#\/schema\/person\/e777c87fa024e57d40170af9df39882c","name":"Cope Alcoy","image":{"@type":"ImageObject","inLanguage":"es","@id":"https:\/\/secure.gravatar.com\/avatar\/bb65d0283347e303893ba14f0692005417c1e0e690a325a4c5d8bb2b3943ee14?s=96&d=mm&r=g","url":"https:\/\/secure.gravatar.com\/avatar\/bb65d0283347e303893ba14f0692005417c1e0e690a325a4c5d8bb2b3943ee14?s=96&d=mm&r=g","contentUrl":"https:\/\/secure.gravatar.com\/avatar\/bb65d0283347e303893ba14f0692005417c1e0e690a325a4c5d8bb2b3943ee14?s=96&d=mm&r=g","caption":"Cope Alcoy"}}]}},"_links":{"self":[{"href":"https:\/\/www.copealcoy.es\/es\/wp-json\/wp\/v2\/posts\/72222","targetHints":{"allow":["GET"]}}],"collection":[{"href":"https:\/\/www.copealcoy.es\/es\/wp-json\/wp\/v2\/posts"}],"about":[{"href":"https:\/\/www.copealcoy.es\/es\/wp-json\/wp\/v2\/types\/post"}],"author":[{"embeddable":true,"href":"https:\/\/www.copealcoy.es\/es\/wp-json\/wp\/v2\/users\/1"}],"replies":[{"embeddable":true,"href":"https:\/\/www.copealcoy.es\/es\/wp-json\/wp\/v2\/comments?post=72222"}],"version-history":[{"count":0,"href":"https:\/\/www.copealcoy.es\/es\/wp-json\/wp\/v2\/posts\/72222\/revisions"}],"wp:featuredmedia":[{"embeddable":true,"href":"https:\/\/www.copealcoy.es\/es\/wp-json\/wp\/v2\/media\/72223"}],"wp:attachment":[{"href":"https:\/\/www.copealcoy.es\/es\/wp-json\/wp\/v2\/media?parent=72222"}],"wp:term":[{"taxonomy":"category","embeddable":true,"href":"https:\/\/www.copealcoy.es\/es\/wp-json\/wp\/v2\/categories?post=72222"},{"taxonomy":"post_tag","embeddable":true,"href":"https:\/\/www.copealcoy.es\/es\/wp-json\/wp\/v2\/tags?post=72222"}],"curies":[{"name":"wp","href":"https:\/\/api.w.org\/{rel}","templated":true}]}}