{"id":72203,"date":"2021-03-24T13:24:05","date_gmt":"2021-03-24T12:24:05","guid":{"rendered":"https:\/\/www.copealcoy.es\/?p=72203"},"modified":"2021-03-24T18:14:16","modified_gmt":"2021-03-24T17:14:16","slug":"el-gobierno-estudia-endurecer-aun-mas-las-restricciones-para-semana-santa","status":"publish","type":"post","link":"https:\/\/www.copealcoy.es\/es\/el-gobierno-estudia-endurecer-aun-mas-las-restricciones-para-semana-santa\/","title":{"rendered":"El Gobierno estudia endurecer a\u00fan m\u00e1s las restricciones para Semana Santa"},"content":{"rendered":"<p style=\"text-align: justify;\">El&nbsp;<strong>Ministerio de Sanidad<\/strong>&nbsp;tiene sobre la mesa una serie de&nbsp;<strong>medidas que persiguen endurecer m\u00e1s si cabe las restricciones frente al virus de cara a las pr\u00f3ximas vacaciones en Semana Santa<\/strong>&nbsp;ante el aumento de contagios registrados tras el puente de San Jos\u00e9 en algunos territorios.<\/p>\n<p style=\"text-align: justify;\">Esta tarde se re\u00fane el&nbsp;<strong>Consejo Interterritorial de Sanidad y las Comunidades aut\u00f3nomas<\/strong>&nbsp;y el Gobierno espera y conf\u00eda que de la reuni\u00f3n pueda salir un acuerdo generalizado para restringir al m\u00e1ximo la movilidad y los contactos sociales, para que la Semana Santa no suponga un retroceso en el control del virus como advierten todos los expertos.<\/p>\n<p style=\"text-align: justify;\">En este sentido, entre las medidas que plantea el Ministerio de Sanidad a las Comunidades est\u00e1&nbsp;<strong>adelantar el cierre de los comercios no esenciales a las 8 de la tarde<\/strong>, as\u00ed como&nbsp;<strong>que la hosteler\u00eda adelante su cierre de forma que no se fomente el &#8220;tardeo&#8221;&nbsp;<\/strong>y se extiendan las reuniones sociales en los bares.<\/p>\n<p style=\"text-align: justify;\">De salir adelante este endurecimiento de las medidas, lo cierto es que&nbsp;<strong>poco o nada cambiar\u00eda la situaci\u00f3n en la Comunitat Valenciana que ya tiene restringido tanto el horario del comercio y de la hosteler\u00eda<\/strong>. De hecho,&nbsp;<strong>el President de la Generalitat, Ximo Puig asegur\u00f3 que la Comunitat es la que tiene las medidas m\u00e1s restrictivas de toda Espa\u00f1a<\/strong>, cuando anunci\u00f3 precisamente las nuevas normas que iban a regir el d\u00eda a d\u00eda de los valencianos hasta el pr\u00f3ximo d\u00eda 12 de abril, precisamente para avanzar con garant\u00edas en la desescalada y no dar pasos atr\u00e1s en la evoluci\u00f3n de la pandem\u00eda.<\/p>\n<p style=\"text-align: justify;\">De hecho,&nbsp;<strong>desde el pasado 15 de marzo, en la Comunitat Valenciana los bares y restaurantes mantienen su horario restringido hasta las 6 de la tarde, pese a que el sector ped\u00eda extenderlo a las 8 de la tarde o al toque de queda que en la Comunitat est\u00e1 fijado a las 10 de la noche<\/strong>.<\/p>\n<p style=\"text-align: justify;\">Adem\u00e1s&nbsp;<strong>el comercio no esencial<\/strong>&nbsp;aunque ampli\u00f3 su horario en dos horas m\u00e1s (antes del 15 de marzo, cerraba a las 6 de la tarde) sigue con un horario de apertura restringido y que la Generalitat&nbsp;<strong>estableci\u00f3 hasta las 8 de la tarde<\/strong>.<\/p>\n<p style=\"text-align: justify;\">Restricciones que<strong> de aprobarse en el Consejo Interterritorial de esta tarde<\/strong>, ya se vienen aplicando en la Comunitat valenciana y por tanto, <strong>no cambiar\u00edan los planes del gobierno auton\u00f3mico<\/strong> que en esta desescalada tiene la prudencia como m\u00e1xima en sus planes para recuperar poco a poco la normalidad y que la tan temida cuarta ola roce lo menos a un territorio que ha sufrido duramente la tercera ola de la pandemia.<\/p>\n<p style=\"text-align: justify;\">De hecho,&nbsp;<strong>el President de la Generalitat, Ximo Puig rechazaba ayer cualquier posibilidad de flexibilizaci\u00f3n de las restricciones antes de superar el periodo de Semana Santa,<\/strong>&nbsp;a tenor de la buena evoluci\u00f3n epidemiol\u00f3gica del territorio que registra una incidencia acumulada m\u00e1s reducida de toda Espa\u00f1a.<\/p>\n<p style=\"text-align: justify;\">Por lo tanto, se da por hecho que la Generalitat <strong>mostrar\u00e1 su apoyo al nuevo planteamiento del Ministerio de Sanidad<\/strong> en la reuni\u00f3n de esta tarde.<\/p>\n","protected":false},"excerpt":{"rendered":"<p>El&nbsp;Ministerio de Sanidad&nbsp;tiene sobre la mesa una serie de&nbsp;medidas que persiguen endurecer m\u00e1s si cabe las restricciones frente al virus&#8230;<\/p>\n","protected":false},"author":1,"featured_media":67503,"comment_status":"open","ping_status":"open","sticky":false,"template":"","format":"standard","meta":{"footnotes":""},"categories":[97,75,79],"tags":[7281,2618,400,745],"class_list":["post-72203","post","type-post","status-publish","format-standard","has-post-thumbnail","hentry","category-alcoy","category-noticias","category-politicayeconomia","tag-coronavirus","tag-gobierno-municipal","tag-restricciones","tag-semana-santa"],"yoast_head":"<!-- This site is optimized with the Yoast SEO plugin v27.3 - https:\/\/yoast.com\/product\/yoast-seo-wordpress\/ -->\n<title>El Gobierno estudia endurecer a\u00fan m\u00e1s las restricciones para Semana Santa - COPE Alcoy<\/title>\n<meta name=\"robots\" content=\"index, follow, max-snippet:-1, max-image-preview:large, max-video-preview:-1\" \/>\n<link rel=\"canonical\" href=\"https:\/\/www.copealcoy.es\/es\/el-gobierno-estudia-endurecer-aun-mas-las-restricciones-para-semana-santa\/\" \/>\n<meta property=\"og:locale\" content=\"es_ES\" \/>\n<meta property=\"og:type\" content=\"article\" \/>\n<meta property=\"og:title\" content=\"El Gobierno estudia endurecer a\u00fan m\u00e1s las restricciones para Semana Santa - COPE Alcoy\" \/>\n<meta property=\"og:description\" content=\"El&nbsp;Ministerio de Sanidad&nbsp;tiene sobre la mesa una serie de&nbsp;medidas que persiguen endurecer m\u00e1s si cabe las restricciones frente al virus...\" \/>\n<meta property=\"og:url\" content=\"https:\/\/www.copealcoy.es\/es\/el-gobierno-estudia-endurecer-aun-mas-las-restricciones-para-semana-santa\/\" \/>\n<meta property=\"og:site_name\" content=\"COPE Alcoy\" \/>\n<meta property=\"article:published_time\" content=\"2021-03-24T12:24:05+00:00\" \/>\n<meta property=\"article:modified_time\" content=\"2021-03-24T17:14:16+00:00\" \/>\n<meta property=\"og:image\" content=\"https:\/\/www.copealcoy.es\/wp-content\/uploads\/2020\/11\/1604407375263.jpg\" \/>\n\t<meta property=\"og:image:width\" content=\"976\" \/>\n\t<meta property=\"og:image:height\" content=\"539\" \/>\n\t<meta property=\"og:image:type\" content=\"image\/jpeg\" \/>\n<meta name=\"author\" content=\"Cope Alcoy\" \/>\n<meta name=\"twitter:label1\" content=\"Escrito por\" \/>\n\t<meta name=\"twitter:data1\" content=\"Cope Alcoy\" \/>\n\t<meta name=\"twitter:label2\" content=\"Tiempo de lectura\" \/>\n\t<meta name=\"twitter:data2\" content=\"3 minutos\" \/>\n<script type=\"application\/ld+json\" class=\"yoast-schema-graph\">{\"@context\":\"https:\\\/\\\/schema.org\",\"@graph\":[{\"@type\":\"Article\",\"@id\":\"https:\\\/\\\/www.copealcoy.es\\\/es\\\/el-gobierno-estudia-endurecer-aun-mas-las-restricciones-para-semana-santa\\\/#article\",\"isPartOf\":{\"@id\":\"https:\\\/\\\/www.copealcoy.es\\\/es\\\/el-gobierno-estudia-endurecer-aun-mas-las-restricciones-para-semana-santa\\\/\"},\"author\":{\"name\":\"Cope Alcoy\",\"@id\":\"https:\\\/\\\/www.copealcoy.es\\\/es\\\/#\\\/schema\\\/person\\\/e777c87fa024e57d40170af9df39882c\"},\"headline\":\"El Gobierno estudia endurecer a\u00fan m\u00e1s las restricciones para Semana Santa\",\"datePublished\":\"2021-03-24T12:24:05+00:00\",\"dateModified\":\"2021-03-24T17:14:16+00:00\",\"mainEntityOfPage\":{\"@id\":\"https:\\\/\\\/www.copealcoy.es\\\/es\\\/el-gobierno-estudia-endurecer-aun-mas-las-restricciones-para-semana-santa\\\/\"},\"wordCount\":556,\"commentCount\":0,\"image\":{\"@id\":\"https:\\\/\\\/www.copealcoy.es\\\/es\\\/el-gobierno-estudia-endurecer-aun-mas-las-restricciones-para-semana-santa\\\/#primaryimage\"},\"thumbnailUrl\":\"https:\\\/\\\/www.copealcoy.es\\\/wp-content\\\/uploads\\\/2020\\\/11\\\/1604407375263.jpg\",\"keywords\":[\"Coronavirus\",\"Gobierno Municipal\",\"Restricciones\",\"Semana Santa\"],\"articleSection\":[\"Alcoy\",\"Noticias\",\"Pol\u00edtica y Econom\u00eda\"],\"inLanguage\":\"es\"},{\"@type\":\"WebPage\",\"@id\":\"https:\\\/\\\/www.copealcoy.es\\\/es\\\/el-gobierno-estudia-endurecer-aun-mas-las-restricciones-para-semana-santa\\\/\",\"url\":\"https:\\\/\\\/www.copealcoy.es\\\/es\\\/el-gobierno-estudia-endurecer-aun-mas-las-restricciones-para-semana-santa\\\/\",\"name\":\"El Gobierno estudia endurecer a\u00fan m\u00e1s las restricciones para Semana Santa - COPE Alcoy\",\"isPartOf\":{\"@id\":\"https:\\\/\\\/www.copealcoy.es\\\/es\\\/#website\"},\"primaryImageOfPage\":{\"@id\":\"https:\\\/\\\/www.copealcoy.es\\\/es\\\/el-gobierno-estudia-endurecer-aun-mas-las-restricciones-para-semana-santa\\\/#primaryimage\"},\"image\":{\"@id\":\"https:\\\/\\\/www.copealcoy.es\\\/es\\\/el-gobierno-estudia-endurecer-aun-mas-las-restricciones-para-semana-santa\\\/#primaryimage\"},\"thumbnailUrl\":\"https:\\\/\\\/www.copealcoy.es\\\/wp-content\\\/uploads\\\/2020\\\/11\\\/1604407375263.jpg\",\"datePublished\":\"2021-03-24T12:24:05+00:00\",\"dateModified\":\"2021-03-24T17:14:16+00:00\",\"author\":{\"@id\":\"https:\\\/\\\/www.copealcoy.es\\\/es\\\/#\\\/schema\\\/person\\\/e777c87fa024e57d40170af9df39882c\"},\"breadcrumb\":{\"@id\":\"https:\\\/\\\/www.copealcoy.es\\\/es\\\/el-gobierno-estudia-endurecer-aun-mas-las-restricciones-para-semana-santa\\\/#breadcrumb\"},\"inLanguage\":\"es\",\"potentialAction\":[{\"@type\":\"ReadAction\",\"target\":[\"https:\\\/\\\/www.copealcoy.es\\\/es\\\/el-gobierno-estudia-endurecer-aun-mas-las-restricciones-para-semana-santa\\\/\"]}]},{\"@type\":\"ImageObject\",\"inLanguage\":\"es\",\"@id\":\"https:\\\/\\\/www.copealcoy.es\\\/es\\\/el-gobierno-estudia-endurecer-aun-mas-las-restricciones-para-semana-santa\\\/#primaryimage\",\"url\":\"https:\\\/\\\/www.copealcoy.es\\\/wp-content\\\/uploads\\\/2020\\\/11\\\/1604407375263.jpg\",\"contentUrl\":\"https:\\\/\\\/www.copealcoy.es\\\/wp-content\\\/uploads\\\/2020\\\/11\\\/1604407375263.jpg\",\"width\":976,\"height\":539},{\"@type\":\"BreadcrumbList\",\"@id\":\"https:\\\/\\\/www.copealcoy.es\\\/es\\\/el-gobierno-estudia-endurecer-aun-mas-las-restricciones-para-semana-santa\\\/#breadcrumb\",\"itemListElement\":[{\"@type\":\"ListItem\",\"position\":1,\"name\":\"Portada\",\"item\":\"https:\\\/\\\/www.copealcoy.es\\\/es\\\/\"},{\"@type\":\"ListItem\",\"position\":2,\"name\":\"El Gobierno estudia endurecer a\u00fan m\u00e1s las restricciones para Semana Santa\"}]},{\"@type\":\"WebSite\",\"@id\":\"https:\\\/\\\/www.copealcoy.es\\\/es\\\/#website\",\"url\":\"https:\\\/\\\/www.copealcoy.es\\\/es\\\/\",\"name\":\"COPE Alcoy\",\"description\":\"Emisora COPE de radio local con emisi\u00f3n online. Pont de Sant Jordi 8-10 03803 Alcoy\",\"potentialAction\":[{\"@type\":\"SearchAction\",\"target\":{\"@type\":\"EntryPoint\",\"urlTemplate\":\"https:\\\/\\\/www.copealcoy.es\\\/es\\\/?s={search_term_string}\"},\"query-input\":{\"@type\":\"PropertyValueSpecification\",\"valueRequired\":true,\"valueName\":\"search_term_string\"}}],\"inLanguage\":\"es\"},{\"@type\":\"Person\",\"@id\":\"https:\\\/\\\/www.copealcoy.es\\\/es\\\/#\\\/schema\\\/person\\\/e777c87fa024e57d40170af9df39882c\",\"name\":\"Cope Alcoy\",\"image\":{\"@type\":\"ImageObject\",\"inLanguage\":\"es\",\"@id\":\"https:\\\/\\\/secure.gravatar.com\\\/avatar\\\/bb65d0283347e303893ba14f0692005417c1e0e690a325a4c5d8bb2b3943ee14?s=96&d=mm&r=g\",\"url\":\"https:\\\/\\\/secure.gravatar.com\\\/avatar\\\/bb65d0283347e303893ba14f0692005417c1e0e690a325a4c5d8bb2b3943ee14?s=96&d=mm&r=g\",\"contentUrl\":\"https:\\\/\\\/secure.gravatar.com\\\/avatar\\\/bb65d0283347e303893ba14f0692005417c1e0e690a325a4c5d8bb2b3943ee14?s=96&d=mm&r=g\",\"caption\":\"Cope Alcoy\"}}]}<\/script>\n<!-- \/ Yoast SEO plugin. -->","yoast_head_json":{"title":"El Gobierno estudia endurecer a\u00fan m\u00e1s las restricciones para Semana Santa - COPE Alcoy","robots":{"index":"index","follow":"follow","max-snippet":"max-snippet:-1","max-image-preview":"max-image-preview:large","max-video-preview":"max-video-preview:-1"},"canonical":"https:\/\/www.copealcoy.es\/es\/el-gobierno-estudia-endurecer-aun-mas-las-restricciones-para-semana-santa\/","og_locale":"es_ES","og_type":"article","og_title":"El Gobierno estudia endurecer a\u00fan m\u00e1s las restricciones para Semana Santa - COPE Alcoy","og_description":"El&nbsp;Ministerio de Sanidad&nbsp;tiene sobre la mesa una serie de&nbsp;medidas que persiguen endurecer m\u00e1s si cabe las restricciones frente al virus...","og_url":"https:\/\/www.copealcoy.es\/es\/el-gobierno-estudia-endurecer-aun-mas-las-restricciones-para-semana-santa\/","og_site_name":"COPE Alcoy","article_published_time":"2021-03-24T12:24:05+00:00","article_modified_time":"2021-03-24T17:14:16+00:00","og_image":[{"width":976,"height":539,"url":"https:\/\/www.copealcoy.es\/wp-content\/uploads\/2020\/11\/1604407375263.jpg","type":"image\/jpeg"}],"author":"Cope Alcoy","twitter_misc":{"Escrito por":"Cope Alcoy","Tiempo de lectura":"3 minutos"},"schema":{"@context":"https:\/\/schema.org","@graph":[{"@type":"Article","@id":"https:\/\/www.copealcoy.es\/es\/el-gobierno-estudia-endurecer-aun-mas-las-restricciones-para-semana-santa\/#article","isPartOf":{"@id":"https:\/\/www.copealcoy.es\/es\/el-gobierno-estudia-endurecer-aun-mas-las-restricciones-para-semana-santa\/"},"author":{"name":"Cope Alcoy","@id":"https:\/\/www.copealcoy.es\/es\/#\/schema\/person\/e777c87fa024e57d40170af9df39882c"},"headline":"El Gobierno estudia endurecer a\u00fan m\u00e1s las restricciones para Semana Santa","datePublished":"2021-03-24T12:24:05+00:00","dateModified":"2021-03-24T17:14:16+00:00","mainEntityOfPage":{"@id":"https:\/\/www.copealcoy.es\/es\/el-gobierno-estudia-endurecer-aun-mas-las-restricciones-para-semana-santa\/"},"wordCount":556,"commentCount":0,"image":{"@id":"https:\/\/www.copealcoy.es\/es\/el-gobierno-estudia-endurecer-aun-mas-las-restricciones-para-semana-santa\/#primaryimage"},"thumbnailUrl":"https:\/\/www.copealcoy.es\/wp-content\/uploads\/2020\/11\/1604407375263.jpg","keywords":["Coronavirus","Gobierno Municipal","Restricciones","Semana Santa"],"articleSection":["Alcoy","Noticias","Pol\u00edtica y Econom\u00eda"],"inLanguage":"es"},{"@type":"WebPage","@id":"https:\/\/www.copealcoy.es\/es\/el-gobierno-estudia-endurecer-aun-mas-las-restricciones-para-semana-santa\/","url":"https:\/\/www.copealcoy.es\/es\/el-gobierno-estudia-endurecer-aun-mas-las-restricciones-para-semana-santa\/","name":"El Gobierno estudia endurecer a\u00fan m\u00e1s las restricciones para Semana Santa - COPE Alcoy","isPartOf":{"@id":"https:\/\/www.copealcoy.es\/es\/#website"},"primaryImageOfPage":{"@id":"https:\/\/www.copealcoy.es\/es\/el-gobierno-estudia-endurecer-aun-mas-las-restricciones-para-semana-santa\/#primaryimage"},"image":{"@id":"https:\/\/www.copealcoy.es\/es\/el-gobierno-estudia-endurecer-aun-mas-las-restricciones-para-semana-santa\/#primaryimage"},"thumbnailUrl":"https:\/\/www.copealcoy.es\/wp-content\/uploads\/2020\/11\/1604407375263.jpg","datePublished":"2021-03-24T12:24:05+00:00","dateModified":"2021-03-24T17:14:16+00:00","author":{"@id":"https:\/\/www.copealcoy.es\/es\/#\/schema\/person\/e777c87fa024e57d40170af9df39882c"},"breadcrumb":{"@id":"https:\/\/www.copealcoy.es\/es\/el-gobierno-estudia-endurecer-aun-mas-las-restricciones-para-semana-santa\/#breadcrumb"},"inLanguage":"es","potentialAction":[{"@type":"ReadAction","target":["https:\/\/www.copealcoy.es\/es\/el-gobierno-estudia-endurecer-aun-mas-las-restricciones-para-semana-santa\/"]}]},{"@type":"ImageObject","inLanguage":"es","@id":"https:\/\/www.copealcoy.es\/es\/el-gobierno-estudia-endurecer-aun-mas-las-restricciones-para-semana-santa\/#primaryimage","url":"https:\/\/www.copealcoy.es\/wp-content\/uploads\/2020\/11\/1604407375263.jpg","contentUrl":"https:\/\/www.copealcoy.es\/wp-content\/uploads\/2020\/11\/1604407375263.jpg","width":976,"height":539},{"@type":"BreadcrumbList","@id":"https:\/\/www.copealcoy.es\/es\/el-gobierno-estudia-endurecer-aun-mas-las-restricciones-para-semana-santa\/#breadcrumb","itemListElement":[{"@type":"ListItem","position":1,"name":"Portada","item":"https:\/\/www.copealcoy.es\/es\/"},{"@type":"ListItem","position":2,"name":"El Gobierno estudia endurecer a\u00fan m\u00e1s las restricciones para Semana Santa"}]},{"@type":"WebSite","@id":"https:\/\/www.copealcoy.es\/es\/#website","url":"https:\/\/www.copealcoy.es\/es\/","name":"COPE Alcoy","description":"Emisora COPE de radio local con emisi\u00f3n online. Pont de Sant Jordi 8-10 03803 Alcoy","potentialAction":[{"@type":"SearchAction","target":{"@type":"EntryPoint","urlTemplate":"https:\/\/www.copealcoy.es\/es\/?s={search_term_string}"},"query-input":{"@type":"PropertyValueSpecification","valueRequired":true,"valueName":"search_term_string"}}],"inLanguage":"es"},{"@type":"Person","@id":"https:\/\/www.copealcoy.es\/es\/#\/schema\/person\/e777c87fa024e57d40170af9df39882c","name":"Cope Alcoy","image":{"@type":"ImageObject","inLanguage":"es","@id":"https:\/\/secure.gravatar.com\/avatar\/bb65d0283347e303893ba14f0692005417c1e0e690a325a4c5d8bb2b3943ee14?s=96&d=mm&r=g","url":"https:\/\/secure.gravatar.com\/avatar\/bb65d0283347e303893ba14f0692005417c1e0e690a325a4c5d8bb2b3943ee14?s=96&d=mm&r=g","contentUrl":"https:\/\/secure.gravatar.com\/avatar\/bb65d0283347e303893ba14f0692005417c1e0e690a325a4c5d8bb2b3943ee14?s=96&d=mm&r=g","caption":"Cope Alcoy"}}]}},"_links":{"self":[{"href":"https:\/\/www.copealcoy.es\/es\/wp-json\/wp\/v2\/posts\/72203","targetHints":{"allow":["GET"]}}],"collection":[{"href":"https:\/\/www.copealcoy.es\/es\/wp-json\/wp\/v2\/posts"}],"about":[{"href":"https:\/\/www.copealcoy.es\/es\/wp-json\/wp\/v2\/types\/post"}],"author":[{"embeddable":true,"href":"https:\/\/www.copealcoy.es\/es\/wp-json\/wp\/v2\/users\/1"}],"replies":[{"embeddable":true,"href":"https:\/\/www.copealcoy.es\/es\/wp-json\/wp\/v2\/comments?post=72203"}],"version-history":[{"count":0,"href":"https:\/\/www.copealcoy.es\/es\/wp-json\/wp\/v2\/posts\/72203\/revisions"}],"wp:featuredmedia":[{"embeddable":true,"href":"https:\/\/www.copealcoy.es\/es\/wp-json\/wp\/v2\/media\/67503"}],"wp:attachment":[{"href":"https:\/\/www.copealcoy.es\/es\/wp-json\/wp\/v2\/media?parent=72203"}],"wp:term":[{"taxonomy":"category","embeddable":true,"href":"https:\/\/www.copealcoy.es\/es\/wp-json\/wp\/v2\/categories?post=72203"},{"taxonomy":"post_tag","embeddable":true,"href":"https:\/\/www.copealcoy.es\/es\/wp-json\/wp\/v2\/tags?post=72203"}],"curies":[{"name":"wp","href":"https:\/\/api.w.org\/{rel}","templated":true}]}}