{"id":72164,"date":"2021-03-23T11:47:46","date_gmt":"2021-03-23T10:47:46","guid":{"rendered":"https:\/\/www.copealcoy.es\/?p=72164"},"modified":"2021-03-23T11:55:43","modified_gmt":"2021-03-23T10:55:43","slug":"el-pp-acusa-al-gobierno-de-frances-de-anular-la-mesa-del-centro","status":"publish","type":"post","link":"https:\/\/www.copealcoy.es\/es\/el-pp-acusa-al-gobierno-de-frances-de-anular-la-mesa-del-centro\/","title":{"rendered":"El PP acusa al Gobierno de Franc\u00e9s de anular la Mesa del Centro"},"content":{"rendered":"<p>El<strong> Partido Popular de Alcoy<\/strong> acusa al Gobierno Local del PSOE de <strong>intentar anular la Mesa del Centro<\/strong>, el organismo donde se analizan <strong>las diferentes propuestas<\/strong> enfocadas a la mejora de esta barriada de nuestra ciudad.<\/p>\n<p style=\"text-align: justify;\">Los populares creen que es preocupante el hecho de que <strong>el Ejecutivo Municipal esconda proyectos como el de reurbanizaci\u00f3n de la parte alta de San Nicol\u00e1s<\/strong>, en fase de adjudicaci\u00f3n, sin que se haya sometido a la participaci\u00f3n de los vecinos. Asimismo <strong>muestran su decepci\u00f3n por la falta de informaci\u00f3n en la Mesa del Centro sobre las nuevas partidas presupuestarias para rehabilitar edificios<\/strong> as\u00ed como sobre <strong>la nueva ordenanza de Inspecci\u00f3n T\u00e9cnica de Edificios<\/strong>. Adem\u00e1s denuncian que en este foro <strong>no se ha debatido la peatonalizaci\u00f3n de la barriada<\/strong> y apuntan que desde 2017 el Ayuntamiento cuenta con<strong> un Estudio para la Reactivaci\u00f3n Centro Hist\u00f3rico<\/strong> del que el Gobierno Municipal se ha olvidado &#8220;<em>el PSOE est\u00e1 consiguiendo que esta Mesa se convierta en un mero tr\u00e1mite en el que no es que haya debate, es que ni siquiera hay ya informaci\u00f3n sobre cuestiones importantes para el barrio. Nosotros defendemos que \u00a0la Mesa sea un verdadero \u00f3rgano de participaci\u00f3n a la hora de decidir medidas y proyectos con los que revitalizar y dinamizar el barrio<\/em>&#8220;, asevera la edil; <strong>Amalia Pay\u00e0<\/strong>.<\/p>\n<p style=\"text-align: justify;\">Al margen de esta situaci\u00f3n referida a la Mesa del Centro, el PP tambi\u00e9n ha denunciado en los \u00faltimos d\u00edas<strong> las deficiencias que presenta la ordenanza de peatonalizaci\u00f3n del Centro<\/strong> y <a href=\"_wp_link_placeholder\" data-wplink-edit=\"true\"><span style=\"color: #0000ff;\"><strong>han exigido su paralizaci\u00f3n inmediata<\/strong><\/span><\/a> antes que el lunes 29 de marzo entre en vigor la primera fase del proceso.<\/p>\n","protected":false},"excerpt":{"rendered":"<p>El Partido Popular de Alcoy acusa al Gobierno Local del PSOE de intentar anular la Mesa del Centro, el organismo&#8230;<\/p>\n","protected":false},"author":1,"featured_media":17409,"comment_status":"open","ping_status":"open","sticky":false,"template":"","format":"standard","meta":{"footnotes":""},"categories":[97,75,79],"tags":[3212,1461,10859,448,7526],"class_list":["post-72164","post","type-post","status-publish","format-standard","has-post-thumbnail","hentry","category-alcoy","category-noticias","category-politicayeconomia","tag-amalia-paya","tag-denuncia","tag-mesa-del-centro","tag-partido-popular","tag-reactivacion"],"yoast_head":"<!-- This site is optimized with the Yoast SEO plugin v27.3 - https:\/\/yoast.com\/product\/yoast-seo-wordpress\/ -->\n<title>El PP acusa al Gobierno de Franc\u00e9s de anular la Mesa del Centro - COPE Alcoy<\/title>\n<meta name=\"robots\" content=\"index, follow, max-snippet:-1, max-image-preview:large, max-video-preview:-1\" \/>\n<link rel=\"canonical\" href=\"https:\/\/www.copealcoy.es\/es\/el-pp-acusa-al-gobierno-de-frances-de-anular-la-mesa-del-centro\/\" \/>\n<meta property=\"og:locale\" content=\"es_ES\" \/>\n<meta property=\"og:type\" content=\"article\" \/>\n<meta property=\"og:title\" content=\"El PP acusa al Gobierno de Franc\u00e9s de anular la Mesa del Centro - COPE Alcoy\" \/>\n<meta property=\"og:description\" content=\"El Partido Popular de Alcoy acusa al Gobierno Local del PSOE de intentar anular la Mesa del Centro, el organismo...\" \/>\n<meta property=\"og:url\" content=\"https:\/\/www.copealcoy.es\/es\/el-pp-acusa-al-gobierno-de-frances-de-anular-la-mesa-del-centro\/\" \/>\n<meta property=\"og:site_name\" content=\"COPE Alcoy\" \/>\n<meta property=\"article:published_time\" content=\"2021-03-23T10:47:46+00:00\" \/>\n<meta property=\"article:modified_time\" content=\"2021-03-23T10:55:43+00:00\" \/>\n<meta property=\"og:image\" content=\"https:\/\/www.copealcoy.es\/wp-content\/uploads\/2015\/12\/IMG_20151014_110244.jpg\" \/>\n\t<meta property=\"og:image:width\" content=\"2592\" \/>\n\t<meta property=\"og:image:height\" content=\"1944\" \/>\n\t<meta property=\"og:image:type\" content=\"image\/jpeg\" \/>\n<meta name=\"author\" content=\"Cope Alcoy\" \/>\n<meta name=\"twitter:label1\" content=\"Escrito por\" \/>\n\t<meta name=\"twitter:data1\" content=\"Cope Alcoy\" \/>\n\t<meta name=\"twitter:label2\" content=\"Tiempo de lectura\" \/>\n\t<meta name=\"twitter:data2\" content=\"1 minuto\" \/>\n<script type=\"application\/ld+json\" class=\"yoast-schema-graph\">{\"@context\":\"https:\\\/\\\/schema.org\",\"@graph\":[{\"@type\":\"Article\",\"@id\":\"https:\\\/\\\/www.copealcoy.es\\\/es\\\/el-pp-acusa-al-gobierno-de-frances-de-anular-la-mesa-del-centro\\\/#article\",\"isPartOf\":{\"@id\":\"https:\\\/\\\/www.copealcoy.es\\\/es\\\/el-pp-acusa-al-gobierno-de-frances-de-anular-la-mesa-del-centro\\\/\"},\"author\":{\"name\":\"Cope Alcoy\",\"@id\":\"https:\\\/\\\/www.copealcoy.es\\\/es\\\/#\\\/schema\\\/person\\\/e777c87fa024e57d40170af9df39882c\"},\"headline\":\"El PP acusa al Gobierno de Franc\u00e9s de anular la Mesa del Centro\",\"datePublished\":\"2021-03-23T10:47:46+00:00\",\"dateModified\":\"2021-03-23T10:55:43+00:00\",\"mainEntityOfPage\":{\"@id\":\"https:\\\/\\\/www.copealcoy.es\\\/es\\\/el-pp-acusa-al-gobierno-de-frances-de-anular-la-mesa-del-centro\\\/\"},\"wordCount\":298,\"commentCount\":0,\"image\":{\"@id\":\"https:\\\/\\\/www.copealcoy.es\\\/es\\\/el-pp-acusa-al-gobierno-de-frances-de-anular-la-mesa-del-centro\\\/#primaryimage\"},\"thumbnailUrl\":\"https:\\\/\\\/www.copealcoy.es\\\/wp-content\\\/uploads\\\/2015\\\/12\\\/IMG_20151014_110244.jpg\",\"keywords\":[\"Amalia Pay\u00e0\",\"Denuncia\",\"Mesa del Centro\",\"Partido Popular\",\"reactivaci\u00f3n\"],\"articleSection\":[\"Alcoy\",\"Noticias\",\"Pol\u00edtica y Econom\u00eda\"],\"inLanguage\":\"es\"},{\"@type\":\"WebPage\",\"@id\":\"https:\\\/\\\/www.copealcoy.es\\\/es\\\/el-pp-acusa-al-gobierno-de-frances-de-anular-la-mesa-del-centro\\\/\",\"url\":\"https:\\\/\\\/www.copealcoy.es\\\/es\\\/el-pp-acusa-al-gobierno-de-frances-de-anular-la-mesa-del-centro\\\/\",\"name\":\"El PP acusa al Gobierno de Franc\u00e9s de anular la Mesa del Centro - COPE Alcoy\",\"isPartOf\":{\"@id\":\"https:\\\/\\\/www.copealcoy.es\\\/es\\\/#website\"},\"primaryImageOfPage\":{\"@id\":\"https:\\\/\\\/www.copealcoy.es\\\/es\\\/el-pp-acusa-al-gobierno-de-frances-de-anular-la-mesa-del-centro\\\/#primaryimage\"},\"image\":{\"@id\":\"https:\\\/\\\/www.copealcoy.es\\\/es\\\/el-pp-acusa-al-gobierno-de-frances-de-anular-la-mesa-del-centro\\\/#primaryimage\"},\"thumbnailUrl\":\"https:\\\/\\\/www.copealcoy.es\\\/wp-content\\\/uploads\\\/2015\\\/12\\\/IMG_20151014_110244.jpg\",\"datePublished\":\"2021-03-23T10:47:46+00:00\",\"dateModified\":\"2021-03-23T10:55:43+00:00\",\"author\":{\"@id\":\"https:\\\/\\\/www.copealcoy.es\\\/es\\\/#\\\/schema\\\/person\\\/e777c87fa024e57d40170af9df39882c\"},\"breadcrumb\":{\"@id\":\"https:\\\/\\\/www.copealcoy.es\\\/es\\\/el-pp-acusa-al-gobierno-de-frances-de-anular-la-mesa-del-centro\\\/#breadcrumb\"},\"inLanguage\":\"es\",\"potentialAction\":[{\"@type\":\"ReadAction\",\"target\":[\"https:\\\/\\\/www.copealcoy.es\\\/es\\\/el-pp-acusa-al-gobierno-de-frances-de-anular-la-mesa-del-centro\\\/\"]}]},{\"@type\":\"ImageObject\",\"inLanguage\":\"es\",\"@id\":\"https:\\\/\\\/www.copealcoy.es\\\/es\\\/el-pp-acusa-al-gobierno-de-frances-de-anular-la-mesa-del-centro\\\/#primaryimage\",\"url\":\"https:\\\/\\\/www.copealcoy.es\\\/wp-content\\\/uploads\\\/2015\\\/12\\\/IMG_20151014_110244.jpg\",\"contentUrl\":\"https:\\\/\\\/www.copealcoy.es\\\/wp-content\\\/uploads\\\/2015\\\/12\\\/IMG_20151014_110244.jpg\",\"width\":2592,\"height\":1944},{\"@type\":\"BreadcrumbList\",\"@id\":\"https:\\\/\\\/www.copealcoy.es\\\/es\\\/el-pp-acusa-al-gobierno-de-frances-de-anular-la-mesa-del-centro\\\/#breadcrumb\",\"itemListElement\":[{\"@type\":\"ListItem\",\"position\":1,\"name\":\"Portada\",\"item\":\"https:\\\/\\\/www.copealcoy.es\\\/es\\\/\"},{\"@type\":\"ListItem\",\"position\":2,\"name\":\"El PP acusa al Gobierno de Franc\u00e9s de anular la Mesa del Centro\"}]},{\"@type\":\"WebSite\",\"@id\":\"https:\\\/\\\/www.copealcoy.es\\\/es\\\/#website\",\"url\":\"https:\\\/\\\/www.copealcoy.es\\\/es\\\/\",\"name\":\"COPE Alcoy\",\"description\":\"Emisora COPE de radio local con emisi\u00f3n online. Pont de Sant Jordi 8-10 03803 Alcoy\",\"potentialAction\":[{\"@type\":\"SearchAction\",\"target\":{\"@type\":\"EntryPoint\",\"urlTemplate\":\"https:\\\/\\\/www.copealcoy.es\\\/es\\\/?s={search_term_string}\"},\"query-input\":{\"@type\":\"PropertyValueSpecification\",\"valueRequired\":true,\"valueName\":\"search_term_string\"}}],\"inLanguage\":\"es\"},{\"@type\":\"Person\",\"@id\":\"https:\\\/\\\/www.copealcoy.es\\\/es\\\/#\\\/schema\\\/person\\\/e777c87fa024e57d40170af9df39882c\",\"name\":\"Cope Alcoy\",\"image\":{\"@type\":\"ImageObject\",\"inLanguage\":\"es\",\"@id\":\"https:\\\/\\\/secure.gravatar.com\\\/avatar\\\/bb65d0283347e303893ba14f0692005417c1e0e690a325a4c5d8bb2b3943ee14?s=96&d=mm&r=g\",\"url\":\"https:\\\/\\\/secure.gravatar.com\\\/avatar\\\/bb65d0283347e303893ba14f0692005417c1e0e690a325a4c5d8bb2b3943ee14?s=96&d=mm&r=g\",\"contentUrl\":\"https:\\\/\\\/secure.gravatar.com\\\/avatar\\\/bb65d0283347e303893ba14f0692005417c1e0e690a325a4c5d8bb2b3943ee14?s=96&d=mm&r=g\",\"caption\":\"Cope Alcoy\"}}]}<\/script>\n<!-- \/ Yoast SEO plugin. -->","yoast_head_json":{"title":"El PP acusa al Gobierno de Franc\u00e9s de anular la Mesa del Centro - COPE Alcoy","robots":{"index":"index","follow":"follow","max-snippet":"max-snippet:-1","max-image-preview":"max-image-preview:large","max-video-preview":"max-video-preview:-1"},"canonical":"https:\/\/www.copealcoy.es\/es\/el-pp-acusa-al-gobierno-de-frances-de-anular-la-mesa-del-centro\/","og_locale":"es_ES","og_type":"article","og_title":"El PP acusa al Gobierno de Franc\u00e9s de anular la Mesa del Centro - COPE Alcoy","og_description":"El Partido Popular de Alcoy acusa al Gobierno Local del PSOE de intentar anular la Mesa del Centro, el organismo...","og_url":"https:\/\/www.copealcoy.es\/es\/el-pp-acusa-al-gobierno-de-frances-de-anular-la-mesa-del-centro\/","og_site_name":"COPE Alcoy","article_published_time":"2021-03-23T10:47:46+00:00","article_modified_time":"2021-03-23T10:55:43+00:00","og_image":[{"width":2592,"height":1944,"url":"https:\/\/www.copealcoy.es\/wp-content\/uploads\/2015\/12\/IMG_20151014_110244.jpg","type":"image\/jpeg"}],"author":"Cope Alcoy","twitter_misc":{"Escrito por":"Cope Alcoy","Tiempo de lectura":"1 minuto"},"schema":{"@context":"https:\/\/schema.org","@graph":[{"@type":"Article","@id":"https:\/\/www.copealcoy.es\/es\/el-pp-acusa-al-gobierno-de-frances-de-anular-la-mesa-del-centro\/#article","isPartOf":{"@id":"https:\/\/www.copealcoy.es\/es\/el-pp-acusa-al-gobierno-de-frances-de-anular-la-mesa-del-centro\/"},"author":{"name":"Cope Alcoy","@id":"https:\/\/www.copealcoy.es\/es\/#\/schema\/person\/e777c87fa024e57d40170af9df39882c"},"headline":"El PP acusa al Gobierno de Franc\u00e9s de anular la Mesa del Centro","datePublished":"2021-03-23T10:47:46+00:00","dateModified":"2021-03-23T10:55:43+00:00","mainEntityOfPage":{"@id":"https:\/\/www.copealcoy.es\/es\/el-pp-acusa-al-gobierno-de-frances-de-anular-la-mesa-del-centro\/"},"wordCount":298,"commentCount":0,"image":{"@id":"https:\/\/www.copealcoy.es\/es\/el-pp-acusa-al-gobierno-de-frances-de-anular-la-mesa-del-centro\/#primaryimage"},"thumbnailUrl":"https:\/\/www.copealcoy.es\/wp-content\/uploads\/2015\/12\/IMG_20151014_110244.jpg","keywords":["Amalia Pay\u00e0","Denuncia","Mesa del Centro","Partido Popular","reactivaci\u00f3n"],"articleSection":["Alcoy","Noticias","Pol\u00edtica y Econom\u00eda"],"inLanguage":"es"},{"@type":"WebPage","@id":"https:\/\/www.copealcoy.es\/es\/el-pp-acusa-al-gobierno-de-frances-de-anular-la-mesa-del-centro\/","url":"https:\/\/www.copealcoy.es\/es\/el-pp-acusa-al-gobierno-de-frances-de-anular-la-mesa-del-centro\/","name":"El PP acusa al Gobierno de Franc\u00e9s de anular la Mesa del Centro - COPE Alcoy","isPartOf":{"@id":"https:\/\/www.copealcoy.es\/es\/#website"},"primaryImageOfPage":{"@id":"https:\/\/www.copealcoy.es\/es\/el-pp-acusa-al-gobierno-de-frances-de-anular-la-mesa-del-centro\/#primaryimage"},"image":{"@id":"https:\/\/www.copealcoy.es\/es\/el-pp-acusa-al-gobierno-de-frances-de-anular-la-mesa-del-centro\/#primaryimage"},"thumbnailUrl":"https:\/\/www.copealcoy.es\/wp-content\/uploads\/2015\/12\/IMG_20151014_110244.jpg","datePublished":"2021-03-23T10:47:46+00:00","dateModified":"2021-03-23T10:55:43+00:00","author":{"@id":"https:\/\/www.copealcoy.es\/es\/#\/schema\/person\/e777c87fa024e57d40170af9df39882c"},"breadcrumb":{"@id":"https:\/\/www.copealcoy.es\/es\/el-pp-acusa-al-gobierno-de-frances-de-anular-la-mesa-del-centro\/#breadcrumb"},"inLanguage":"es","potentialAction":[{"@type":"ReadAction","target":["https:\/\/www.copealcoy.es\/es\/el-pp-acusa-al-gobierno-de-frances-de-anular-la-mesa-del-centro\/"]}]},{"@type":"ImageObject","inLanguage":"es","@id":"https:\/\/www.copealcoy.es\/es\/el-pp-acusa-al-gobierno-de-frances-de-anular-la-mesa-del-centro\/#primaryimage","url":"https:\/\/www.copealcoy.es\/wp-content\/uploads\/2015\/12\/IMG_20151014_110244.jpg","contentUrl":"https:\/\/www.copealcoy.es\/wp-content\/uploads\/2015\/12\/IMG_20151014_110244.jpg","width":2592,"height":1944},{"@type":"BreadcrumbList","@id":"https:\/\/www.copealcoy.es\/es\/el-pp-acusa-al-gobierno-de-frances-de-anular-la-mesa-del-centro\/#breadcrumb","itemListElement":[{"@type":"ListItem","position":1,"name":"Portada","item":"https:\/\/www.copealcoy.es\/es\/"},{"@type":"ListItem","position":2,"name":"El PP acusa al Gobierno de Franc\u00e9s de anular la Mesa del Centro"}]},{"@type":"WebSite","@id":"https:\/\/www.copealcoy.es\/es\/#website","url":"https:\/\/www.copealcoy.es\/es\/","name":"COPE Alcoy","description":"Emisora COPE de radio local con emisi\u00f3n online. Pont de Sant Jordi 8-10 03803 Alcoy","potentialAction":[{"@type":"SearchAction","target":{"@type":"EntryPoint","urlTemplate":"https:\/\/www.copealcoy.es\/es\/?s={search_term_string}"},"query-input":{"@type":"PropertyValueSpecification","valueRequired":true,"valueName":"search_term_string"}}],"inLanguage":"es"},{"@type":"Person","@id":"https:\/\/www.copealcoy.es\/es\/#\/schema\/person\/e777c87fa024e57d40170af9df39882c","name":"Cope Alcoy","image":{"@type":"ImageObject","inLanguage":"es","@id":"https:\/\/secure.gravatar.com\/avatar\/bb65d0283347e303893ba14f0692005417c1e0e690a325a4c5d8bb2b3943ee14?s=96&d=mm&r=g","url":"https:\/\/secure.gravatar.com\/avatar\/bb65d0283347e303893ba14f0692005417c1e0e690a325a4c5d8bb2b3943ee14?s=96&d=mm&r=g","contentUrl":"https:\/\/secure.gravatar.com\/avatar\/bb65d0283347e303893ba14f0692005417c1e0e690a325a4c5d8bb2b3943ee14?s=96&d=mm&r=g","caption":"Cope Alcoy"}}]}},"_links":{"self":[{"href":"https:\/\/www.copealcoy.es\/es\/wp-json\/wp\/v2\/posts\/72164","targetHints":{"allow":["GET"]}}],"collection":[{"href":"https:\/\/www.copealcoy.es\/es\/wp-json\/wp\/v2\/posts"}],"about":[{"href":"https:\/\/www.copealcoy.es\/es\/wp-json\/wp\/v2\/types\/post"}],"author":[{"embeddable":true,"href":"https:\/\/www.copealcoy.es\/es\/wp-json\/wp\/v2\/users\/1"}],"replies":[{"embeddable":true,"href":"https:\/\/www.copealcoy.es\/es\/wp-json\/wp\/v2\/comments?post=72164"}],"version-history":[{"count":0,"href":"https:\/\/www.copealcoy.es\/es\/wp-json\/wp\/v2\/posts\/72164\/revisions"}],"wp:featuredmedia":[{"embeddable":true,"href":"https:\/\/www.copealcoy.es\/es\/wp-json\/wp\/v2\/media\/17409"}],"wp:attachment":[{"href":"https:\/\/www.copealcoy.es\/es\/wp-json\/wp\/v2\/media?parent=72164"}],"wp:term":[{"taxonomy":"category","embeddable":true,"href":"https:\/\/www.copealcoy.es\/es\/wp-json\/wp\/v2\/categories?post=72164"},{"taxonomy":"post_tag","embeddable":true,"href":"https:\/\/www.copealcoy.es\/es\/wp-json\/wp\/v2\/tags?post=72164"}],"curies":[{"name":"wp","href":"https:\/\/api.w.org\/{rel}","templated":true}]}}