{"id":72162,"date":"2021-03-23T11:44:57","date_gmt":"2021-03-23T10:44:57","guid":{"rendered":"https:\/\/www.copealcoy.es\/?p=72162"},"modified":"2021-03-23T11:45:38","modified_gmt":"2021-03-23T10:45:38","slug":"la-generalitat-valenciana-vacunara-a-todo-el-personal-docente-antes-de-semana-santa","status":"publish","type":"post","link":"https:\/\/www.copealcoy.es\/es\/la-generalitat-valenciana-vacunara-a-todo-el-personal-docente-antes-de-semana-santa\/","title":{"rendered":"La Generalitat Valenciana vacunar\u00e1 a todo el personal docente antes de Semana Santa"},"content":{"rendered":"<p style=\"text-align: justify;\"><strong>El President de la Generalitat, Ximo Puig, <\/strong>avanzaba este fin de semana que\u00a0<strong>el mi\u00e9rcoles se retomar\u00e1 la vacunaci\u00f3n con AstraZeneca en colectivos como el servicio de atenci\u00f3n a domicilio, el personal de servicios sociales municipales y profesionales de la sanidad privada.<\/strong><\/p>\n<p style=\"text-align: justify;\">Respecto a la\u00a0<strong>inmunizaci\u00f3n del personal docente, el president aseguraba que se mantendr\u00e1 el calendario que hab\u00eda para la pr\u00f3xima semana, de modo que se vacunar\u00e1 el viernes y s\u00e1bado pr\u00f3ximos,<\/strong>\u00a0tanto en Alicante y Castell\u00f3n, como en Val\u00e8ncia. De esta forma, la semana que viene se administrar\u00e1n m\u00e1s de 176.000 dosis y en 15 d\u00edas m\u00e1s de 350.000.<\/p>\n<p style=\"text-align: justify;\">Asimismo, explicaba que se reprogramar\u00edan para los pr\u00f3ximos d\u00edas la inmunizaci\u00f3n del resto de docentes, con el objetivo de finalizar el proceso lo antes posible,\u00a0<strong>aprovechando las jornadas del mi\u00e9rcoles y jueves santo (31 de marzo y 1 de abril) de forma que todo el personal docente y auxiliar de los centros educativos, alrededor de 116.000 personas<\/strong> queden inmunizadas antes de las vacaciones de Semana Santa y as\u00ed que afecte lo menos posible al funcionamiento ordinario de los centros ante posibles bajas del profesorado por alg\u00fan efecto secundario debido a la inmunizaci\u00f3n.<\/p>\n<p style=\"text-align: justify;\">Un dato que confirmaba horas despu\u00e9s<strong>\u00a0el secretario auton\u00f3mico de Educaci\u00f3n, Miguel Soler,<\/strong>\u00a0confirma esa planificaci\u00f3n a trav\u00e9s de sus redes sociales. Adem\u00e1s explica que<strong>\u00a0los criterios que se han seguido para esa nueva planificaci\u00f3n de la vacunaci\u00f3n del personal docente son hacerlo en el menor tiempo posible y que no afecte al alumnado,\u00a0<\/strong>aclarando en este punto que con los d\u00edas festivos de Semana Santa por delante, se evitan bajas de cara a la reanudaci\u00f3n de las clases tras el periodo vacacional de Pascua.<\/p>\n","protected":false},"excerpt":{"rendered":"<p>El President de la Generalitat, Ximo Puig, avanzaba este fin de semana que\u00a0el mi\u00e9rcoles se retomar\u00e1 la vacunaci\u00f3n con AstraZeneca&#8230;<\/p>\n","protected":false},"author":1,"featured_media":71807,"comment_status":"open","ping_status":"open","sticky":false,"template":"","format":"standard","meta":{"footnotes":""},"categories":[6909,75,79],"tags":[994,11049,745,1529],"class_list":["post-72162","post","type-post","status-publish","format-standard","has-post-thumbnail","hentry","category-actualidad","category-noticias","category-politicayeconomia","tag-generalitat-valenciana","tag-personal-docente","tag-semana-santa","tag-vacunacion"],"yoast_head":"<!-- This site is optimized with the Yoast SEO plugin v27.3 - https:\/\/yoast.com\/product\/yoast-seo-wordpress\/ -->\n<title>La Generalitat Valenciana vacunar\u00e1 a todo el personal docente antes de Semana Santa - COPE Alcoy<\/title>\n<meta name=\"robots\" content=\"index, follow, max-snippet:-1, max-image-preview:large, max-video-preview:-1\" \/>\n<link rel=\"canonical\" href=\"https:\/\/www.copealcoy.es\/es\/la-generalitat-valenciana-vacunara-a-todo-el-personal-docente-antes-de-semana-santa\/\" \/>\n<meta property=\"og:locale\" content=\"es_ES\" \/>\n<meta property=\"og:type\" content=\"article\" \/>\n<meta property=\"og:title\" content=\"La Generalitat Valenciana vacunar\u00e1 a todo el personal docente antes de Semana Santa - COPE Alcoy\" \/>\n<meta property=\"og:description\" content=\"El President de la Generalitat, Ximo Puig, avanzaba este fin de semana que\u00a0el mi\u00e9rcoles se retomar\u00e1 la vacunaci\u00f3n con AstraZeneca...\" \/>\n<meta property=\"og:url\" content=\"https:\/\/www.copealcoy.es\/es\/la-generalitat-valenciana-vacunara-a-todo-el-personal-docente-antes-de-semana-santa\/\" \/>\n<meta property=\"og:site_name\" content=\"COPE Alcoy\" \/>\n<meta property=\"article:published_time\" content=\"2021-03-23T10:44:57+00:00\" \/>\n<meta property=\"article:modified_time\" content=\"2021-03-23T10:45:38+00:00\" \/>\n<meta property=\"og:image\" content=\"https:\/\/www.copealcoy.es\/wp-content\/uploads\/2021\/03\/1614844695540.jpg\" \/>\n\t<meta property=\"og:image:width\" content=\"976\" \/>\n\t<meta property=\"og:image:height\" content=\"488\" \/>\n\t<meta property=\"og:image:type\" content=\"image\/jpeg\" \/>\n<meta name=\"author\" content=\"Cope Alcoy\" \/>\n<meta name=\"twitter:label1\" content=\"Escrito por\" \/>\n\t<meta name=\"twitter:data1\" content=\"Cope Alcoy\" \/>\n\t<meta name=\"twitter:label2\" content=\"Tiempo de lectura\" \/>\n\t<meta name=\"twitter:data2\" content=\"2 minutos\" \/>\n<script type=\"application\/ld+json\" class=\"yoast-schema-graph\">{\"@context\":\"https:\\\/\\\/schema.org\",\"@graph\":[{\"@type\":\"Article\",\"@id\":\"https:\\\/\\\/www.copealcoy.es\\\/es\\\/la-generalitat-valenciana-vacunara-a-todo-el-personal-docente-antes-de-semana-santa\\\/#article\",\"isPartOf\":{\"@id\":\"https:\\\/\\\/www.copealcoy.es\\\/es\\\/la-generalitat-valenciana-vacunara-a-todo-el-personal-docente-antes-de-semana-santa\\\/\"},\"author\":{\"name\":\"Cope Alcoy\",\"@id\":\"https:\\\/\\\/www.copealcoy.es\\\/es\\\/#\\\/schema\\\/person\\\/e777c87fa024e57d40170af9df39882c\"},\"headline\":\"La Generalitat Valenciana vacunar\u00e1 a todo el personal docente antes de Semana Santa\",\"datePublished\":\"2021-03-23T10:44:57+00:00\",\"dateModified\":\"2021-03-23T10:45:38+00:00\",\"mainEntityOfPage\":{\"@id\":\"https:\\\/\\\/www.copealcoy.es\\\/es\\\/la-generalitat-valenciana-vacunara-a-todo-el-personal-docente-antes-de-semana-santa\\\/\"},\"wordCount\":316,\"commentCount\":0,\"image\":{\"@id\":\"https:\\\/\\\/www.copealcoy.es\\\/es\\\/la-generalitat-valenciana-vacunara-a-todo-el-personal-docente-antes-de-semana-santa\\\/#primaryimage\"},\"thumbnailUrl\":\"https:\\\/\\\/www.copealcoy.es\\\/wp-content\\\/uploads\\\/2021\\\/03\\\/1614844695540.jpg\",\"keywords\":[\"Generalitat Valenciana\",\"personal docente\",\"Semana Santa\",\"Vacunaci\u00f3n\"],\"articleSection\":[\"Actualidad\",\"Noticias\",\"Pol\u00edtica y Econom\u00eda\"],\"inLanguage\":\"es\"},{\"@type\":\"WebPage\",\"@id\":\"https:\\\/\\\/www.copealcoy.es\\\/es\\\/la-generalitat-valenciana-vacunara-a-todo-el-personal-docente-antes-de-semana-santa\\\/\",\"url\":\"https:\\\/\\\/www.copealcoy.es\\\/es\\\/la-generalitat-valenciana-vacunara-a-todo-el-personal-docente-antes-de-semana-santa\\\/\",\"name\":\"La Generalitat Valenciana vacunar\u00e1 a todo el personal docente antes de Semana Santa - COPE Alcoy\",\"isPartOf\":{\"@id\":\"https:\\\/\\\/www.copealcoy.es\\\/es\\\/#website\"},\"primaryImageOfPage\":{\"@id\":\"https:\\\/\\\/www.copealcoy.es\\\/es\\\/la-generalitat-valenciana-vacunara-a-todo-el-personal-docente-antes-de-semana-santa\\\/#primaryimage\"},\"image\":{\"@id\":\"https:\\\/\\\/www.copealcoy.es\\\/es\\\/la-generalitat-valenciana-vacunara-a-todo-el-personal-docente-antes-de-semana-santa\\\/#primaryimage\"},\"thumbnailUrl\":\"https:\\\/\\\/www.copealcoy.es\\\/wp-content\\\/uploads\\\/2021\\\/03\\\/1614844695540.jpg\",\"datePublished\":\"2021-03-23T10:44:57+00:00\",\"dateModified\":\"2021-03-23T10:45:38+00:00\",\"author\":{\"@id\":\"https:\\\/\\\/www.copealcoy.es\\\/es\\\/#\\\/schema\\\/person\\\/e777c87fa024e57d40170af9df39882c\"},\"breadcrumb\":{\"@id\":\"https:\\\/\\\/www.copealcoy.es\\\/es\\\/la-generalitat-valenciana-vacunara-a-todo-el-personal-docente-antes-de-semana-santa\\\/#breadcrumb\"},\"inLanguage\":\"es\",\"potentialAction\":[{\"@type\":\"ReadAction\",\"target\":[\"https:\\\/\\\/www.copealcoy.es\\\/es\\\/la-generalitat-valenciana-vacunara-a-todo-el-personal-docente-antes-de-semana-santa\\\/\"]}]},{\"@type\":\"ImageObject\",\"inLanguage\":\"es\",\"@id\":\"https:\\\/\\\/www.copealcoy.es\\\/es\\\/la-generalitat-valenciana-vacunara-a-todo-el-personal-docente-antes-de-semana-santa\\\/#primaryimage\",\"url\":\"https:\\\/\\\/www.copealcoy.es\\\/wp-content\\\/uploads\\\/2021\\\/03\\\/1614844695540.jpg\",\"contentUrl\":\"https:\\\/\\\/www.copealcoy.es\\\/wp-content\\\/uploads\\\/2021\\\/03\\\/1614844695540.jpg\",\"width\":976,\"height\":488},{\"@type\":\"BreadcrumbList\",\"@id\":\"https:\\\/\\\/www.copealcoy.es\\\/es\\\/la-generalitat-valenciana-vacunara-a-todo-el-personal-docente-antes-de-semana-santa\\\/#breadcrumb\",\"itemListElement\":[{\"@type\":\"ListItem\",\"position\":1,\"name\":\"Portada\",\"item\":\"https:\\\/\\\/www.copealcoy.es\\\/es\\\/\"},{\"@type\":\"ListItem\",\"position\":2,\"name\":\"La Generalitat Valenciana vacunar\u00e1 a todo el personal docente antes de Semana Santa\"}]},{\"@type\":\"WebSite\",\"@id\":\"https:\\\/\\\/www.copealcoy.es\\\/es\\\/#website\",\"url\":\"https:\\\/\\\/www.copealcoy.es\\\/es\\\/\",\"name\":\"COPE Alcoy\",\"description\":\"Emisora COPE de radio local con emisi\u00f3n online. Pont de Sant Jordi 8-10 03803 Alcoy\",\"potentialAction\":[{\"@type\":\"SearchAction\",\"target\":{\"@type\":\"EntryPoint\",\"urlTemplate\":\"https:\\\/\\\/www.copealcoy.es\\\/es\\\/?s={search_term_string}\"},\"query-input\":{\"@type\":\"PropertyValueSpecification\",\"valueRequired\":true,\"valueName\":\"search_term_string\"}}],\"inLanguage\":\"es\"},{\"@type\":\"Person\",\"@id\":\"https:\\\/\\\/www.copealcoy.es\\\/es\\\/#\\\/schema\\\/person\\\/e777c87fa024e57d40170af9df39882c\",\"name\":\"Cope Alcoy\",\"image\":{\"@type\":\"ImageObject\",\"inLanguage\":\"es\",\"@id\":\"https:\\\/\\\/secure.gravatar.com\\\/avatar\\\/bb65d0283347e303893ba14f0692005417c1e0e690a325a4c5d8bb2b3943ee14?s=96&d=mm&r=g\",\"url\":\"https:\\\/\\\/secure.gravatar.com\\\/avatar\\\/bb65d0283347e303893ba14f0692005417c1e0e690a325a4c5d8bb2b3943ee14?s=96&d=mm&r=g\",\"contentUrl\":\"https:\\\/\\\/secure.gravatar.com\\\/avatar\\\/bb65d0283347e303893ba14f0692005417c1e0e690a325a4c5d8bb2b3943ee14?s=96&d=mm&r=g\",\"caption\":\"Cope Alcoy\"}}]}<\/script>\n<!-- \/ Yoast SEO plugin. -->","yoast_head_json":{"title":"La Generalitat Valenciana vacunar\u00e1 a todo el personal docente antes de Semana Santa - COPE Alcoy","robots":{"index":"index","follow":"follow","max-snippet":"max-snippet:-1","max-image-preview":"max-image-preview:large","max-video-preview":"max-video-preview:-1"},"canonical":"https:\/\/www.copealcoy.es\/es\/la-generalitat-valenciana-vacunara-a-todo-el-personal-docente-antes-de-semana-santa\/","og_locale":"es_ES","og_type":"article","og_title":"La Generalitat Valenciana vacunar\u00e1 a todo el personal docente antes de Semana Santa - COPE Alcoy","og_description":"El President de la Generalitat, Ximo Puig, avanzaba este fin de semana que\u00a0el mi\u00e9rcoles se retomar\u00e1 la vacunaci\u00f3n con AstraZeneca...","og_url":"https:\/\/www.copealcoy.es\/es\/la-generalitat-valenciana-vacunara-a-todo-el-personal-docente-antes-de-semana-santa\/","og_site_name":"COPE Alcoy","article_published_time":"2021-03-23T10:44:57+00:00","article_modified_time":"2021-03-23T10:45:38+00:00","og_image":[{"width":976,"height":488,"url":"https:\/\/www.copealcoy.es\/wp-content\/uploads\/2021\/03\/1614844695540.jpg","type":"image\/jpeg"}],"author":"Cope Alcoy","twitter_misc":{"Escrito por":"Cope Alcoy","Tiempo de lectura":"2 minutos"},"schema":{"@context":"https:\/\/schema.org","@graph":[{"@type":"Article","@id":"https:\/\/www.copealcoy.es\/es\/la-generalitat-valenciana-vacunara-a-todo-el-personal-docente-antes-de-semana-santa\/#article","isPartOf":{"@id":"https:\/\/www.copealcoy.es\/es\/la-generalitat-valenciana-vacunara-a-todo-el-personal-docente-antes-de-semana-santa\/"},"author":{"name":"Cope Alcoy","@id":"https:\/\/www.copealcoy.es\/es\/#\/schema\/person\/e777c87fa024e57d40170af9df39882c"},"headline":"La Generalitat Valenciana vacunar\u00e1 a todo el personal docente antes de Semana Santa","datePublished":"2021-03-23T10:44:57+00:00","dateModified":"2021-03-23T10:45:38+00:00","mainEntityOfPage":{"@id":"https:\/\/www.copealcoy.es\/es\/la-generalitat-valenciana-vacunara-a-todo-el-personal-docente-antes-de-semana-santa\/"},"wordCount":316,"commentCount":0,"image":{"@id":"https:\/\/www.copealcoy.es\/es\/la-generalitat-valenciana-vacunara-a-todo-el-personal-docente-antes-de-semana-santa\/#primaryimage"},"thumbnailUrl":"https:\/\/www.copealcoy.es\/wp-content\/uploads\/2021\/03\/1614844695540.jpg","keywords":["Generalitat Valenciana","personal docente","Semana Santa","Vacunaci\u00f3n"],"articleSection":["Actualidad","Noticias","Pol\u00edtica y Econom\u00eda"],"inLanguage":"es"},{"@type":"WebPage","@id":"https:\/\/www.copealcoy.es\/es\/la-generalitat-valenciana-vacunara-a-todo-el-personal-docente-antes-de-semana-santa\/","url":"https:\/\/www.copealcoy.es\/es\/la-generalitat-valenciana-vacunara-a-todo-el-personal-docente-antes-de-semana-santa\/","name":"La Generalitat Valenciana vacunar\u00e1 a todo el personal docente antes de Semana Santa - COPE Alcoy","isPartOf":{"@id":"https:\/\/www.copealcoy.es\/es\/#website"},"primaryImageOfPage":{"@id":"https:\/\/www.copealcoy.es\/es\/la-generalitat-valenciana-vacunara-a-todo-el-personal-docente-antes-de-semana-santa\/#primaryimage"},"image":{"@id":"https:\/\/www.copealcoy.es\/es\/la-generalitat-valenciana-vacunara-a-todo-el-personal-docente-antes-de-semana-santa\/#primaryimage"},"thumbnailUrl":"https:\/\/www.copealcoy.es\/wp-content\/uploads\/2021\/03\/1614844695540.jpg","datePublished":"2021-03-23T10:44:57+00:00","dateModified":"2021-03-23T10:45:38+00:00","author":{"@id":"https:\/\/www.copealcoy.es\/es\/#\/schema\/person\/e777c87fa024e57d40170af9df39882c"},"breadcrumb":{"@id":"https:\/\/www.copealcoy.es\/es\/la-generalitat-valenciana-vacunara-a-todo-el-personal-docente-antes-de-semana-santa\/#breadcrumb"},"inLanguage":"es","potentialAction":[{"@type":"ReadAction","target":["https:\/\/www.copealcoy.es\/es\/la-generalitat-valenciana-vacunara-a-todo-el-personal-docente-antes-de-semana-santa\/"]}]},{"@type":"ImageObject","inLanguage":"es","@id":"https:\/\/www.copealcoy.es\/es\/la-generalitat-valenciana-vacunara-a-todo-el-personal-docente-antes-de-semana-santa\/#primaryimage","url":"https:\/\/www.copealcoy.es\/wp-content\/uploads\/2021\/03\/1614844695540.jpg","contentUrl":"https:\/\/www.copealcoy.es\/wp-content\/uploads\/2021\/03\/1614844695540.jpg","width":976,"height":488},{"@type":"BreadcrumbList","@id":"https:\/\/www.copealcoy.es\/es\/la-generalitat-valenciana-vacunara-a-todo-el-personal-docente-antes-de-semana-santa\/#breadcrumb","itemListElement":[{"@type":"ListItem","position":1,"name":"Portada","item":"https:\/\/www.copealcoy.es\/es\/"},{"@type":"ListItem","position":2,"name":"La Generalitat Valenciana vacunar\u00e1 a todo el personal docente antes de Semana Santa"}]},{"@type":"WebSite","@id":"https:\/\/www.copealcoy.es\/es\/#website","url":"https:\/\/www.copealcoy.es\/es\/","name":"COPE Alcoy","description":"Emisora COPE de radio local con emisi\u00f3n online. Pont de Sant Jordi 8-10 03803 Alcoy","potentialAction":[{"@type":"SearchAction","target":{"@type":"EntryPoint","urlTemplate":"https:\/\/www.copealcoy.es\/es\/?s={search_term_string}"},"query-input":{"@type":"PropertyValueSpecification","valueRequired":true,"valueName":"search_term_string"}}],"inLanguage":"es"},{"@type":"Person","@id":"https:\/\/www.copealcoy.es\/es\/#\/schema\/person\/e777c87fa024e57d40170af9df39882c","name":"Cope Alcoy","image":{"@type":"ImageObject","inLanguage":"es","@id":"https:\/\/secure.gravatar.com\/avatar\/bb65d0283347e303893ba14f0692005417c1e0e690a325a4c5d8bb2b3943ee14?s=96&d=mm&r=g","url":"https:\/\/secure.gravatar.com\/avatar\/bb65d0283347e303893ba14f0692005417c1e0e690a325a4c5d8bb2b3943ee14?s=96&d=mm&r=g","contentUrl":"https:\/\/secure.gravatar.com\/avatar\/bb65d0283347e303893ba14f0692005417c1e0e690a325a4c5d8bb2b3943ee14?s=96&d=mm&r=g","caption":"Cope Alcoy"}}]}},"_links":{"self":[{"href":"https:\/\/www.copealcoy.es\/es\/wp-json\/wp\/v2\/posts\/72162","targetHints":{"allow":["GET"]}}],"collection":[{"href":"https:\/\/www.copealcoy.es\/es\/wp-json\/wp\/v2\/posts"}],"about":[{"href":"https:\/\/www.copealcoy.es\/es\/wp-json\/wp\/v2\/types\/post"}],"author":[{"embeddable":true,"href":"https:\/\/www.copealcoy.es\/es\/wp-json\/wp\/v2\/users\/1"}],"replies":[{"embeddable":true,"href":"https:\/\/www.copealcoy.es\/es\/wp-json\/wp\/v2\/comments?post=72162"}],"version-history":[{"count":0,"href":"https:\/\/www.copealcoy.es\/es\/wp-json\/wp\/v2\/posts\/72162\/revisions"}],"wp:featuredmedia":[{"embeddable":true,"href":"https:\/\/www.copealcoy.es\/es\/wp-json\/wp\/v2\/media\/71807"}],"wp:attachment":[{"href":"https:\/\/www.copealcoy.es\/es\/wp-json\/wp\/v2\/media?parent=72162"}],"wp:term":[{"taxonomy":"category","embeddable":true,"href":"https:\/\/www.copealcoy.es\/es\/wp-json\/wp\/v2\/categories?post=72162"},{"taxonomy":"post_tag","embeddable":true,"href":"https:\/\/www.copealcoy.es\/es\/wp-json\/wp\/v2\/tags?post=72162"}],"curies":[{"name":"wp","href":"https:\/\/api.w.org\/{rel}","templated":true}]}}