{"id":72153,"date":"2021-03-23T09:52:42","date_gmt":"2021-03-23T08:52:42","guid":{"rendered":"https:\/\/www.copealcoy.es\/?p=72153"},"modified":"2021-03-25T22:01:46","modified_gmt":"2021-03-25T21:01:46","slug":"el-nazareno-de-cocentaina-ya-luce-su-antigua-tunica-restaurada","status":"publish","type":"post","link":"https:\/\/www.copealcoy.es\/es\/el-nazareno-de-cocentaina-ya-luce-su-antigua-tunica-restaurada\/","title":{"rendered":"El Nazareno de Cocentaina ya luce su antigua t\u00fanica restaurada"},"content":{"rendered":"<p style=\"text-align: justify;\">La <strong>imagen de Jes\u00fas Nazareno<\/strong>, que se venera en el Monasterio de la Mare de D\u00e9u del Miracle de Cocentaina, ya luce <strong>su antigua t\u00fanica del siglo XIX<\/strong>\u00a0tras el <a href=\"https:\/\/www.copealcoy.es\/vuelve-a-cocentaina-la-tunica-restaurada-de-jesus-nazareno-del-siglo-xix\/\"><span style=\"color: #0000ff;\"><strong>proceso de restauraci\u00f3n<\/strong><\/span><\/a> al que fue sometida la misma el pasado a\u00f1o. Los trabajos<strong> se realizaron en el taller del Museo de Arte Sacro de Orihuela<\/strong>, a cargo de la restauradora <strong>Pilar Vallalta<\/strong>, y estos contaron con <strong>la autorizaci\u00f3n<\/strong> as\u00ed como <strong>los oportunos permisos<\/strong> de la Conseller\u00eda de Cultura de la Generalitat Valenciana.<\/p>\n<p style=\"text-align: justify;\">Hay que destacar que <strong>esta\u00a0 t\u00fanica vest\u00eda a la antigua imagen del Nazareno, destruida en la Guerra Civil<\/strong>, y la pieza patrimonial <strong>fue donada en su momento por los Condes de Cocentaina<\/strong> tal y como destacan desde la Cofrad\u00eda. Adem\u00e1s <strong>la vestidura lleg\u00f3 restaurada\u00a0 hasta la Villa Condal el pasado mes de mayo<\/strong>, estando todav\u00eda en vigor el Estado de Alarma decretado para frenar la primera ola de la crisis sanitaria del Coronavirus, y en todo el trayecto desde Orihuela <strong>estuvo custodiada por la Polic\u00eda Nacional<\/strong>. 200 a\u00f1os despu\u00e9s, el Nazareno de Cocentaina <strong>ya vuelve a lucir desde el pasado 21 de marzo este tejido<\/strong>, de 1.50 por 2.40 metros, y la misma t\u00fanica <strong>vestir\u00e1 a la imagen hasta finalizar la Semana Santa<\/strong> de este a\u00f1o &#8220;<em>este es un signo de la Fe de nuestros antepasados y de la devoci\u00f3n que Cocentaina profesa desde siglos a esta imagen. Que hemos emprendido desde la Cofrad\u00eda no s\u00f3lo para recuperar nuestro patrimonio, sino en homenaje a cuantos sufren, han pasado y pasan dificultades en estos tiempos de pandemia, desde el convencimiento que con la intercesi\u00f3n de Ntro. Padre Jes\u00fas el Nazareno encontraremos la fuerza para salir adelante y vencer toda adversidad<\/em>&#8220;, afirman los Presidentes de la mencionada Cofrad\u00eda; <strong>Pedro Belda y Lourdes Nadal<\/strong>.<\/p>\n<p style=\"text-align: justify;\">La imagen del Nazareno, junto a la t\u00fanica, <strong>se pueden visitar en el Monasterio de la Mare de D\u00e9u del Miracle<\/strong> ya que la talla preside el altar mayor desde mediados de Cuaresma. Este paso de la Semana Santa contestana, uno de los m\u00e1s antiguos, <strong>despierta gran devoci\u00f3n entre los vecinos del municipio<\/strong> y desde anta\u00f1o ha estado vinculado al gremio del comercio.<\/p>\n","protected":false},"excerpt":{"rendered":"<p>La imagen de Jes\u00fas Nazareno, que se venera en el Monasterio de la Mare de D\u00e9u del Miracle de Cocentaina,&#8230;<\/p>\n","protected":false},"author":1,"featured_media":72157,"comment_status":"open","ping_status":"open","sticky":false,"template":"","format":"standard","meta":{"footnotes":""},"categories":[98,75],"tags":[132,7265,2028,250,745,7266],"class_list":["post-72153","post","type-post","status-publish","format-standard","has-post-thumbnail","hentry","category-comarcas","category-noticias","tag-cocentaina","tag-monasterio-mare-de-deu-del-miracle","tag-nazareno","tag-restauracion","tag-semana-santa","tag-tunica"],"yoast_head":"<!-- This site is optimized with the Yoast SEO plugin v27.3 - https:\/\/yoast.com\/product\/yoast-seo-wordpress\/ -->\n<title>El Nazareno de Cocentaina ya luce su antigua t\u00fanica restaurada - COPE Alcoy<\/title>\n<meta name=\"robots\" content=\"index, follow, max-snippet:-1, max-image-preview:large, max-video-preview:-1\" \/>\n<link rel=\"canonical\" href=\"https:\/\/www.copealcoy.es\/es\/el-nazareno-de-cocentaina-ya-luce-su-antigua-tunica-restaurada\/\" \/>\n<meta property=\"og:locale\" content=\"es_ES\" \/>\n<meta property=\"og:type\" content=\"article\" \/>\n<meta property=\"og:title\" content=\"El Nazareno de Cocentaina ya luce su antigua t\u00fanica restaurada - COPE Alcoy\" \/>\n<meta property=\"og:description\" content=\"La imagen de Jes\u00fas Nazareno, que se venera en el Monasterio de la Mare de D\u00e9u del Miracle de Cocentaina,...\" \/>\n<meta property=\"og:url\" content=\"https:\/\/www.copealcoy.es\/es\/el-nazareno-de-cocentaina-ya-luce-su-antigua-tunica-restaurada\/\" \/>\n<meta property=\"og:site_name\" content=\"COPE Alcoy\" \/>\n<meta property=\"article:published_time\" content=\"2021-03-23T08:52:42+00:00\" \/>\n<meta property=\"article:modified_time\" content=\"2021-03-25T21:01:46+00:00\" \/>\n<meta property=\"og:image\" content=\"https:\/\/www.copealcoy.es\/wp-content\/uploads\/2021\/03\/162856110_1109098892938484_7905636913060407294_n.jpg\" \/>\n\t<meta property=\"og:image:width\" content=\"540\" \/>\n\t<meta property=\"og:image:height\" content=\"583\" \/>\n\t<meta property=\"og:image:type\" content=\"image\/jpeg\" \/>\n<meta name=\"author\" content=\"Cope Alcoy\" \/>\n<meta name=\"twitter:label1\" content=\"Escrito por\" \/>\n\t<meta name=\"twitter:data1\" content=\"Cope Alcoy\" \/>\n\t<meta name=\"twitter:label2\" content=\"Tiempo de lectura\" \/>\n\t<meta name=\"twitter:data2\" content=\"2 minutos\" \/>\n<script type=\"application\/ld+json\" class=\"yoast-schema-graph\">{\"@context\":\"https:\\\/\\\/schema.org\",\"@graph\":[{\"@type\":\"Article\",\"@id\":\"https:\\\/\\\/www.copealcoy.es\\\/es\\\/el-nazareno-de-cocentaina-ya-luce-su-antigua-tunica-restaurada\\\/#article\",\"isPartOf\":{\"@id\":\"https:\\\/\\\/www.copealcoy.es\\\/es\\\/el-nazareno-de-cocentaina-ya-luce-su-antigua-tunica-restaurada\\\/\"},\"author\":{\"name\":\"Cope Alcoy\",\"@id\":\"https:\\\/\\\/www.copealcoy.es\\\/es\\\/#\\\/schema\\\/person\\\/e777c87fa024e57d40170af9df39882c\"},\"headline\":\"El Nazareno de Cocentaina ya luce su antigua t\u00fanica restaurada\",\"datePublished\":\"2021-03-23T08:52:42+00:00\",\"dateModified\":\"2021-03-25T21:01:46+00:00\",\"mainEntityOfPage\":{\"@id\":\"https:\\\/\\\/www.copealcoy.es\\\/es\\\/el-nazareno-de-cocentaina-ya-luce-su-antigua-tunica-restaurada\\\/\"},\"wordCount\":392,\"commentCount\":0,\"image\":{\"@id\":\"https:\\\/\\\/www.copealcoy.es\\\/es\\\/el-nazareno-de-cocentaina-ya-luce-su-antigua-tunica-restaurada\\\/#primaryimage\"},\"thumbnailUrl\":\"https:\\\/\\\/www.copealcoy.es\\\/wp-content\\\/uploads\\\/2021\\\/03\\\/162856110_1109098892938484_7905636913060407294_n.jpg\",\"keywords\":[\"Cocentaina\",\"Monasterio Mare de D\u00e9u del Miracle\",\"Nazareno\",\"Restauraci\u00f3n\",\"Semana Santa\",\"t\u00fanica\"],\"articleSection\":[\"Comarcas\",\"Noticias\"],\"inLanguage\":\"es\"},{\"@type\":\"WebPage\",\"@id\":\"https:\\\/\\\/www.copealcoy.es\\\/es\\\/el-nazareno-de-cocentaina-ya-luce-su-antigua-tunica-restaurada\\\/\",\"url\":\"https:\\\/\\\/www.copealcoy.es\\\/es\\\/el-nazareno-de-cocentaina-ya-luce-su-antigua-tunica-restaurada\\\/\",\"name\":\"El Nazareno de Cocentaina ya luce su antigua t\u00fanica restaurada - COPE Alcoy\",\"isPartOf\":{\"@id\":\"https:\\\/\\\/www.copealcoy.es\\\/es\\\/#website\"},\"primaryImageOfPage\":{\"@id\":\"https:\\\/\\\/www.copealcoy.es\\\/es\\\/el-nazareno-de-cocentaina-ya-luce-su-antigua-tunica-restaurada\\\/#primaryimage\"},\"image\":{\"@id\":\"https:\\\/\\\/www.copealcoy.es\\\/es\\\/el-nazareno-de-cocentaina-ya-luce-su-antigua-tunica-restaurada\\\/#primaryimage\"},\"thumbnailUrl\":\"https:\\\/\\\/www.copealcoy.es\\\/wp-content\\\/uploads\\\/2021\\\/03\\\/162856110_1109098892938484_7905636913060407294_n.jpg\",\"datePublished\":\"2021-03-23T08:52:42+00:00\",\"dateModified\":\"2021-03-25T21:01:46+00:00\",\"author\":{\"@id\":\"https:\\\/\\\/www.copealcoy.es\\\/es\\\/#\\\/schema\\\/person\\\/e777c87fa024e57d40170af9df39882c\"},\"breadcrumb\":{\"@id\":\"https:\\\/\\\/www.copealcoy.es\\\/es\\\/el-nazareno-de-cocentaina-ya-luce-su-antigua-tunica-restaurada\\\/#breadcrumb\"},\"inLanguage\":\"es\",\"potentialAction\":[{\"@type\":\"ReadAction\",\"target\":[\"https:\\\/\\\/www.copealcoy.es\\\/es\\\/el-nazareno-de-cocentaina-ya-luce-su-antigua-tunica-restaurada\\\/\"]}]},{\"@type\":\"ImageObject\",\"inLanguage\":\"es\",\"@id\":\"https:\\\/\\\/www.copealcoy.es\\\/es\\\/el-nazareno-de-cocentaina-ya-luce-su-antigua-tunica-restaurada\\\/#primaryimage\",\"url\":\"https:\\\/\\\/www.copealcoy.es\\\/wp-content\\\/uploads\\\/2021\\\/03\\\/162856110_1109098892938484_7905636913060407294_n.jpg\",\"contentUrl\":\"https:\\\/\\\/www.copealcoy.es\\\/wp-content\\\/uploads\\\/2021\\\/03\\\/162856110_1109098892938484_7905636913060407294_n.jpg\",\"width\":540,\"height\":583},{\"@type\":\"BreadcrumbList\",\"@id\":\"https:\\\/\\\/www.copealcoy.es\\\/es\\\/el-nazareno-de-cocentaina-ya-luce-su-antigua-tunica-restaurada\\\/#breadcrumb\",\"itemListElement\":[{\"@type\":\"ListItem\",\"position\":1,\"name\":\"Portada\",\"item\":\"https:\\\/\\\/www.copealcoy.es\\\/es\\\/\"},{\"@type\":\"ListItem\",\"position\":2,\"name\":\"El Nazareno de Cocentaina ya luce su antigua t\u00fanica restaurada\"}]},{\"@type\":\"WebSite\",\"@id\":\"https:\\\/\\\/www.copealcoy.es\\\/es\\\/#website\",\"url\":\"https:\\\/\\\/www.copealcoy.es\\\/es\\\/\",\"name\":\"COPE Alcoy\",\"description\":\"Emisora COPE de radio local con emisi\u00f3n online. Pont de Sant Jordi 8-10 03803 Alcoy\",\"potentialAction\":[{\"@type\":\"SearchAction\",\"target\":{\"@type\":\"EntryPoint\",\"urlTemplate\":\"https:\\\/\\\/www.copealcoy.es\\\/es\\\/?s={search_term_string}\"},\"query-input\":{\"@type\":\"PropertyValueSpecification\",\"valueRequired\":true,\"valueName\":\"search_term_string\"}}],\"inLanguage\":\"es\"},{\"@type\":\"Person\",\"@id\":\"https:\\\/\\\/www.copealcoy.es\\\/es\\\/#\\\/schema\\\/person\\\/e777c87fa024e57d40170af9df39882c\",\"name\":\"Cope Alcoy\",\"image\":{\"@type\":\"ImageObject\",\"inLanguage\":\"es\",\"@id\":\"https:\\\/\\\/secure.gravatar.com\\\/avatar\\\/bb65d0283347e303893ba14f0692005417c1e0e690a325a4c5d8bb2b3943ee14?s=96&d=mm&r=g\",\"url\":\"https:\\\/\\\/secure.gravatar.com\\\/avatar\\\/bb65d0283347e303893ba14f0692005417c1e0e690a325a4c5d8bb2b3943ee14?s=96&d=mm&r=g\",\"contentUrl\":\"https:\\\/\\\/secure.gravatar.com\\\/avatar\\\/bb65d0283347e303893ba14f0692005417c1e0e690a325a4c5d8bb2b3943ee14?s=96&d=mm&r=g\",\"caption\":\"Cope Alcoy\"}}]}<\/script>\n<!-- \/ Yoast SEO plugin. -->","yoast_head_json":{"title":"El Nazareno de Cocentaina ya luce su antigua t\u00fanica restaurada - COPE Alcoy","robots":{"index":"index","follow":"follow","max-snippet":"max-snippet:-1","max-image-preview":"max-image-preview:large","max-video-preview":"max-video-preview:-1"},"canonical":"https:\/\/www.copealcoy.es\/es\/el-nazareno-de-cocentaina-ya-luce-su-antigua-tunica-restaurada\/","og_locale":"es_ES","og_type":"article","og_title":"El Nazareno de Cocentaina ya luce su antigua t\u00fanica restaurada - COPE Alcoy","og_description":"La imagen de Jes\u00fas Nazareno, que se venera en el Monasterio de la Mare de D\u00e9u del Miracle de Cocentaina,...","og_url":"https:\/\/www.copealcoy.es\/es\/el-nazareno-de-cocentaina-ya-luce-su-antigua-tunica-restaurada\/","og_site_name":"COPE Alcoy","article_published_time":"2021-03-23T08:52:42+00:00","article_modified_time":"2021-03-25T21:01:46+00:00","og_image":[{"width":540,"height":583,"url":"https:\/\/www.copealcoy.es\/wp-content\/uploads\/2021\/03\/162856110_1109098892938484_7905636913060407294_n.jpg","type":"image\/jpeg"}],"author":"Cope Alcoy","twitter_misc":{"Escrito por":"Cope Alcoy","Tiempo de lectura":"2 minutos"},"schema":{"@context":"https:\/\/schema.org","@graph":[{"@type":"Article","@id":"https:\/\/www.copealcoy.es\/es\/el-nazareno-de-cocentaina-ya-luce-su-antigua-tunica-restaurada\/#article","isPartOf":{"@id":"https:\/\/www.copealcoy.es\/es\/el-nazareno-de-cocentaina-ya-luce-su-antigua-tunica-restaurada\/"},"author":{"name":"Cope Alcoy","@id":"https:\/\/www.copealcoy.es\/es\/#\/schema\/person\/e777c87fa024e57d40170af9df39882c"},"headline":"El Nazareno de Cocentaina ya luce su antigua t\u00fanica restaurada","datePublished":"2021-03-23T08:52:42+00:00","dateModified":"2021-03-25T21:01:46+00:00","mainEntityOfPage":{"@id":"https:\/\/www.copealcoy.es\/es\/el-nazareno-de-cocentaina-ya-luce-su-antigua-tunica-restaurada\/"},"wordCount":392,"commentCount":0,"image":{"@id":"https:\/\/www.copealcoy.es\/es\/el-nazareno-de-cocentaina-ya-luce-su-antigua-tunica-restaurada\/#primaryimage"},"thumbnailUrl":"https:\/\/www.copealcoy.es\/wp-content\/uploads\/2021\/03\/162856110_1109098892938484_7905636913060407294_n.jpg","keywords":["Cocentaina","Monasterio Mare de D\u00e9u del Miracle","Nazareno","Restauraci\u00f3n","Semana Santa","t\u00fanica"],"articleSection":["Comarcas","Noticias"],"inLanguage":"es"},{"@type":"WebPage","@id":"https:\/\/www.copealcoy.es\/es\/el-nazareno-de-cocentaina-ya-luce-su-antigua-tunica-restaurada\/","url":"https:\/\/www.copealcoy.es\/es\/el-nazareno-de-cocentaina-ya-luce-su-antigua-tunica-restaurada\/","name":"El Nazareno de Cocentaina ya luce su antigua t\u00fanica restaurada - COPE Alcoy","isPartOf":{"@id":"https:\/\/www.copealcoy.es\/es\/#website"},"primaryImageOfPage":{"@id":"https:\/\/www.copealcoy.es\/es\/el-nazareno-de-cocentaina-ya-luce-su-antigua-tunica-restaurada\/#primaryimage"},"image":{"@id":"https:\/\/www.copealcoy.es\/es\/el-nazareno-de-cocentaina-ya-luce-su-antigua-tunica-restaurada\/#primaryimage"},"thumbnailUrl":"https:\/\/www.copealcoy.es\/wp-content\/uploads\/2021\/03\/162856110_1109098892938484_7905636913060407294_n.jpg","datePublished":"2021-03-23T08:52:42+00:00","dateModified":"2021-03-25T21:01:46+00:00","author":{"@id":"https:\/\/www.copealcoy.es\/es\/#\/schema\/person\/e777c87fa024e57d40170af9df39882c"},"breadcrumb":{"@id":"https:\/\/www.copealcoy.es\/es\/el-nazareno-de-cocentaina-ya-luce-su-antigua-tunica-restaurada\/#breadcrumb"},"inLanguage":"es","potentialAction":[{"@type":"ReadAction","target":["https:\/\/www.copealcoy.es\/es\/el-nazareno-de-cocentaina-ya-luce-su-antigua-tunica-restaurada\/"]}]},{"@type":"ImageObject","inLanguage":"es","@id":"https:\/\/www.copealcoy.es\/es\/el-nazareno-de-cocentaina-ya-luce-su-antigua-tunica-restaurada\/#primaryimage","url":"https:\/\/www.copealcoy.es\/wp-content\/uploads\/2021\/03\/162856110_1109098892938484_7905636913060407294_n.jpg","contentUrl":"https:\/\/www.copealcoy.es\/wp-content\/uploads\/2021\/03\/162856110_1109098892938484_7905636913060407294_n.jpg","width":540,"height":583},{"@type":"BreadcrumbList","@id":"https:\/\/www.copealcoy.es\/es\/el-nazareno-de-cocentaina-ya-luce-su-antigua-tunica-restaurada\/#breadcrumb","itemListElement":[{"@type":"ListItem","position":1,"name":"Portada","item":"https:\/\/www.copealcoy.es\/es\/"},{"@type":"ListItem","position":2,"name":"El Nazareno de Cocentaina ya luce su antigua t\u00fanica restaurada"}]},{"@type":"WebSite","@id":"https:\/\/www.copealcoy.es\/es\/#website","url":"https:\/\/www.copealcoy.es\/es\/","name":"COPE Alcoy","description":"Emisora COPE de radio local con emisi\u00f3n online. Pont de Sant Jordi 8-10 03803 Alcoy","potentialAction":[{"@type":"SearchAction","target":{"@type":"EntryPoint","urlTemplate":"https:\/\/www.copealcoy.es\/es\/?s={search_term_string}"},"query-input":{"@type":"PropertyValueSpecification","valueRequired":true,"valueName":"search_term_string"}}],"inLanguage":"es"},{"@type":"Person","@id":"https:\/\/www.copealcoy.es\/es\/#\/schema\/person\/e777c87fa024e57d40170af9df39882c","name":"Cope Alcoy","image":{"@type":"ImageObject","inLanguage":"es","@id":"https:\/\/secure.gravatar.com\/avatar\/bb65d0283347e303893ba14f0692005417c1e0e690a325a4c5d8bb2b3943ee14?s=96&d=mm&r=g","url":"https:\/\/secure.gravatar.com\/avatar\/bb65d0283347e303893ba14f0692005417c1e0e690a325a4c5d8bb2b3943ee14?s=96&d=mm&r=g","contentUrl":"https:\/\/secure.gravatar.com\/avatar\/bb65d0283347e303893ba14f0692005417c1e0e690a325a4c5d8bb2b3943ee14?s=96&d=mm&r=g","caption":"Cope Alcoy"}}]}},"_links":{"self":[{"href":"https:\/\/www.copealcoy.es\/es\/wp-json\/wp\/v2\/posts\/72153","targetHints":{"allow":["GET"]}}],"collection":[{"href":"https:\/\/www.copealcoy.es\/es\/wp-json\/wp\/v2\/posts"}],"about":[{"href":"https:\/\/www.copealcoy.es\/es\/wp-json\/wp\/v2\/types\/post"}],"author":[{"embeddable":true,"href":"https:\/\/www.copealcoy.es\/es\/wp-json\/wp\/v2\/users\/1"}],"replies":[{"embeddable":true,"href":"https:\/\/www.copealcoy.es\/es\/wp-json\/wp\/v2\/comments?post=72153"}],"version-history":[{"count":0,"href":"https:\/\/www.copealcoy.es\/es\/wp-json\/wp\/v2\/posts\/72153\/revisions"}],"wp:featuredmedia":[{"embeddable":true,"href":"https:\/\/www.copealcoy.es\/es\/wp-json\/wp\/v2\/media\/72157"}],"wp:attachment":[{"href":"https:\/\/www.copealcoy.es\/es\/wp-json\/wp\/v2\/media?parent=72153"}],"wp:term":[{"taxonomy":"category","embeddable":true,"href":"https:\/\/www.copealcoy.es\/es\/wp-json\/wp\/v2\/categories?post=72153"},{"taxonomy":"post_tag","embeddable":true,"href":"https:\/\/www.copealcoy.es\/es\/wp-json\/wp\/v2\/tags?post=72153"}],"curies":[{"name":"wp","href":"https:\/\/api.w.org\/{rel}","templated":true}]}}