{"id":72038,"date":"2021-03-18T13:17:06","date_gmt":"2021-03-18T12:17:06","guid":{"rendered":"https:\/\/www.copealcoy.es\/?p=72038"},"modified":"2021-03-18T13:25:01","modified_gmt":"2021-03-18T12:25:01","slug":"instan-a-instalar-la-nueva-senalizacion-de-alcoy","status":"publish","type":"post","link":"https:\/\/www.copealcoy.es\/es\/instan-a-instalar-la-nueva-senalizacion-de-alcoy\/","title":{"rendered":"Instan a instalar la nueva se\u00f1alizaci\u00f3n de Alcoy"},"content":{"rendered":"<p style=\"text-align: justify;\">El <strong>Partido Popular de Alcoy<\/strong> exige al Gobierno Local del PSOE que ponga en marcha el <strong>nuevo contrato<\/strong> <strong>de mupis y se\u00f1alizaci\u00f3n<\/strong> de nuestra ciudad. La formaci\u00f3n explica que <strong>el mismo fue adjudicado en diciembre a Exterior Plus<\/strong> a cambio de <strong>un c\u00e1non anual de 36.300 euros<\/strong> y detalla que <strong>incluye elementos innovadores<\/strong> como pantallas digitales en diferentes puntos de la ciudad que ser\u00e1n gigantes en el caso de los principales accesos.<\/p>\n<p style=\"text-align: justify;\">Desde el PP afirman que <strong>tres meses despu\u00e9s de la firma del contrato<\/strong>, la se\u00f1alizaci\u00f3n se mantiene en <strong>una situaci\u00f3n precaria<\/strong> y los nuevos dispositivos no llegan. Adem\u00e1s afirman que <strong>ya ha finalizado el plazo para hacer realidad este proyecto<\/strong> &#8220;<em>el Gobierno debe ponerse a trabajar para presentar su plan de nueva se\u00f1alizaci\u00f3n de la ciudad porque la actual est\u00e1 en mal estado, tiene diferentes formatos y muchas veces dificulta m\u00e1s que ayuda. Es especialmente grave que el Ayuntamiento vaya a poner en marcha la peatonalizaci\u00f3n del Centro sin haber implantando la se\u00f1alizaci\u00f3n que indique las nuevas direcciones y condiciones de acceso al barrio. La improvisaci\u00f3n es total porque no est\u00e1n se\u00f1alizadas los recorridos alternativos. Va todo a salto de mata<\/em>&#8220;, lamenta la edil; <strong>Lirios Garc\u00eda<\/strong>.<\/p>\n<p style=\"text-align: justify;\">Recordar que el nuevo contrato de la se\u00f1alizaci\u00f3n <strong>iba a permitir renovar toda la se\u00f1alizaci\u00f3n direccional de la ciudad<\/strong>, con especial atenci\u00f3n a la tur\u00edstica en base a criterios de Destino Tur\u00edstico Inteligente.<\/p>\n","protected":false},"excerpt":{"rendered":"<p>El Partido Popular de Alcoy exige al Gobierno Local del PSOE que ponga en marcha el nuevo contrato de mupis&#8230;<\/p>\n","protected":false},"author":1,"featured_media":72039,"comment_status":"open","ping_status":"open","sticky":false,"template":"","format":"standard","meta":{"footnotes":""},"categories":[97,75,79],"tags":[1494,4593,3375,11027,448],"class_list":["post-72038","post","type-post","status-publish","format-standard","has-post-thumbnail","hentry","category-alcoy","category-noticias","category-politicayeconomia","tag-alcoy","tag-aplicacion","tag-instalacion","tag-nueva-senalizacion","tag-partido-popular"],"yoast_head":"<!-- This site is optimized with the Yoast SEO plugin v27.3 - https:\/\/yoast.com\/product\/yoast-seo-wordpress\/ -->\n<title>Instan a instalar la nueva se\u00f1alizaci\u00f3n de Alcoy - COPE Alcoy<\/title>\n<meta name=\"robots\" content=\"index, follow, max-snippet:-1, max-image-preview:large, max-video-preview:-1\" \/>\n<link rel=\"canonical\" href=\"https:\/\/www.copealcoy.es\/es\/instan-a-instalar-la-nueva-senalizacion-de-alcoy\/\" \/>\n<meta property=\"og:locale\" content=\"es_ES\" \/>\n<meta property=\"og:type\" content=\"article\" \/>\n<meta property=\"og:title\" content=\"Instan a instalar la nueva se\u00f1alizaci\u00f3n de Alcoy - COPE Alcoy\" \/>\n<meta property=\"og:description\" content=\"El Partido Popular de Alcoy exige al Gobierno Local del PSOE que ponga en marcha el nuevo contrato de mupis...\" \/>\n<meta property=\"og:url\" content=\"https:\/\/www.copealcoy.es\/es\/instan-a-instalar-la-nueva-senalizacion-de-alcoy\/\" \/>\n<meta property=\"og:site_name\" content=\"COPE Alcoy\" \/>\n<meta property=\"article:published_time\" content=\"2021-03-18T12:17:06+00:00\" \/>\n<meta property=\"article:modified_time\" content=\"2021-03-18T12:25:01+00:00\" \/>\n<meta property=\"og:image\" content=\"https:\/\/www.copealcoy.es\/wp-content\/uploads\/2021\/03\/20210318_mupis-scaled.jpg\" \/>\n\t<meta property=\"og:image:width\" content=\"2560\" \/>\n\t<meta property=\"og:image:height\" content=\"1920\" \/>\n\t<meta property=\"og:image:type\" content=\"image\/jpeg\" \/>\n<meta name=\"author\" content=\"Cope Alcoy\" \/>\n<meta name=\"twitter:label1\" content=\"Escrito por\" \/>\n\t<meta name=\"twitter:data1\" content=\"Cope Alcoy\" \/>\n\t<meta name=\"twitter:label2\" content=\"Tiempo de lectura\" \/>\n\t<meta name=\"twitter:data2\" content=\"1 minuto\" \/>\n<script type=\"application\/ld+json\" class=\"yoast-schema-graph\">{\"@context\":\"https:\\\/\\\/schema.org\",\"@graph\":[{\"@type\":\"Article\",\"@id\":\"https:\\\/\\\/www.copealcoy.es\\\/es\\\/instan-a-instalar-la-nueva-senalizacion-de-alcoy\\\/#article\",\"isPartOf\":{\"@id\":\"https:\\\/\\\/www.copealcoy.es\\\/es\\\/instan-a-instalar-la-nueva-senalizacion-de-alcoy\\\/\"},\"author\":{\"name\":\"Cope Alcoy\",\"@id\":\"https:\\\/\\\/www.copealcoy.es\\\/es\\\/#\\\/schema\\\/person\\\/e777c87fa024e57d40170af9df39882c\"},\"headline\":\"Instan a instalar la nueva se\u00f1alizaci\u00f3n de Alcoy\",\"datePublished\":\"2021-03-18T12:17:06+00:00\",\"dateModified\":\"2021-03-18T12:25:01+00:00\",\"mainEntityOfPage\":{\"@id\":\"https:\\\/\\\/www.copealcoy.es\\\/es\\\/instan-a-instalar-la-nueva-senalizacion-de-alcoy\\\/\"},\"wordCount\":267,\"commentCount\":0,\"image\":{\"@id\":\"https:\\\/\\\/www.copealcoy.es\\\/es\\\/instan-a-instalar-la-nueva-senalizacion-de-alcoy\\\/#primaryimage\"},\"thumbnailUrl\":\"https:\\\/\\\/www.copealcoy.es\\\/wp-content\\\/uploads\\\/2021\\\/03\\\/20210318_mupis-scaled.jpg\",\"keywords\":[\"Alcoy\",\"aplicaci\u00f3n\",\"instalaci\u00f3n\",\"nueva se\u00f1alizaci\u00f3n\",\"Partido Popular\"],\"articleSection\":[\"Alcoy\",\"Noticias\",\"Pol\u00edtica y Econom\u00eda\"],\"inLanguage\":\"es\"},{\"@type\":\"WebPage\",\"@id\":\"https:\\\/\\\/www.copealcoy.es\\\/es\\\/instan-a-instalar-la-nueva-senalizacion-de-alcoy\\\/\",\"url\":\"https:\\\/\\\/www.copealcoy.es\\\/es\\\/instan-a-instalar-la-nueva-senalizacion-de-alcoy\\\/\",\"name\":\"Instan a instalar la nueva se\u00f1alizaci\u00f3n de Alcoy - COPE Alcoy\",\"isPartOf\":{\"@id\":\"https:\\\/\\\/www.copealcoy.es\\\/es\\\/#website\"},\"primaryImageOfPage\":{\"@id\":\"https:\\\/\\\/www.copealcoy.es\\\/es\\\/instan-a-instalar-la-nueva-senalizacion-de-alcoy\\\/#primaryimage\"},\"image\":{\"@id\":\"https:\\\/\\\/www.copealcoy.es\\\/es\\\/instan-a-instalar-la-nueva-senalizacion-de-alcoy\\\/#primaryimage\"},\"thumbnailUrl\":\"https:\\\/\\\/www.copealcoy.es\\\/wp-content\\\/uploads\\\/2021\\\/03\\\/20210318_mupis-scaled.jpg\",\"datePublished\":\"2021-03-18T12:17:06+00:00\",\"dateModified\":\"2021-03-18T12:25:01+00:00\",\"author\":{\"@id\":\"https:\\\/\\\/www.copealcoy.es\\\/es\\\/#\\\/schema\\\/person\\\/e777c87fa024e57d40170af9df39882c\"},\"breadcrumb\":{\"@id\":\"https:\\\/\\\/www.copealcoy.es\\\/es\\\/instan-a-instalar-la-nueva-senalizacion-de-alcoy\\\/#breadcrumb\"},\"inLanguage\":\"es\",\"potentialAction\":[{\"@type\":\"ReadAction\",\"target\":[\"https:\\\/\\\/www.copealcoy.es\\\/es\\\/instan-a-instalar-la-nueva-senalizacion-de-alcoy\\\/\"]}]},{\"@type\":\"ImageObject\",\"inLanguage\":\"es\",\"@id\":\"https:\\\/\\\/www.copealcoy.es\\\/es\\\/instan-a-instalar-la-nueva-senalizacion-de-alcoy\\\/#primaryimage\",\"url\":\"https:\\\/\\\/www.copealcoy.es\\\/wp-content\\\/uploads\\\/2021\\\/03\\\/20210318_mupis-scaled.jpg\",\"contentUrl\":\"https:\\\/\\\/www.copealcoy.es\\\/wp-content\\\/uploads\\\/2021\\\/03\\\/20210318_mupis-scaled.jpg\",\"width\":2560,\"height\":1920},{\"@type\":\"BreadcrumbList\",\"@id\":\"https:\\\/\\\/www.copealcoy.es\\\/es\\\/instan-a-instalar-la-nueva-senalizacion-de-alcoy\\\/#breadcrumb\",\"itemListElement\":[{\"@type\":\"ListItem\",\"position\":1,\"name\":\"Portada\",\"item\":\"https:\\\/\\\/www.copealcoy.es\\\/es\\\/\"},{\"@type\":\"ListItem\",\"position\":2,\"name\":\"Instan a instalar la nueva se\u00f1alizaci\u00f3n de Alcoy\"}]},{\"@type\":\"WebSite\",\"@id\":\"https:\\\/\\\/www.copealcoy.es\\\/es\\\/#website\",\"url\":\"https:\\\/\\\/www.copealcoy.es\\\/es\\\/\",\"name\":\"COPE Alcoy\",\"description\":\"Emisora COPE de radio local con emisi\u00f3n online. Pont de Sant Jordi 8-10 03803 Alcoy\",\"potentialAction\":[{\"@type\":\"SearchAction\",\"target\":{\"@type\":\"EntryPoint\",\"urlTemplate\":\"https:\\\/\\\/www.copealcoy.es\\\/es\\\/?s={search_term_string}\"},\"query-input\":{\"@type\":\"PropertyValueSpecification\",\"valueRequired\":true,\"valueName\":\"search_term_string\"}}],\"inLanguage\":\"es\"},{\"@type\":\"Person\",\"@id\":\"https:\\\/\\\/www.copealcoy.es\\\/es\\\/#\\\/schema\\\/person\\\/e777c87fa024e57d40170af9df39882c\",\"name\":\"Cope Alcoy\",\"image\":{\"@type\":\"ImageObject\",\"inLanguage\":\"es\",\"@id\":\"https:\\\/\\\/secure.gravatar.com\\\/avatar\\\/bb65d0283347e303893ba14f0692005417c1e0e690a325a4c5d8bb2b3943ee14?s=96&d=mm&r=g\",\"url\":\"https:\\\/\\\/secure.gravatar.com\\\/avatar\\\/bb65d0283347e303893ba14f0692005417c1e0e690a325a4c5d8bb2b3943ee14?s=96&d=mm&r=g\",\"contentUrl\":\"https:\\\/\\\/secure.gravatar.com\\\/avatar\\\/bb65d0283347e303893ba14f0692005417c1e0e690a325a4c5d8bb2b3943ee14?s=96&d=mm&r=g\",\"caption\":\"Cope Alcoy\"}}]}<\/script>\n<!-- \/ Yoast SEO plugin. -->","yoast_head_json":{"title":"Instan a instalar la nueva se\u00f1alizaci\u00f3n de Alcoy - COPE Alcoy","robots":{"index":"index","follow":"follow","max-snippet":"max-snippet:-1","max-image-preview":"max-image-preview:large","max-video-preview":"max-video-preview:-1"},"canonical":"https:\/\/www.copealcoy.es\/es\/instan-a-instalar-la-nueva-senalizacion-de-alcoy\/","og_locale":"es_ES","og_type":"article","og_title":"Instan a instalar la nueva se\u00f1alizaci\u00f3n de Alcoy - COPE Alcoy","og_description":"El Partido Popular de Alcoy exige al Gobierno Local del PSOE que ponga en marcha el nuevo contrato de mupis...","og_url":"https:\/\/www.copealcoy.es\/es\/instan-a-instalar-la-nueva-senalizacion-de-alcoy\/","og_site_name":"COPE Alcoy","article_published_time":"2021-03-18T12:17:06+00:00","article_modified_time":"2021-03-18T12:25:01+00:00","og_image":[{"width":2560,"height":1920,"url":"https:\/\/www.copealcoy.es\/wp-content\/uploads\/2021\/03\/20210318_mupis-scaled.jpg","type":"image\/jpeg"}],"author":"Cope Alcoy","twitter_misc":{"Escrito por":"Cope Alcoy","Tiempo de lectura":"1 minuto"},"schema":{"@context":"https:\/\/schema.org","@graph":[{"@type":"Article","@id":"https:\/\/www.copealcoy.es\/es\/instan-a-instalar-la-nueva-senalizacion-de-alcoy\/#article","isPartOf":{"@id":"https:\/\/www.copealcoy.es\/es\/instan-a-instalar-la-nueva-senalizacion-de-alcoy\/"},"author":{"name":"Cope Alcoy","@id":"https:\/\/www.copealcoy.es\/es\/#\/schema\/person\/e777c87fa024e57d40170af9df39882c"},"headline":"Instan a instalar la nueva se\u00f1alizaci\u00f3n de Alcoy","datePublished":"2021-03-18T12:17:06+00:00","dateModified":"2021-03-18T12:25:01+00:00","mainEntityOfPage":{"@id":"https:\/\/www.copealcoy.es\/es\/instan-a-instalar-la-nueva-senalizacion-de-alcoy\/"},"wordCount":267,"commentCount":0,"image":{"@id":"https:\/\/www.copealcoy.es\/es\/instan-a-instalar-la-nueva-senalizacion-de-alcoy\/#primaryimage"},"thumbnailUrl":"https:\/\/www.copealcoy.es\/wp-content\/uploads\/2021\/03\/20210318_mupis-scaled.jpg","keywords":["Alcoy","aplicaci\u00f3n","instalaci\u00f3n","nueva se\u00f1alizaci\u00f3n","Partido Popular"],"articleSection":["Alcoy","Noticias","Pol\u00edtica y Econom\u00eda"],"inLanguage":"es"},{"@type":"WebPage","@id":"https:\/\/www.copealcoy.es\/es\/instan-a-instalar-la-nueva-senalizacion-de-alcoy\/","url":"https:\/\/www.copealcoy.es\/es\/instan-a-instalar-la-nueva-senalizacion-de-alcoy\/","name":"Instan a instalar la nueva se\u00f1alizaci\u00f3n de Alcoy - COPE Alcoy","isPartOf":{"@id":"https:\/\/www.copealcoy.es\/es\/#website"},"primaryImageOfPage":{"@id":"https:\/\/www.copealcoy.es\/es\/instan-a-instalar-la-nueva-senalizacion-de-alcoy\/#primaryimage"},"image":{"@id":"https:\/\/www.copealcoy.es\/es\/instan-a-instalar-la-nueva-senalizacion-de-alcoy\/#primaryimage"},"thumbnailUrl":"https:\/\/www.copealcoy.es\/wp-content\/uploads\/2021\/03\/20210318_mupis-scaled.jpg","datePublished":"2021-03-18T12:17:06+00:00","dateModified":"2021-03-18T12:25:01+00:00","author":{"@id":"https:\/\/www.copealcoy.es\/es\/#\/schema\/person\/e777c87fa024e57d40170af9df39882c"},"breadcrumb":{"@id":"https:\/\/www.copealcoy.es\/es\/instan-a-instalar-la-nueva-senalizacion-de-alcoy\/#breadcrumb"},"inLanguage":"es","potentialAction":[{"@type":"ReadAction","target":["https:\/\/www.copealcoy.es\/es\/instan-a-instalar-la-nueva-senalizacion-de-alcoy\/"]}]},{"@type":"ImageObject","inLanguage":"es","@id":"https:\/\/www.copealcoy.es\/es\/instan-a-instalar-la-nueva-senalizacion-de-alcoy\/#primaryimage","url":"https:\/\/www.copealcoy.es\/wp-content\/uploads\/2021\/03\/20210318_mupis-scaled.jpg","contentUrl":"https:\/\/www.copealcoy.es\/wp-content\/uploads\/2021\/03\/20210318_mupis-scaled.jpg","width":2560,"height":1920},{"@type":"BreadcrumbList","@id":"https:\/\/www.copealcoy.es\/es\/instan-a-instalar-la-nueva-senalizacion-de-alcoy\/#breadcrumb","itemListElement":[{"@type":"ListItem","position":1,"name":"Portada","item":"https:\/\/www.copealcoy.es\/es\/"},{"@type":"ListItem","position":2,"name":"Instan a instalar la nueva se\u00f1alizaci\u00f3n de Alcoy"}]},{"@type":"WebSite","@id":"https:\/\/www.copealcoy.es\/es\/#website","url":"https:\/\/www.copealcoy.es\/es\/","name":"COPE Alcoy","description":"Emisora COPE de radio local con emisi\u00f3n online. Pont de Sant Jordi 8-10 03803 Alcoy","potentialAction":[{"@type":"SearchAction","target":{"@type":"EntryPoint","urlTemplate":"https:\/\/www.copealcoy.es\/es\/?s={search_term_string}"},"query-input":{"@type":"PropertyValueSpecification","valueRequired":true,"valueName":"search_term_string"}}],"inLanguage":"es"},{"@type":"Person","@id":"https:\/\/www.copealcoy.es\/es\/#\/schema\/person\/e777c87fa024e57d40170af9df39882c","name":"Cope Alcoy","image":{"@type":"ImageObject","inLanguage":"es","@id":"https:\/\/secure.gravatar.com\/avatar\/bb65d0283347e303893ba14f0692005417c1e0e690a325a4c5d8bb2b3943ee14?s=96&d=mm&r=g","url":"https:\/\/secure.gravatar.com\/avatar\/bb65d0283347e303893ba14f0692005417c1e0e690a325a4c5d8bb2b3943ee14?s=96&d=mm&r=g","contentUrl":"https:\/\/secure.gravatar.com\/avatar\/bb65d0283347e303893ba14f0692005417c1e0e690a325a4c5d8bb2b3943ee14?s=96&d=mm&r=g","caption":"Cope Alcoy"}}]}},"_links":{"self":[{"href":"https:\/\/www.copealcoy.es\/es\/wp-json\/wp\/v2\/posts\/72038","targetHints":{"allow":["GET"]}}],"collection":[{"href":"https:\/\/www.copealcoy.es\/es\/wp-json\/wp\/v2\/posts"}],"about":[{"href":"https:\/\/www.copealcoy.es\/es\/wp-json\/wp\/v2\/types\/post"}],"author":[{"embeddable":true,"href":"https:\/\/www.copealcoy.es\/es\/wp-json\/wp\/v2\/users\/1"}],"replies":[{"embeddable":true,"href":"https:\/\/www.copealcoy.es\/es\/wp-json\/wp\/v2\/comments?post=72038"}],"version-history":[{"count":0,"href":"https:\/\/www.copealcoy.es\/es\/wp-json\/wp\/v2\/posts\/72038\/revisions"}],"wp:featuredmedia":[{"embeddable":true,"href":"https:\/\/www.copealcoy.es\/es\/wp-json\/wp\/v2\/media\/72039"}],"wp:attachment":[{"href":"https:\/\/www.copealcoy.es\/es\/wp-json\/wp\/v2\/media?parent=72038"}],"wp:term":[{"taxonomy":"category","embeddable":true,"href":"https:\/\/www.copealcoy.es\/es\/wp-json\/wp\/v2\/categories?post=72038"},{"taxonomy":"post_tag","embeddable":true,"href":"https:\/\/www.copealcoy.es\/es\/wp-json\/wp\/v2\/tags?post=72038"}],"curies":[{"name":"wp","href":"https:\/\/api.w.org\/{rel}","templated":true}]}}