{"id":72028,"date":"2021-03-18T12:18:06","date_gmt":"2021-03-18T11:18:06","guid":{"rendered":"https:\/\/www.copealcoy.es\/?p=72028"},"modified":"2021-03-18T12:55:57","modified_gmt":"2021-03-18T11:55:57","slug":"jose-luis-gonzalez-renueva-como-director-deportivo-del-alcoyano","status":"publish","type":"post","link":"https:\/\/www.copealcoy.es\/es\/jose-luis-gonzalez-renueva-como-director-deportivo-del-alcoyano\/","title":{"rendered":"Jos\u00e9 Lu\u00eds Gonz\u00e1lez renueva como Director Deportivo del Alcoyano"},"content":{"rendered":"<p style=\"text-align: justify;\">El Presidente del CD Alcoyano,<strong> Antonio Justicia<\/strong>, ha confirmado <strong>la renovaci\u00f3n de Josele Gonz\u00e1lez<\/strong> como Director Deportivo por una temporada m\u00e1s. El m\u00e1ximo dirigente de la entidad blanquiazul ha mostrado su satisfacci\u00f3n por el trabajo realizado por\u00a0 Gonz\u00e1lez en estos a\u00f1os &#8220;<em>su gesti\u00f3n deportiva ha sido maravillosa, ha situado al club en el mapa futbol\u00edstico mundial por la Copa del Rey y los 2 ascensos en 8 meses<\/em>&#8220;, ha afirmado Justicia.<\/p>\n<p style=\"text-align: justify;\">Por su parte, Josele <strong>ha mostrado su gratitud al Presidente y al Consejo de Administraci\u00f3n<\/strong> por la confianza depositada en \u00e9l &#8220;<em>el Club ha cambiado deportiva e institucionalmente para bien, y eso se traduce en resultados<\/em>&#8220;, ha comentado Gonz\u00e1lez.<\/p>\n<p><iframe loading=\"lazy\" title=\"Rueda de Prensa del Presidente del Club y del Director Deportivo\" width=\"1200\" height=\"675\" src=\"https:\/\/www.youtube.com\/embed\/7Ag-e5nQ3WY?feature=oembed\" frameborder=\"0\" allow=\"accelerometer; autoplay; clipboard-write; encrypted-media; gyroscope; picture-in-picture\" allowfullscreen><\/iframe><\/p>\n","protected":false},"excerpt":{"rendered":"<p>El Presidente del CD Alcoyano, Antonio Justicia, ha confirmado la renovaci\u00f3n de Josele Gonz\u00e1lez como Director Deportivo por una temporada&#8230;<\/p>\n","protected":false},"author":1,"featured_media":72029,"comment_status":"open","ping_status":"open","sticky":false,"template":"","format":"standard","meta":{"footnotes":""},"categories":[97,92,75],"tags":[140,11026,1911,337],"class_list":["post-72028","post","type-post","status-publish","format-standard","has-post-thumbnail","hentry","category-alcoy","category-deportes","category-noticias","tag-alcoyano","tag-director-deportivo","tag-jose-luis-gonzalez","tag-renovacion"],"yoast_head":"<!-- This site is optimized with the Yoast SEO plugin v27.3 - https:\/\/yoast.com\/product\/yoast-seo-wordpress\/ -->\n<title>Jos\u00e9 Lu\u00eds Gonz\u00e1lez renueva como Director Deportivo del Alcoyano - COPE Alcoy<\/title>\n<meta name=\"robots\" content=\"index, follow, max-snippet:-1, max-image-preview:large, max-video-preview:-1\" \/>\n<link rel=\"canonical\" href=\"https:\/\/www.copealcoy.es\/es\/jose-luis-gonzalez-renueva-como-director-deportivo-del-alcoyano\/\" \/>\n<meta property=\"og:locale\" content=\"es_ES\" \/>\n<meta property=\"og:type\" content=\"article\" \/>\n<meta property=\"og:title\" content=\"Jos\u00e9 Lu\u00eds Gonz\u00e1lez renueva como Director Deportivo del Alcoyano - COPE Alcoy\" \/>\n<meta property=\"og:description\" content=\"El Presidente del CD Alcoyano, Antonio Justicia, ha confirmado la renovaci\u00f3n de Josele Gonz\u00e1lez como Director Deportivo por una temporada...\" \/>\n<meta property=\"og:url\" content=\"https:\/\/www.copealcoy.es\/es\/jose-luis-gonzalez-renueva-como-director-deportivo-del-alcoyano\/\" \/>\n<meta property=\"og:site_name\" content=\"COPE Alcoy\" \/>\n<meta property=\"article:published_time\" content=\"2021-03-18T11:18:06+00:00\" \/>\n<meta property=\"article:modified_time\" content=\"2021-03-18T11:55:57+00:00\" \/>\n<meta property=\"og:image\" content=\"https:\/\/www.copealcoy.es\/wp-content\/uploads\/2021\/03\/safe_image.jpg\" \/>\n\t<meta property=\"og:image:width\" content=\"500\" \/>\n\t<meta property=\"og:image:height\" content=\"260\" \/>\n\t<meta property=\"og:image:type\" content=\"image\/jpeg\" \/>\n<meta name=\"author\" content=\"Cope Alcoy\" \/>\n<meta name=\"twitter:label1\" content=\"Escrito por\" \/>\n\t<meta name=\"twitter:data1\" content=\"Cope Alcoy\" \/>\n\t<meta name=\"twitter:label2\" content=\"Tiempo de lectura\" \/>\n\t<meta name=\"twitter:data2\" content=\"1 minuto\" \/>\n<script type=\"application\/ld+json\" class=\"yoast-schema-graph\">{\"@context\":\"https:\\\/\\\/schema.org\",\"@graph\":[{\"@type\":\"Article\",\"@id\":\"https:\\\/\\\/www.copealcoy.es\\\/es\\\/jose-luis-gonzalez-renueva-como-director-deportivo-del-alcoyano\\\/#article\",\"isPartOf\":{\"@id\":\"https:\\\/\\\/www.copealcoy.es\\\/es\\\/jose-luis-gonzalez-renueva-como-director-deportivo-del-alcoyano\\\/\"},\"author\":{\"name\":\"Cope Alcoy\",\"@id\":\"https:\\\/\\\/www.copealcoy.es\\\/es\\\/#\\\/schema\\\/person\\\/e777c87fa024e57d40170af9df39882c\"},\"headline\":\"Jos\u00e9 Lu\u00eds Gonz\u00e1lez renueva como Director Deportivo del Alcoyano\",\"datePublished\":\"2021-03-18T11:18:06+00:00\",\"dateModified\":\"2021-03-18T11:55:57+00:00\",\"mainEntityOfPage\":{\"@id\":\"https:\\\/\\\/www.copealcoy.es\\\/es\\\/jose-luis-gonzalez-renueva-como-director-deportivo-del-alcoyano\\\/\"},\"wordCount\":138,\"commentCount\":0,\"image\":{\"@id\":\"https:\\\/\\\/www.copealcoy.es\\\/es\\\/jose-luis-gonzalez-renueva-como-director-deportivo-del-alcoyano\\\/#primaryimage\"},\"thumbnailUrl\":\"https:\\\/\\\/www.copealcoy.es\\\/wp-content\\\/uploads\\\/2021\\\/03\\\/safe_image.jpg\",\"keywords\":[\"Alcoyano\",\"Director Deportivo\",\"Jos\u00e9 Lu\u00eds Gonz\u00e1lez\",\"Renovaci\u00f3n\"],\"articleSection\":[\"Alcoy\",\"Deportes\",\"Noticias\"],\"inLanguage\":\"es\"},{\"@type\":\"WebPage\",\"@id\":\"https:\\\/\\\/www.copealcoy.es\\\/es\\\/jose-luis-gonzalez-renueva-como-director-deportivo-del-alcoyano\\\/\",\"url\":\"https:\\\/\\\/www.copealcoy.es\\\/es\\\/jose-luis-gonzalez-renueva-como-director-deportivo-del-alcoyano\\\/\",\"name\":\"Jos\u00e9 Lu\u00eds Gonz\u00e1lez renueva como Director Deportivo del Alcoyano - COPE Alcoy\",\"isPartOf\":{\"@id\":\"https:\\\/\\\/www.copealcoy.es\\\/es\\\/#website\"},\"primaryImageOfPage\":{\"@id\":\"https:\\\/\\\/www.copealcoy.es\\\/es\\\/jose-luis-gonzalez-renueva-como-director-deportivo-del-alcoyano\\\/#primaryimage\"},\"image\":{\"@id\":\"https:\\\/\\\/www.copealcoy.es\\\/es\\\/jose-luis-gonzalez-renueva-como-director-deportivo-del-alcoyano\\\/#primaryimage\"},\"thumbnailUrl\":\"https:\\\/\\\/www.copealcoy.es\\\/wp-content\\\/uploads\\\/2021\\\/03\\\/safe_image.jpg\",\"datePublished\":\"2021-03-18T11:18:06+00:00\",\"dateModified\":\"2021-03-18T11:55:57+00:00\",\"author\":{\"@id\":\"https:\\\/\\\/www.copealcoy.es\\\/es\\\/#\\\/schema\\\/person\\\/e777c87fa024e57d40170af9df39882c\"},\"breadcrumb\":{\"@id\":\"https:\\\/\\\/www.copealcoy.es\\\/es\\\/jose-luis-gonzalez-renueva-como-director-deportivo-del-alcoyano\\\/#breadcrumb\"},\"inLanguage\":\"es\",\"potentialAction\":[{\"@type\":\"ReadAction\",\"target\":[\"https:\\\/\\\/www.copealcoy.es\\\/es\\\/jose-luis-gonzalez-renueva-como-director-deportivo-del-alcoyano\\\/\"]}]},{\"@type\":\"ImageObject\",\"inLanguage\":\"es\",\"@id\":\"https:\\\/\\\/www.copealcoy.es\\\/es\\\/jose-luis-gonzalez-renueva-como-director-deportivo-del-alcoyano\\\/#primaryimage\",\"url\":\"https:\\\/\\\/www.copealcoy.es\\\/wp-content\\\/uploads\\\/2021\\\/03\\\/safe_image.jpg\",\"contentUrl\":\"https:\\\/\\\/www.copealcoy.es\\\/wp-content\\\/uploads\\\/2021\\\/03\\\/safe_image.jpg\",\"width\":500,\"height\":260},{\"@type\":\"BreadcrumbList\",\"@id\":\"https:\\\/\\\/www.copealcoy.es\\\/es\\\/jose-luis-gonzalez-renueva-como-director-deportivo-del-alcoyano\\\/#breadcrumb\",\"itemListElement\":[{\"@type\":\"ListItem\",\"position\":1,\"name\":\"Portada\",\"item\":\"https:\\\/\\\/www.copealcoy.es\\\/es\\\/\"},{\"@type\":\"ListItem\",\"position\":2,\"name\":\"Jos\u00e9 Lu\u00eds Gonz\u00e1lez renueva como Director Deportivo del Alcoyano\"}]},{\"@type\":\"WebSite\",\"@id\":\"https:\\\/\\\/www.copealcoy.es\\\/es\\\/#website\",\"url\":\"https:\\\/\\\/www.copealcoy.es\\\/es\\\/\",\"name\":\"COPE Alcoy\",\"description\":\"Emisora COPE de radio local con emisi\u00f3n online. Pont de Sant Jordi 8-10 03803 Alcoy\",\"potentialAction\":[{\"@type\":\"SearchAction\",\"target\":{\"@type\":\"EntryPoint\",\"urlTemplate\":\"https:\\\/\\\/www.copealcoy.es\\\/es\\\/?s={search_term_string}\"},\"query-input\":{\"@type\":\"PropertyValueSpecification\",\"valueRequired\":true,\"valueName\":\"search_term_string\"}}],\"inLanguage\":\"es\"},{\"@type\":\"Person\",\"@id\":\"https:\\\/\\\/www.copealcoy.es\\\/es\\\/#\\\/schema\\\/person\\\/e777c87fa024e57d40170af9df39882c\",\"name\":\"Cope Alcoy\",\"image\":{\"@type\":\"ImageObject\",\"inLanguage\":\"es\",\"@id\":\"https:\\\/\\\/secure.gravatar.com\\\/avatar\\\/bb65d0283347e303893ba14f0692005417c1e0e690a325a4c5d8bb2b3943ee14?s=96&d=mm&r=g\",\"url\":\"https:\\\/\\\/secure.gravatar.com\\\/avatar\\\/bb65d0283347e303893ba14f0692005417c1e0e690a325a4c5d8bb2b3943ee14?s=96&d=mm&r=g\",\"contentUrl\":\"https:\\\/\\\/secure.gravatar.com\\\/avatar\\\/bb65d0283347e303893ba14f0692005417c1e0e690a325a4c5d8bb2b3943ee14?s=96&d=mm&r=g\",\"caption\":\"Cope Alcoy\"}}]}<\/script>\n<!-- \/ Yoast SEO plugin. -->","yoast_head_json":{"title":"Jos\u00e9 Lu\u00eds Gonz\u00e1lez renueva como Director Deportivo del Alcoyano - COPE Alcoy","robots":{"index":"index","follow":"follow","max-snippet":"max-snippet:-1","max-image-preview":"max-image-preview:large","max-video-preview":"max-video-preview:-1"},"canonical":"https:\/\/www.copealcoy.es\/es\/jose-luis-gonzalez-renueva-como-director-deportivo-del-alcoyano\/","og_locale":"es_ES","og_type":"article","og_title":"Jos\u00e9 Lu\u00eds Gonz\u00e1lez renueva como Director Deportivo del Alcoyano - COPE Alcoy","og_description":"El Presidente del CD Alcoyano, Antonio Justicia, ha confirmado la renovaci\u00f3n de Josele Gonz\u00e1lez como Director Deportivo por una temporada...","og_url":"https:\/\/www.copealcoy.es\/es\/jose-luis-gonzalez-renueva-como-director-deportivo-del-alcoyano\/","og_site_name":"COPE Alcoy","article_published_time":"2021-03-18T11:18:06+00:00","article_modified_time":"2021-03-18T11:55:57+00:00","og_image":[{"width":500,"height":260,"url":"https:\/\/www.copealcoy.es\/wp-content\/uploads\/2021\/03\/safe_image.jpg","type":"image\/jpeg"}],"author":"Cope Alcoy","twitter_misc":{"Escrito por":"Cope Alcoy","Tiempo de lectura":"1 minuto"},"schema":{"@context":"https:\/\/schema.org","@graph":[{"@type":"Article","@id":"https:\/\/www.copealcoy.es\/es\/jose-luis-gonzalez-renueva-como-director-deportivo-del-alcoyano\/#article","isPartOf":{"@id":"https:\/\/www.copealcoy.es\/es\/jose-luis-gonzalez-renueva-como-director-deportivo-del-alcoyano\/"},"author":{"name":"Cope Alcoy","@id":"https:\/\/www.copealcoy.es\/es\/#\/schema\/person\/e777c87fa024e57d40170af9df39882c"},"headline":"Jos\u00e9 Lu\u00eds Gonz\u00e1lez renueva como Director Deportivo del Alcoyano","datePublished":"2021-03-18T11:18:06+00:00","dateModified":"2021-03-18T11:55:57+00:00","mainEntityOfPage":{"@id":"https:\/\/www.copealcoy.es\/es\/jose-luis-gonzalez-renueva-como-director-deportivo-del-alcoyano\/"},"wordCount":138,"commentCount":0,"image":{"@id":"https:\/\/www.copealcoy.es\/es\/jose-luis-gonzalez-renueva-como-director-deportivo-del-alcoyano\/#primaryimage"},"thumbnailUrl":"https:\/\/www.copealcoy.es\/wp-content\/uploads\/2021\/03\/safe_image.jpg","keywords":["Alcoyano","Director Deportivo","Jos\u00e9 Lu\u00eds Gonz\u00e1lez","Renovaci\u00f3n"],"articleSection":["Alcoy","Deportes","Noticias"],"inLanguage":"es"},{"@type":"WebPage","@id":"https:\/\/www.copealcoy.es\/es\/jose-luis-gonzalez-renueva-como-director-deportivo-del-alcoyano\/","url":"https:\/\/www.copealcoy.es\/es\/jose-luis-gonzalez-renueva-como-director-deportivo-del-alcoyano\/","name":"Jos\u00e9 Lu\u00eds Gonz\u00e1lez renueva como Director Deportivo del Alcoyano - COPE Alcoy","isPartOf":{"@id":"https:\/\/www.copealcoy.es\/es\/#website"},"primaryImageOfPage":{"@id":"https:\/\/www.copealcoy.es\/es\/jose-luis-gonzalez-renueva-como-director-deportivo-del-alcoyano\/#primaryimage"},"image":{"@id":"https:\/\/www.copealcoy.es\/es\/jose-luis-gonzalez-renueva-como-director-deportivo-del-alcoyano\/#primaryimage"},"thumbnailUrl":"https:\/\/www.copealcoy.es\/wp-content\/uploads\/2021\/03\/safe_image.jpg","datePublished":"2021-03-18T11:18:06+00:00","dateModified":"2021-03-18T11:55:57+00:00","author":{"@id":"https:\/\/www.copealcoy.es\/es\/#\/schema\/person\/e777c87fa024e57d40170af9df39882c"},"breadcrumb":{"@id":"https:\/\/www.copealcoy.es\/es\/jose-luis-gonzalez-renueva-como-director-deportivo-del-alcoyano\/#breadcrumb"},"inLanguage":"es","potentialAction":[{"@type":"ReadAction","target":["https:\/\/www.copealcoy.es\/es\/jose-luis-gonzalez-renueva-como-director-deportivo-del-alcoyano\/"]}]},{"@type":"ImageObject","inLanguage":"es","@id":"https:\/\/www.copealcoy.es\/es\/jose-luis-gonzalez-renueva-como-director-deportivo-del-alcoyano\/#primaryimage","url":"https:\/\/www.copealcoy.es\/wp-content\/uploads\/2021\/03\/safe_image.jpg","contentUrl":"https:\/\/www.copealcoy.es\/wp-content\/uploads\/2021\/03\/safe_image.jpg","width":500,"height":260},{"@type":"BreadcrumbList","@id":"https:\/\/www.copealcoy.es\/es\/jose-luis-gonzalez-renueva-como-director-deportivo-del-alcoyano\/#breadcrumb","itemListElement":[{"@type":"ListItem","position":1,"name":"Portada","item":"https:\/\/www.copealcoy.es\/es\/"},{"@type":"ListItem","position":2,"name":"Jos\u00e9 Lu\u00eds Gonz\u00e1lez renueva como Director Deportivo del Alcoyano"}]},{"@type":"WebSite","@id":"https:\/\/www.copealcoy.es\/es\/#website","url":"https:\/\/www.copealcoy.es\/es\/","name":"COPE Alcoy","description":"Emisora COPE de radio local con emisi\u00f3n online. Pont de Sant Jordi 8-10 03803 Alcoy","potentialAction":[{"@type":"SearchAction","target":{"@type":"EntryPoint","urlTemplate":"https:\/\/www.copealcoy.es\/es\/?s={search_term_string}"},"query-input":{"@type":"PropertyValueSpecification","valueRequired":true,"valueName":"search_term_string"}}],"inLanguage":"es"},{"@type":"Person","@id":"https:\/\/www.copealcoy.es\/es\/#\/schema\/person\/e777c87fa024e57d40170af9df39882c","name":"Cope Alcoy","image":{"@type":"ImageObject","inLanguage":"es","@id":"https:\/\/secure.gravatar.com\/avatar\/bb65d0283347e303893ba14f0692005417c1e0e690a325a4c5d8bb2b3943ee14?s=96&d=mm&r=g","url":"https:\/\/secure.gravatar.com\/avatar\/bb65d0283347e303893ba14f0692005417c1e0e690a325a4c5d8bb2b3943ee14?s=96&d=mm&r=g","contentUrl":"https:\/\/secure.gravatar.com\/avatar\/bb65d0283347e303893ba14f0692005417c1e0e690a325a4c5d8bb2b3943ee14?s=96&d=mm&r=g","caption":"Cope Alcoy"}}]}},"_links":{"self":[{"href":"https:\/\/www.copealcoy.es\/es\/wp-json\/wp\/v2\/posts\/72028","targetHints":{"allow":["GET"]}}],"collection":[{"href":"https:\/\/www.copealcoy.es\/es\/wp-json\/wp\/v2\/posts"}],"about":[{"href":"https:\/\/www.copealcoy.es\/es\/wp-json\/wp\/v2\/types\/post"}],"author":[{"embeddable":true,"href":"https:\/\/www.copealcoy.es\/es\/wp-json\/wp\/v2\/users\/1"}],"replies":[{"embeddable":true,"href":"https:\/\/www.copealcoy.es\/es\/wp-json\/wp\/v2\/comments?post=72028"}],"version-history":[{"count":0,"href":"https:\/\/www.copealcoy.es\/es\/wp-json\/wp\/v2\/posts\/72028\/revisions"}],"wp:featuredmedia":[{"embeddable":true,"href":"https:\/\/www.copealcoy.es\/es\/wp-json\/wp\/v2\/media\/72029"}],"wp:attachment":[{"href":"https:\/\/www.copealcoy.es\/es\/wp-json\/wp\/v2\/media?parent=72028"}],"wp:term":[{"taxonomy":"category","embeddable":true,"href":"https:\/\/www.copealcoy.es\/es\/wp-json\/wp\/v2\/categories?post=72028"},{"taxonomy":"post_tag","embeddable":true,"href":"https:\/\/www.copealcoy.es\/es\/wp-json\/wp\/v2\/tags?post=72028"}],"curies":[{"name":"wp","href":"https:\/\/api.w.org\/{rel}","templated":true}]}}