{"id":72025,"date":"2021-03-18T11:01:28","date_gmt":"2021-03-18T10:01:28","guid":{"rendered":"https:\/\/www.copealcoy.es\/?p=72025"},"modified":"2021-10-03T17:57:15","modified_gmt":"2021-10-03T16:57:15","slug":"joan-gadea-la-gent-tenia-moltes-ganes-que-tornara-lalqueria-blanca","status":"publish","type":"post","link":"https:\/\/www.copealcoy.es\/es\/joan-gadea-la-gent-tenia-moltes-ganes-que-tornara-lalqueria-blanca\/","title":{"rendered":"Joan Gadea: &#8220;la gent tenia moltes ganes que tornara l&#8217;Alqueria Blanca&#8221;"},"content":{"rendered":"<p style=\"text-align: justify;\">La Televisi\u00f3 Valenciana\u00a0<strong><span class=\"hiddenSpellError\">\u00c0punt<\/span><\/strong>\u00a0estrenar\u00e0 <strong>el diumenge 21 de mar\u00e7<\/strong>, a partir de les 21:<span class=\"hiddenGrammarError\">15h<\/span>, <strong>la nova temporada de l&#8217;exitosa s\u00e8rie l&#8217;Alqueria Blanca<\/strong>. Huit anys despr\u00e9s del tancament de Canal 9 <strong>tornen a la xicoteta pantalla<\/strong> personatges coneguts com per exemple Dora, Robert, Blanca, <span class=\"hiddenSuggestion\">Don<\/span>\u00a0Joaquim, Ferri,\u00a0<span class=\"hiddenSpellError\">Tonet<\/span>\u00a0o Anna, i altres de nous que a poc a poc aniran entrant en escena. La s\u00e8rie <strong>tamb\u00e9 es podr\u00e0 veure per la web d&#8217;Apunt M\u00e8dia<\/strong> i en aquesta nova temporada <strong>s&#8217;han gravat 18 cap\u00edtols<\/strong> dels quals 10 es veuran fins abans de l&#8217;estiu i la resta a la tardor.<\/p>\n<p style=\"text-align: justify;\">L&#8217;actor alcoi\u00e0, <strong>Joan\u00a0<span class=\"hiddenSpellError\">Gadea<\/span><\/strong>, torna a donar vida <strong>al personatge de\u00a0<span class=\"hiddenSuggestion\">Don<\/span>\u00a0<span class=\"hiddenSpellError\">Joaqu\u00edm<\/span>\u00a0<\/strong>i per a ell<strong> ha suposat una gran il\u00b7lusi\u00f3<\/strong> tornar a reunir-se amb els companys de s\u00e8rie en el rodatge. A m\u00e9s <strong>assegura que la gent espera amb moltes ganes tornar a veure l&#8217;Alqueria Blanca<\/strong> &#8220;<em>des de la posada en marxa de les emissions d&#8217;Apunt que la gent ens parava pel carrer preguntant-nos quan tornarien nous cap\u00edtols. Els espectadors no notaran que han passat huit anys perqu\u00e8 si l&#8217;anterior temporada finalitz\u00e0 en el 203 i en l&#8217;argument tan sols suposa uns mesos de difer\u00e8ncia. Tots els que l&#8217;han tornada a veure a la web i han seguit les reposicions que s&#8217;han estat fent no tindran cap problema per a seguir de nou els cap\u00edtols<\/em>&#8220;, afirma el protagonista.<\/p>\n<p style=\"text-align: justify;\"><span class=\"hiddenSpellError\">\u00c0punt<\/span>\u00a0<strong>ha preparat una programaci\u00f3 especial per a la vesprada del diumenge<\/strong> on, a banda del cap\u00edtol que s&#8217;estrenar\u00e0 despr\u00e9s de les not\u00edcies de la nit podrem veure <strong>un programa especial<\/strong> que recollir\u00e0 els millors moments de l&#8217;Alqueria Blanca. Tamb\u00e9 <strong>hi haur\u00e0 un col\u00b7loqui<\/strong> on podran participar els fans incondicionals d&#8217;aquesta estimada producci\u00f3 audiovisual.<\/p>\n","protected":false},"excerpt":{"rendered":"<p>La Televisi\u00f3 Valenciana\u00a0\u00c0punt\u00a0estrenar\u00e0 el diumenge 21 de mar\u00e7, a partir de les 21:15h, la nova temporada de l&#8217;exitosa s\u00e8rie l&#8217;Alqueria&#8230;<\/p>\n","protected":false},"author":1,"featured_media":72026,"comment_status":"open","ping_status":"open","sticky":false,"template":"","format":"standard","meta":{"footnotes":""},"categories":[98,75],"tags":[11030,11031,1854,11029,9719],"class_list":["post-72025","post","type-post","status-publish","format-standard","has-post-thumbnail","hentry","category-comarcas","category-noticias","tag-alqueria-blanca","tag-apunt","tag-joan-gadea","tag-retorn","tag-serie"],"yoast_head":"<!-- This site is optimized with the Yoast SEO plugin v27.3 - https:\/\/yoast.com\/product\/yoast-seo-wordpress\/ -->\n<title>Joan Gadea: &quot;la gent tenia moltes ganes que tornara l&#039;Alqueria Blanca&quot; - COPE Alcoy<\/title>\n<meta name=\"robots\" content=\"index, follow, max-snippet:-1, max-image-preview:large, max-video-preview:-1\" \/>\n<link rel=\"canonical\" href=\"https:\/\/www.copealcoy.es\/es\/joan-gadea-la-gent-tenia-moltes-ganes-que-tornara-lalqueria-blanca\/\" \/>\n<meta property=\"og:locale\" content=\"es_ES\" \/>\n<meta property=\"og:type\" content=\"article\" \/>\n<meta property=\"og:title\" content=\"Joan Gadea: &quot;la gent tenia moltes ganes que tornara l&#039;Alqueria Blanca&quot; - COPE Alcoy\" \/>\n<meta property=\"og:description\" content=\"La Televisi\u00f3 Valenciana\u00a0\u00c0punt\u00a0estrenar\u00e0 el diumenge 21 de mar\u00e7, a partir de les 21:15h, la nova temporada de l&#8217;exitosa s\u00e8rie l&#8217;Alqueria...\" \/>\n<meta property=\"og:url\" content=\"https:\/\/www.copealcoy.es\/es\/joan-gadea-la-gent-tenia-moltes-ganes-que-tornara-lalqueria-blanca\/\" \/>\n<meta property=\"og:site_name\" content=\"COPE Alcoy\" \/>\n<meta property=\"article:published_time\" content=\"2021-03-18T10:01:28+00:00\" \/>\n<meta property=\"article:modified_time\" content=\"2021-10-03T16:57:15+00:00\" \/>\n<meta property=\"og:image\" content=\"https:\/\/www.copealcoy.es\/wp-content\/uploads\/2021\/03\/12c99119-d6a4-484b-8835-be2ea9868dea_16-9-aspect-ratio_default_0.jpg\" \/>\n\t<meta property=\"og:image:width\" content=\"880\" \/>\n\t<meta property=\"og:image:height\" content=\"495\" \/>\n\t<meta property=\"og:image:type\" content=\"image\/jpeg\" \/>\n<meta name=\"author\" content=\"Cope Alcoy\" \/>\n<meta name=\"twitter:label1\" content=\"Escrito por\" \/>\n\t<meta name=\"twitter:data1\" content=\"Cope Alcoy\" \/>\n\t<meta name=\"twitter:label2\" content=\"Tiempo de lectura\" \/>\n\t<meta name=\"twitter:data2\" content=\"2 minutos\" \/>\n<script type=\"application\/ld+json\" class=\"yoast-schema-graph\">{\"@context\":\"https:\\\/\\\/schema.org\",\"@graph\":[{\"@type\":\"Article\",\"@id\":\"https:\\\/\\\/www.copealcoy.es\\\/es\\\/joan-gadea-la-gent-tenia-moltes-ganes-que-tornara-lalqueria-blanca\\\/#article\",\"isPartOf\":{\"@id\":\"https:\\\/\\\/www.copealcoy.es\\\/es\\\/joan-gadea-la-gent-tenia-moltes-ganes-que-tornara-lalqueria-blanca\\\/\"},\"author\":{\"name\":\"Cope Alcoy\",\"@id\":\"https:\\\/\\\/www.copealcoy.es\\\/es\\\/#\\\/schema\\\/person\\\/e777c87fa024e57d40170af9df39882c\"},\"headline\":\"Joan Gadea: &#8220;la gent tenia moltes ganes que tornara l&#8217;Alqueria Blanca&#8221;\",\"datePublished\":\"2021-03-18T10:01:28+00:00\",\"dateModified\":\"2021-10-03T16:57:15+00:00\",\"mainEntityOfPage\":{\"@id\":\"https:\\\/\\\/www.copealcoy.es\\\/es\\\/joan-gadea-la-gent-tenia-moltes-ganes-que-tornara-lalqueria-blanca\\\/\"},\"wordCount\":320,\"commentCount\":0,\"image\":{\"@id\":\"https:\\\/\\\/www.copealcoy.es\\\/es\\\/joan-gadea-la-gent-tenia-moltes-ganes-que-tornara-lalqueria-blanca\\\/#primaryimage\"},\"thumbnailUrl\":\"https:\\\/\\\/www.copealcoy.es\\\/wp-content\\\/uploads\\\/2021\\\/03\\\/12c99119-d6a4-484b-8835-be2ea9868dea_16-9-aspect-ratio_default_0.jpg\",\"keywords\":[\"Alquer\u00eda Blanca\",\"\u00c0punt\",\"Joan Gadea\",\"retorn\",\"s\u00e8rie\"],\"articleSection\":[\"Comarcas\",\"Noticias\"],\"inLanguage\":\"es\"},{\"@type\":\"WebPage\",\"@id\":\"https:\\\/\\\/www.copealcoy.es\\\/es\\\/joan-gadea-la-gent-tenia-moltes-ganes-que-tornara-lalqueria-blanca\\\/\",\"url\":\"https:\\\/\\\/www.copealcoy.es\\\/es\\\/joan-gadea-la-gent-tenia-moltes-ganes-que-tornara-lalqueria-blanca\\\/\",\"name\":\"Joan Gadea: \\\"la gent tenia moltes ganes que tornara l'Alqueria Blanca\\\" - COPE Alcoy\",\"isPartOf\":{\"@id\":\"https:\\\/\\\/www.copealcoy.es\\\/es\\\/#website\"},\"primaryImageOfPage\":{\"@id\":\"https:\\\/\\\/www.copealcoy.es\\\/es\\\/joan-gadea-la-gent-tenia-moltes-ganes-que-tornara-lalqueria-blanca\\\/#primaryimage\"},\"image\":{\"@id\":\"https:\\\/\\\/www.copealcoy.es\\\/es\\\/joan-gadea-la-gent-tenia-moltes-ganes-que-tornara-lalqueria-blanca\\\/#primaryimage\"},\"thumbnailUrl\":\"https:\\\/\\\/www.copealcoy.es\\\/wp-content\\\/uploads\\\/2021\\\/03\\\/12c99119-d6a4-484b-8835-be2ea9868dea_16-9-aspect-ratio_default_0.jpg\",\"datePublished\":\"2021-03-18T10:01:28+00:00\",\"dateModified\":\"2021-10-03T16:57:15+00:00\",\"author\":{\"@id\":\"https:\\\/\\\/www.copealcoy.es\\\/es\\\/#\\\/schema\\\/person\\\/e777c87fa024e57d40170af9df39882c\"},\"breadcrumb\":{\"@id\":\"https:\\\/\\\/www.copealcoy.es\\\/es\\\/joan-gadea-la-gent-tenia-moltes-ganes-que-tornara-lalqueria-blanca\\\/#breadcrumb\"},\"inLanguage\":\"es\",\"potentialAction\":[{\"@type\":\"ReadAction\",\"target\":[\"https:\\\/\\\/www.copealcoy.es\\\/es\\\/joan-gadea-la-gent-tenia-moltes-ganes-que-tornara-lalqueria-blanca\\\/\"]}]},{\"@type\":\"ImageObject\",\"inLanguage\":\"es\",\"@id\":\"https:\\\/\\\/www.copealcoy.es\\\/es\\\/joan-gadea-la-gent-tenia-moltes-ganes-que-tornara-lalqueria-blanca\\\/#primaryimage\",\"url\":\"https:\\\/\\\/www.copealcoy.es\\\/wp-content\\\/uploads\\\/2021\\\/03\\\/12c99119-d6a4-484b-8835-be2ea9868dea_16-9-aspect-ratio_default_0.jpg\",\"contentUrl\":\"https:\\\/\\\/www.copealcoy.es\\\/wp-content\\\/uploads\\\/2021\\\/03\\\/12c99119-d6a4-484b-8835-be2ea9868dea_16-9-aspect-ratio_default_0.jpg\",\"width\":880,\"height\":495},{\"@type\":\"BreadcrumbList\",\"@id\":\"https:\\\/\\\/www.copealcoy.es\\\/es\\\/joan-gadea-la-gent-tenia-moltes-ganes-que-tornara-lalqueria-blanca\\\/#breadcrumb\",\"itemListElement\":[{\"@type\":\"ListItem\",\"position\":1,\"name\":\"Portada\",\"item\":\"https:\\\/\\\/www.copealcoy.es\\\/es\\\/\"},{\"@type\":\"ListItem\",\"position\":2,\"name\":\"Joan Gadea: &#8220;la gent tenia moltes ganes que tornara l&#8217;Alqueria Blanca&#8221;\"}]},{\"@type\":\"WebSite\",\"@id\":\"https:\\\/\\\/www.copealcoy.es\\\/es\\\/#website\",\"url\":\"https:\\\/\\\/www.copealcoy.es\\\/es\\\/\",\"name\":\"COPE Alcoy\",\"description\":\"Emisora COPE de radio local con emisi\u00f3n online. Pont de Sant Jordi 8-10 03803 Alcoy\",\"potentialAction\":[{\"@type\":\"SearchAction\",\"target\":{\"@type\":\"EntryPoint\",\"urlTemplate\":\"https:\\\/\\\/www.copealcoy.es\\\/es\\\/?s={search_term_string}\"},\"query-input\":{\"@type\":\"PropertyValueSpecification\",\"valueRequired\":true,\"valueName\":\"search_term_string\"}}],\"inLanguage\":\"es\"},{\"@type\":\"Person\",\"@id\":\"https:\\\/\\\/www.copealcoy.es\\\/es\\\/#\\\/schema\\\/person\\\/e777c87fa024e57d40170af9df39882c\",\"name\":\"Cope Alcoy\",\"image\":{\"@type\":\"ImageObject\",\"inLanguage\":\"es\",\"@id\":\"https:\\\/\\\/secure.gravatar.com\\\/avatar\\\/bb65d0283347e303893ba14f0692005417c1e0e690a325a4c5d8bb2b3943ee14?s=96&d=mm&r=g\",\"url\":\"https:\\\/\\\/secure.gravatar.com\\\/avatar\\\/bb65d0283347e303893ba14f0692005417c1e0e690a325a4c5d8bb2b3943ee14?s=96&d=mm&r=g\",\"contentUrl\":\"https:\\\/\\\/secure.gravatar.com\\\/avatar\\\/bb65d0283347e303893ba14f0692005417c1e0e690a325a4c5d8bb2b3943ee14?s=96&d=mm&r=g\",\"caption\":\"Cope Alcoy\"}}]}<\/script>\n<!-- \/ Yoast SEO plugin. -->","yoast_head_json":{"title":"Joan Gadea: \"la gent tenia moltes ganes que tornara l'Alqueria Blanca\" - COPE Alcoy","robots":{"index":"index","follow":"follow","max-snippet":"max-snippet:-1","max-image-preview":"max-image-preview:large","max-video-preview":"max-video-preview:-1"},"canonical":"https:\/\/www.copealcoy.es\/es\/joan-gadea-la-gent-tenia-moltes-ganes-que-tornara-lalqueria-blanca\/","og_locale":"es_ES","og_type":"article","og_title":"Joan Gadea: \"la gent tenia moltes ganes que tornara l'Alqueria Blanca\" - COPE Alcoy","og_description":"La Televisi\u00f3 Valenciana\u00a0\u00c0punt\u00a0estrenar\u00e0 el diumenge 21 de mar\u00e7, a partir de les 21:15h, la nova temporada de l&#8217;exitosa s\u00e8rie l&#8217;Alqueria...","og_url":"https:\/\/www.copealcoy.es\/es\/joan-gadea-la-gent-tenia-moltes-ganes-que-tornara-lalqueria-blanca\/","og_site_name":"COPE Alcoy","article_published_time":"2021-03-18T10:01:28+00:00","article_modified_time":"2021-10-03T16:57:15+00:00","og_image":[{"width":880,"height":495,"url":"https:\/\/www.copealcoy.es\/wp-content\/uploads\/2021\/03\/12c99119-d6a4-484b-8835-be2ea9868dea_16-9-aspect-ratio_default_0.jpg","type":"image\/jpeg"}],"author":"Cope Alcoy","twitter_misc":{"Escrito por":"Cope Alcoy","Tiempo de lectura":"2 minutos"},"schema":{"@context":"https:\/\/schema.org","@graph":[{"@type":"Article","@id":"https:\/\/www.copealcoy.es\/es\/joan-gadea-la-gent-tenia-moltes-ganes-que-tornara-lalqueria-blanca\/#article","isPartOf":{"@id":"https:\/\/www.copealcoy.es\/es\/joan-gadea-la-gent-tenia-moltes-ganes-que-tornara-lalqueria-blanca\/"},"author":{"name":"Cope Alcoy","@id":"https:\/\/www.copealcoy.es\/es\/#\/schema\/person\/e777c87fa024e57d40170af9df39882c"},"headline":"Joan Gadea: &#8220;la gent tenia moltes ganes que tornara l&#8217;Alqueria Blanca&#8221;","datePublished":"2021-03-18T10:01:28+00:00","dateModified":"2021-10-03T16:57:15+00:00","mainEntityOfPage":{"@id":"https:\/\/www.copealcoy.es\/es\/joan-gadea-la-gent-tenia-moltes-ganes-que-tornara-lalqueria-blanca\/"},"wordCount":320,"commentCount":0,"image":{"@id":"https:\/\/www.copealcoy.es\/es\/joan-gadea-la-gent-tenia-moltes-ganes-que-tornara-lalqueria-blanca\/#primaryimage"},"thumbnailUrl":"https:\/\/www.copealcoy.es\/wp-content\/uploads\/2021\/03\/12c99119-d6a4-484b-8835-be2ea9868dea_16-9-aspect-ratio_default_0.jpg","keywords":["Alquer\u00eda Blanca","\u00c0punt","Joan Gadea","retorn","s\u00e8rie"],"articleSection":["Comarcas","Noticias"],"inLanguage":"es"},{"@type":"WebPage","@id":"https:\/\/www.copealcoy.es\/es\/joan-gadea-la-gent-tenia-moltes-ganes-que-tornara-lalqueria-blanca\/","url":"https:\/\/www.copealcoy.es\/es\/joan-gadea-la-gent-tenia-moltes-ganes-que-tornara-lalqueria-blanca\/","name":"Joan Gadea: \"la gent tenia moltes ganes que tornara l'Alqueria Blanca\" - COPE Alcoy","isPartOf":{"@id":"https:\/\/www.copealcoy.es\/es\/#website"},"primaryImageOfPage":{"@id":"https:\/\/www.copealcoy.es\/es\/joan-gadea-la-gent-tenia-moltes-ganes-que-tornara-lalqueria-blanca\/#primaryimage"},"image":{"@id":"https:\/\/www.copealcoy.es\/es\/joan-gadea-la-gent-tenia-moltes-ganes-que-tornara-lalqueria-blanca\/#primaryimage"},"thumbnailUrl":"https:\/\/www.copealcoy.es\/wp-content\/uploads\/2021\/03\/12c99119-d6a4-484b-8835-be2ea9868dea_16-9-aspect-ratio_default_0.jpg","datePublished":"2021-03-18T10:01:28+00:00","dateModified":"2021-10-03T16:57:15+00:00","author":{"@id":"https:\/\/www.copealcoy.es\/es\/#\/schema\/person\/e777c87fa024e57d40170af9df39882c"},"breadcrumb":{"@id":"https:\/\/www.copealcoy.es\/es\/joan-gadea-la-gent-tenia-moltes-ganes-que-tornara-lalqueria-blanca\/#breadcrumb"},"inLanguage":"es","potentialAction":[{"@type":"ReadAction","target":["https:\/\/www.copealcoy.es\/es\/joan-gadea-la-gent-tenia-moltes-ganes-que-tornara-lalqueria-blanca\/"]}]},{"@type":"ImageObject","inLanguage":"es","@id":"https:\/\/www.copealcoy.es\/es\/joan-gadea-la-gent-tenia-moltes-ganes-que-tornara-lalqueria-blanca\/#primaryimage","url":"https:\/\/www.copealcoy.es\/wp-content\/uploads\/2021\/03\/12c99119-d6a4-484b-8835-be2ea9868dea_16-9-aspect-ratio_default_0.jpg","contentUrl":"https:\/\/www.copealcoy.es\/wp-content\/uploads\/2021\/03\/12c99119-d6a4-484b-8835-be2ea9868dea_16-9-aspect-ratio_default_0.jpg","width":880,"height":495},{"@type":"BreadcrumbList","@id":"https:\/\/www.copealcoy.es\/es\/joan-gadea-la-gent-tenia-moltes-ganes-que-tornara-lalqueria-blanca\/#breadcrumb","itemListElement":[{"@type":"ListItem","position":1,"name":"Portada","item":"https:\/\/www.copealcoy.es\/es\/"},{"@type":"ListItem","position":2,"name":"Joan Gadea: &#8220;la gent tenia moltes ganes que tornara l&#8217;Alqueria Blanca&#8221;"}]},{"@type":"WebSite","@id":"https:\/\/www.copealcoy.es\/es\/#website","url":"https:\/\/www.copealcoy.es\/es\/","name":"COPE Alcoy","description":"Emisora COPE de radio local con emisi\u00f3n online. Pont de Sant Jordi 8-10 03803 Alcoy","potentialAction":[{"@type":"SearchAction","target":{"@type":"EntryPoint","urlTemplate":"https:\/\/www.copealcoy.es\/es\/?s={search_term_string}"},"query-input":{"@type":"PropertyValueSpecification","valueRequired":true,"valueName":"search_term_string"}}],"inLanguage":"es"},{"@type":"Person","@id":"https:\/\/www.copealcoy.es\/es\/#\/schema\/person\/e777c87fa024e57d40170af9df39882c","name":"Cope Alcoy","image":{"@type":"ImageObject","inLanguage":"es","@id":"https:\/\/secure.gravatar.com\/avatar\/bb65d0283347e303893ba14f0692005417c1e0e690a325a4c5d8bb2b3943ee14?s=96&d=mm&r=g","url":"https:\/\/secure.gravatar.com\/avatar\/bb65d0283347e303893ba14f0692005417c1e0e690a325a4c5d8bb2b3943ee14?s=96&d=mm&r=g","contentUrl":"https:\/\/secure.gravatar.com\/avatar\/bb65d0283347e303893ba14f0692005417c1e0e690a325a4c5d8bb2b3943ee14?s=96&d=mm&r=g","caption":"Cope Alcoy"}}]}},"_links":{"self":[{"href":"https:\/\/www.copealcoy.es\/es\/wp-json\/wp\/v2\/posts\/72025","targetHints":{"allow":["GET"]}}],"collection":[{"href":"https:\/\/www.copealcoy.es\/es\/wp-json\/wp\/v2\/posts"}],"about":[{"href":"https:\/\/www.copealcoy.es\/es\/wp-json\/wp\/v2\/types\/post"}],"author":[{"embeddable":true,"href":"https:\/\/www.copealcoy.es\/es\/wp-json\/wp\/v2\/users\/1"}],"replies":[{"embeddable":true,"href":"https:\/\/www.copealcoy.es\/es\/wp-json\/wp\/v2\/comments?post=72025"}],"version-history":[{"count":0,"href":"https:\/\/www.copealcoy.es\/es\/wp-json\/wp\/v2\/posts\/72025\/revisions"}],"wp:featuredmedia":[{"embeddable":true,"href":"https:\/\/www.copealcoy.es\/es\/wp-json\/wp\/v2\/media\/72026"}],"wp:attachment":[{"href":"https:\/\/www.copealcoy.es\/es\/wp-json\/wp\/v2\/media?parent=72025"}],"wp:term":[{"taxonomy":"category","embeddable":true,"href":"https:\/\/www.copealcoy.es\/es\/wp-json\/wp\/v2\/categories?post=72025"},{"taxonomy":"post_tag","embeddable":true,"href":"https:\/\/www.copealcoy.es\/es\/wp-json\/wp\/v2\/tags?post=72025"}],"curies":[{"name":"wp","href":"https:\/\/api.w.org\/{rel}","templated":true}]}}