{"id":71927,"date":"2021-03-16T12:49:22","date_gmt":"2021-03-16T11:49:22","guid":{"rendered":"https:\/\/www.copealcoy.es\/?p=71927"},"modified":"2021-03-16T13:07:05","modified_gmt":"2021-03-16T12:07:05","slug":"el-cartell-de-nuria-botella-anuncia-la-setmana-santa-contestana","status":"publish","type":"post","link":"https:\/\/www.copealcoy.es\/es\/el-cartell-de-nuria-botella-anuncia-la-setmana-santa-contestana\/","title":{"rendered":"El Cartell de N\u00faria Botella anuncia la Setmana Santa Contestana"},"content":{"rendered":"<p><strong>Imatge: Silvia Botella<\/strong><\/p>\n<p style=\"text-align: justify;\">La Setmana Santa de Cocentaina <strong>ja t\u00e9 Cartell Anunciador<\/strong> despr\u00e9s que aquest <strong>fora presentat al p\u00fablic el passat dissabte 13 de mar\u00e7<\/strong> en un acte celebrat a la Parr\u00f2quia de Santa\u00a0Maria\u00a0i que <a href=\"https:\/\/www.copealcoy.es\/pablo-leon-emociona-amb-el-seu-prego-de-la-setmana-santa-contestana\/\"><span style=\"color: #0000ff;\"><strong>va incloure tamb\u00e9 el\u00a0Preg\u00f3\u00a0a c\u00e0rrec de Pablo Le\u00f3n Vidal<\/strong><\/span><\/a>. L&#8217;acte va estar organitzat per <strong>la Confraria de la Dolorosa<\/strong>, amb seu a la Parr\u00f2quia del Salvador, ja que recordem que aquesta entitat <strong>coordina enguany tots els actes al voltant de la\u00a0commemoraci\u00f3\u00a0de la Passi\u00f3, la Mort i la\u00a0Resurrecci\u00f3\u00a0de Crist<\/strong>.<\/p>\n<p style=\"text-align: justify;\">El Cartell, que no va poder veure la llum l&#8217;any passat a causa de la crisi sanit\u00e0ria de la\u00a0<span class=\"hiddenSpellError\">Covid<\/span>-19, <strong>ha sigut creat per la jove\u00a0N\u00faria\u00a0Botella\u00a0<span class=\"hiddenSpellError\">Pascual<\/span><\/strong>\u00a0i en el mateix <strong>pren especial protagonisme la Mare de D\u00e9u<\/strong> en refer\u00e8ncia a la mateixa Verge dels Dolors que amb tanta devoci\u00f3 es venera al barri del Raval. Tamb\u00e9 destaca <strong>la figura de Crist<\/strong> mentre que <strong>el color morat pren tot el protagonisme al fons de l&#8217;obra<\/strong> &#8220;<em>ha sigut per a mi un repte molt gran fer el\u00a0Cartell\u00a0de la Setmana\u00a0Santa, ja que\u00a0\u00e9s\u00a0la primera vegada que porte endavant una tasca com aquesta al meu poble. He volgut plasmar el paper de la Mare de D\u00e9u i com, a trav\u00e9s d&#8217;ella, mirem la Setmana Santa.\u00a0\u00c9s\u00a0una Verge Maria que no es queda patint al peu de la creu\u00a0sin\u00f3\u00a0que camina endavant amb esperan\u00e7a per a estar al costat de tots nosaltres<\/em>&#8220;, va assegurar la creadora. A m\u00e9s\u00a0N\u00faria\u00a0Botella va explicar en la presentaci\u00f3 que <strong>el rostre de la Mare de D\u00e9u que havia pintat era jove<\/strong> fent refer\u00e8ncia\u00a0a <strong>l&#8217;important\u00a0paper que tamb\u00e9 tenen els joves dins de l&#8217;esgl\u00e9sia cat\u00f2lica<\/strong> &#8220;<em>he emprat la t\u00e8cnica de l&#8217;oli i tamb\u00e9 he gastat el pince o l&#8217;esp\u00e0tula. Per a pintar a Jes\u00fas m<span class=\"hiddenGrammarError\">`<\/span>he basat en la figura del Crist de\u00a0Vel\u00e0quez, ja que\u00a0per a mi\u00a0\u00e9s\u00a0el que millor representa la mort del Nostre Senyor<\/em>&#8220;, va concloure l&#8217;artista.<\/p>\n<p style=\"text-align: justify;\">La pand\u00e8mia i les mesures restrictives per a frenar el Coronavirus\u00a0<strong>impediran\u00a0les processons als carrers de Cocentaina<\/strong> per\u00f2 la Setmana Santa Contestana e<strong>s viur\u00e0 amb recolliment, fe i devoci\u00f3 dins de cada temple<\/strong>\u00a0mitjan\u00e7ant\u00a0una completa programaci\u00f3 d&#8217;actes religiosos que es donar\u00e0 a con\u00e9ixer en els pr\u00f2xims dies.<\/p>\n","protected":false},"excerpt":{"rendered":"<p>Imatge: Silvia Botella La Setmana Santa de Cocentaina ja t\u00e9 Cartell Anunciador despr\u00e9s que aquest fora presentat al p\u00fablic el&#8230;<\/p>\n","protected":false},"author":1,"featured_media":71931,"comment_status":"open","ping_status":"open","sticky":false,"template":"","format":"standard","meta":{"footnotes":""},"categories":[98,75],"tags":[9821,132,11013,11012,10847],"class_list":["post-71927","post","type-post","status-publish","format-standard","has-post-thumbnail","hentry","category-comarcas","category-noticias","tag-cartell","tag-cocentaina","tag-confraria-de-la-dolorosa","tag-nuria-botella","tag-setmana-santa"],"yoast_head":"<!-- This site is optimized with the Yoast SEO plugin v27.3 - https:\/\/yoast.com\/product\/yoast-seo-wordpress\/ -->\n<title>El Cartell de N\u00faria Botella anuncia la Setmana Santa Contestana - COPE Alcoy<\/title>\n<meta name=\"robots\" content=\"index, follow, max-snippet:-1, max-image-preview:large, max-video-preview:-1\" \/>\n<link rel=\"canonical\" href=\"https:\/\/www.copealcoy.es\/es\/el-cartell-de-nuria-botella-anuncia-la-setmana-santa-contestana\/\" \/>\n<meta property=\"og:locale\" content=\"es_ES\" \/>\n<meta property=\"og:type\" content=\"article\" \/>\n<meta property=\"og:title\" content=\"El Cartell de N\u00faria Botella anuncia la Setmana Santa Contestana - COPE Alcoy\" \/>\n<meta property=\"og:description\" content=\"Imatge: Silvia Botella La Setmana Santa de Cocentaina ja t\u00e9 Cartell Anunciador despr\u00e9s que aquest fora presentat al p\u00fablic el...\" \/>\n<meta property=\"og:url\" content=\"https:\/\/www.copealcoy.es\/es\/el-cartell-de-nuria-botella-anuncia-la-setmana-santa-contestana\/\" \/>\n<meta property=\"og:site_name\" content=\"COPE Alcoy\" \/>\n<meta property=\"article:published_time\" content=\"2021-03-16T11:49:22+00:00\" \/>\n<meta property=\"article:modified_time\" content=\"2021-03-16T12:07:05+00:00\" \/>\n<meta property=\"og:image\" content=\"https:\/\/www.copealcoy.es\/wp-content\/uploads\/2021\/03\/160328038_1419420878393192_6093826925910179978_n.jpg\" \/>\n\t<meta property=\"og:image:width\" content=\"593\" \/>\n\t<meta property=\"og:image:height\" content=\"441\" \/>\n\t<meta property=\"og:image:type\" content=\"image\/jpeg\" \/>\n<meta name=\"author\" content=\"Cope Alcoy\" \/>\n<meta name=\"twitter:label1\" content=\"Escrito por\" \/>\n\t<meta name=\"twitter:data1\" content=\"Cope Alcoy\" \/>\n\t<meta name=\"twitter:label2\" content=\"Tiempo de lectura\" \/>\n\t<meta name=\"twitter:data2\" content=\"2 minutos\" \/>\n<script type=\"application\/ld+json\" class=\"yoast-schema-graph\">{\"@context\":\"https:\\\/\\\/schema.org\",\"@graph\":[{\"@type\":\"Article\",\"@id\":\"https:\\\/\\\/www.copealcoy.es\\\/es\\\/el-cartell-de-nuria-botella-anuncia-la-setmana-santa-contestana\\\/#article\",\"isPartOf\":{\"@id\":\"https:\\\/\\\/www.copealcoy.es\\\/es\\\/el-cartell-de-nuria-botella-anuncia-la-setmana-santa-contestana\\\/\"},\"author\":{\"name\":\"Cope Alcoy\",\"@id\":\"https:\\\/\\\/www.copealcoy.es\\\/es\\\/#\\\/schema\\\/person\\\/e777c87fa024e57d40170af9df39882c\"},\"headline\":\"El Cartell de N\u00faria Botella anuncia la Setmana Santa Contestana\",\"datePublished\":\"2021-03-16T11:49:22+00:00\",\"dateModified\":\"2021-03-16T12:07:05+00:00\",\"mainEntityOfPage\":{\"@id\":\"https:\\\/\\\/www.copealcoy.es\\\/es\\\/el-cartell-de-nuria-botella-anuncia-la-setmana-santa-contestana\\\/\"},\"wordCount\":430,\"commentCount\":0,\"image\":{\"@id\":\"https:\\\/\\\/www.copealcoy.es\\\/es\\\/el-cartell-de-nuria-botella-anuncia-la-setmana-santa-contestana\\\/#primaryimage\"},\"thumbnailUrl\":\"https:\\\/\\\/www.copealcoy.es\\\/wp-content\\\/uploads\\\/2021\\\/03\\\/160328038_1419420878393192_6093826925910179978_n.jpg\",\"keywords\":[\"Cartell\",\"Cocentaina\",\"Confraria de la Dolorosa\",\"N\u00faria Botella\",\"Setmana Santa\"],\"articleSection\":[\"Comarcas\",\"Noticias\"],\"inLanguage\":\"es\"},{\"@type\":\"WebPage\",\"@id\":\"https:\\\/\\\/www.copealcoy.es\\\/es\\\/el-cartell-de-nuria-botella-anuncia-la-setmana-santa-contestana\\\/\",\"url\":\"https:\\\/\\\/www.copealcoy.es\\\/es\\\/el-cartell-de-nuria-botella-anuncia-la-setmana-santa-contestana\\\/\",\"name\":\"El Cartell de N\u00faria Botella anuncia la Setmana Santa Contestana - COPE Alcoy\",\"isPartOf\":{\"@id\":\"https:\\\/\\\/www.copealcoy.es\\\/es\\\/#website\"},\"primaryImageOfPage\":{\"@id\":\"https:\\\/\\\/www.copealcoy.es\\\/es\\\/el-cartell-de-nuria-botella-anuncia-la-setmana-santa-contestana\\\/#primaryimage\"},\"image\":{\"@id\":\"https:\\\/\\\/www.copealcoy.es\\\/es\\\/el-cartell-de-nuria-botella-anuncia-la-setmana-santa-contestana\\\/#primaryimage\"},\"thumbnailUrl\":\"https:\\\/\\\/www.copealcoy.es\\\/wp-content\\\/uploads\\\/2021\\\/03\\\/160328038_1419420878393192_6093826925910179978_n.jpg\",\"datePublished\":\"2021-03-16T11:49:22+00:00\",\"dateModified\":\"2021-03-16T12:07:05+00:00\",\"author\":{\"@id\":\"https:\\\/\\\/www.copealcoy.es\\\/es\\\/#\\\/schema\\\/person\\\/e777c87fa024e57d40170af9df39882c\"},\"breadcrumb\":{\"@id\":\"https:\\\/\\\/www.copealcoy.es\\\/es\\\/el-cartell-de-nuria-botella-anuncia-la-setmana-santa-contestana\\\/#breadcrumb\"},\"inLanguage\":\"es\",\"potentialAction\":[{\"@type\":\"ReadAction\",\"target\":[\"https:\\\/\\\/www.copealcoy.es\\\/es\\\/el-cartell-de-nuria-botella-anuncia-la-setmana-santa-contestana\\\/\"]}]},{\"@type\":\"ImageObject\",\"inLanguage\":\"es\",\"@id\":\"https:\\\/\\\/www.copealcoy.es\\\/es\\\/el-cartell-de-nuria-botella-anuncia-la-setmana-santa-contestana\\\/#primaryimage\",\"url\":\"https:\\\/\\\/www.copealcoy.es\\\/wp-content\\\/uploads\\\/2021\\\/03\\\/160328038_1419420878393192_6093826925910179978_n.jpg\",\"contentUrl\":\"https:\\\/\\\/www.copealcoy.es\\\/wp-content\\\/uploads\\\/2021\\\/03\\\/160328038_1419420878393192_6093826925910179978_n.jpg\",\"width\":593,\"height\":441},{\"@type\":\"BreadcrumbList\",\"@id\":\"https:\\\/\\\/www.copealcoy.es\\\/es\\\/el-cartell-de-nuria-botella-anuncia-la-setmana-santa-contestana\\\/#breadcrumb\",\"itemListElement\":[{\"@type\":\"ListItem\",\"position\":1,\"name\":\"Portada\",\"item\":\"https:\\\/\\\/www.copealcoy.es\\\/es\\\/\"},{\"@type\":\"ListItem\",\"position\":2,\"name\":\"El Cartell de N\u00faria Botella anuncia la Setmana Santa Contestana\"}]},{\"@type\":\"WebSite\",\"@id\":\"https:\\\/\\\/www.copealcoy.es\\\/es\\\/#website\",\"url\":\"https:\\\/\\\/www.copealcoy.es\\\/es\\\/\",\"name\":\"COPE Alcoy\",\"description\":\"Emisora COPE de radio local con emisi\u00f3n online. Pont de Sant Jordi 8-10 03803 Alcoy\",\"potentialAction\":[{\"@type\":\"SearchAction\",\"target\":{\"@type\":\"EntryPoint\",\"urlTemplate\":\"https:\\\/\\\/www.copealcoy.es\\\/es\\\/?s={search_term_string}\"},\"query-input\":{\"@type\":\"PropertyValueSpecification\",\"valueRequired\":true,\"valueName\":\"search_term_string\"}}],\"inLanguage\":\"es\"},{\"@type\":\"Person\",\"@id\":\"https:\\\/\\\/www.copealcoy.es\\\/es\\\/#\\\/schema\\\/person\\\/e777c87fa024e57d40170af9df39882c\",\"name\":\"Cope Alcoy\",\"image\":{\"@type\":\"ImageObject\",\"inLanguage\":\"es\",\"@id\":\"https:\\\/\\\/secure.gravatar.com\\\/avatar\\\/bb65d0283347e303893ba14f0692005417c1e0e690a325a4c5d8bb2b3943ee14?s=96&d=mm&r=g\",\"url\":\"https:\\\/\\\/secure.gravatar.com\\\/avatar\\\/bb65d0283347e303893ba14f0692005417c1e0e690a325a4c5d8bb2b3943ee14?s=96&d=mm&r=g\",\"contentUrl\":\"https:\\\/\\\/secure.gravatar.com\\\/avatar\\\/bb65d0283347e303893ba14f0692005417c1e0e690a325a4c5d8bb2b3943ee14?s=96&d=mm&r=g\",\"caption\":\"Cope Alcoy\"}}]}<\/script>\n<!-- \/ Yoast SEO plugin. -->","yoast_head_json":{"title":"El Cartell de N\u00faria Botella anuncia la Setmana Santa Contestana - COPE Alcoy","robots":{"index":"index","follow":"follow","max-snippet":"max-snippet:-1","max-image-preview":"max-image-preview:large","max-video-preview":"max-video-preview:-1"},"canonical":"https:\/\/www.copealcoy.es\/es\/el-cartell-de-nuria-botella-anuncia-la-setmana-santa-contestana\/","og_locale":"es_ES","og_type":"article","og_title":"El Cartell de N\u00faria Botella anuncia la Setmana Santa Contestana - COPE Alcoy","og_description":"Imatge: Silvia Botella La Setmana Santa de Cocentaina ja t\u00e9 Cartell Anunciador despr\u00e9s que aquest fora presentat al p\u00fablic el...","og_url":"https:\/\/www.copealcoy.es\/es\/el-cartell-de-nuria-botella-anuncia-la-setmana-santa-contestana\/","og_site_name":"COPE Alcoy","article_published_time":"2021-03-16T11:49:22+00:00","article_modified_time":"2021-03-16T12:07:05+00:00","og_image":[{"width":593,"height":441,"url":"https:\/\/www.copealcoy.es\/wp-content\/uploads\/2021\/03\/160328038_1419420878393192_6093826925910179978_n.jpg","type":"image\/jpeg"}],"author":"Cope Alcoy","twitter_misc":{"Escrito por":"Cope Alcoy","Tiempo de lectura":"2 minutos"},"schema":{"@context":"https:\/\/schema.org","@graph":[{"@type":"Article","@id":"https:\/\/www.copealcoy.es\/es\/el-cartell-de-nuria-botella-anuncia-la-setmana-santa-contestana\/#article","isPartOf":{"@id":"https:\/\/www.copealcoy.es\/es\/el-cartell-de-nuria-botella-anuncia-la-setmana-santa-contestana\/"},"author":{"name":"Cope Alcoy","@id":"https:\/\/www.copealcoy.es\/es\/#\/schema\/person\/e777c87fa024e57d40170af9df39882c"},"headline":"El Cartell de N\u00faria Botella anuncia la Setmana Santa Contestana","datePublished":"2021-03-16T11:49:22+00:00","dateModified":"2021-03-16T12:07:05+00:00","mainEntityOfPage":{"@id":"https:\/\/www.copealcoy.es\/es\/el-cartell-de-nuria-botella-anuncia-la-setmana-santa-contestana\/"},"wordCount":430,"commentCount":0,"image":{"@id":"https:\/\/www.copealcoy.es\/es\/el-cartell-de-nuria-botella-anuncia-la-setmana-santa-contestana\/#primaryimage"},"thumbnailUrl":"https:\/\/www.copealcoy.es\/wp-content\/uploads\/2021\/03\/160328038_1419420878393192_6093826925910179978_n.jpg","keywords":["Cartell","Cocentaina","Confraria de la Dolorosa","N\u00faria Botella","Setmana Santa"],"articleSection":["Comarcas","Noticias"],"inLanguage":"es"},{"@type":"WebPage","@id":"https:\/\/www.copealcoy.es\/es\/el-cartell-de-nuria-botella-anuncia-la-setmana-santa-contestana\/","url":"https:\/\/www.copealcoy.es\/es\/el-cartell-de-nuria-botella-anuncia-la-setmana-santa-contestana\/","name":"El Cartell de N\u00faria Botella anuncia la Setmana Santa Contestana - COPE Alcoy","isPartOf":{"@id":"https:\/\/www.copealcoy.es\/es\/#website"},"primaryImageOfPage":{"@id":"https:\/\/www.copealcoy.es\/es\/el-cartell-de-nuria-botella-anuncia-la-setmana-santa-contestana\/#primaryimage"},"image":{"@id":"https:\/\/www.copealcoy.es\/es\/el-cartell-de-nuria-botella-anuncia-la-setmana-santa-contestana\/#primaryimage"},"thumbnailUrl":"https:\/\/www.copealcoy.es\/wp-content\/uploads\/2021\/03\/160328038_1419420878393192_6093826925910179978_n.jpg","datePublished":"2021-03-16T11:49:22+00:00","dateModified":"2021-03-16T12:07:05+00:00","author":{"@id":"https:\/\/www.copealcoy.es\/es\/#\/schema\/person\/e777c87fa024e57d40170af9df39882c"},"breadcrumb":{"@id":"https:\/\/www.copealcoy.es\/es\/el-cartell-de-nuria-botella-anuncia-la-setmana-santa-contestana\/#breadcrumb"},"inLanguage":"es","potentialAction":[{"@type":"ReadAction","target":["https:\/\/www.copealcoy.es\/es\/el-cartell-de-nuria-botella-anuncia-la-setmana-santa-contestana\/"]}]},{"@type":"ImageObject","inLanguage":"es","@id":"https:\/\/www.copealcoy.es\/es\/el-cartell-de-nuria-botella-anuncia-la-setmana-santa-contestana\/#primaryimage","url":"https:\/\/www.copealcoy.es\/wp-content\/uploads\/2021\/03\/160328038_1419420878393192_6093826925910179978_n.jpg","contentUrl":"https:\/\/www.copealcoy.es\/wp-content\/uploads\/2021\/03\/160328038_1419420878393192_6093826925910179978_n.jpg","width":593,"height":441},{"@type":"BreadcrumbList","@id":"https:\/\/www.copealcoy.es\/es\/el-cartell-de-nuria-botella-anuncia-la-setmana-santa-contestana\/#breadcrumb","itemListElement":[{"@type":"ListItem","position":1,"name":"Portada","item":"https:\/\/www.copealcoy.es\/es\/"},{"@type":"ListItem","position":2,"name":"El Cartell de N\u00faria Botella anuncia la Setmana Santa Contestana"}]},{"@type":"WebSite","@id":"https:\/\/www.copealcoy.es\/es\/#website","url":"https:\/\/www.copealcoy.es\/es\/","name":"COPE Alcoy","description":"Emisora COPE de radio local con emisi\u00f3n online. Pont de Sant Jordi 8-10 03803 Alcoy","potentialAction":[{"@type":"SearchAction","target":{"@type":"EntryPoint","urlTemplate":"https:\/\/www.copealcoy.es\/es\/?s={search_term_string}"},"query-input":{"@type":"PropertyValueSpecification","valueRequired":true,"valueName":"search_term_string"}}],"inLanguage":"es"},{"@type":"Person","@id":"https:\/\/www.copealcoy.es\/es\/#\/schema\/person\/e777c87fa024e57d40170af9df39882c","name":"Cope Alcoy","image":{"@type":"ImageObject","inLanguage":"es","@id":"https:\/\/secure.gravatar.com\/avatar\/bb65d0283347e303893ba14f0692005417c1e0e690a325a4c5d8bb2b3943ee14?s=96&d=mm&r=g","url":"https:\/\/secure.gravatar.com\/avatar\/bb65d0283347e303893ba14f0692005417c1e0e690a325a4c5d8bb2b3943ee14?s=96&d=mm&r=g","contentUrl":"https:\/\/secure.gravatar.com\/avatar\/bb65d0283347e303893ba14f0692005417c1e0e690a325a4c5d8bb2b3943ee14?s=96&d=mm&r=g","caption":"Cope Alcoy"}}]}},"_links":{"self":[{"href":"https:\/\/www.copealcoy.es\/es\/wp-json\/wp\/v2\/posts\/71927","targetHints":{"allow":["GET"]}}],"collection":[{"href":"https:\/\/www.copealcoy.es\/es\/wp-json\/wp\/v2\/posts"}],"about":[{"href":"https:\/\/www.copealcoy.es\/es\/wp-json\/wp\/v2\/types\/post"}],"author":[{"embeddable":true,"href":"https:\/\/www.copealcoy.es\/es\/wp-json\/wp\/v2\/users\/1"}],"replies":[{"embeddable":true,"href":"https:\/\/www.copealcoy.es\/es\/wp-json\/wp\/v2\/comments?post=71927"}],"version-history":[{"count":0,"href":"https:\/\/www.copealcoy.es\/es\/wp-json\/wp\/v2\/posts\/71927\/revisions"}],"wp:featuredmedia":[{"embeddable":true,"href":"https:\/\/www.copealcoy.es\/es\/wp-json\/wp\/v2\/media\/71931"}],"wp:attachment":[{"href":"https:\/\/www.copealcoy.es\/es\/wp-json\/wp\/v2\/media?parent=71927"}],"wp:term":[{"taxonomy":"category","embeddable":true,"href":"https:\/\/www.copealcoy.es\/es\/wp-json\/wp\/v2\/categories?post=71927"},{"taxonomy":"post_tag","embeddable":true,"href":"https:\/\/www.copealcoy.es\/es\/wp-json\/wp\/v2\/tags?post=71927"}],"curies":[{"name":"wp","href":"https:\/\/api.w.org\/{rel}","templated":true}]}}