{"id":71882,"date":"2021-03-15T12:52:55","date_gmt":"2021-03-15T11:52:55","guid":{"rendered":"https:\/\/www.copealcoy.es\/?p=71882"},"modified":"2021-03-15T13:22:09","modified_gmt":"2021-03-15T12:22:09","slug":"pablo-leon-emociona-amb-el-seu-prego-de-la-setmana-santa-contestana","status":"publish","type":"post","link":"https:\/\/www.copealcoy.es\/es\/pablo-leon-emociona-amb-el-seu-prego-de-la-setmana-santa-contestana\/","title":{"rendered":"Pablo Le\u00f3n emociona amb el seu Preg\u00f3 de la Setmana Santa Contestana"},"content":{"rendered":"<p><strong>Imatge: Silvia Botella<\/strong><\/p>\n<p style=\"text-align: justify;\">La <strong>Parr\u00f2quia de Santa Maria de Cocentaina<\/strong> va acollir dissabte passat <strong>el Preg\u00f3 de la Setmana Santa Contestana del 2021<\/strong>, un acte que va estar <strong>organitzat per la Confraria de la Dolorosa<\/strong>, ja que aquesta \u00e9s l&#8217;encarregada de <strong>coordinar de nou tots els actes<\/strong> previstos a la Vila Comtal per tal de recordar la Passi\u00f3, Mort i Resurrecci\u00f3 de Crist. Cal recordar que la mateixa Confraria de la Dolorosa, <strong>amb seu a l&#8217;esgl\u00e9sia del Salvador<\/strong>, havia d&#8217;haver portat endavant aquesta tasca <strong>en 2020<\/strong> per\u00f2 <strong>el confinament<\/strong> decretat per tal de frenar la primera onada de la crisi sanit\u00e0ria de la\u00a0<span class=\"hiddenSpellError\">Covid<\/span>-19 ho va impedir.<\/p>\n<p style=\"text-align: justify;\">L&#8217;encarregat de realitzar el Preg\u00f3 fou <strong>el contest\u00e0 Pablo Le\u00f3n Vidal<\/strong>, Professor d&#8217;Hist\u00f2ria al Col\u00b7legi Sant Francesc d&#8217;Ass\u00eds i <strong>gran coneixedor de les Festes, les tradicions i les arrels contestanes<\/strong>. En la seua intervenci\u00f3 va fer refer\u00e8ncia als temps durs de pand\u00e8mia que vivim i va recordar que just un any abans,<strong> el 14 de mar\u00e7 de 2020<\/strong>, no va poder realitzar el Preg\u00f3 tal com estava previst perqu\u00e8 en aquella mateixa mitjanit <strong>entrava en vigor l&#8217;Estat d&#8217;Alarma<\/strong>. A m\u00e9s Pablo Le\u00f3n <strong>va recrear el recorregut de la Process\u00f3 del Divendres Sant<\/strong> acostant la hist\u00f2ria de les huit confraries contestanes a trav\u00e9s de <strong>la visi\u00f3 de huit persones diferents que contemplen l&#8217;acte pel nucli antic del poble<\/strong> i les quals tenen tamb\u00e9 <strong>un lligam personal<\/strong> amb cada un dels passos. Les seues paraules, <strong>carregades de sentiment i enyoran\u00e7a<\/strong>, van emocionar als confrares a les portes d&#8217;una Setmana Santa on per segon any consecutiu <strong>no hi haur\u00e0 desfilades processionals als carrers contestans<\/strong> a causa de les restriccions establides per a aturar els contagis per Coronavirus &#8220;<em>tot el que he contat est\u00e0 relacionat amb les benaurances, unes reflexions que jo considere com un Preg\u00f3 a l&#8217;aire lliure que va realitzar Jesucrist i que ens donen un missatge encoratjador davant els temps complicats que estem passant. Finalment, com a mestre al Col\u00b7legi del Convent, he fet menci\u00f3 a Sant Francesc d&#8217;Ass\u00eds i tamb\u00e9 he recordat que tal dia com hui fa huit anys fou triat l&#8217;actual Papa com a nou Pont\u00edfex<\/em>&#8220;, va assenyalar<strong> Pablo Le\u00f3n<\/strong> en finalitzar el Preg\u00f3.<\/p>\n<p><iframe loading=\"lazy\" title=\"Presentacio Cartell i preg\u00f3 Semana Santa 2021\" width=\"1200\" height=\"675\" src=\"https:\/\/www.youtube.com\/embed\/xn_8sm1V2Is?feature=oembed\" frameborder=\"0\" allow=\"accelerometer; autoplay; clipboard-write; encrypted-media; gyroscope; picture-in-picture\" allowfullscreen><\/iframe><\/p>\n<p style=\"text-align: justify;\">El Preg\u00f3 va comptar<strong> amb aforament limitat<\/strong> i es va poder seguir pel Canal de YouTube de la mateixa Parr\u00f2quia de Santa Maria aix\u00ed com per les ones de l&#8217;emissora municipal de Cocentaina.<\/p>\n","protected":false},"excerpt":{"rendered":"<p>Imatge: Silvia Botella La Parr\u00f2quia de Santa Maria de Cocentaina va acollir dissabte passat el Preg\u00f3 de la Setmana Santa&#8230;<\/p>\n","protected":false},"author":1,"featured_media":71883,"comment_status":"open","ping_status":"open","sticky":false,"template":"","format":"standard","meta":{"footnotes":""},"categories":[98,75],"tags":[7281,9664,9903,10880],"class_list":["post-71882","post","type-post","status-publish","format-standard","has-post-thumbnail","hentry","category-comarcas","category-noticias","tag-coronavirus","tag-pablo-leon","tag-prego","tag-setmana-santa-contestana"],"yoast_head":"<!-- This site is optimized with the Yoast SEO plugin v27.3 - https:\/\/yoast.com\/product\/yoast-seo-wordpress\/ -->\n<title>Pablo Le\u00f3n emociona amb el seu Preg\u00f3 de la Setmana Santa Contestana - COPE Alcoy<\/title>\n<meta name=\"robots\" content=\"index, follow, max-snippet:-1, max-image-preview:large, max-video-preview:-1\" \/>\n<link rel=\"canonical\" href=\"https:\/\/www.copealcoy.es\/es\/pablo-leon-emociona-amb-el-seu-prego-de-la-setmana-santa-contestana\/\" \/>\n<meta property=\"og:locale\" content=\"es_ES\" \/>\n<meta property=\"og:type\" content=\"article\" \/>\n<meta property=\"og:title\" content=\"Pablo Le\u00f3n emociona amb el seu Preg\u00f3 de la Setmana Santa Contestana - COPE Alcoy\" \/>\n<meta property=\"og:description\" content=\"Imatge: Silvia Botella La Parr\u00f2quia de Santa Maria de Cocentaina va acollir dissabte passat el Preg\u00f3 de la Setmana Santa...\" \/>\n<meta property=\"og:url\" content=\"https:\/\/www.copealcoy.es\/es\/pablo-leon-emociona-amb-el-seu-prego-de-la-setmana-santa-contestana\/\" \/>\n<meta property=\"og:site_name\" content=\"COPE Alcoy\" \/>\n<meta property=\"article:published_time\" content=\"2021-03-15T11:52:55+00:00\" \/>\n<meta property=\"article:modified_time\" content=\"2021-03-15T12:22:09+00:00\" \/>\n<meta property=\"og:image\" content=\"https:\/\/www.copealcoy.es\/wp-content\/uploads\/2021\/03\/160362790_1419420725059874_1830436834053354914_n.jpg\" \/>\n\t<meta property=\"og:image:width\" content=\"882\" \/>\n\t<meta property=\"og:image:height\" content=\"567\" \/>\n\t<meta property=\"og:image:type\" content=\"image\/jpeg\" \/>\n<meta name=\"author\" content=\"Cope Alcoy\" \/>\n<meta name=\"twitter:label1\" content=\"Escrito por\" \/>\n\t<meta name=\"twitter:data1\" content=\"Cope Alcoy\" \/>\n\t<meta name=\"twitter:label2\" content=\"Tiempo de lectura\" \/>\n\t<meta name=\"twitter:data2\" content=\"2 minutos\" \/>\n<script type=\"application\/ld+json\" class=\"yoast-schema-graph\">{\"@context\":\"https:\\\/\\\/schema.org\",\"@graph\":[{\"@type\":\"Article\",\"@id\":\"https:\\\/\\\/www.copealcoy.es\\\/es\\\/pablo-leon-emociona-amb-el-seu-prego-de-la-setmana-santa-contestana\\\/#article\",\"isPartOf\":{\"@id\":\"https:\\\/\\\/www.copealcoy.es\\\/es\\\/pablo-leon-emociona-amb-el-seu-prego-de-la-setmana-santa-contestana\\\/\"},\"author\":{\"name\":\"Cope Alcoy\",\"@id\":\"https:\\\/\\\/www.copealcoy.es\\\/es\\\/#\\\/schema\\\/person\\\/e777c87fa024e57d40170af9df39882c\"},\"headline\":\"Pablo Le\u00f3n emociona amb el seu Preg\u00f3 de la Setmana Santa Contestana\",\"datePublished\":\"2021-03-15T11:52:55+00:00\",\"dateModified\":\"2021-03-15T12:22:09+00:00\",\"mainEntityOfPage\":{\"@id\":\"https:\\\/\\\/www.copealcoy.es\\\/es\\\/pablo-leon-emociona-amb-el-seu-prego-de-la-setmana-santa-contestana\\\/\"},\"wordCount\":447,\"commentCount\":0,\"image\":{\"@id\":\"https:\\\/\\\/www.copealcoy.es\\\/es\\\/pablo-leon-emociona-amb-el-seu-prego-de-la-setmana-santa-contestana\\\/#primaryimage\"},\"thumbnailUrl\":\"https:\\\/\\\/www.copealcoy.es\\\/wp-content\\\/uploads\\\/2021\\\/03\\\/160362790_1419420725059874_1830436834053354914_n.jpg\",\"keywords\":[\"Coronavirus\",\"Pablo Le\u00f3n\",\"preg\u00f3\",\"Setmana Santa Contestana\"],\"articleSection\":[\"Comarcas\",\"Noticias\"],\"inLanguage\":\"es\"},{\"@type\":\"WebPage\",\"@id\":\"https:\\\/\\\/www.copealcoy.es\\\/es\\\/pablo-leon-emociona-amb-el-seu-prego-de-la-setmana-santa-contestana\\\/\",\"url\":\"https:\\\/\\\/www.copealcoy.es\\\/es\\\/pablo-leon-emociona-amb-el-seu-prego-de-la-setmana-santa-contestana\\\/\",\"name\":\"Pablo Le\u00f3n emociona amb el seu Preg\u00f3 de la Setmana Santa Contestana - COPE Alcoy\",\"isPartOf\":{\"@id\":\"https:\\\/\\\/www.copealcoy.es\\\/es\\\/#website\"},\"primaryImageOfPage\":{\"@id\":\"https:\\\/\\\/www.copealcoy.es\\\/es\\\/pablo-leon-emociona-amb-el-seu-prego-de-la-setmana-santa-contestana\\\/#primaryimage\"},\"image\":{\"@id\":\"https:\\\/\\\/www.copealcoy.es\\\/es\\\/pablo-leon-emociona-amb-el-seu-prego-de-la-setmana-santa-contestana\\\/#primaryimage\"},\"thumbnailUrl\":\"https:\\\/\\\/www.copealcoy.es\\\/wp-content\\\/uploads\\\/2021\\\/03\\\/160362790_1419420725059874_1830436834053354914_n.jpg\",\"datePublished\":\"2021-03-15T11:52:55+00:00\",\"dateModified\":\"2021-03-15T12:22:09+00:00\",\"author\":{\"@id\":\"https:\\\/\\\/www.copealcoy.es\\\/es\\\/#\\\/schema\\\/person\\\/e777c87fa024e57d40170af9df39882c\"},\"breadcrumb\":{\"@id\":\"https:\\\/\\\/www.copealcoy.es\\\/es\\\/pablo-leon-emociona-amb-el-seu-prego-de-la-setmana-santa-contestana\\\/#breadcrumb\"},\"inLanguage\":\"es\",\"potentialAction\":[{\"@type\":\"ReadAction\",\"target\":[\"https:\\\/\\\/www.copealcoy.es\\\/es\\\/pablo-leon-emociona-amb-el-seu-prego-de-la-setmana-santa-contestana\\\/\"]}]},{\"@type\":\"ImageObject\",\"inLanguage\":\"es\",\"@id\":\"https:\\\/\\\/www.copealcoy.es\\\/es\\\/pablo-leon-emociona-amb-el-seu-prego-de-la-setmana-santa-contestana\\\/#primaryimage\",\"url\":\"https:\\\/\\\/www.copealcoy.es\\\/wp-content\\\/uploads\\\/2021\\\/03\\\/160362790_1419420725059874_1830436834053354914_n.jpg\",\"contentUrl\":\"https:\\\/\\\/www.copealcoy.es\\\/wp-content\\\/uploads\\\/2021\\\/03\\\/160362790_1419420725059874_1830436834053354914_n.jpg\",\"width\":882,\"height\":567},{\"@type\":\"BreadcrumbList\",\"@id\":\"https:\\\/\\\/www.copealcoy.es\\\/es\\\/pablo-leon-emociona-amb-el-seu-prego-de-la-setmana-santa-contestana\\\/#breadcrumb\",\"itemListElement\":[{\"@type\":\"ListItem\",\"position\":1,\"name\":\"Portada\",\"item\":\"https:\\\/\\\/www.copealcoy.es\\\/es\\\/\"},{\"@type\":\"ListItem\",\"position\":2,\"name\":\"Pablo Le\u00f3n emociona amb el seu Preg\u00f3 de la Setmana Santa Contestana\"}]},{\"@type\":\"WebSite\",\"@id\":\"https:\\\/\\\/www.copealcoy.es\\\/es\\\/#website\",\"url\":\"https:\\\/\\\/www.copealcoy.es\\\/es\\\/\",\"name\":\"COPE Alcoy\",\"description\":\"Emisora COPE de radio local con emisi\u00f3n online. Pont de Sant Jordi 8-10 03803 Alcoy\",\"potentialAction\":[{\"@type\":\"SearchAction\",\"target\":{\"@type\":\"EntryPoint\",\"urlTemplate\":\"https:\\\/\\\/www.copealcoy.es\\\/es\\\/?s={search_term_string}\"},\"query-input\":{\"@type\":\"PropertyValueSpecification\",\"valueRequired\":true,\"valueName\":\"search_term_string\"}}],\"inLanguage\":\"es\"},{\"@type\":\"Person\",\"@id\":\"https:\\\/\\\/www.copealcoy.es\\\/es\\\/#\\\/schema\\\/person\\\/e777c87fa024e57d40170af9df39882c\",\"name\":\"Cope Alcoy\",\"image\":{\"@type\":\"ImageObject\",\"inLanguage\":\"es\",\"@id\":\"https:\\\/\\\/secure.gravatar.com\\\/avatar\\\/bb65d0283347e303893ba14f0692005417c1e0e690a325a4c5d8bb2b3943ee14?s=96&d=mm&r=g\",\"url\":\"https:\\\/\\\/secure.gravatar.com\\\/avatar\\\/bb65d0283347e303893ba14f0692005417c1e0e690a325a4c5d8bb2b3943ee14?s=96&d=mm&r=g\",\"contentUrl\":\"https:\\\/\\\/secure.gravatar.com\\\/avatar\\\/bb65d0283347e303893ba14f0692005417c1e0e690a325a4c5d8bb2b3943ee14?s=96&d=mm&r=g\",\"caption\":\"Cope Alcoy\"}}]}<\/script>\n<!-- \/ Yoast SEO plugin. -->","yoast_head_json":{"title":"Pablo Le\u00f3n emociona amb el seu Preg\u00f3 de la Setmana Santa Contestana - COPE Alcoy","robots":{"index":"index","follow":"follow","max-snippet":"max-snippet:-1","max-image-preview":"max-image-preview:large","max-video-preview":"max-video-preview:-1"},"canonical":"https:\/\/www.copealcoy.es\/es\/pablo-leon-emociona-amb-el-seu-prego-de-la-setmana-santa-contestana\/","og_locale":"es_ES","og_type":"article","og_title":"Pablo Le\u00f3n emociona amb el seu Preg\u00f3 de la Setmana Santa Contestana - COPE Alcoy","og_description":"Imatge: Silvia Botella La Parr\u00f2quia de Santa Maria de Cocentaina va acollir dissabte passat el Preg\u00f3 de la Setmana Santa...","og_url":"https:\/\/www.copealcoy.es\/es\/pablo-leon-emociona-amb-el-seu-prego-de-la-setmana-santa-contestana\/","og_site_name":"COPE Alcoy","article_published_time":"2021-03-15T11:52:55+00:00","article_modified_time":"2021-03-15T12:22:09+00:00","og_image":[{"width":882,"height":567,"url":"https:\/\/www.copealcoy.es\/wp-content\/uploads\/2021\/03\/160362790_1419420725059874_1830436834053354914_n.jpg","type":"image\/jpeg"}],"author":"Cope Alcoy","twitter_misc":{"Escrito por":"Cope Alcoy","Tiempo de lectura":"2 minutos"},"schema":{"@context":"https:\/\/schema.org","@graph":[{"@type":"Article","@id":"https:\/\/www.copealcoy.es\/es\/pablo-leon-emociona-amb-el-seu-prego-de-la-setmana-santa-contestana\/#article","isPartOf":{"@id":"https:\/\/www.copealcoy.es\/es\/pablo-leon-emociona-amb-el-seu-prego-de-la-setmana-santa-contestana\/"},"author":{"name":"Cope Alcoy","@id":"https:\/\/www.copealcoy.es\/es\/#\/schema\/person\/e777c87fa024e57d40170af9df39882c"},"headline":"Pablo Le\u00f3n emociona amb el seu Preg\u00f3 de la Setmana Santa Contestana","datePublished":"2021-03-15T11:52:55+00:00","dateModified":"2021-03-15T12:22:09+00:00","mainEntityOfPage":{"@id":"https:\/\/www.copealcoy.es\/es\/pablo-leon-emociona-amb-el-seu-prego-de-la-setmana-santa-contestana\/"},"wordCount":447,"commentCount":0,"image":{"@id":"https:\/\/www.copealcoy.es\/es\/pablo-leon-emociona-amb-el-seu-prego-de-la-setmana-santa-contestana\/#primaryimage"},"thumbnailUrl":"https:\/\/www.copealcoy.es\/wp-content\/uploads\/2021\/03\/160362790_1419420725059874_1830436834053354914_n.jpg","keywords":["Coronavirus","Pablo Le\u00f3n","preg\u00f3","Setmana Santa Contestana"],"articleSection":["Comarcas","Noticias"],"inLanguage":"es"},{"@type":"WebPage","@id":"https:\/\/www.copealcoy.es\/es\/pablo-leon-emociona-amb-el-seu-prego-de-la-setmana-santa-contestana\/","url":"https:\/\/www.copealcoy.es\/es\/pablo-leon-emociona-amb-el-seu-prego-de-la-setmana-santa-contestana\/","name":"Pablo Le\u00f3n emociona amb el seu Preg\u00f3 de la Setmana Santa Contestana - COPE Alcoy","isPartOf":{"@id":"https:\/\/www.copealcoy.es\/es\/#website"},"primaryImageOfPage":{"@id":"https:\/\/www.copealcoy.es\/es\/pablo-leon-emociona-amb-el-seu-prego-de-la-setmana-santa-contestana\/#primaryimage"},"image":{"@id":"https:\/\/www.copealcoy.es\/es\/pablo-leon-emociona-amb-el-seu-prego-de-la-setmana-santa-contestana\/#primaryimage"},"thumbnailUrl":"https:\/\/www.copealcoy.es\/wp-content\/uploads\/2021\/03\/160362790_1419420725059874_1830436834053354914_n.jpg","datePublished":"2021-03-15T11:52:55+00:00","dateModified":"2021-03-15T12:22:09+00:00","author":{"@id":"https:\/\/www.copealcoy.es\/es\/#\/schema\/person\/e777c87fa024e57d40170af9df39882c"},"breadcrumb":{"@id":"https:\/\/www.copealcoy.es\/es\/pablo-leon-emociona-amb-el-seu-prego-de-la-setmana-santa-contestana\/#breadcrumb"},"inLanguage":"es","potentialAction":[{"@type":"ReadAction","target":["https:\/\/www.copealcoy.es\/es\/pablo-leon-emociona-amb-el-seu-prego-de-la-setmana-santa-contestana\/"]}]},{"@type":"ImageObject","inLanguage":"es","@id":"https:\/\/www.copealcoy.es\/es\/pablo-leon-emociona-amb-el-seu-prego-de-la-setmana-santa-contestana\/#primaryimage","url":"https:\/\/www.copealcoy.es\/wp-content\/uploads\/2021\/03\/160362790_1419420725059874_1830436834053354914_n.jpg","contentUrl":"https:\/\/www.copealcoy.es\/wp-content\/uploads\/2021\/03\/160362790_1419420725059874_1830436834053354914_n.jpg","width":882,"height":567},{"@type":"BreadcrumbList","@id":"https:\/\/www.copealcoy.es\/es\/pablo-leon-emociona-amb-el-seu-prego-de-la-setmana-santa-contestana\/#breadcrumb","itemListElement":[{"@type":"ListItem","position":1,"name":"Portada","item":"https:\/\/www.copealcoy.es\/es\/"},{"@type":"ListItem","position":2,"name":"Pablo Le\u00f3n emociona amb el seu Preg\u00f3 de la Setmana Santa Contestana"}]},{"@type":"WebSite","@id":"https:\/\/www.copealcoy.es\/es\/#website","url":"https:\/\/www.copealcoy.es\/es\/","name":"COPE Alcoy","description":"Emisora COPE de radio local con emisi\u00f3n online. Pont de Sant Jordi 8-10 03803 Alcoy","potentialAction":[{"@type":"SearchAction","target":{"@type":"EntryPoint","urlTemplate":"https:\/\/www.copealcoy.es\/es\/?s={search_term_string}"},"query-input":{"@type":"PropertyValueSpecification","valueRequired":true,"valueName":"search_term_string"}}],"inLanguage":"es"},{"@type":"Person","@id":"https:\/\/www.copealcoy.es\/es\/#\/schema\/person\/e777c87fa024e57d40170af9df39882c","name":"Cope Alcoy","image":{"@type":"ImageObject","inLanguage":"es","@id":"https:\/\/secure.gravatar.com\/avatar\/bb65d0283347e303893ba14f0692005417c1e0e690a325a4c5d8bb2b3943ee14?s=96&d=mm&r=g","url":"https:\/\/secure.gravatar.com\/avatar\/bb65d0283347e303893ba14f0692005417c1e0e690a325a4c5d8bb2b3943ee14?s=96&d=mm&r=g","contentUrl":"https:\/\/secure.gravatar.com\/avatar\/bb65d0283347e303893ba14f0692005417c1e0e690a325a4c5d8bb2b3943ee14?s=96&d=mm&r=g","caption":"Cope Alcoy"}}]}},"_links":{"self":[{"href":"https:\/\/www.copealcoy.es\/es\/wp-json\/wp\/v2\/posts\/71882","targetHints":{"allow":["GET"]}}],"collection":[{"href":"https:\/\/www.copealcoy.es\/es\/wp-json\/wp\/v2\/posts"}],"about":[{"href":"https:\/\/www.copealcoy.es\/es\/wp-json\/wp\/v2\/types\/post"}],"author":[{"embeddable":true,"href":"https:\/\/www.copealcoy.es\/es\/wp-json\/wp\/v2\/users\/1"}],"replies":[{"embeddable":true,"href":"https:\/\/www.copealcoy.es\/es\/wp-json\/wp\/v2\/comments?post=71882"}],"version-history":[{"count":0,"href":"https:\/\/www.copealcoy.es\/es\/wp-json\/wp\/v2\/posts\/71882\/revisions"}],"wp:featuredmedia":[{"embeddable":true,"href":"https:\/\/www.copealcoy.es\/es\/wp-json\/wp\/v2\/media\/71883"}],"wp:attachment":[{"href":"https:\/\/www.copealcoy.es\/es\/wp-json\/wp\/v2\/media?parent=71882"}],"wp:term":[{"taxonomy":"category","embeddable":true,"href":"https:\/\/www.copealcoy.es\/es\/wp-json\/wp\/v2\/categories?post=71882"},{"taxonomy":"post_tag","embeddable":true,"href":"https:\/\/www.copealcoy.es\/es\/wp-json\/wp\/v2\/tags?post=71882"}],"curies":[{"name":"wp","href":"https:\/\/api.w.org\/{rel}","templated":true}]}}