{"id":71865,"date":"2021-03-12T20:14:46","date_gmt":"2021-03-12T19:14:46","guid":{"rendered":"https:\/\/www.copealcoy.es\/?p=71865"},"modified":"2021-12-23T12:25:09","modified_gmt":"2021-12-23T11:25:09","slug":"13-03-2020-la-jornada-en-la-que-se-anuncio-el-aplazamiento-de-las-fiestas-de-alcoy","status":"publish","type":"post","link":"https:\/\/www.copealcoy.es\/es\/13-03-2020-la-jornada-en-la-que-se-anuncio-el-aplazamiento-de-las-fiestas-de-alcoy\/","title":{"rendered":"13\/03\/2020: La jornada en la que se anunci\u00f3 el aplazamiento de las Fiestas de Alcoy"},"content":{"rendered":"<p style=\"text-align: justify;\">El <strong>viernes 13 de marzo del 2020<\/strong> los acontecimientos se iban precipitando a medida que avanzaban las horas. Durante la ma\u00f1ana <strong>centenares de personas tomaron los principales supermercados de Alcoy<\/strong> para abastecerse de <strong>productos de primera necesidad<\/strong> ante las noticias que iban llegando referidas a la entrada en vigor de <strong>un confinamiento domiciliario en todo el pa\u00eds<\/strong>. A mediod\u00eda lo anunci\u00f3 el Presidente del\u00a0Gobierno,\u00a0<strong>Pedro\u00a0S\u00e1nchez<\/strong>, en una comparecencia en la que detall\u00f3\u00a0que a partir de la medianoche del s\u00e1bado 14 al domingo 15 <strong>entrar\u00eda en vigor el Estado de Alarma<\/strong> con una serie de medidas que <strong>nos obligar\u00edan a estar en casa confinados durante los siguientes 15 d\u00edas<\/strong> como medida de\u00a0contenci\u00f3n\u00a0de una primera ola de la pandemia que en ese momento <strong>corr\u00eda imparable<\/strong>.<\/p>\n<p style=\"text-align: justify;\">Por la tarde, pasadas las siete, <strong>se confirmaba la noticia<\/strong> que ya era un secreto a voces desde hac\u00eda dos d\u00edas: <span style=\"color: #0000ff;\"><strong>l<\/strong><\/span><a href=\"https:\/\/www.copealcoy.es\/el-coronavirus-obliga-a-aplazar-las-fiestas-de-alcoy\/\"><span style=\"color: #0000ff;\"><strong>as Fiestas de Moros y Cristianos de Alcoy quedaban aplazadas<\/strong><\/span><\/a>. El alcalde, <strong>Antonio Franc\u00e9s<\/strong>, y el Presidente de la Asociaci\u00f3n de San Jorge, <strong>Juan Jos\u00e9 Olcina<\/strong>; comparecieron en El Casal para <strong>anunciar una medida que llegaba tras consensuarse<\/strong> con la Junta Directiva de la misma Asociaci\u00f3n de San Jorge, el Ayuntamiento y los Primers Trons de las 28 filaes. El primer edil <strong>transmiti\u00f3 mucho \u00e1nimo para el mundo de la Festa<\/strong>\u00a0y los Cargos y <strong>avanz\u00f3\u00a0la celebraci\u00f3n de un Pleno Extraordinario<\/strong> para <strong>suprimir el acuerdo plenario<\/strong> mediante el cual <strong>se adoptaron los festivos locales para el a\u00f1o 2020<\/strong> \u201c<em>esta acci\u00f3n se tomar\u00e1 para contar con estas jornadas de cara a unas posibles nuevas fechas que permitan celebrar los festejos<\/em>\u201c, afirm\u00f3 Franc\u00e9s\u00a0entonces. Por su parte Olcina dijo que <strong>no hab\u00eda decididas unas nuevas fechas<\/strong> a la espera de ver la\u00a0evoluci\u00f3n<b>\u00a0de la pandemia<\/b> \u201c<em>lo primero que haremos es decidir unas fechas en el momento en el que la situaci\u00f3n est\u00e9 normalizada<\/em>\u201c, matiz\u00f3 en este instante.<\/p>\n<p style=\"text-align: justify;\">El aplazamiento de las Fiestas de Moros y Cristianos de Alcoy<strong> llen\u00f3 de mensajes de tristeza y \u00e1nimo\u00a0las redes sociales <\/strong>en un d\u00eda en el que la pandemia ya hab\u00eda empezado pr\u00e1cticamente a transformar nuestro\u00a0ritmo\u00a0cotidiano.<\/p>\n","protected":false},"excerpt":{"rendered":"<p>El viernes 13 de marzo del 2020 los acontecimientos se iban precipitando a medida que avanzaban las horas. Durante la&#8230;<\/p>\n","protected":false},"author":1,"featured_media":71868,"comment_status":"open","ping_status":"open","sticky":false,"template":"","format":"standard","meta":{"footnotes":""},"categories":[6909,97,75],"tags":[1494,7311,7281,10050,2001,7477],"class_list":["post-71865","post","type-post","status-publish","format-standard","has-post-thumbnail","hentry","category-actualidad","category-alcoy","category-noticias","tag-alcoy","tag-aplazamiento","tag-coronavirus","tag-crisis-sanitaria","tag-fiestas-de-moros-y-cristianos","tag-pandemia"],"yoast_head":"<!-- This site is optimized with the Yoast SEO plugin v27.3 - https:\/\/yoast.com\/product\/yoast-seo-wordpress\/ -->\n<title>13\/03\/2020: La jornada en la que se anunci\u00f3 el aplazamiento de las Fiestas de Alcoy - COPE Alcoy<\/title>\n<meta name=\"robots\" content=\"index, follow, max-snippet:-1, max-image-preview:large, max-video-preview:-1\" \/>\n<link rel=\"canonical\" href=\"https:\/\/www.copealcoy.es\/es\/13-03-2020-la-jornada-en-la-que-se-anuncio-el-aplazamiento-de-las-fiestas-de-alcoy\/\" \/>\n<meta property=\"og:locale\" content=\"es_ES\" \/>\n<meta property=\"og:type\" content=\"article\" \/>\n<meta property=\"og:title\" content=\"13\/03\/2020: La jornada en la que se anunci\u00f3 el aplazamiento de las Fiestas de Alcoy - COPE Alcoy\" \/>\n<meta property=\"og:description\" content=\"El viernes 13 de marzo del 2020 los acontecimientos se iban precipitando a medida que avanzaban las horas. Durante la...\" \/>\n<meta property=\"og:url\" content=\"https:\/\/www.copealcoy.es\/es\/13-03-2020-la-jornada-en-la-que-se-anuncio-el-aplazamiento-de-las-fiestas-de-alcoy\/\" \/>\n<meta property=\"og:site_name\" content=\"COPE Alcoy\" \/>\n<meta property=\"article:published_time\" content=\"2021-03-12T19:14:46+00:00\" \/>\n<meta property=\"article:modified_time\" content=\"2021-12-23T11:25:09+00:00\" \/>\n<meta property=\"og:image\" content=\"https:\/\/www.copealcoy.es\/wp-content\/uploads\/2021\/03\/maxresdefault.jpg\" \/>\n\t<meta property=\"og:image:width\" content=\"1280\" \/>\n\t<meta property=\"og:image:height\" content=\"720\" \/>\n\t<meta property=\"og:image:type\" content=\"image\/jpeg\" \/>\n<meta name=\"author\" content=\"Cope Alcoy\" \/>\n<meta name=\"twitter:label1\" content=\"Escrito por\" \/>\n\t<meta name=\"twitter:data1\" content=\"Cope Alcoy\" \/>\n\t<meta name=\"twitter:label2\" content=\"Tiempo de lectura\" \/>\n\t<meta name=\"twitter:data2\" content=\"2 minutos\" \/>\n<script type=\"application\/ld+json\" class=\"yoast-schema-graph\">{\"@context\":\"https:\\\/\\\/schema.org\",\"@graph\":[{\"@type\":\"Article\",\"@id\":\"https:\\\/\\\/www.copealcoy.es\\\/es\\\/13-03-2020-la-jornada-en-la-que-se-anuncio-el-aplazamiento-de-las-fiestas-de-alcoy\\\/#article\",\"isPartOf\":{\"@id\":\"https:\\\/\\\/www.copealcoy.es\\\/es\\\/13-03-2020-la-jornada-en-la-que-se-anuncio-el-aplazamiento-de-las-fiestas-de-alcoy\\\/\"},\"author\":{\"name\":\"Cope Alcoy\",\"@id\":\"https:\\\/\\\/www.copealcoy.es\\\/es\\\/#\\\/schema\\\/person\\\/e777c87fa024e57d40170af9df39882c\"},\"headline\":\"13\\\/03\\\/2020: La jornada en la que se anunci\u00f3 el aplazamiento de las Fiestas de Alcoy\",\"datePublished\":\"2021-03-12T19:14:46+00:00\",\"dateModified\":\"2021-12-23T11:25:09+00:00\",\"mainEntityOfPage\":{\"@id\":\"https:\\\/\\\/www.copealcoy.es\\\/es\\\/13-03-2020-la-jornada-en-la-que-se-anuncio-el-aplazamiento-de-las-fiestas-de-alcoy\\\/\"},\"wordCount\":387,\"commentCount\":0,\"image\":{\"@id\":\"https:\\\/\\\/www.copealcoy.es\\\/es\\\/13-03-2020-la-jornada-en-la-que-se-anuncio-el-aplazamiento-de-las-fiestas-de-alcoy\\\/#primaryimage\"},\"thumbnailUrl\":\"https:\\\/\\\/www.copealcoy.es\\\/wp-content\\\/uploads\\\/2021\\\/03\\\/maxresdefault.jpg\",\"keywords\":[\"Alcoy\",\"aplazamiento\",\"Coronavirus\",\"crisis sanitaria\",\"Fiestas de Moros y Cristianos\",\"pandemia\"],\"articleSection\":[\"Actualidad\",\"Alcoy\",\"Noticias\"],\"inLanguage\":\"es\"},{\"@type\":\"WebPage\",\"@id\":\"https:\\\/\\\/www.copealcoy.es\\\/es\\\/13-03-2020-la-jornada-en-la-que-se-anuncio-el-aplazamiento-de-las-fiestas-de-alcoy\\\/\",\"url\":\"https:\\\/\\\/www.copealcoy.es\\\/es\\\/13-03-2020-la-jornada-en-la-que-se-anuncio-el-aplazamiento-de-las-fiestas-de-alcoy\\\/\",\"name\":\"13\\\/03\\\/2020: La jornada en la que se anunci\u00f3 el aplazamiento de las Fiestas de Alcoy - COPE Alcoy\",\"isPartOf\":{\"@id\":\"https:\\\/\\\/www.copealcoy.es\\\/es\\\/#website\"},\"primaryImageOfPage\":{\"@id\":\"https:\\\/\\\/www.copealcoy.es\\\/es\\\/13-03-2020-la-jornada-en-la-que-se-anuncio-el-aplazamiento-de-las-fiestas-de-alcoy\\\/#primaryimage\"},\"image\":{\"@id\":\"https:\\\/\\\/www.copealcoy.es\\\/es\\\/13-03-2020-la-jornada-en-la-que-se-anuncio-el-aplazamiento-de-las-fiestas-de-alcoy\\\/#primaryimage\"},\"thumbnailUrl\":\"https:\\\/\\\/www.copealcoy.es\\\/wp-content\\\/uploads\\\/2021\\\/03\\\/maxresdefault.jpg\",\"datePublished\":\"2021-03-12T19:14:46+00:00\",\"dateModified\":\"2021-12-23T11:25:09+00:00\",\"author\":{\"@id\":\"https:\\\/\\\/www.copealcoy.es\\\/es\\\/#\\\/schema\\\/person\\\/e777c87fa024e57d40170af9df39882c\"},\"breadcrumb\":{\"@id\":\"https:\\\/\\\/www.copealcoy.es\\\/es\\\/13-03-2020-la-jornada-en-la-que-se-anuncio-el-aplazamiento-de-las-fiestas-de-alcoy\\\/#breadcrumb\"},\"inLanguage\":\"es\",\"potentialAction\":[{\"@type\":\"ReadAction\",\"target\":[\"https:\\\/\\\/www.copealcoy.es\\\/es\\\/13-03-2020-la-jornada-en-la-que-se-anuncio-el-aplazamiento-de-las-fiestas-de-alcoy\\\/\"]}]},{\"@type\":\"ImageObject\",\"inLanguage\":\"es\",\"@id\":\"https:\\\/\\\/www.copealcoy.es\\\/es\\\/13-03-2020-la-jornada-en-la-que-se-anuncio-el-aplazamiento-de-las-fiestas-de-alcoy\\\/#primaryimage\",\"url\":\"https:\\\/\\\/www.copealcoy.es\\\/wp-content\\\/uploads\\\/2021\\\/03\\\/maxresdefault.jpg\",\"contentUrl\":\"https:\\\/\\\/www.copealcoy.es\\\/wp-content\\\/uploads\\\/2021\\\/03\\\/maxresdefault.jpg\",\"width\":1280,\"height\":720},{\"@type\":\"BreadcrumbList\",\"@id\":\"https:\\\/\\\/www.copealcoy.es\\\/es\\\/13-03-2020-la-jornada-en-la-que-se-anuncio-el-aplazamiento-de-las-fiestas-de-alcoy\\\/#breadcrumb\",\"itemListElement\":[{\"@type\":\"ListItem\",\"position\":1,\"name\":\"Portada\",\"item\":\"https:\\\/\\\/www.copealcoy.es\\\/es\\\/\"},{\"@type\":\"ListItem\",\"position\":2,\"name\":\"13\\\/03\\\/2020: La jornada en la que se anunci\u00f3 el aplazamiento de las Fiestas de Alcoy\"}]},{\"@type\":\"WebSite\",\"@id\":\"https:\\\/\\\/www.copealcoy.es\\\/es\\\/#website\",\"url\":\"https:\\\/\\\/www.copealcoy.es\\\/es\\\/\",\"name\":\"COPE Alcoy\",\"description\":\"Emisora COPE de radio local con emisi\u00f3n online. Pont de Sant Jordi 8-10 03803 Alcoy\",\"potentialAction\":[{\"@type\":\"SearchAction\",\"target\":{\"@type\":\"EntryPoint\",\"urlTemplate\":\"https:\\\/\\\/www.copealcoy.es\\\/es\\\/?s={search_term_string}\"},\"query-input\":{\"@type\":\"PropertyValueSpecification\",\"valueRequired\":true,\"valueName\":\"search_term_string\"}}],\"inLanguage\":\"es\"},{\"@type\":\"Person\",\"@id\":\"https:\\\/\\\/www.copealcoy.es\\\/es\\\/#\\\/schema\\\/person\\\/e777c87fa024e57d40170af9df39882c\",\"name\":\"Cope Alcoy\",\"image\":{\"@type\":\"ImageObject\",\"inLanguage\":\"es\",\"@id\":\"https:\\\/\\\/secure.gravatar.com\\\/avatar\\\/bb65d0283347e303893ba14f0692005417c1e0e690a325a4c5d8bb2b3943ee14?s=96&d=mm&r=g\",\"url\":\"https:\\\/\\\/secure.gravatar.com\\\/avatar\\\/bb65d0283347e303893ba14f0692005417c1e0e690a325a4c5d8bb2b3943ee14?s=96&d=mm&r=g\",\"contentUrl\":\"https:\\\/\\\/secure.gravatar.com\\\/avatar\\\/bb65d0283347e303893ba14f0692005417c1e0e690a325a4c5d8bb2b3943ee14?s=96&d=mm&r=g\",\"caption\":\"Cope Alcoy\"}}]}<\/script>\n<!-- \/ Yoast SEO plugin. -->","yoast_head_json":{"title":"13\/03\/2020: La jornada en la que se anunci\u00f3 el aplazamiento de las Fiestas de Alcoy - COPE Alcoy","robots":{"index":"index","follow":"follow","max-snippet":"max-snippet:-1","max-image-preview":"max-image-preview:large","max-video-preview":"max-video-preview:-1"},"canonical":"https:\/\/www.copealcoy.es\/es\/13-03-2020-la-jornada-en-la-que-se-anuncio-el-aplazamiento-de-las-fiestas-de-alcoy\/","og_locale":"es_ES","og_type":"article","og_title":"13\/03\/2020: La jornada en la que se anunci\u00f3 el aplazamiento de las Fiestas de Alcoy - COPE Alcoy","og_description":"El viernes 13 de marzo del 2020 los acontecimientos se iban precipitando a medida que avanzaban las horas. Durante la...","og_url":"https:\/\/www.copealcoy.es\/es\/13-03-2020-la-jornada-en-la-que-se-anuncio-el-aplazamiento-de-las-fiestas-de-alcoy\/","og_site_name":"COPE Alcoy","article_published_time":"2021-03-12T19:14:46+00:00","article_modified_time":"2021-12-23T11:25:09+00:00","og_image":[{"width":1280,"height":720,"url":"https:\/\/www.copealcoy.es\/wp-content\/uploads\/2021\/03\/maxresdefault.jpg","type":"image\/jpeg"}],"author":"Cope Alcoy","twitter_misc":{"Escrito por":"Cope Alcoy","Tiempo de lectura":"2 minutos"},"schema":{"@context":"https:\/\/schema.org","@graph":[{"@type":"Article","@id":"https:\/\/www.copealcoy.es\/es\/13-03-2020-la-jornada-en-la-que-se-anuncio-el-aplazamiento-de-las-fiestas-de-alcoy\/#article","isPartOf":{"@id":"https:\/\/www.copealcoy.es\/es\/13-03-2020-la-jornada-en-la-que-se-anuncio-el-aplazamiento-de-las-fiestas-de-alcoy\/"},"author":{"name":"Cope Alcoy","@id":"https:\/\/www.copealcoy.es\/es\/#\/schema\/person\/e777c87fa024e57d40170af9df39882c"},"headline":"13\/03\/2020: La jornada en la que se anunci\u00f3 el aplazamiento de las Fiestas de Alcoy","datePublished":"2021-03-12T19:14:46+00:00","dateModified":"2021-12-23T11:25:09+00:00","mainEntityOfPage":{"@id":"https:\/\/www.copealcoy.es\/es\/13-03-2020-la-jornada-en-la-que-se-anuncio-el-aplazamiento-de-las-fiestas-de-alcoy\/"},"wordCount":387,"commentCount":0,"image":{"@id":"https:\/\/www.copealcoy.es\/es\/13-03-2020-la-jornada-en-la-que-se-anuncio-el-aplazamiento-de-las-fiestas-de-alcoy\/#primaryimage"},"thumbnailUrl":"https:\/\/www.copealcoy.es\/wp-content\/uploads\/2021\/03\/maxresdefault.jpg","keywords":["Alcoy","aplazamiento","Coronavirus","crisis sanitaria","Fiestas de Moros y Cristianos","pandemia"],"articleSection":["Actualidad","Alcoy","Noticias"],"inLanguage":"es"},{"@type":"WebPage","@id":"https:\/\/www.copealcoy.es\/es\/13-03-2020-la-jornada-en-la-que-se-anuncio-el-aplazamiento-de-las-fiestas-de-alcoy\/","url":"https:\/\/www.copealcoy.es\/es\/13-03-2020-la-jornada-en-la-que-se-anuncio-el-aplazamiento-de-las-fiestas-de-alcoy\/","name":"13\/03\/2020: La jornada en la que se anunci\u00f3 el aplazamiento de las Fiestas de Alcoy - COPE Alcoy","isPartOf":{"@id":"https:\/\/www.copealcoy.es\/es\/#website"},"primaryImageOfPage":{"@id":"https:\/\/www.copealcoy.es\/es\/13-03-2020-la-jornada-en-la-que-se-anuncio-el-aplazamiento-de-las-fiestas-de-alcoy\/#primaryimage"},"image":{"@id":"https:\/\/www.copealcoy.es\/es\/13-03-2020-la-jornada-en-la-que-se-anuncio-el-aplazamiento-de-las-fiestas-de-alcoy\/#primaryimage"},"thumbnailUrl":"https:\/\/www.copealcoy.es\/wp-content\/uploads\/2021\/03\/maxresdefault.jpg","datePublished":"2021-03-12T19:14:46+00:00","dateModified":"2021-12-23T11:25:09+00:00","author":{"@id":"https:\/\/www.copealcoy.es\/es\/#\/schema\/person\/e777c87fa024e57d40170af9df39882c"},"breadcrumb":{"@id":"https:\/\/www.copealcoy.es\/es\/13-03-2020-la-jornada-en-la-que-se-anuncio-el-aplazamiento-de-las-fiestas-de-alcoy\/#breadcrumb"},"inLanguage":"es","potentialAction":[{"@type":"ReadAction","target":["https:\/\/www.copealcoy.es\/es\/13-03-2020-la-jornada-en-la-que-se-anuncio-el-aplazamiento-de-las-fiestas-de-alcoy\/"]}]},{"@type":"ImageObject","inLanguage":"es","@id":"https:\/\/www.copealcoy.es\/es\/13-03-2020-la-jornada-en-la-que-se-anuncio-el-aplazamiento-de-las-fiestas-de-alcoy\/#primaryimage","url":"https:\/\/www.copealcoy.es\/wp-content\/uploads\/2021\/03\/maxresdefault.jpg","contentUrl":"https:\/\/www.copealcoy.es\/wp-content\/uploads\/2021\/03\/maxresdefault.jpg","width":1280,"height":720},{"@type":"BreadcrumbList","@id":"https:\/\/www.copealcoy.es\/es\/13-03-2020-la-jornada-en-la-que-se-anuncio-el-aplazamiento-de-las-fiestas-de-alcoy\/#breadcrumb","itemListElement":[{"@type":"ListItem","position":1,"name":"Portada","item":"https:\/\/www.copealcoy.es\/es\/"},{"@type":"ListItem","position":2,"name":"13\/03\/2020: La jornada en la que se anunci\u00f3 el aplazamiento de las Fiestas de Alcoy"}]},{"@type":"WebSite","@id":"https:\/\/www.copealcoy.es\/es\/#website","url":"https:\/\/www.copealcoy.es\/es\/","name":"COPE Alcoy","description":"Emisora COPE de radio local con emisi\u00f3n online. Pont de Sant Jordi 8-10 03803 Alcoy","potentialAction":[{"@type":"SearchAction","target":{"@type":"EntryPoint","urlTemplate":"https:\/\/www.copealcoy.es\/es\/?s={search_term_string}"},"query-input":{"@type":"PropertyValueSpecification","valueRequired":true,"valueName":"search_term_string"}}],"inLanguage":"es"},{"@type":"Person","@id":"https:\/\/www.copealcoy.es\/es\/#\/schema\/person\/e777c87fa024e57d40170af9df39882c","name":"Cope Alcoy","image":{"@type":"ImageObject","inLanguage":"es","@id":"https:\/\/secure.gravatar.com\/avatar\/bb65d0283347e303893ba14f0692005417c1e0e690a325a4c5d8bb2b3943ee14?s=96&d=mm&r=g","url":"https:\/\/secure.gravatar.com\/avatar\/bb65d0283347e303893ba14f0692005417c1e0e690a325a4c5d8bb2b3943ee14?s=96&d=mm&r=g","contentUrl":"https:\/\/secure.gravatar.com\/avatar\/bb65d0283347e303893ba14f0692005417c1e0e690a325a4c5d8bb2b3943ee14?s=96&d=mm&r=g","caption":"Cope Alcoy"}}]}},"_links":{"self":[{"href":"https:\/\/www.copealcoy.es\/es\/wp-json\/wp\/v2\/posts\/71865","targetHints":{"allow":["GET"]}}],"collection":[{"href":"https:\/\/www.copealcoy.es\/es\/wp-json\/wp\/v2\/posts"}],"about":[{"href":"https:\/\/www.copealcoy.es\/es\/wp-json\/wp\/v2\/types\/post"}],"author":[{"embeddable":true,"href":"https:\/\/www.copealcoy.es\/es\/wp-json\/wp\/v2\/users\/1"}],"replies":[{"embeddable":true,"href":"https:\/\/www.copealcoy.es\/es\/wp-json\/wp\/v2\/comments?post=71865"}],"version-history":[{"count":0,"href":"https:\/\/www.copealcoy.es\/es\/wp-json\/wp\/v2\/posts\/71865\/revisions"}],"wp:featuredmedia":[{"embeddable":true,"href":"https:\/\/www.copealcoy.es\/es\/wp-json\/wp\/v2\/media\/71868"}],"wp:attachment":[{"href":"https:\/\/www.copealcoy.es\/es\/wp-json\/wp\/v2\/media?parent=71865"}],"wp:term":[{"taxonomy":"category","embeddable":true,"href":"https:\/\/www.copealcoy.es\/es\/wp-json\/wp\/v2\/categories?post=71865"},{"taxonomy":"post_tag","embeddable":true,"href":"https:\/\/www.copealcoy.es\/es\/wp-json\/wp\/v2\/tags?post=71865"}],"curies":[{"name":"wp","href":"https:\/\/api.w.org\/{rel}","templated":true}]}}