{"id":71850,"date":"2021-03-12T13:39:33","date_gmt":"2021-03-12T12:39:33","guid":{"rendered":"https:\/\/www.copealcoy.es\/?p=71850"},"modified":"2021-03-12T13:49:03","modified_gmt":"2021-03-12T12:49:03","slug":"finalitza-la-instal%c2%b7lacio-de-la-conxa-acustica-del-centre-cultural-el-teular","status":"publish","type":"post","link":"https:\/\/www.copealcoy.es\/es\/finalitza-la-instal%c2%b7lacio-de-la-conxa-acustica-del-centre-cultural-el-teular\/","title":{"rendered":"Finalitza la instal\u00b7laci\u00f3 de la conxa ac\u00fastica del Centre Cultural El Teular"},"content":{"rendered":"<p style=\"text-align: justify;\">Ha finalitzat ja <strong>la instal\u00b7laci\u00f3 d&#8217;una conxa ac\u00fastica en el Centre Cultural El Teular de Cocentaina<\/strong> per a millorar <strong>les condicions sonores<\/strong> de les activitats musicals que all\u00ed es realitzen. L&#8217;actuaci\u00f3, que <strong>ha suposat una inversi\u00f3 final de m\u00e9s de 45.000 euros<\/strong>, ha comportat <strong>la instal\u00b7laci\u00f3 de tres panells ac\u00fastics sobre l&#8217;escenari<\/strong> dotats d&#8217;il\u00b7luminaci\u00f3 esc\u00e8nica aix\u00ed com sis motors dedicats a facilitar el seu muntatge i desmuntatge.<\/p>\n<p style=\"text-align: justify;\">L&#8217;equipament <strong>quedar\u00e0 totalment integrat a les tramoies de l&#8217;escenari quan no siga utilitzat<\/strong> i <strong>permetr\u00e0 l&#8217;\u00fas de la resta d&#8217;equips esc\u00e8nics<\/strong> ja existents amb normalitat. La conxa facilitar\u00e0 no sols als int\u00e8rprets, sin\u00f3 tamb\u00e9 al p\u00fablic, <strong>gaudir d&#8217;una millor experi\u00e8ncia en les actuacions al Teular<\/strong>. Est\u00e0 previst que al llarg de les pr\u00f2ximes setmanes <strong>ja es puga utilitzar en els concerts previstos al Teular<\/strong> si les condicions sanit\u00e0ries aix\u00ed ho permeten &#8220;<em>aquest projecte ens demostra la idone\u00eftat de la participaci\u00f3 ciutadana per a canalitzar el que volem que siga el nostre poble. Desitge que als canals de participaci\u00f3 que tenim al nostre abast, com els pressupostos participatius, participem cada vegada m\u00e9s contestans i contestanes presentant propostes i idees que finalment es puguen fer realitat, aconseguint aix\u00ed un poble cada vegada m\u00e9s implicat amb la participaci\u00f3 en el seu govern<\/em>&#8220;, afirma la regidora de Participaci\u00f3 Ciutadana; <strong>Maite Valls<\/strong>.<\/p>\n<p style=\"text-align: justify;\">Aquest projecte<strong> fou\u00a0proposat\u00a0en els Pressupostos Participatius de la Vila Comtal per totes les entitats culturals musicals i vocals<\/strong> de la localitat i finalment fou la m\u00e9s votada.<\/p>\n","protected":false},"excerpt":{"rendered":"<p>Ha finalitzat ja la instal\u00b7laci\u00f3 d&#8217;una conxa ac\u00fastica en el Centre Cultural El Teular de Cocentaina per a millorar les&#8230;<\/p>\n","protected":false},"author":1,"featured_media":71851,"comment_status":"open","ping_status":"open","sticky":false,"template":"","format":"standard","meta":{"footnotes":""},"categories":[98,75],"tags":[2491,11005,10920,9669,7728],"class_list":["post-71850","post","type-post","status-publish","format-standard","has-post-thumbnail","hentry","category-comarcas","category-noticias","tag-centre-cultural-el-teular","tag-conxa-acustica","tag-maite-valls","tag-pressupostos-participatius","tag-projecte"],"yoast_head":"<!-- This site is optimized with the Yoast SEO plugin v27.3 - https:\/\/yoast.com\/product\/yoast-seo-wordpress\/ -->\n<title>Finalitza la instal\u00b7laci\u00f3 de la conxa ac\u00fastica del Centre Cultural El Teular - COPE Alcoy<\/title>\n<meta name=\"robots\" content=\"index, follow, max-snippet:-1, max-image-preview:large, max-video-preview:-1\" \/>\n<link rel=\"canonical\" href=\"https:\/\/www.copealcoy.es\/es\/finalitza-la-instal%c2%b7lacio-de-la-conxa-acustica-del-centre-cultural-el-teular\/\" \/>\n<meta property=\"og:locale\" content=\"es_ES\" \/>\n<meta property=\"og:type\" content=\"article\" \/>\n<meta property=\"og:title\" content=\"Finalitza la instal\u00b7laci\u00f3 de la conxa ac\u00fastica del Centre Cultural El Teular - COPE Alcoy\" \/>\n<meta property=\"og:description\" content=\"Ha finalitzat ja la instal\u00b7laci\u00f3 d&#8217;una conxa ac\u00fastica en el Centre Cultural El Teular de Cocentaina per a millorar les...\" \/>\n<meta property=\"og:url\" content=\"https:\/\/www.copealcoy.es\/es\/finalitza-la-instal%c2%b7lacio-de-la-conxa-acustica-del-centre-cultural-el-teular\/\" \/>\n<meta property=\"og:site_name\" content=\"COPE Alcoy\" \/>\n<meta property=\"article:published_time\" content=\"2021-03-12T12:39:33+00:00\" \/>\n<meta property=\"article:modified_time\" content=\"2021-03-12T12:49:03+00:00\" \/>\n<meta property=\"og:image\" content=\"https:\/\/www.copealcoy.es\/wp-content\/uploads\/2021\/03\/FOTO-CONXA-TEULAR-COCENTAINA-rotated.jpg\" \/>\n\t<meta property=\"og:image:width\" content=\"2016\" \/>\n\t<meta property=\"og:image:height\" content=\"1512\" \/>\n\t<meta property=\"og:image:type\" content=\"image\/jpeg\" \/>\n<meta name=\"author\" content=\"Cope Alcoy\" \/>\n<meta name=\"twitter:label1\" content=\"Escrito por\" \/>\n\t<meta name=\"twitter:data1\" content=\"Cope Alcoy\" \/>\n\t<meta name=\"twitter:label2\" content=\"Tiempo de lectura\" \/>\n\t<meta name=\"twitter:data2\" content=\"1 minuto\" \/>\n<script type=\"application\/ld+json\" class=\"yoast-schema-graph\">{\"@context\":\"https:\\\/\\\/schema.org\",\"@graph\":[{\"@type\":\"Article\",\"@id\":\"https:\\\/\\\/www.copealcoy.es\\\/es\\\/finalitza-la-instal%c2%b7lacio-de-la-conxa-acustica-del-centre-cultural-el-teular\\\/#article\",\"isPartOf\":{\"@id\":\"https:\\\/\\\/www.copealcoy.es\\\/es\\\/finalitza-la-instal%c2%b7lacio-de-la-conxa-acustica-del-centre-cultural-el-teular\\\/\"},\"author\":{\"name\":\"Cope Alcoy\",\"@id\":\"https:\\\/\\\/www.copealcoy.es\\\/es\\\/#\\\/schema\\\/person\\\/e777c87fa024e57d40170af9df39882c\"},\"headline\":\"Finalitza la instal\u00b7laci\u00f3 de la conxa ac\u00fastica del Centre Cultural El Teular\",\"datePublished\":\"2021-03-12T12:39:33+00:00\",\"dateModified\":\"2021-03-12T12:49:03+00:00\",\"mainEntityOfPage\":{\"@id\":\"https:\\\/\\\/www.copealcoy.es\\\/es\\\/finalitza-la-instal%c2%b7lacio-de-la-conxa-acustica-del-centre-cultural-el-teular\\\/\"},\"wordCount\":282,\"commentCount\":0,\"image\":{\"@id\":\"https:\\\/\\\/www.copealcoy.es\\\/es\\\/finalitza-la-instal%c2%b7lacio-de-la-conxa-acustica-del-centre-cultural-el-teular\\\/#primaryimage\"},\"thumbnailUrl\":\"https:\\\/\\\/www.copealcoy.es\\\/wp-content\\\/uploads\\\/2021\\\/03\\\/FOTO-CONXA-TEULAR-COCENTAINA-rotated.jpg\",\"keywords\":[\"Centre Cultural El Teular\",\"Conxa ac\u00fastica\",\"Maite Valls\",\"Pressupostos Participatius\",\"projecte\"],\"articleSection\":[\"Comarcas\",\"Noticias\"],\"inLanguage\":\"es\"},{\"@type\":\"WebPage\",\"@id\":\"https:\\\/\\\/www.copealcoy.es\\\/es\\\/finalitza-la-instal%c2%b7lacio-de-la-conxa-acustica-del-centre-cultural-el-teular\\\/\",\"url\":\"https:\\\/\\\/www.copealcoy.es\\\/es\\\/finalitza-la-instal%c2%b7lacio-de-la-conxa-acustica-del-centre-cultural-el-teular\\\/\",\"name\":\"Finalitza la instal\u00b7laci\u00f3 de la conxa ac\u00fastica del Centre Cultural El Teular - COPE Alcoy\",\"isPartOf\":{\"@id\":\"https:\\\/\\\/www.copealcoy.es\\\/es\\\/#website\"},\"primaryImageOfPage\":{\"@id\":\"https:\\\/\\\/www.copealcoy.es\\\/es\\\/finalitza-la-instal%c2%b7lacio-de-la-conxa-acustica-del-centre-cultural-el-teular\\\/#primaryimage\"},\"image\":{\"@id\":\"https:\\\/\\\/www.copealcoy.es\\\/es\\\/finalitza-la-instal%c2%b7lacio-de-la-conxa-acustica-del-centre-cultural-el-teular\\\/#primaryimage\"},\"thumbnailUrl\":\"https:\\\/\\\/www.copealcoy.es\\\/wp-content\\\/uploads\\\/2021\\\/03\\\/FOTO-CONXA-TEULAR-COCENTAINA-rotated.jpg\",\"datePublished\":\"2021-03-12T12:39:33+00:00\",\"dateModified\":\"2021-03-12T12:49:03+00:00\",\"author\":{\"@id\":\"https:\\\/\\\/www.copealcoy.es\\\/es\\\/#\\\/schema\\\/person\\\/e777c87fa024e57d40170af9df39882c\"},\"breadcrumb\":{\"@id\":\"https:\\\/\\\/www.copealcoy.es\\\/es\\\/finalitza-la-instal%c2%b7lacio-de-la-conxa-acustica-del-centre-cultural-el-teular\\\/#breadcrumb\"},\"inLanguage\":\"es\",\"potentialAction\":[{\"@type\":\"ReadAction\",\"target\":[\"https:\\\/\\\/www.copealcoy.es\\\/es\\\/finalitza-la-instal%c2%b7lacio-de-la-conxa-acustica-del-centre-cultural-el-teular\\\/\"]}]},{\"@type\":\"ImageObject\",\"inLanguage\":\"es\",\"@id\":\"https:\\\/\\\/www.copealcoy.es\\\/es\\\/finalitza-la-instal%c2%b7lacio-de-la-conxa-acustica-del-centre-cultural-el-teular\\\/#primaryimage\",\"url\":\"https:\\\/\\\/www.copealcoy.es\\\/wp-content\\\/uploads\\\/2021\\\/03\\\/FOTO-CONXA-TEULAR-COCENTAINA-rotated.jpg\",\"contentUrl\":\"https:\\\/\\\/www.copealcoy.es\\\/wp-content\\\/uploads\\\/2021\\\/03\\\/FOTO-CONXA-TEULAR-COCENTAINA-rotated.jpg\",\"width\":2016,\"height\":1512},{\"@type\":\"BreadcrumbList\",\"@id\":\"https:\\\/\\\/www.copealcoy.es\\\/es\\\/finalitza-la-instal%c2%b7lacio-de-la-conxa-acustica-del-centre-cultural-el-teular\\\/#breadcrumb\",\"itemListElement\":[{\"@type\":\"ListItem\",\"position\":1,\"name\":\"Portada\",\"item\":\"https:\\\/\\\/www.copealcoy.es\\\/es\\\/\"},{\"@type\":\"ListItem\",\"position\":2,\"name\":\"Finalitza la instal\u00b7laci\u00f3 de la conxa ac\u00fastica del Centre Cultural El Teular\"}]},{\"@type\":\"WebSite\",\"@id\":\"https:\\\/\\\/www.copealcoy.es\\\/es\\\/#website\",\"url\":\"https:\\\/\\\/www.copealcoy.es\\\/es\\\/\",\"name\":\"COPE Alcoy\",\"description\":\"Emisora COPE de radio local con emisi\u00f3n online. Pont de Sant Jordi 8-10 03803 Alcoy\",\"potentialAction\":[{\"@type\":\"SearchAction\",\"target\":{\"@type\":\"EntryPoint\",\"urlTemplate\":\"https:\\\/\\\/www.copealcoy.es\\\/es\\\/?s={search_term_string}\"},\"query-input\":{\"@type\":\"PropertyValueSpecification\",\"valueRequired\":true,\"valueName\":\"search_term_string\"}}],\"inLanguage\":\"es\"},{\"@type\":\"Person\",\"@id\":\"https:\\\/\\\/www.copealcoy.es\\\/es\\\/#\\\/schema\\\/person\\\/e777c87fa024e57d40170af9df39882c\",\"name\":\"Cope Alcoy\",\"image\":{\"@type\":\"ImageObject\",\"inLanguage\":\"es\",\"@id\":\"https:\\\/\\\/secure.gravatar.com\\\/avatar\\\/bb65d0283347e303893ba14f0692005417c1e0e690a325a4c5d8bb2b3943ee14?s=96&d=mm&r=g\",\"url\":\"https:\\\/\\\/secure.gravatar.com\\\/avatar\\\/bb65d0283347e303893ba14f0692005417c1e0e690a325a4c5d8bb2b3943ee14?s=96&d=mm&r=g\",\"contentUrl\":\"https:\\\/\\\/secure.gravatar.com\\\/avatar\\\/bb65d0283347e303893ba14f0692005417c1e0e690a325a4c5d8bb2b3943ee14?s=96&d=mm&r=g\",\"caption\":\"Cope Alcoy\"}}]}<\/script>\n<!-- \/ Yoast SEO plugin. -->","yoast_head_json":{"title":"Finalitza la instal\u00b7laci\u00f3 de la conxa ac\u00fastica del Centre Cultural El Teular - COPE Alcoy","robots":{"index":"index","follow":"follow","max-snippet":"max-snippet:-1","max-image-preview":"max-image-preview:large","max-video-preview":"max-video-preview:-1"},"canonical":"https:\/\/www.copealcoy.es\/es\/finalitza-la-instal%c2%b7lacio-de-la-conxa-acustica-del-centre-cultural-el-teular\/","og_locale":"es_ES","og_type":"article","og_title":"Finalitza la instal\u00b7laci\u00f3 de la conxa ac\u00fastica del Centre Cultural El Teular - COPE Alcoy","og_description":"Ha finalitzat ja la instal\u00b7laci\u00f3 d&#8217;una conxa ac\u00fastica en el Centre Cultural El Teular de Cocentaina per a millorar les...","og_url":"https:\/\/www.copealcoy.es\/es\/finalitza-la-instal%c2%b7lacio-de-la-conxa-acustica-del-centre-cultural-el-teular\/","og_site_name":"COPE Alcoy","article_published_time":"2021-03-12T12:39:33+00:00","article_modified_time":"2021-03-12T12:49:03+00:00","og_image":[{"width":2016,"height":1512,"url":"https:\/\/www.copealcoy.es\/wp-content\/uploads\/2021\/03\/FOTO-CONXA-TEULAR-COCENTAINA-rotated.jpg","type":"image\/jpeg"}],"author":"Cope Alcoy","twitter_misc":{"Escrito por":"Cope Alcoy","Tiempo de lectura":"1 minuto"},"schema":{"@context":"https:\/\/schema.org","@graph":[{"@type":"Article","@id":"https:\/\/www.copealcoy.es\/es\/finalitza-la-instal%c2%b7lacio-de-la-conxa-acustica-del-centre-cultural-el-teular\/#article","isPartOf":{"@id":"https:\/\/www.copealcoy.es\/es\/finalitza-la-instal%c2%b7lacio-de-la-conxa-acustica-del-centre-cultural-el-teular\/"},"author":{"name":"Cope Alcoy","@id":"https:\/\/www.copealcoy.es\/es\/#\/schema\/person\/e777c87fa024e57d40170af9df39882c"},"headline":"Finalitza la instal\u00b7laci\u00f3 de la conxa ac\u00fastica del Centre Cultural El Teular","datePublished":"2021-03-12T12:39:33+00:00","dateModified":"2021-03-12T12:49:03+00:00","mainEntityOfPage":{"@id":"https:\/\/www.copealcoy.es\/es\/finalitza-la-instal%c2%b7lacio-de-la-conxa-acustica-del-centre-cultural-el-teular\/"},"wordCount":282,"commentCount":0,"image":{"@id":"https:\/\/www.copealcoy.es\/es\/finalitza-la-instal%c2%b7lacio-de-la-conxa-acustica-del-centre-cultural-el-teular\/#primaryimage"},"thumbnailUrl":"https:\/\/www.copealcoy.es\/wp-content\/uploads\/2021\/03\/FOTO-CONXA-TEULAR-COCENTAINA-rotated.jpg","keywords":["Centre Cultural El Teular","Conxa ac\u00fastica","Maite Valls","Pressupostos Participatius","projecte"],"articleSection":["Comarcas","Noticias"],"inLanguage":"es"},{"@type":"WebPage","@id":"https:\/\/www.copealcoy.es\/es\/finalitza-la-instal%c2%b7lacio-de-la-conxa-acustica-del-centre-cultural-el-teular\/","url":"https:\/\/www.copealcoy.es\/es\/finalitza-la-instal%c2%b7lacio-de-la-conxa-acustica-del-centre-cultural-el-teular\/","name":"Finalitza la instal\u00b7laci\u00f3 de la conxa ac\u00fastica del Centre Cultural El Teular - COPE Alcoy","isPartOf":{"@id":"https:\/\/www.copealcoy.es\/es\/#website"},"primaryImageOfPage":{"@id":"https:\/\/www.copealcoy.es\/es\/finalitza-la-instal%c2%b7lacio-de-la-conxa-acustica-del-centre-cultural-el-teular\/#primaryimage"},"image":{"@id":"https:\/\/www.copealcoy.es\/es\/finalitza-la-instal%c2%b7lacio-de-la-conxa-acustica-del-centre-cultural-el-teular\/#primaryimage"},"thumbnailUrl":"https:\/\/www.copealcoy.es\/wp-content\/uploads\/2021\/03\/FOTO-CONXA-TEULAR-COCENTAINA-rotated.jpg","datePublished":"2021-03-12T12:39:33+00:00","dateModified":"2021-03-12T12:49:03+00:00","author":{"@id":"https:\/\/www.copealcoy.es\/es\/#\/schema\/person\/e777c87fa024e57d40170af9df39882c"},"breadcrumb":{"@id":"https:\/\/www.copealcoy.es\/es\/finalitza-la-instal%c2%b7lacio-de-la-conxa-acustica-del-centre-cultural-el-teular\/#breadcrumb"},"inLanguage":"es","potentialAction":[{"@type":"ReadAction","target":["https:\/\/www.copealcoy.es\/es\/finalitza-la-instal%c2%b7lacio-de-la-conxa-acustica-del-centre-cultural-el-teular\/"]}]},{"@type":"ImageObject","inLanguage":"es","@id":"https:\/\/www.copealcoy.es\/es\/finalitza-la-instal%c2%b7lacio-de-la-conxa-acustica-del-centre-cultural-el-teular\/#primaryimage","url":"https:\/\/www.copealcoy.es\/wp-content\/uploads\/2021\/03\/FOTO-CONXA-TEULAR-COCENTAINA-rotated.jpg","contentUrl":"https:\/\/www.copealcoy.es\/wp-content\/uploads\/2021\/03\/FOTO-CONXA-TEULAR-COCENTAINA-rotated.jpg","width":2016,"height":1512},{"@type":"BreadcrumbList","@id":"https:\/\/www.copealcoy.es\/es\/finalitza-la-instal%c2%b7lacio-de-la-conxa-acustica-del-centre-cultural-el-teular\/#breadcrumb","itemListElement":[{"@type":"ListItem","position":1,"name":"Portada","item":"https:\/\/www.copealcoy.es\/es\/"},{"@type":"ListItem","position":2,"name":"Finalitza la instal\u00b7laci\u00f3 de la conxa ac\u00fastica del Centre Cultural El Teular"}]},{"@type":"WebSite","@id":"https:\/\/www.copealcoy.es\/es\/#website","url":"https:\/\/www.copealcoy.es\/es\/","name":"COPE Alcoy","description":"Emisora COPE de radio local con emisi\u00f3n online. Pont de Sant Jordi 8-10 03803 Alcoy","potentialAction":[{"@type":"SearchAction","target":{"@type":"EntryPoint","urlTemplate":"https:\/\/www.copealcoy.es\/es\/?s={search_term_string}"},"query-input":{"@type":"PropertyValueSpecification","valueRequired":true,"valueName":"search_term_string"}}],"inLanguage":"es"},{"@type":"Person","@id":"https:\/\/www.copealcoy.es\/es\/#\/schema\/person\/e777c87fa024e57d40170af9df39882c","name":"Cope Alcoy","image":{"@type":"ImageObject","inLanguage":"es","@id":"https:\/\/secure.gravatar.com\/avatar\/bb65d0283347e303893ba14f0692005417c1e0e690a325a4c5d8bb2b3943ee14?s=96&d=mm&r=g","url":"https:\/\/secure.gravatar.com\/avatar\/bb65d0283347e303893ba14f0692005417c1e0e690a325a4c5d8bb2b3943ee14?s=96&d=mm&r=g","contentUrl":"https:\/\/secure.gravatar.com\/avatar\/bb65d0283347e303893ba14f0692005417c1e0e690a325a4c5d8bb2b3943ee14?s=96&d=mm&r=g","caption":"Cope Alcoy"}}]}},"_links":{"self":[{"href":"https:\/\/www.copealcoy.es\/es\/wp-json\/wp\/v2\/posts\/71850","targetHints":{"allow":["GET"]}}],"collection":[{"href":"https:\/\/www.copealcoy.es\/es\/wp-json\/wp\/v2\/posts"}],"about":[{"href":"https:\/\/www.copealcoy.es\/es\/wp-json\/wp\/v2\/types\/post"}],"author":[{"embeddable":true,"href":"https:\/\/www.copealcoy.es\/es\/wp-json\/wp\/v2\/users\/1"}],"replies":[{"embeddable":true,"href":"https:\/\/www.copealcoy.es\/es\/wp-json\/wp\/v2\/comments?post=71850"}],"version-history":[{"count":0,"href":"https:\/\/www.copealcoy.es\/es\/wp-json\/wp\/v2\/posts\/71850\/revisions"}],"wp:featuredmedia":[{"embeddable":true,"href":"https:\/\/www.copealcoy.es\/es\/wp-json\/wp\/v2\/media\/71851"}],"wp:attachment":[{"href":"https:\/\/www.copealcoy.es\/es\/wp-json\/wp\/v2\/media?parent=71850"}],"wp:term":[{"taxonomy":"category","embeddable":true,"href":"https:\/\/www.copealcoy.es\/es\/wp-json\/wp\/v2\/categories?post=71850"},{"taxonomy":"post_tag","embeddable":true,"href":"https:\/\/www.copealcoy.es\/es\/wp-json\/wp\/v2\/tags?post=71850"}],"curies":[{"name":"wp","href":"https:\/\/api.w.org\/{rel}","templated":true}]}}