{"id":71823,"date":"2021-03-11T16:14:53","date_gmt":"2021-03-11T15:14:53","guid":{"rendered":"https:\/\/www.copealcoy.es\/?p=71823"},"modified":"2021-03-12T13:59:18","modified_gmt":"2021-03-12T12:59:18","slug":"la-comunidad-valenciana-reabre-el-interior-de-la-hosteleria-y-los-gimnasios","status":"publish","type":"post","link":"https:\/\/www.copealcoy.es\/es\/la-comunidad-valenciana-reabre-el-interior-de-la-hosteleria-y-los-gimnasios\/","title":{"rendered":"La Comunidad Valenciana reabre el interior de la hosteler\u00eda y los gimnasios"},"content":{"rendered":"<p style=\"text-align: justify;\"><strong>El President de la Generalitat Ximo Puig<\/strong>\u00a0ha explicado que en las \u00faltimas semanas se ha producido <strong>un notable avance<\/strong> en la lucha contra la pandemia. En este sentido ha explicado que &#8220;<em>hemos bajado la incidencia en el \u00faltimo mes y medio un 96%. Hemos seguido un camino adecuado, la sociedad valenciana ha hecho un esfuerzo inmenso logrando mucho en poco tiempo<\/em>&#8220;.<\/p>\n<p style=\"text-align: justify;\">En una comparecencia <strong>tras la reuni\u00f3n de la Mesa Interdepartamental para la Prevenci\u00f3n y Actuaci\u00f3n ante la COVID-19<\/strong> Puig ha se\u00f1alado que con estos datos, <strong>la relajaci\u00f3n no es una opci\u00f3n<\/strong> &#8220;<em>no puede serlo, por eso hoy haremos un paso seguro pero prudente, para no dar pasos atr\u00e1s<\/em>&#8220;.<\/p>\n<p style=\"text-align: justify;\">Puig ha insistido en una idea:\u00a0<strong>&#8220;<\/strong><em>no estamos todav\u00eda para fiestas.\u00a0Si se han suspendido las fiestas en la calle es porque no tenemos capacidad para garantizar la seguridad sanitaria de las personas y por eso es necesaria la m\u00e1xima prudencia en todos los espacios<\/em>&#8220;.<\/p>\n<p style=\"text-align: justify;\">&#8220;<em>No podemos incrementar la movilidad ni sociabilidad en exceso, lo que nos toca es desde el sentido com\u00fan, mantener la atm\u00f3sfera general de contenci\u00f3n<\/em>&#8220;, ha insistido Puig.<\/p>\n<p style=\"text-align: justify;\">El President Puig ha explicado que <strong>se ha decidido relajar algunas restricciones para facilitar el trabajo y la actividad econ\u00f3mica y permitir algo m\u00e1s la vida social y levantar el \u00e1nimo colectivo.<\/strong>\u00a0Bajo dos coordenadas, ha explicado el Presidente: &#8220;<em>no ir m\u00e1s lejos de lo que marcan los expertos y mantienen las restricciones m\u00e1s cautelosas de toda Espa\u00f1a. Pensamos que as\u00ed garantizamos m\u00e1s seguridad sanitaria y recuperaci\u00f3n m\u00e1s r\u00e1pida en los pr\u00f3ximos meses&#8221;, <\/em>asegura.<\/p>\n<p style=\"text-align: justify;\"><strong>Las medidas adoptadas son las siguientes:<\/strong><\/p>\n<ul style=\"text-align: justify;\">\n<li>Se\u00a0<strong>ampl\u00eda servicio de la hosteler\u00eda 100% terrazas\u00a0<\/strong>y\u00a0<strong>un tercio en interior locales:<\/strong>\u00a0con cuatro comensales por mesa, mascarilla mientras no se consume, ventilaci\u00f3n garantizada en el interior, sin barra y cierre a las 18h<\/li>\n<li>Se\u00a0<strong>abren los gimnasios, polideportivos, piscinas\u00a0<\/strong>e instalaciones deportivas de interior a un tercio de su aforo<\/li>\n<li>Se\u00a0<strong>reanuda el ocio educativo en grupos de 10\u00a0<\/strong>y un tercio de su aforo<\/li>\n<li><strong>Se aumenta ligeramente aforo para ceremonias a un tercio de su aforo<\/strong>\u00a0con un m\u00e1ximo de 20 personas aire libre y 15 en espacios cerrados<\/li>\n<\/ul>\n<p style=\"text-align: justify;\">Estas medidas<strong> entrar\u00e1n en vigor el pr\u00f3ximo lunes 15 de marzo y estar\u00e1n vigentes hasta el 12 de abril<\/strong>.<\/p>\n<p style=\"text-align: justify;\">La Generalitat\u00a0<strong>prorroga hasta el 12 de abril otras medidas que actualmente siguen en vigor <\/strong>como el toque de queda hasta las 22 horas, el cierre perimetral de la Comunitat y las reuniones sociales dentro de los domicilios solo para n\u00facleos de convivencia.<\/p>\n","protected":false},"excerpt":{"rendered":"<p>El President de la Generalitat Ximo Puig\u00a0ha explicado que en las \u00faltimas semanas se ha producido un notable avance en&#8230;<\/p>\n","protected":false},"author":1,"featured_media":71825,"comment_status":"open","ping_status":"open","sticky":false,"template":"","format":"standard","meta":{"footnotes":""},"categories":[6909,97,75,79],"tags":[639,11002,10943,1377,1256,11001,3338],"class_list":["post-71823","post","type-post","status-publish","format-standard","has-post-thumbnail","hentry","category-actualidad","category-alcoy","category-noticias","category-politicayeconomia","tag-comunidad-valenciana","tag-desecalada","tag-gimnasios","tag-hosteleria","tag-interior","tag-nuevas-fases","tag-reapertura"],"yoast_head":"<!-- This site is optimized with the Yoast SEO plugin v27.3 - https:\/\/yoast.com\/product\/yoast-seo-wordpress\/ -->\n<title>La Comunidad Valenciana reabre el interior de la hosteler\u00eda y los gimnasios - COPE Alcoy<\/title>\n<meta name=\"robots\" content=\"index, follow, max-snippet:-1, max-image-preview:large, max-video-preview:-1\" \/>\n<link rel=\"canonical\" href=\"https:\/\/www.copealcoy.es\/es\/la-comunidad-valenciana-reabre-el-interior-de-la-hosteleria-y-los-gimnasios\/\" \/>\n<meta property=\"og:locale\" content=\"es_ES\" \/>\n<meta property=\"og:type\" content=\"article\" \/>\n<meta property=\"og:title\" content=\"La Comunidad Valenciana reabre el interior de la hosteler\u00eda y los gimnasios - COPE Alcoy\" \/>\n<meta property=\"og:description\" content=\"El President de la Generalitat Ximo Puig\u00a0ha explicado que en las \u00faltimas semanas se ha producido un notable avance en...\" \/>\n<meta property=\"og:url\" content=\"https:\/\/www.copealcoy.es\/es\/la-comunidad-valenciana-reabre-el-interior-de-la-hosteleria-y-los-gimnasios\/\" \/>\n<meta property=\"og:site_name\" content=\"COPE Alcoy\" \/>\n<meta property=\"article:published_time\" content=\"2021-03-11T15:14:53+00:00\" \/>\n<meta property=\"article:modified_time\" content=\"2021-03-12T12:59:18+00:00\" \/>\n<meta property=\"og:image\" content=\"https:\/\/www.copealcoy.es\/wp-content\/uploads\/2021\/03\/123495585_4612623028808009_3912786669156068768_o.jpg\" \/>\n\t<meta property=\"og:image:width\" content=\"1440\" \/>\n\t<meta property=\"og:image:height\" content=\"869\" \/>\n\t<meta property=\"og:image:type\" content=\"image\/jpeg\" \/>\n<meta name=\"author\" content=\"Cope Alcoy\" \/>\n<meta name=\"twitter:label1\" content=\"Escrito por\" \/>\n\t<meta name=\"twitter:data1\" content=\"Cope Alcoy\" \/>\n\t<meta name=\"twitter:label2\" content=\"Tiempo de lectura\" \/>\n\t<meta name=\"twitter:data2\" content=\"2 minutos\" \/>\n<script type=\"application\/ld+json\" class=\"yoast-schema-graph\">{\"@context\":\"https:\\\/\\\/schema.org\",\"@graph\":[{\"@type\":\"Article\",\"@id\":\"https:\\\/\\\/www.copealcoy.es\\\/es\\\/la-comunidad-valenciana-reabre-el-interior-de-la-hosteleria-y-los-gimnasios\\\/#article\",\"isPartOf\":{\"@id\":\"https:\\\/\\\/www.copealcoy.es\\\/es\\\/la-comunidad-valenciana-reabre-el-interior-de-la-hosteleria-y-los-gimnasios\\\/\"},\"author\":{\"name\":\"Cope Alcoy\",\"@id\":\"https:\\\/\\\/www.copealcoy.es\\\/es\\\/#\\\/schema\\\/person\\\/e777c87fa024e57d40170af9df39882c\"},\"headline\":\"La Comunidad Valenciana reabre el interior de la hosteler\u00eda y los gimnasios\",\"datePublished\":\"2021-03-11T15:14:53+00:00\",\"dateModified\":\"2021-03-12T12:59:18+00:00\",\"mainEntityOfPage\":{\"@id\":\"https:\\\/\\\/www.copealcoy.es\\\/es\\\/la-comunidad-valenciana-reabre-el-interior-de-la-hosteleria-y-los-gimnasios\\\/\"},\"wordCount\":451,\"commentCount\":0,\"image\":{\"@id\":\"https:\\\/\\\/www.copealcoy.es\\\/es\\\/la-comunidad-valenciana-reabre-el-interior-de-la-hosteleria-y-los-gimnasios\\\/#primaryimage\"},\"thumbnailUrl\":\"https:\\\/\\\/www.copealcoy.es\\\/wp-content\\\/uploads\\\/2021\\\/03\\\/123495585_4612623028808009_3912786669156068768_o.jpg\",\"keywords\":[\"Comunidad Valenciana\",\"desecalada\",\"gimnasios\",\"hosteler\u00eda\",\"interior\",\"nuevas fases\",\"reapertura\"],\"articleSection\":[\"Actualidad\",\"Alcoy\",\"Noticias\",\"Pol\u00edtica y Econom\u00eda\"],\"inLanguage\":\"es\"},{\"@type\":\"WebPage\",\"@id\":\"https:\\\/\\\/www.copealcoy.es\\\/es\\\/la-comunidad-valenciana-reabre-el-interior-de-la-hosteleria-y-los-gimnasios\\\/\",\"url\":\"https:\\\/\\\/www.copealcoy.es\\\/es\\\/la-comunidad-valenciana-reabre-el-interior-de-la-hosteleria-y-los-gimnasios\\\/\",\"name\":\"La Comunidad Valenciana reabre el interior de la hosteler\u00eda y los gimnasios - COPE Alcoy\",\"isPartOf\":{\"@id\":\"https:\\\/\\\/www.copealcoy.es\\\/es\\\/#website\"},\"primaryImageOfPage\":{\"@id\":\"https:\\\/\\\/www.copealcoy.es\\\/es\\\/la-comunidad-valenciana-reabre-el-interior-de-la-hosteleria-y-los-gimnasios\\\/#primaryimage\"},\"image\":{\"@id\":\"https:\\\/\\\/www.copealcoy.es\\\/es\\\/la-comunidad-valenciana-reabre-el-interior-de-la-hosteleria-y-los-gimnasios\\\/#primaryimage\"},\"thumbnailUrl\":\"https:\\\/\\\/www.copealcoy.es\\\/wp-content\\\/uploads\\\/2021\\\/03\\\/123495585_4612623028808009_3912786669156068768_o.jpg\",\"datePublished\":\"2021-03-11T15:14:53+00:00\",\"dateModified\":\"2021-03-12T12:59:18+00:00\",\"author\":{\"@id\":\"https:\\\/\\\/www.copealcoy.es\\\/es\\\/#\\\/schema\\\/person\\\/e777c87fa024e57d40170af9df39882c\"},\"breadcrumb\":{\"@id\":\"https:\\\/\\\/www.copealcoy.es\\\/es\\\/la-comunidad-valenciana-reabre-el-interior-de-la-hosteleria-y-los-gimnasios\\\/#breadcrumb\"},\"inLanguage\":\"es\",\"potentialAction\":[{\"@type\":\"ReadAction\",\"target\":[\"https:\\\/\\\/www.copealcoy.es\\\/es\\\/la-comunidad-valenciana-reabre-el-interior-de-la-hosteleria-y-los-gimnasios\\\/\"]}]},{\"@type\":\"ImageObject\",\"inLanguage\":\"es\",\"@id\":\"https:\\\/\\\/www.copealcoy.es\\\/es\\\/la-comunidad-valenciana-reabre-el-interior-de-la-hosteleria-y-los-gimnasios\\\/#primaryimage\",\"url\":\"https:\\\/\\\/www.copealcoy.es\\\/wp-content\\\/uploads\\\/2021\\\/03\\\/123495585_4612623028808009_3912786669156068768_o.jpg\",\"contentUrl\":\"https:\\\/\\\/www.copealcoy.es\\\/wp-content\\\/uploads\\\/2021\\\/03\\\/123495585_4612623028808009_3912786669156068768_o.jpg\",\"width\":1440,\"height\":869},{\"@type\":\"BreadcrumbList\",\"@id\":\"https:\\\/\\\/www.copealcoy.es\\\/es\\\/la-comunidad-valenciana-reabre-el-interior-de-la-hosteleria-y-los-gimnasios\\\/#breadcrumb\",\"itemListElement\":[{\"@type\":\"ListItem\",\"position\":1,\"name\":\"Portada\",\"item\":\"https:\\\/\\\/www.copealcoy.es\\\/es\\\/\"},{\"@type\":\"ListItem\",\"position\":2,\"name\":\"La Comunidad Valenciana reabre el interior de la hosteler\u00eda y los gimnasios\"}]},{\"@type\":\"WebSite\",\"@id\":\"https:\\\/\\\/www.copealcoy.es\\\/es\\\/#website\",\"url\":\"https:\\\/\\\/www.copealcoy.es\\\/es\\\/\",\"name\":\"COPE Alcoy\",\"description\":\"Emisora COPE de radio local con emisi\u00f3n online. Pont de Sant Jordi 8-10 03803 Alcoy\",\"potentialAction\":[{\"@type\":\"SearchAction\",\"target\":{\"@type\":\"EntryPoint\",\"urlTemplate\":\"https:\\\/\\\/www.copealcoy.es\\\/es\\\/?s={search_term_string}\"},\"query-input\":{\"@type\":\"PropertyValueSpecification\",\"valueRequired\":true,\"valueName\":\"search_term_string\"}}],\"inLanguage\":\"es\"},{\"@type\":\"Person\",\"@id\":\"https:\\\/\\\/www.copealcoy.es\\\/es\\\/#\\\/schema\\\/person\\\/e777c87fa024e57d40170af9df39882c\",\"name\":\"Cope Alcoy\",\"image\":{\"@type\":\"ImageObject\",\"inLanguage\":\"es\",\"@id\":\"https:\\\/\\\/secure.gravatar.com\\\/avatar\\\/bb65d0283347e303893ba14f0692005417c1e0e690a325a4c5d8bb2b3943ee14?s=96&d=mm&r=g\",\"url\":\"https:\\\/\\\/secure.gravatar.com\\\/avatar\\\/bb65d0283347e303893ba14f0692005417c1e0e690a325a4c5d8bb2b3943ee14?s=96&d=mm&r=g\",\"contentUrl\":\"https:\\\/\\\/secure.gravatar.com\\\/avatar\\\/bb65d0283347e303893ba14f0692005417c1e0e690a325a4c5d8bb2b3943ee14?s=96&d=mm&r=g\",\"caption\":\"Cope Alcoy\"}}]}<\/script>\n<!-- \/ Yoast SEO plugin. -->","yoast_head_json":{"title":"La Comunidad Valenciana reabre el interior de la hosteler\u00eda y los gimnasios - COPE Alcoy","robots":{"index":"index","follow":"follow","max-snippet":"max-snippet:-1","max-image-preview":"max-image-preview:large","max-video-preview":"max-video-preview:-1"},"canonical":"https:\/\/www.copealcoy.es\/es\/la-comunidad-valenciana-reabre-el-interior-de-la-hosteleria-y-los-gimnasios\/","og_locale":"es_ES","og_type":"article","og_title":"La Comunidad Valenciana reabre el interior de la hosteler\u00eda y los gimnasios - COPE Alcoy","og_description":"El President de la Generalitat Ximo Puig\u00a0ha explicado que en las \u00faltimas semanas se ha producido un notable avance en...","og_url":"https:\/\/www.copealcoy.es\/es\/la-comunidad-valenciana-reabre-el-interior-de-la-hosteleria-y-los-gimnasios\/","og_site_name":"COPE Alcoy","article_published_time":"2021-03-11T15:14:53+00:00","article_modified_time":"2021-03-12T12:59:18+00:00","og_image":[{"width":1440,"height":869,"url":"https:\/\/www.copealcoy.es\/wp-content\/uploads\/2021\/03\/123495585_4612623028808009_3912786669156068768_o.jpg","type":"image\/jpeg"}],"author":"Cope Alcoy","twitter_misc":{"Escrito por":"Cope Alcoy","Tiempo de lectura":"2 minutos"},"schema":{"@context":"https:\/\/schema.org","@graph":[{"@type":"Article","@id":"https:\/\/www.copealcoy.es\/es\/la-comunidad-valenciana-reabre-el-interior-de-la-hosteleria-y-los-gimnasios\/#article","isPartOf":{"@id":"https:\/\/www.copealcoy.es\/es\/la-comunidad-valenciana-reabre-el-interior-de-la-hosteleria-y-los-gimnasios\/"},"author":{"name":"Cope Alcoy","@id":"https:\/\/www.copealcoy.es\/es\/#\/schema\/person\/e777c87fa024e57d40170af9df39882c"},"headline":"La Comunidad Valenciana reabre el interior de la hosteler\u00eda y los gimnasios","datePublished":"2021-03-11T15:14:53+00:00","dateModified":"2021-03-12T12:59:18+00:00","mainEntityOfPage":{"@id":"https:\/\/www.copealcoy.es\/es\/la-comunidad-valenciana-reabre-el-interior-de-la-hosteleria-y-los-gimnasios\/"},"wordCount":451,"commentCount":0,"image":{"@id":"https:\/\/www.copealcoy.es\/es\/la-comunidad-valenciana-reabre-el-interior-de-la-hosteleria-y-los-gimnasios\/#primaryimage"},"thumbnailUrl":"https:\/\/www.copealcoy.es\/wp-content\/uploads\/2021\/03\/123495585_4612623028808009_3912786669156068768_o.jpg","keywords":["Comunidad Valenciana","desecalada","gimnasios","hosteler\u00eda","interior","nuevas fases","reapertura"],"articleSection":["Actualidad","Alcoy","Noticias","Pol\u00edtica y Econom\u00eda"],"inLanguage":"es"},{"@type":"WebPage","@id":"https:\/\/www.copealcoy.es\/es\/la-comunidad-valenciana-reabre-el-interior-de-la-hosteleria-y-los-gimnasios\/","url":"https:\/\/www.copealcoy.es\/es\/la-comunidad-valenciana-reabre-el-interior-de-la-hosteleria-y-los-gimnasios\/","name":"La Comunidad Valenciana reabre el interior de la hosteler\u00eda y los gimnasios - COPE Alcoy","isPartOf":{"@id":"https:\/\/www.copealcoy.es\/es\/#website"},"primaryImageOfPage":{"@id":"https:\/\/www.copealcoy.es\/es\/la-comunidad-valenciana-reabre-el-interior-de-la-hosteleria-y-los-gimnasios\/#primaryimage"},"image":{"@id":"https:\/\/www.copealcoy.es\/es\/la-comunidad-valenciana-reabre-el-interior-de-la-hosteleria-y-los-gimnasios\/#primaryimage"},"thumbnailUrl":"https:\/\/www.copealcoy.es\/wp-content\/uploads\/2021\/03\/123495585_4612623028808009_3912786669156068768_o.jpg","datePublished":"2021-03-11T15:14:53+00:00","dateModified":"2021-03-12T12:59:18+00:00","author":{"@id":"https:\/\/www.copealcoy.es\/es\/#\/schema\/person\/e777c87fa024e57d40170af9df39882c"},"breadcrumb":{"@id":"https:\/\/www.copealcoy.es\/es\/la-comunidad-valenciana-reabre-el-interior-de-la-hosteleria-y-los-gimnasios\/#breadcrumb"},"inLanguage":"es","potentialAction":[{"@type":"ReadAction","target":["https:\/\/www.copealcoy.es\/es\/la-comunidad-valenciana-reabre-el-interior-de-la-hosteleria-y-los-gimnasios\/"]}]},{"@type":"ImageObject","inLanguage":"es","@id":"https:\/\/www.copealcoy.es\/es\/la-comunidad-valenciana-reabre-el-interior-de-la-hosteleria-y-los-gimnasios\/#primaryimage","url":"https:\/\/www.copealcoy.es\/wp-content\/uploads\/2021\/03\/123495585_4612623028808009_3912786669156068768_o.jpg","contentUrl":"https:\/\/www.copealcoy.es\/wp-content\/uploads\/2021\/03\/123495585_4612623028808009_3912786669156068768_o.jpg","width":1440,"height":869},{"@type":"BreadcrumbList","@id":"https:\/\/www.copealcoy.es\/es\/la-comunidad-valenciana-reabre-el-interior-de-la-hosteleria-y-los-gimnasios\/#breadcrumb","itemListElement":[{"@type":"ListItem","position":1,"name":"Portada","item":"https:\/\/www.copealcoy.es\/es\/"},{"@type":"ListItem","position":2,"name":"La Comunidad Valenciana reabre el interior de la hosteler\u00eda y los gimnasios"}]},{"@type":"WebSite","@id":"https:\/\/www.copealcoy.es\/es\/#website","url":"https:\/\/www.copealcoy.es\/es\/","name":"COPE Alcoy","description":"Emisora COPE de radio local con emisi\u00f3n online. Pont de Sant Jordi 8-10 03803 Alcoy","potentialAction":[{"@type":"SearchAction","target":{"@type":"EntryPoint","urlTemplate":"https:\/\/www.copealcoy.es\/es\/?s={search_term_string}"},"query-input":{"@type":"PropertyValueSpecification","valueRequired":true,"valueName":"search_term_string"}}],"inLanguage":"es"},{"@type":"Person","@id":"https:\/\/www.copealcoy.es\/es\/#\/schema\/person\/e777c87fa024e57d40170af9df39882c","name":"Cope Alcoy","image":{"@type":"ImageObject","inLanguage":"es","@id":"https:\/\/secure.gravatar.com\/avatar\/bb65d0283347e303893ba14f0692005417c1e0e690a325a4c5d8bb2b3943ee14?s=96&d=mm&r=g","url":"https:\/\/secure.gravatar.com\/avatar\/bb65d0283347e303893ba14f0692005417c1e0e690a325a4c5d8bb2b3943ee14?s=96&d=mm&r=g","contentUrl":"https:\/\/secure.gravatar.com\/avatar\/bb65d0283347e303893ba14f0692005417c1e0e690a325a4c5d8bb2b3943ee14?s=96&d=mm&r=g","caption":"Cope Alcoy"}}]}},"_links":{"self":[{"href":"https:\/\/www.copealcoy.es\/es\/wp-json\/wp\/v2\/posts\/71823","targetHints":{"allow":["GET"]}}],"collection":[{"href":"https:\/\/www.copealcoy.es\/es\/wp-json\/wp\/v2\/posts"}],"about":[{"href":"https:\/\/www.copealcoy.es\/es\/wp-json\/wp\/v2\/types\/post"}],"author":[{"embeddable":true,"href":"https:\/\/www.copealcoy.es\/es\/wp-json\/wp\/v2\/users\/1"}],"replies":[{"embeddable":true,"href":"https:\/\/www.copealcoy.es\/es\/wp-json\/wp\/v2\/comments?post=71823"}],"version-history":[{"count":0,"href":"https:\/\/www.copealcoy.es\/es\/wp-json\/wp\/v2\/posts\/71823\/revisions"}],"wp:featuredmedia":[{"embeddable":true,"href":"https:\/\/www.copealcoy.es\/es\/wp-json\/wp\/v2\/media\/71825"}],"wp:attachment":[{"href":"https:\/\/www.copealcoy.es\/es\/wp-json\/wp\/v2\/media?parent=71823"}],"wp:term":[{"taxonomy":"category","embeddable":true,"href":"https:\/\/www.copealcoy.es\/es\/wp-json\/wp\/v2\/categories?post=71823"},{"taxonomy":"post_tag","embeddable":true,"href":"https:\/\/www.copealcoy.es\/es\/wp-json\/wp\/v2\/tags?post=71823"}],"curies":[{"name":"wp","href":"https:\/\/api.w.org\/{rel}","templated":true}]}}