{"id":71699,"date":"2021-03-09T12:24:23","date_gmt":"2021-03-09T11:24:23","guid":{"rendered":"https:\/\/www.copealcoy.es\/?p=71699"},"modified":"2021-03-09T13:07:51","modified_gmt":"2021-03-09T12:07:51","slug":"preocupacio-pel-futur-dels-murals-literaris-de-muro","status":"publish","type":"post","link":"https:\/\/www.copealcoy.es\/es\/preocupacio-pel-futur-dels-murals-literaris-de-muro\/","title":{"rendered":"Preocupaci\u00f3 pel futur dels murals literaris de Muro"},"content":{"rendered":"<p style=\"text-align: justify;\">La <strong>Coordinadora Comarcal pel Valenci\u00e0<\/strong> ha mostrat p\u00fablicament <strong>la seua preocupaci\u00f3 pel futur dels murals literaris de la tanca exterior del Parc del Bat\u00e0 de Muro<\/strong>, un projecte que va realitzar fa uns anys <strong>l&#8217;artista Toni Espinar<\/strong> i que ret homenatge a nombrosos escriptors valencians. L&#8217;Ajuntament del municipi<strong> ha posat en marxa un Pla de Participaci\u00f3<\/strong> per a definir <strong>l&#8217;avantprojecte per a la conversi\u00f3 de la Xop\u00e0 del Bat\u00e0<\/strong> en un espai natural urb\u00e0, una zona verda que va adquirir el municipi en propietat el passat estiu.<\/p>\n<p style=\"text-align: justify;\">Des de la Coordinadora <strong>expliquen que ha transcendit la idea d&#8217;obrir el Par al carrer<\/strong>, un fet que suposaria demolir el mur on estan pintats els escriptors. Tamb\u00e9 <strong>demanen als responsables del &#8220;Proc\u00e9s Participatiu&#8221; que tinguen en compte<\/strong> la seua opini\u00f3 per a conservar, protegir, ampliar i divulgar els murals literaris. Consideren que s\u00f3n un b\u00e9 art\u00edstic i cultural de primera categoria, molt estimat pel poble de Muro i pels visitants &#8220;<em>els Murals s&#8217;han convertit en tot un referent i seria un acte de barb\u00e0rie destruir-los, a m\u00e9s d&#8217;un malbaratament de recursos p\u00fablics, quan poden integrar-se perfectament en la construcci\u00f3 del parc i, fins i tot, ampliar-se amb noves figures liter\u00e0ries<\/em>&#8220;, afirma <strong>Francesc Gisbert<\/strong>, representant del col\u00b7lectiu.<\/p>\n<p style=\"text-align: justify;\">Als murals <strong>estan representats<\/strong> els nostres escriptors cl\u00e0ssics com Ramon Llull, Bernat Metge, Ausi\u00e0s March, Sor Isabel de Villena, Estell\u00e9s, Joan Valls\u00a0<span class=\"hiddenGrammarError\">u<\/span>\u00a0Ovidi Montllor.<\/p>\n<p>____________________<\/p>\n<p><strong>Manifest<\/strong><\/p>\n<p style=\"text-align: justify;\"><em>Les persones i entitats signants manifestem la nostra preocupaci\u00f3 pel perill que corren els &#8220;Murals Literaris de Muro&#8221;.<\/em><\/p>\n<p style=\"text-align: justify;\"><em>L&#8217;equip de govern de l&#8217;Ajuntament de Muro d&#8217;Alcoi, governat des de les \u00faltimes eleccions per una coalici\u00f3 PP,\u00a0Ciudadanos\u00a0i dos regidors no adscrits, entre ells l&#8217;alcalde (abans d&#8217;Esquerra Unida), han iniciat un proc\u00e9s participatiu per a decidir l&#8217;\u00fas de la zona coneguda\u00a0com\u00a0\u00e0rea del Bat\u00e0. Han adquirit uns terrenys que fiten amb la paret dels murals literaris i tenen la intenci\u00f3 de construir un parc i una s\u00e8rie d&#8217;equipaments urbans. En el proc\u00e9s participatiu es pregunta qu\u00e8 fer amb els &#8220;Murals Literaris&#8221;, vora deu murals de gran format obra de l&#8217;artista Antoni Espinar. Hi estan representats els nostres escriptors cl\u00e0ssics, cronol\u00f2gicament (Ramon Llull, Bernat Metge, Ausi\u00e0s March, Sor Isabel de Villena&#8230; a m\u00e9s d&#8217;alguns del segle XX, Estell\u00e9s, Joan Valls, Ovidi Montllor&#8230;). Hi ha la possibilitat m\u00e9s que real que s&#8217;opte per enderrocar els murals a fi d&#8217;ampliar els accessos al parc, segons diuen.<\/em><\/p>\n<p style=\"text-align: justify;\"><em>Les persones i entitats signants considerem que la construcci\u00f3 d&#8217;un parc o qualsevol altre equipament urb\u00e0 \u00e9s perfectament compatible amb la conservaci\u00f3 dels murals al seu lloc original, sense enderrocar-los o pretendre tornar-los a pintar m\u00e9s avant (en un futur incert).<\/em><br \/>\n<em>Demanem als responsables del &#8220;Proc\u00e9s Participatiu&#8221; que tinguen en compte la nostra opini\u00f3 per a conservar, protegir, ampliar i divulgar els murals literaris. Considerem que s\u00f3n un b\u00e9 art\u00edstic i cultural de primera categoria, molt estimat pel poble de Muro i pels visitants. Els Murals s&#8217;han convertit en tot un referent i seria un acte de barb\u00e0rie destruir-los, a m\u00e9s d&#8217;un malbaratament de recursos p\u00fablics, quan poden integrar-se perfectament en la construcci\u00f3 del parc i, fins i tot, ampliar-se amb noves figures liter\u00e0ries.<\/em><\/p>\n","protected":false},"excerpt":{"rendered":"<p>La Coordinadora Comarcal pel Valenci\u00e0 ha mostrat p\u00fablicament la seua preocupaci\u00f3 pel futur dels murals literaris de la tanca exterior&#8230;<\/p>\n","protected":false},"author":1,"featured_media":71700,"comment_status":"open","ping_status":"open","sticky":false,"template":"","format":"standard","meta":{"footnotes":""},"categories":[98],"tags":[10980,10981,10979,10978,135],"class_list":["post-71699","post","type-post","status-publish","format-standard","has-post-thumbnail","hentry","category-comarcas","tag-bata","tag-coordinadora-pel-valencia","tag-destruccio","tag-murals-literaris","tag-muro"],"yoast_head":"<!-- This site is optimized with the Yoast SEO plugin v27.3 - https:\/\/yoast.com\/product\/yoast-seo-wordpress\/ -->\n<title>Preocupaci\u00f3 pel futur dels murals literaris de Muro - COPE Alcoy<\/title>\n<meta name=\"robots\" content=\"index, follow, max-snippet:-1, max-image-preview:large, max-video-preview:-1\" \/>\n<link rel=\"canonical\" href=\"https:\/\/www.copealcoy.es\/es\/preocupacio-pel-futur-dels-murals-literaris-de-muro\/\" \/>\n<meta property=\"og:locale\" content=\"es_ES\" \/>\n<meta property=\"og:type\" content=\"article\" \/>\n<meta property=\"og:title\" content=\"Preocupaci\u00f3 pel futur dels murals literaris de Muro - COPE Alcoy\" \/>\n<meta property=\"og:description\" content=\"La Coordinadora Comarcal pel Valenci\u00e0 ha mostrat p\u00fablicament la seua preocupaci\u00f3 pel futur dels murals literaris de la tanca exterior...\" \/>\n<meta property=\"og:url\" content=\"https:\/\/www.copealcoy.es\/es\/preocupacio-pel-futur-dels-murals-literaris-de-muro\/\" \/>\n<meta property=\"og:site_name\" content=\"COPE Alcoy\" \/>\n<meta property=\"article:published_time\" content=\"2021-03-09T11:24:23+00:00\" \/>\n<meta property=\"article:modified_time\" content=\"2021-03-09T12:07:51+00:00\" \/>\n<meta property=\"og:image\" content=\"https:\/\/www.copealcoy.es\/wp-content\/uploads\/2021\/03\/timThumb.jpg\" \/>\n\t<meta property=\"og:image:width\" content=\"800\" \/>\n\t<meta property=\"og:image:height\" content=\"456\" \/>\n\t<meta property=\"og:image:type\" content=\"image\/jpeg\" \/>\n<meta name=\"author\" content=\"Cope Alcoy\" \/>\n<meta name=\"twitter:label1\" content=\"Escrito por\" \/>\n\t<meta name=\"twitter:data1\" content=\"Cope Alcoy\" \/>\n\t<meta name=\"twitter:label2\" content=\"Tiempo de lectura\" \/>\n\t<meta name=\"twitter:data2\" content=\"3 minutos\" \/>\n<script type=\"application\/ld+json\" class=\"yoast-schema-graph\">{\"@context\":\"https:\\\/\\\/schema.org\",\"@graph\":[{\"@type\":\"Article\",\"@id\":\"https:\\\/\\\/www.copealcoy.es\\\/es\\\/preocupacio-pel-futur-dels-murals-literaris-de-muro\\\/#article\",\"isPartOf\":{\"@id\":\"https:\\\/\\\/www.copealcoy.es\\\/es\\\/preocupacio-pel-futur-dels-murals-literaris-de-muro\\\/\"},\"author\":{\"name\":\"Cope Alcoy\",\"@id\":\"https:\\\/\\\/www.copealcoy.es\\\/es\\\/#\\\/schema\\\/person\\\/e777c87fa024e57d40170af9df39882c\"},\"headline\":\"Preocupaci\u00f3 pel futur dels murals literaris de Muro\",\"datePublished\":\"2021-03-09T11:24:23+00:00\",\"dateModified\":\"2021-03-09T12:07:51+00:00\",\"mainEntityOfPage\":{\"@id\":\"https:\\\/\\\/www.copealcoy.es\\\/es\\\/preocupacio-pel-futur-dels-murals-literaris-de-muro\\\/\"},\"wordCount\":575,\"commentCount\":0,\"image\":{\"@id\":\"https:\\\/\\\/www.copealcoy.es\\\/es\\\/preocupacio-pel-futur-dels-murals-literaris-de-muro\\\/#primaryimage\"},\"thumbnailUrl\":\"https:\\\/\\\/www.copealcoy.es\\\/wp-content\\\/uploads\\\/2021\\\/03\\\/timThumb.jpg\",\"keywords\":[\"Bat\u00e0\",\"Coordinadora pel Valenci\u00e0\",\"destrucci\u00f3\",\"Murals literaris\",\"Muro\"],\"articleSection\":[\"Comarcas\"],\"inLanguage\":\"es\"},{\"@type\":\"WebPage\",\"@id\":\"https:\\\/\\\/www.copealcoy.es\\\/es\\\/preocupacio-pel-futur-dels-murals-literaris-de-muro\\\/\",\"url\":\"https:\\\/\\\/www.copealcoy.es\\\/es\\\/preocupacio-pel-futur-dels-murals-literaris-de-muro\\\/\",\"name\":\"Preocupaci\u00f3 pel futur dels murals literaris de Muro - COPE Alcoy\",\"isPartOf\":{\"@id\":\"https:\\\/\\\/www.copealcoy.es\\\/es\\\/#website\"},\"primaryImageOfPage\":{\"@id\":\"https:\\\/\\\/www.copealcoy.es\\\/es\\\/preocupacio-pel-futur-dels-murals-literaris-de-muro\\\/#primaryimage\"},\"image\":{\"@id\":\"https:\\\/\\\/www.copealcoy.es\\\/es\\\/preocupacio-pel-futur-dels-murals-literaris-de-muro\\\/#primaryimage\"},\"thumbnailUrl\":\"https:\\\/\\\/www.copealcoy.es\\\/wp-content\\\/uploads\\\/2021\\\/03\\\/timThumb.jpg\",\"datePublished\":\"2021-03-09T11:24:23+00:00\",\"dateModified\":\"2021-03-09T12:07:51+00:00\",\"author\":{\"@id\":\"https:\\\/\\\/www.copealcoy.es\\\/es\\\/#\\\/schema\\\/person\\\/e777c87fa024e57d40170af9df39882c\"},\"breadcrumb\":{\"@id\":\"https:\\\/\\\/www.copealcoy.es\\\/es\\\/preocupacio-pel-futur-dels-murals-literaris-de-muro\\\/#breadcrumb\"},\"inLanguage\":\"es\",\"potentialAction\":[{\"@type\":\"ReadAction\",\"target\":[\"https:\\\/\\\/www.copealcoy.es\\\/es\\\/preocupacio-pel-futur-dels-murals-literaris-de-muro\\\/\"]}]},{\"@type\":\"ImageObject\",\"inLanguage\":\"es\",\"@id\":\"https:\\\/\\\/www.copealcoy.es\\\/es\\\/preocupacio-pel-futur-dels-murals-literaris-de-muro\\\/#primaryimage\",\"url\":\"https:\\\/\\\/www.copealcoy.es\\\/wp-content\\\/uploads\\\/2021\\\/03\\\/timThumb.jpg\",\"contentUrl\":\"https:\\\/\\\/www.copealcoy.es\\\/wp-content\\\/uploads\\\/2021\\\/03\\\/timThumb.jpg\",\"width\":800,\"height\":456},{\"@type\":\"BreadcrumbList\",\"@id\":\"https:\\\/\\\/www.copealcoy.es\\\/es\\\/preocupacio-pel-futur-dels-murals-literaris-de-muro\\\/#breadcrumb\",\"itemListElement\":[{\"@type\":\"ListItem\",\"position\":1,\"name\":\"Portada\",\"item\":\"https:\\\/\\\/www.copealcoy.es\\\/es\\\/\"},{\"@type\":\"ListItem\",\"position\":2,\"name\":\"Preocupaci\u00f3 pel futur dels murals literaris de Muro\"}]},{\"@type\":\"WebSite\",\"@id\":\"https:\\\/\\\/www.copealcoy.es\\\/es\\\/#website\",\"url\":\"https:\\\/\\\/www.copealcoy.es\\\/es\\\/\",\"name\":\"COPE Alcoy\",\"description\":\"Emisora COPE de radio local con emisi\u00f3n online. Pont de Sant Jordi 8-10 03803 Alcoy\",\"potentialAction\":[{\"@type\":\"SearchAction\",\"target\":{\"@type\":\"EntryPoint\",\"urlTemplate\":\"https:\\\/\\\/www.copealcoy.es\\\/es\\\/?s={search_term_string}\"},\"query-input\":{\"@type\":\"PropertyValueSpecification\",\"valueRequired\":true,\"valueName\":\"search_term_string\"}}],\"inLanguage\":\"es\"},{\"@type\":\"Person\",\"@id\":\"https:\\\/\\\/www.copealcoy.es\\\/es\\\/#\\\/schema\\\/person\\\/e777c87fa024e57d40170af9df39882c\",\"name\":\"Cope Alcoy\",\"image\":{\"@type\":\"ImageObject\",\"inLanguage\":\"es\",\"@id\":\"https:\\\/\\\/secure.gravatar.com\\\/avatar\\\/bb65d0283347e303893ba14f0692005417c1e0e690a325a4c5d8bb2b3943ee14?s=96&d=mm&r=g\",\"url\":\"https:\\\/\\\/secure.gravatar.com\\\/avatar\\\/bb65d0283347e303893ba14f0692005417c1e0e690a325a4c5d8bb2b3943ee14?s=96&d=mm&r=g\",\"contentUrl\":\"https:\\\/\\\/secure.gravatar.com\\\/avatar\\\/bb65d0283347e303893ba14f0692005417c1e0e690a325a4c5d8bb2b3943ee14?s=96&d=mm&r=g\",\"caption\":\"Cope Alcoy\"}}]}<\/script>\n<!-- \/ Yoast SEO plugin. -->","yoast_head_json":{"title":"Preocupaci\u00f3 pel futur dels murals literaris de Muro - COPE Alcoy","robots":{"index":"index","follow":"follow","max-snippet":"max-snippet:-1","max-image-preview":"max-image-preview:large","max-video-preview":"max-video-preview:-1"},"canonical":"https:\/\/www.copealcoy.es\/es\/preocupacio-pel-futur-dels-murals-literaris-de-muro\/","og_locale":"es_ES","og_type":"article","og_title":"Preocupaci\u00f3 pel futur dels murals literaris de Muro - COPE Alcoy","og_description":"La Coordinadora Comarcal pel Valenci\u00e0 ha mostrat p\u00fablicament la seua preocupaci\u00f3 pel futur dels murals literaris de la tanca exterior...","og_url":"https:\/\/www.copealcoy.es\/es\/preocupacio-pel-futur-dels-murals-literaris-de-muro\/","og_site_name":"COPE Alcoy","article_published_time":"2021-03-09T11:24:23+00:00","article_modified_time":"2021-03-09T12:07:51+00:00","og_image":[{"width":800,"height":456,"url":"https:\/\/www.copealcoy.es\/wp-content\/uploads\/2021\/03\/timThumb.jpg","type":"image\/jpeg"}],"author":"Cope Alcoy","twitter_misc":{"Escrito por":"Cope Alcoy","Tiempo de lectura":"3 minutos"},"schema":{"@context":"https:\/\/schema.org","@graph":[{"@type":"Article","@id":"https:\/\/www.copealcoy.es\/es\/preocupacio-pel-futur-dels-murals-literaris-de-muro\/#article","isPartOf":{"@id":"https:\/\/www.copealcoy.es\/es\/preocupacio-pel-futur-dels-murals-literaris-de-muro\/"},"author":{"name":"Cope Alcoy","@id":"https:\/\/www.copealcoy.es\/es\/#\/schema\/person\/e777c87fa024e57d40170af9df39882c"},"headline":"Preocupaci\u00f3 pel futur dels murals literaris de Muro","datePublished":"2021-03-09T11:24:23+00:00","dateModified":"2021-03-09T12:07:51+00:00","mainEntityOfPage":{"@id":"https:\/\/www.copealcoy.es\/es\/preocupacio-pel-futur-dels-murals-literaris-de-muro\/"},"wordCount":575,"commentCount":0,"image":{"@id":"https:\/\/www.copealcoy.es\/es\/preocupacio-pel-futur-dels-murals-literaris-de-muro\/#primaryimage"},"thumbnailUrl":"https:\/\/www.copealcoy.es\/wp-content\/uploads\/2021\/03\/timThumb.jpg","keywords":["Bat\u00e0","Coordinadora pel Valenci\u00e0","destrucci\u00f3","Murals literaris","Muro"],"articleSection":["Comarcas"],"inLanguage":"es"},{"@type":"WebPage","@id":"https:\/\/www.copealcoy.es\/es\/preocupacio-pel-futur-dels-murals-literaris-de-muro\/","url":"https:\/\/www.copealcoy.es\/es\/preocupacio-pel-futur-dels-murals-literaris-de-muro\/","name":"Preocupaci\u00f3 pel futur dels murals literaris de Muro - COPE Alcoy","isPartOf":{"@id":"https:\/\/www.copealcoy.es\/es\/#website"},"primaryImageOfPage":{"@id":"https:\/\/www.copealcoy.es\/es\/preocupacio-pel-futur-dels-murals-literaris-de-muro\/#primaryimage"},"image":{"@id":"https:\/\/www.copealcoy.es\/es\/preocupacio-pel-futur-dels-murals-literaris-de-muro\/#primaryimage"},"thumbnailUrl":"https:\/\/www.copealcoy.es\/wp-content\/uploads\/2021\/03\/timThumb.jpg","datePublished":"2021-03-09T11:24:23+00:00","dateModified":"2021-03-09T12:07:51+00:00","author":{"@id":"https:\/\/www.copealcoy.es\/es\/#\/schema\/person\/e777c87fa024e57d40170af9df39882c"},"breadcrumb":{"@id":"https:\/\/www.copealcoy.es\/es\/preocupacio-pel-futur-dels-murals-literaris-de-muro\/#breadcrumb"},"inLanguage":"es","potentialAction":[{"@type":"ReadAction","target":["https:\/\/www.copealcoy.es\/es\/preocupacio-pel-futur-dels-murals-literaris-de-muro\/"]}]},{"@type":"ImageObject","inLanguage":"es","@id":"https:\/\/www.copealcoy.es\/es\/preocupacio-pel-futur-dels-murals-literaris-de-muro\/#primaryimage","url":"https:\/\/www.copealcoy.es\/wp-content\/uploads\/2021\/03\/timThumb.jpg","contentUrl":"https:\/\/www.copealcoy.es\/wp-content\/uploads\/2021\/03\/timThumb.jpg","width":800,"height":456},{"@type":"BreadcrumbList","@id":"https:\/\/www.copealcoy.es\/es\/preocupacio-pel-futur-dels-murals-literaris-de-muro\/#breadcrumb","itemListElement":[{"@type":"ListItem","position":1,"name":"Portada","item":"https:\/\/www.copealcoy.es\/es\/"},{"@type":"ListItem","position":2,"name":"Preocupaci\u00f3 pel futur dels murals literaris de Muro"}]},{"@type":"WebSite","@id":"https:\/\/www.copealcoy.es\/es\/#website","url":"https:\/\/www.copealcoy.es\/es\/","name":"COPE Alcoy","description":"Emisora COPE de radio local con emisi\u00f3n online. Pont de Sant Jordi 8-10 03803 Alcoy","potentialAction":[{"@type":"SearchAction","target":{"@type":"EntryPoint","urlTemplate":"https:\/\/www.copealcoy.es\/es\/?s={search_term_string}"},"query-input":{"@type":"PropertyValueSpecification","valueRequired":true,"valueName":"search_term_string"}}],"inLanguage":"es"},{"@type":"Person","@id":"https:\/\/www.copealcoy.es\/es\/#\/schema\/person\/e777c87fa024e57d40170af9df39882c","name":"Cope Alcoy","image":{"@type":"ImageObject","inLanguage":"es","@id":"https:\/\/secure.gravatar.com\/avatar\/bb65d0283347e303893ba14f0692005417c1e0e690a325a4c5d8bb2b3943ee14?s=96&d=mm&r=g","url":"https:\/\/secure.gravatar.com\/avatar\/bb65d0283347e303893ba14f0692005417c1e0e690a325a4c5d8bb2b3943ee14?s=96&d=mm&r=g","contentUrl":"https:\/\/secure.gravatar.com\/avatar\/bb65d0283347e303893ba14f0692005417c1e0e690a325a4c5d8bb2b3943ee14?s=96&d=mm&r=g","caption":"Cope Alcoy"}}]}},"_links":{"self":[{"href":"https:\/\/www.copealcoy.es\/es\/wp-json\/wp\/v2\/posts\/71699","targetHints":{"allow":["GET"]}}],"collection":[{"href":"https:\/\/www.copealcoy.es\/es\/wp-json\/wp\/v2\/posts"}],"about":[{"href":"https:\/\/www.copealcoy.es\/es\/wp-json\/wp\/v2\/types\/post"}],"author":[{"embeddable":true,"href":"https:\/\/www.copealcoy.es\/es\/wp-json\/wp\/v2\/users\/1"}],"replies":[{"embeddable":true,"href":"https:\/\/www.copealcoy.es\/es\/wp-json\/wp\/v2\/comments?post=71699"}],"version-history":[{"count":0,"href":"https:\/\/www.copealcoy.es\/es\/wp-json\/wp\/v2\/posts\/71699\/revisions"}],"wp:featuredmedia":[{"embeddable":true,"href":"https:\/\/www.copealcoy.es\/es\/wp-json\/wp\/v2\/media\/71700"}],"wp:attachment":[{"href":"https:\/\/www.copealcoy.es\/es\/wp-json\/wp\/v2\/media?parent=71699"}],"wp:term":[{"taxonomy":"category","embeddable":true,"href":"https:\/\/www.copealcoy.es\/es\/wp-json\/wp\/v2\/categories?post=71699"},{"taxonomy":"post_tag","embeddable":true,"href":"https:\/\/www.copealcoy.es\/es\/wp-json\/wp\/v2\/tags?post=71699"}],"curies":[{"name":"wp","href":"https:\/\/api.w.org\/{rel}","templated":true}]}}