{"id":71618,"date":"2021-03-07T15:55:30","date_gmt":"2021-03-07T14:55:30","guid":{"rendered":"https:\/\/www.copealcoy.es\/?p=71618"},"modified":"2021-03-07T16:11:17","modified_gmt":"2021-03-07T15:11:17","slug":"el-paro-se-incremento-en-la-comarca-en-81-personas-durante-febrero","status":"publish","type":"post","link":"https:\/\/www.copealcoy.es\/es\/el-paro-se-incremento-en-la-comarca-en-81-personas-durante-febrero\/","title":{"rendered":"El paro se increment\u00f3 en la comarca en 81 personas durante febrero"},"content":{"rendered":"<p style=\"text-align: justify;\">El <strong>mes de febrero<\/strong> termin\u00f3 con<strong> un descenso del paro de 81 personas<\/strong> en l&#8217;Alcoi\u00e0 y el Comtat seg\u00fan se desprende de <strong>los datos aportados por el servicio valenciano de empleo<\/strong>, <strong>LABORA<\/strong>. Ahora mismo nuestras comarcas <strong>tienen un total de 12.231 personas sin trabajo<\/strong> tras subir <strong>el paro femenino<\/strong> en 51 paradas m\u00e1s y <strong>el masculino<\/strong> en 30 desempleados.<\/p>\n<p style=\"text-align: justify;\">Por<strong> municipios<\/strong>, el <strong>descenso m\u00e1s significativo<\/strong> de este mes se centra en <strong>Ibi<\/strong> con 47 parados menos, por lo que sit\u00faa la tasa de desempleo en 2.139 parados. Le sigue <strong>Onil<\/strong> con 23 parados menos, situ\u00e1ndo su tasa de desempleo 644 parados. No ocurre lo mismo en el resto de localidades, especialmente las de menor tama\u00f1o. <strong>Alcoy<\/strong> aumenta su tasa de desempleo en 96 parados m\u00e1s y se sit\u00faa con una tasa de desempleo de 5.747 parados. Le siguen, <strong>Cocentaina<\/strong> (16), <strong>Banyeres de Mariola<\/strong>\u00a0(14) y <strong>Muro<\/strong> (12), situando sus tasas de desempleo en 1.063, 411 y 721, respectivamente. En <strong>el resto de localidades peque\u00f1as de la comarca<\/strong> las subidas y bajadas del paro fueron m\u00ednimas.<\/p>\n<p style=\"text-align: justify;\">Desde el <strong>Sindicato UGT-La Monta\u00f1a<\/strong> han valorado negativamente los datos y aseguran que<strong> la crisis sanitaria del Coronavirus, y las medidas restrictivas para frenar la pandemia<\/strong>, est\u00e1n detr\u00e1s de este varapalo para la econom\u00eda comarcal. Insisten en que <strong>el buen funcionamiento de la econom\u00eda<\/strong> s\u00f3lo se da cuando hay seguridad y garant\u00edas en la salud.<\/p>\n","protected":false},"excerpt":{"rendered":"<p>El mes de febrero termin\u00f3 con un descenso del paro de 81 personas en l&#8217;Alcoi\u00e0 y el Comtat seg\u00fan se&#8230;<\/p>\n","protected":false},"author":1,"featured_media":70462,"comment_status":"open","ping_status":"open","sticky":false,"template":"","format":"standard","meta":{"footnotes":""},"categories":[97,75,79],"tags":[482,236,237,679,5114,341,680],"class_list":["post-71618","post","type-post","status-publish","format-standard","has-post-thumbnail","hentry","category-alcoy","category-noticias","category-politicayeconomia","tag-alcoia","tag-comarca","tag-comtat","tag-desempleo","tag-incremento","tag-paro","tag-ugt"],"yoast_head":"<!-- This site is optimized with the Yoast SEO plugin v27.3 - https:\/\/yoast.com\/product\/yoast-seo-wordpress\/ -->\n<title>El paro se increment\u00f3 en la comarca en 81 personas durante febrero - COPE Alcoy<\/title>\n<meta name=\"robots\" content=\"index, follow, max-snippet:-1, max-image-preview:large, max-video-preview:-1\" \/>\n<link rel=\"canonical\" href=\"https:\/\/www.copealcoy.es\/es\/el-paro-se-incremento-en-la-comarca-en-81-personas-durante-febrero\/\" \/>\n<meta property=\"og:locale\" content=\"es_ES\" \/>\n<meta property=\"og:type\" content=\"article\" \/>\n<meta property=\"og:title\" content=\"El paro se increment\u00f3 en la comarca en 81 personas durante febrero - COPE Alcoy\" \/>\n<meta property=\"og:description\" content=\"El mes de febrero termin\u00f3 con un descenso del paro de 81 personas en l&#8217;Alcoi\u00e0 y el Comtat seg\u00fan se...\" \/>\n<meta property=\"og:url\" content=\"https:\/\/www.copealcoy.es\/es\/el-paro-se-incremento-en-la-comarca-en-81-personas-durante-febrero\/\" \/>\n<meta property=\"og:site_name\" content=\"COPE Alcoy\" \/>\n<meta property=\"article:published_time\" content=\"2021-03-07T14:55:30+00:00\" \/>\n<meta property=\"article:modified_time\" content=\"2021-03-07T15:11:17+00:00\" \/>\n<meta property=\"og:image\" content=\"https:\/\/www.copealcoy.es\/wp-content\/uploads\/2021\/02\/1612257033407.jpg\" \/>\n\t<meta property=\"og:image:width\" content=\"976\" \/>\n\t<meta property=\"og:image:height\" content=\"651\" \/>\n\t<meta property=\"og:image:type\" content=\"image\/jpeg\" \/>\n<meta name=\"author\" content=\"Cope Alcoy\" \/>\n<meta name=\"twitter:label1\" content=\"Escrito por\" \/>\n\t<meta name=\"twitter:data1\" content=\"Cope Alcoy\" \/>\n\t<meta name=\"twitter:label2\" content=\"Tiempo de lectura\" \/>\n\t<meta name=\"twitter:data2\" content=\"1 minuto\" \/>\n<script type=\"application\/ld+json\" class=\"yoast-schema-graph\">{\"@context\":\"https:\\\/\\\/schema.org\",\"@graph\":[{\"@type\":\"Article\",\"@id\":\"https:\\\/\\\/www.copealcoy.es\\\/es\\\/el-paro-se-incremento-en-la-comarca-en-81-personas-durante-febrero\\\/#article\",\"isPartOf\":{\"@id\":\"https:\\\/\\\/www.copealcoy.es\\\/es\\\/el-paro-se-incremento-en-la-comarca-en-81-personas-durante-febrero\\\/\"},\"author\":{\"name\":\"Cope Alcoy\",\"@id\":\"https:\\\/\\\/www.copealcoy.es\\\/es\\\/#\\\/schema\\\/person\\\/e777c87fa024e57d40170af9df39882c\"},\"headline\":\"El paro se increment\u00f3 en la comarca en 81 personas durante febrero\",\"datePublished\":\"2021-03-07T14:55:30+00:00\",\"dateModified\":\"2021-03-07T15:11:17+00:00\",\"mainEntityOfPage\":{\"@id\":\"https:\\\/\\\/www.copealcoy.es\\\/es\\\/el-paro-se-incremento-en-la-comarca-en-81-personas-durante-febrero\\\/\"},\"wordCount\":243,\"commentCount\":0,\"image\":{\"@id\":\"https:\\\/\\\/www.copealcoy.es\\\/es\\\/el-paro-se-incremento-en-la-comarca-en-81-personas-durante-febrero\\\/#primaryimage\"},\"thumbnailUrl\":\"https:\\\/\\\/www.copealcoy.es\\\/wp-content\\\/uploads\\\/2021\\\/02\\\/1612257033407-e1641581927170.jpg\",\"keywords\":[\"Alcoi\u00e0\",\"Comarca\",\"Comtat\",\"Desempleo\",\"incremento\",\"Paro\",\"UGT\"],\"articleSection\":[\"Alcoy\",\"Noticias\",\"Pol\u00edtica y Econom\u00eda\"],\"inLanguage\":\"es\"},{\"@type\":\"WebPage\",\"@id\":\"https:\\\/\\\/www.copealcoy.es\\\/es\\\/el-paro-se-incremento-en-la-comarca-en-81-personas-durante-febrero\\\/\",\"url\":\"https:\\\/\\\/www.copealcoy.es\\\/es\\\/el-paro-se-incremento-en-la-comarca-en-81-personas-durante-febrero\\\/\",\"name\":\"El paro se increment\u00f3 en la comarca en 81 personas durante febrero - COPE Alcoy\",\"isPartOf\":{\"@id\":\"https:\\\/\\\/www.copealcoy.es\\\/es\\\/#website\"},\"primaryImageOfPage\":{\"@id\":\"https:\\\/\\\/www.copealcoy.es\\\/es\\\/el-paro-se-incremento-en-la-comarca-en-81-personas-durante-febrero\\\/#primaryimage\"},\"image\":{\"@id\":\"https:\\\/\\\/www.copealcoy.es\\\/es\\\/el-paro-se-incremento-en-la-comarca-en-81-personas-durante-febrero\\\/#primaryimage\"},\"thumbnailUrl\":\"https:\\\/\\\/www.copealcoy.es\\\/wp-content\\\/uploads\\\/2021\\\/02\\\/1612257033407-e1641581927170.jpg\",\"datePublished\":\"2021-03-07T14:55:30+00:00\",\"dateModified\":\"2021-03-07T15:11:17+00:00\",\"author\":{\"@id\":\"https:\\\/\\\/www.copealcoy.es\\\/es\\\/#\\\/schema\\\/person\\\/e777c87fa024e57d40170af9df39882c\"},\"breadcrumb\":{\"@id\":\"https:\\\/\\\/www.copealcoy.es\\\/es\\\/el-paro-se-incremento-en-la-comarca-en-81-personas-durante-febrero\\\/#breadcrumb\"},\"inLanguage\":\"es\",\"potentialAction\":[{\"@type\":\"ReadAction\",\"target\":[\"https:\\\/\\\/www.copealcoy.es\\\/es\\\/el-paro-se-incremento-en-la-comarca-en-81-personas-durante-febrero\\\/\"]}]},{\"@type\":\"ImageObject\",\"inLanguage\":\"es\",\"@id\":\"https:\\\/\\\/www.copealcoy.es\\\/es\\\/el-paro-se-incremento-en-la-comarca-en-81-personas-durante-febrero\\\/#primaryimage\",\"url\":\"https:\\\/\\\/www.copealcoy.es\\\/wp-content\\\/uploads\\\/2021\\\/02\\\/1612257033407-e1641581927170.jpg\",\"contentUrl\":\"https:\\\/\\\/www.copealcoy.es\\\/wp-content\\\/uploads\\\/2021\\\/02\\\/1612257033407-e1641581927170.jpg\",\"width\":640,\"height\":427},{\"@type\":\"BreadcrumbList\",\"@id\":\"https:\\\/\\\/www.copealcoy.es\\\/es\\\/el-paro-se-incremento-en-la-comarca-en-81-personas-durante-febrero\\\/#breadcrumb\",\"itemListElement\":[{\"@type\":\"ListItem\",\"position\":1,\"name\":\"Portada\",\"item\":\"https:\\\/\\\/www.copealcoy.es\\\/es\\\/\"},{\"@type\":\"ListItem\",\"position\":2,\"name\":\"El paro se increment\u00f3 en la comarca en 81 personas durante febrero\"}]},{\"@type\":\"WebSite\",\"@id\":\"https:\\\/\\\/www.copealcoy.es\\\/es\\\/#website\",\"url\":\"https:\\\/\\\/www.copealcoy.es\\\/es\\\/\",\"name\":\"COPE Alcoy\",\"description\":\"Emisora COPE de radio local con emisi\u00f3n online. Pont de Sant Jordi 8-10 03803 Alcoy\",\"potentialAction\":[{\"@type\":\"SearchAction\",\"target\":{\"@type\":\"EntryPoint\",\"urlTemplate\":\"https:\\\/\\\/www.copealcoy.es\\\/es\\\/?s={search_term_string}\"},\"query-input\":{\"@type\":\"PropertyValueSpecification\",\"valueRequired\":true,\"valueName\":\"search_term_string\"}}],\"inLanguage\":\"es\"},{\"@type\":\"Person\",\"@id\":\"https:\\\/\\\/www.copealcoy.es\\\/es\\\/#\\\/schema\\\/person\\\/e777c87fa024e57d40170af9df39882c\",\"name\":\"Cope Alcoy\",\"image\":{\"@type\":\"ImageObject\",\"inLanguage\":\"es\",\"@id\":\"https:\\\/\\\/secure.gravatar.com\\\/avatar\\\/bb65d0283347e303893ba14f0692005417c1e0e690a325a4c5d8bb2b3943ee14?s=96&d=mm&r=g\",\"url\":\"https:\\\/\\\/secure.gravatar.com\\\/avatar\\\/bb65d0283347e303893ba14f0692005417c1e0e690a325a4c5d8bb2b3943ee14?s=96&d=mm&r=g\",\"contentUrl\":\"https:\\\/\\\/secure.gravatar.com\\\/avatar\\\/bb65d0283347e303893ba14f0692005417c1e0e690a325a4c5d8bb2b3943ee14?s=96&d=mm&r=g\",\"caption\":\"Cope Alcoy\"}}]}<\/script>\n<!-- \/ Yoast SEO plugin. -->","yoast_head_json":{"title":"El paro se increment\u00f3 en la comarca en 81 personas durante febrero - COPE Alcoy","robots":{"index":"index","follow":"follow","max-snippet":"max-snippet:-1","max-image-preview":"max-image-preview:large","max-video-preview":"max-video-preview:-1"},"canonical":"https:\/\/www.copealcoy.es\/es\/el-paro-se-incremento-en-la-comarca-en-81-personas-durante-febrero\/","og_locale":"es_ES","og_type":"article","og_title":"El paro se increment\u00f3 en la comarca en 81 personas durante febrero - COPE Alcoy","og_description":"El mes de febrero termin\u00f3 con un descenso del paro de 81 personas en l&#8217;Alcoi\u00e0 y el Comtat seg\u00fan se...","og_url":"https:\/\/www.copealcoy.es\/es\/el-paro-se-incremento-en-la-comarca-en-81-personas-durante-febrero\/","og_site_name":"COPE Alcoy","article_published_time":"2021-03-07T14:55:30+00:00","article_modified_time":"2021-03-07T15:11:17+00:00","og_image":[{"width":976,"height":651,"url":"https:\/\/www.copealcoy.es\/wp-content\/uploads\/2021\/02\/1612257033407.jpg","type":"image\/jpeg"}],"author":"Cope Alcoy","twitter_misc":{"Escrito por":"Cope Alcoy","Tiempo de lectura":"1 minuto"},"schema":{"@context":"https:\/\/schema.org","@graph":[{"@type":"Article","@id":"https:\/\/www.copealcoy.es\/es\/el-paro-se-incremento-en-la-comarca-en-81-personas-durante-febrero\/#article","isPartOf":{"@id":"https:\/\/www.copealcoy.es\/es\/el-paro-se-incremento-en-la-comarca-en-81-personas-durante-febrero\/"},"author":{"name":"Cope Alcoy","@id":"https:\/\/www.copealcoy.es\/es\/#\/schema\/person\/e777c87fa024e57d40170af9df39882c"},"headline":"El paro se increment\u00f3 en la comarca en 81 personas durante febrero","datePublished":"2021-03-07T14:55:30+00:00","dateModified":"2021-03-07T15:11:17+00:00","mainEntityOfPage":{"@id":"https:\/\/www.copealcoy.es\/es\/el-paro-se-incremento-en-la-comarca-en-81-personas-durante-febrero\/"},"wordCount":243,"commentCount":0,"image":{"@id":"https:\/\/www.copealcoy.es\/es\/el-paro-se-incremento-en-la-comarca-en-81-personas-durante-febrero\/#primaryimage"},"thumbnailUrl":"https:\/\/www.copealcoy.es\/wp-content\/uploads\/2021\/02\/1612257033407-e1641581927170.jpg","keywords":["Alcoi\u00e0","Comarca","Comtat","Desempleo","incremento","Paro","UGT"],"articleSection":["Alcoy","Noticias","Pol\u00edtica y Econom\u00eda"],"inLanguage":"es"},{"@type":"WebPage","@id":"https:\/\/www.copealcoy.es\/es\/el-paro-se-incremento-en-la-comarca-en-81-personas-durante-febrero\/","url":"https:\/\/www.copealcoy.es\/es\/el-paro-se-incremento-en-la-comarca-en-81-personas-durante-febrero\/","name":"El paro se increment\u00f3 en la comarca en 81 personas durante febrero - COPE Alcoy","isPartOf":{"@id":"https:\/\/www.copealcoy.es\/es\/#website"},"primaryImageOfPage":{"@id":"https:\/\/www.copealcoy.es\/es\/el-paro-se-incremento-en-la-comarca-en-81-personas-durante-febrero\/#primaryimage"},"image":{"@id":"https:\/\/www.copealcoy.es\/es\/el-paro-se-incremento-en-la-comarca-en-81-personas-durante-febrero\/#primaryimage"},"thumbnailUrl":"https:\/\/www.copealcoy.es\/wp-content\/uploads\/2021\/02\/1612257033407-e1641581927170.jpg","datePublished":"2021-03-07T14:55:30+00:00","dateModified":"2021-03-07T15:11:17+00:00","author":{"@id":"https:\/\/www.copealcoy.es\/es\/#\/schema\/person\/e777c87fa024e57d40170af9df39882c"},"breadcrumb":{"@id":"https:\/\/www.copealcoy.es\/es\/el-paro-se-incremento-en-la-comarca-en-81-personas-durante-febrero\/#breadcrumb"},"inLanguage":"es","potentialAction":[{"@type":"ReadAction","target":["https:\/\/www.copealcoy.es\/es\/el-paro-se-incremento-en-la-comarca-en-81-personas-durante-febrero\/"]}]},{"@type":"ImageObject","inLanguage":"es","@id":"https:\/\/www.copealcoy.es\/es\/el-paro-se-incremento-en-la-comarca-en-81-personas-durante-febrero\/#primaryimage","url":"https:\/\/www.copealcoy.es\/wp-content\/uploads\/2021\/02\/1612257033407-e1641581927170.jpg","contentUrl":"https:\/\/www.copealcoy.es\/wp-content\/uploads\/2021\/02\/1612257033407-e1641581927170.jpg","width":640,"height":427},{"@type":"BreadcrumbList","@id":"https:\/\/www.copealcoy.es\/es\/el-paro-se-incremento-en-la-comarca-en-81-personas-durante-febrero\/#breadcrumb","itemListElement":[{"@type":"ListItem","position":1,"name":"Portada","item":"https:\/\/www.copealcoy.es\/es\/"},{"@type":"ListItem","position":2,"name":"El paro se increment\u00f3 en la comarca en 81 personas durante febrero"}]},{"@type":"WebSite","@id":"https:\/\/www.copealcoy.es\/es\/#website","url":"https:\/\/www.copealcoy.es\/es\/","name":"COPE Alcoy","description":"Emisora COPE de radio local con emisi\u00f3n online. Pont de Sant Jordi 8-10 03803 Alcoy","potentialAction":[{"@type":"SearchAction","target":{"@type":"EntryPoint","urlTemplate":"https:\/\/www.copealcoy.es\/es\/?s={search_term_string}"},"query-input":{"@type":"PropertyValueSpecification","valueRequired":true,"valueName":"search_term_string"}}],"inLanguage":"es"},{"@type":"Person","@id":"https:\/\/www.copealcoy.es\/es\/#\/schema\/person\/e777c87fa024e57d40170af9df39882c","name":"Cope Alcoy","image":{"@type":"ImageObject","inLanguage":"es","@id":"https:\/\/secure.gravatar.com\/avatar\/bb65d0283347e303893ba14f0692005417c1e0e690a325a4c5d8bb2b3943ee14?s=96&d=mm&r=g","url":"https:\/\/secure.gravatar.com\/avatar\/bb65d0283347e303893ba14f0692005417c1e0e690a325a4c5d8bb2b3943ee14?s=96&d=mm&r=g","contentUrl":"https:\/\/secure.gravatar.com\/avatar\/bb65d0283347e303893ba14f0692005417c1e0e690a325a4c5d8bb2b3943ee14?s=96&d=mm&r=g","caption":"Cope Alcoy"}}]}},"_links":{"self":[{"href":"https:\/\/www.copealcoy.es\/es\/wp-json\/wp\/v2\/posts\/71618","targetHints":{"allow":["GET"]}}],"collection":[{"href":"https:\/\/www.copealcoy.es\/es\/wp-json\/wp\/v2\/posts"}],"about":[{"href":"https:\/\/www.copealcoy.es\/es\/wp-json\/wp\/v2\/types\/post"}],"author":[{"embeddable":true,"href":"https:\/\/www.copealcoy.es\/es\/wp-json\/wp\/v2\/users\/1"}],"replies":[{"embeddable":true,"href":"https:\/\/www.copealcoy.es\/es\/wp-json\/wp\/v2\/comments?post=71618"}],"version-history":[{"count":0,"href":"https:\/\/www.copealcoy.es\/es\/wp-json\/wp\/v2\/posts\/71618\/revisions"}],"wp:featuredmedia":[{"embeddable":true,"href":"https:\/\/www.copealcoy.es\/es\/wp-json\/wp\/v2\/media\/70462"}],"wp:attachment":[{"href":"https:\/\/www.copealcoy.es\/es\/wp-json\/wp\/v2\/media?parent=71618"}],"wp:term":[{"taxonomy":"category","embeddable":true,"href":"https:\/\/www.copealcoy.es\/es\/wp-json\/wp\/v2\/categories?post=71618"},{"taxonomy":"post_tag","embeddable":true,"href":"https:\/\/www.copealcoy.es\/es\/wp-json\/wp\/v2\/tags?post=71618"}],"curies":[{"name":"wp","href":"https:\/\/api.w.org\/{rel}","templated":true}]}}