{"id":71555,"date":"2021-03-04T13:00:20","date_gmt":"2021-03-04T12:00:20","guid":{"rendered":"https:\/\/www.copealcoy.es\/?p=71555"},"modified":"2021-03-04T13:15:24","modified_gmt":"2021-03-04T12:15:24","slug":"crisi-a-la-manco-gaianes-abandona-lens-comarcal","status":"publish","type":"post","link":"https:\/\/www.copealcoy.es\/es\/crisi-a-la-manco-gaianes-abandona-lens-comarcal\/","title":{"rendered":"Crisi a la Manco: Gaianes abandona l&#8217;ens comarcal"},"content":{"rendered":"<p style=\"text-align: justify;\">Gaianes <strong>ha decidit abandonar la Mancomunitat de l&#8217;Alcoi\u00e0-Comtat<\/strong> i se suma aix\u00ed a altres pobles que tamb\u00e9 ho faran pr\u00f2ximament com<strong> l&#8217;Orxa o Alcosser de Planes<\/strong>. Les <strong>tensions pol\u00edtiques<\/strong> entre el Partit Socialista i Comprom\u00eds, que ja <strong>van marcar la configuraci\u00f3 del nou organigrama de l&#8217;ens despr\u00e9s de les Eleccions Municipals del 2019<\/strong>, est\u00e0 darrere d&#8217;aquesta situaci\u00f3.<\/p>\n<p style=\"text-align: justify;\">L&#8217;alcalde de Gaianes, <strong>Agust\u00ed Mart\u00ednez<\/strong>, assenyala que la Mancomunitat <strong>ja no est\u00e0 al costat dels pobles menuts<\/strong> i afirma que <strong>ha deixat tamb\u00e9 de treballar per millorar els seus serveis<\/strong>. A m\u00e9s assenyala que <strong>hi ha una gran falta de transpar\u00e8ncia dins de la mateixa Manco<\/strong> i q\u00fcestiona els nomenaments de c\u00e0rrecs que van fer en 2019 &#8220;<em>com a membre fundador de la Mancomunitat l&#8217;Alcoi\u00e0-Comtat, em crec la Manco i \u00e9s una ll\u00e0stima que se&#8217;n fa\u00e7a un \u00fas partidista. No arribar\u00e0 lluny seguint aix\u00ed. Espere que canvien les coses. Els pobles menuts necessitem serveis que per la falta de t\u00e8cnics no podem prestar des dels ajuntaments, per\u00f2 amb l&#8217;actual direcci\u00f3 de la Mancomunitat els pobles es veuen abocats a abandonar-la. Paguem molt i rebem poc, a m\u00e9s a m\u00e9s s&#8217;ha convertit en un organisme on el consens no t\u00e9 cabuda. Si Gaianes i altres pobles han abandonat la Manco, caldria que els dirigents socialistes feren un pensament, han de canviar l&#8217;actitud<\/em>&#8220;, ha sentenciat el primer edil.<\/p>\n<p style=\"text-align: justify;\">Per \u00faltim Mart\u00ednez <strong>ha denunciat que en els \u00faltims mesos s&#8217;hi han produ\u00eft pr\u00e0ctiques<\/strong> com alliberats posats\u00a0<span class=\"hiddenGrammarError\">a<\/span>\u00a0dit, oposicions que posteriorment s&#8217;anul\u00b7len o retribucions per al President com a pagament de favors.<\/p>\n","protected":false},"excerpt":{"rendered":"<p>Gaianes ha decidit abandonar la Mancomunitat de l&#8217;Alcoi\u00e0-Comtat i se suma aix\u00ed a altres pobles que tamb\u00e9 ho faran pr\u00f2ximament&#8230;<\/p>\n","protected":false},"author":1,"featured_media":15062,"comment_status":"open","ping_status":"open","sticky":false,"template":"","format":"standard","meta":{"footnotes":""},"categories":[98,75],"tags":[10952,9691,1151,1745],"class_list":["post-71555","post","type-post","status-publish","format-standard","has-post-thumbnail","hentry","category-comarcas","category-noticias","tag-agusti-martinez","tag-crisi","tag-gaianes","tag-mancomunitat"],"yoast_head":"<!-- This site is optimized with the Yoast SEO plugin v27.3 - https:\/\/yoast.com\/product\/yoast-seo-wordpress\/ -->\n<title>Crisi a la Manco: Gaianes abandona l&#039;ens comarcal - COPE Alcoy<\/title>\n<meta name=\"robots\" content=\"index, follow, max-snippet:-1, max-image-preview:large, max-video-preview:-1\" \/>\n<link rel=\"canonical\" href=\"https:\/\/www.copealcoy.es\/es\/crisi-a-la-manco-gaianes-abandona-lens-comarcal\/\" \/>\n<meta property=\"og:locale\" content=\"es_ES\" \/>\n<meta property=\"og:type\" content=\"article\" \/>\n<meta property=\"og:title\" content=\"Crisi a la Manco: Gaianes abandona l&#039;ens comarcal - COPE Alcoy\" \/>\n<meta property=\"og:description\" content=\"Gaianes ha decidit abandonar la Mancomunitat de l&#8217;Alcoi\u00e0-Comtat i se suma aix\u00ed a altres pobles que tamb\u00e9 ho faran pr\u00f2ximament...\" \/>\n<meta property=\"og:url\" content=\"https:\/\/www.copealcoy.es\/es\/crisi-a-la-manco-gaianes-abandona-lens-comarcal\/\" \/>\n<meta property=\"og:site_name\" content=\"COPE Alcoy\" \/>\n<meta property=\"article:published_time\" content=\"2021-03-04T12:00:20+00:00\" \/>\n<meta property=\"article:modified_time\" content=\"2021-03-04T12:15:24+00:00\" \/>\n<meta property=\"og:image\" content=\"https:\/\/www.copealcoy.es\/wp-content\/uploads\/2015\/08\/Gaianes.jpg\" \/>\n\t<meta property=\"og:image:width\" content=\"940\" \/>\n\t<meta property=\"og:image:height\" content=\"627\" \/>\n\t<meta property=\"og:image:type\" content=\"image\/jpeg\" \/>\n<meta name=\"author\" content=\"Cope Alcoy\" \/>\n<meta name=\"twitter:label1\" content=\"Escrito por\" \/>\n\t<meta name=\"twitter:data1\" content=\"Cope Alcoy\" \/>\n\t<meta name=\"twitter:label2\" content=\"Tiempo de lectura\" \/>\n\t<meta name=\"twitter:data2\" content=\"1 minuto\" \/>\n<script type=\"application\/ld+json\" class=\"yoast-schema-graph\">{\"@context\":\"https:\\\/\\\/schema.org\",\"@graph\":[{\"@type\":\"Article\",\"@id\":\"https:\\\/\\\/www.copealcoy.es\\\/es\\\/crisi-a-la-manco-gaianes-abandona-lens-comarcal\\\/#article\",\"isPartOf\":{\"@id\":\"https:\\\/\\\/www.copealcoy.es\\\/es\\\/crisi-a-la-manco-gaianes-abandona-lens-comarcal\\\/\"},\"author\":{\"name\":\"Cope Alcoy\",\"@id\":\"https:\\\/\\\/www.copealcoy.es\\\/es\\\/#\\\/schema\\\/person\\\/e777c87fa024e57d40170af9df39882c\"},\"headline\":\"Crisi a la Manco: Gaianes abandona l&#8217;ens comarcal\",\"datePublished\":\"2021-03-04T12:00:20+00:00\",\"dateModified\":\"2021-03-04T12:15:24+00:00\",\"mainEntityOfPage\":{\"@id\":\"https:\\\/\\\/www.copealcoy.es\\\/es\\\/crisi-a-la-manco-gaianes-abandona-lens-comarcal\\\/\"},\"wordCount\":295,\"commentCount\":0,\"image\":{\"@id\":\"https:\\\/\\\/www.copealcoy.es\\\/es\\\/crisi-a-la-manco-gaianes-abandona-lens-comarcal\\\/#primaryimage\"},\"thumbnailUrl\":\"https:\\\/\\\/www.copealcoy.es\\\/wp-content\\\/uploads\\\/2015\\\/08\\\/Gaianes.jpg\",\"keywords\":[\"Agust\u00ed Mart\u00ednez\",\"crisi\",\"Gaianes\",\"Mancomunitat\"],\"articleSection\":[\"Comarcas\",\"Noticias\"],\"inLanguage\":\"es\"},{\"@type\":\"WebPage\",\"@id\":\"https:\\\/\\\/www.copealcoy.es\\\/es\\\/crisi-a-la-manco-gaianes-abandona-lens-comarcal\\\/\",\"url\":\"https:\\\/\\\/www.copealcoy.es\\\/es\\\/crisi-a-la-manco-gaianes-abandona-lens-comarcal\\\/\",\"name\":\"Crisi a la Manco: Gaianes abandona l'ens comarcal - COPE Alcoy\",\"isPartOf\":{\"@id\":\"https:\\\/\\\/www.copealcoy.es\\\/es\\\/#website\"},\"primaryImageOfPage\":{\"@id\":\"https:\\\/\\\/www.copealcoy.es\\\/es\\\/crisi-a-la-manco-gaianes-abandona-lens-comarcal\\\/#primaryimage\"},\"image\":{\"@id\":\"https:\\\/\\\/www.copealcoy.es\\\/es\\\/crisi-a-la-manco-gaianes-abandona-lens-comarcal\\\/#primaryimage\"},\"thumbnailUrl\":\"https:\\\/\\\/www.copealcoy.es\\\/wp-content\\\/uploads\\\/2015\\\/08\\\/Gaianes.jpg\",\"datePublished\":\"2021-03-04T12:00:20+00:00\",\"dateModified\":\"2021-03-04T12:15:24+00:00\",\"author\":{\"@id\":\"https:\\\/\\\/www.copealcoy.es\\\/es\\\/#\\\/schema\\\/person\\\/e777c87fa024e57d40170af9df39882c\"},\"breadcrumb\":{\"@id\":\"https:\\\/\\\/www.copealcoy.es\\\/es\\\/crisi-a-la-manco-gaianes-abandona-lens-comarcal\\\/#breadcrumb\"},\"inLanguage\":\"es\",\"potentialAction\":[{\"@type\":\"ReadAction\",\"target\":[\"https:\\\/\\\/www.copealcoy.es\\\/es\\\/crisi-a-la-manco-gaianes-abandona-lens-comarcal\\\/\"]}]},{\"@type\":\"ImageObject\",\"inLanguage\":\"es\",\"@id\":\"https:\\\/\\\/www.copealcoy.es\\\/es\\\/crisi-a-la-manco-gaianes-abandona-lens-comarcal\\\/#primaryimage\",\"url\":\"https:\\\/\\\/www.copealcoy.es\\\/wp-content\\\/uploads\\\/2015\\\/08\\\/Gaianes.jpg\",\"contentUrl\":\"https:\\\/\\\/www.copealcoy.es\\\/wp-content\\\/uploads\\\/2015\\\/08\\\/Gaianes.jpg\",\"width\":940,\"height\":627,\"caption\":\"Gaianes es uno de los municipios beneficiarios de las ayudas de la Diputaci\u00f3n\"},{\"@type\":\"BreadcrumbList\",\"@id\":\"https:\\\/\\\/www.copealcoy.es\\\/es\\\/crisi-a-la-manco-gaianes-abandona-lens-comarcal\\\/#breadcrumb\",\"itemListElement\":[{\"@type\":\"ListItem\",\"position\":1,\"name\":\"Portada\",\"item\":\"https:\\\/\\\/www.copealcoy.es\\\/es\\\/\"},{\"@type\":\"ListItem\",\"position\":2,\"name\":\"Crisi a la Manco: Gaianes abandona l&#8217;ens comarcal\"}]},{\"@type\":\"WebSite\",\"@id\":\"https:\\\/\\\/www.copealcoy.es\\\/es\\\/#website\",\"url\":\"https:\\\/\\\/www.copealcoy.es\\\/es\\\/\",\"name\":\"COPE Alcoy\",\"description\":\"Emisora COPE de radio local con emisi\u00f3n online. Pont de Sant Jordi 8-10 03803 Alcoy\",\"potentialAction\":[{\"@type\":\"SearchAction\",\"target\":{\"@type\":\"EntryPoint\",\"urlTemplate\":\"https:\\\/\\\/www.copealcoy.es\\\/es\\\/?s={search_term_string}\"},\"query-input\":{\"@type\":\"PropertyValueSpecification\",\"valueRequired\":true,\"valueName\":\"search_term_string\"}}],\"inLanguage\":\"es\"},{\"@type\":\"Person\",\"@id\":\"https:\\\/\\\/www.copealcoy.es\\\/es\\\/#\\\/schema\\\/person\\\/e777c87fa024e57d40170af9df39882c\",\"name\":\"Cope Alcoy\",\"image\":{\"@type\":\"ImageObject\",\"inLanguage\":\"es\",\"@id\":\"https:\\\/\\\/secure.gravatar.com\\\/avatar\\\/bb65d0283347e303893ba14f0692005417c1e0e690a325a4c5d8bb2b3943ee14?s=96&d=mm&r=g\",\"url\":\"https:\\\/\\\/secure.gravatar.com\\\/avatar\\\/bb65d0283347e303893ba14f0692005417c1e0e690a325a4c5d8bb2b3943ee14?s=96&d=mm&r=g\",\"contentUrl\":\"https:\\\/\\\/secure.gravatar.com\\\/avatar\\\/bb65d0283347e303893ba14f0692005417c1e0e690a325a4c5d8bb2b3943ee14?s=96&d=mm&r=g\",\"caption\":\"Cope Alcoy\"}}]}<\/script>\n<!-- \/ Yoast SEO plugin. -->","yoast_head_json":{"title":"Crisi a la Manco: Gaianes abandona l'ens comarcal - COPE Alcoy","robots":{"index":"index","follow":"follow","max-snippet":"max-snippet:-1","max-image-preview":"max-image-preview:large","max-video-preview":"max-video-preview:-1"},"canonical":"https:\/\/www.copealcoy.es\/es\/crisi-a-la-manco-gaianes-abandona-lens-comarcal\/","og_locale":"es_ES","og_type":"article","og_title":"Crisi a la Manco: Gaianes abandona l'ens comarcal - COPE Alcoy","og_description":"Gaianes ha decidit abandonar la Mancomunitat de l&#8217;Alcoi\u00e0-Comtat i se suma aix\u00ed a altres pobles que tamb\u00e9 ho faran pr\u00f2ximament...","og_url":"https:\/\/www.copealcoy.es\/es\/crisi-a-la-manco-gaianes-abandona-lens-comarcal\/","og_site_name":"COPE Alcoy","article_published_time":"2021-03-04T12:00:20+00:00","article_modified_time":"2021-03-04T12:15:24+00:00","og_image":[{"width":940,"height":627,"url":"https:\/\/www.copealcoy.es\/wp-content\/uploads\/2015\/08\/Gaianes.jpg","type":"image\/jpeg"}],"author":"Cope Alcoy","twitter_misc":{"Escrito por":"Cope Alcoy","Tiempo de lectura":"1 minuto"},"schema":{"@context":"https:\/\/schema.org","@graph":[{"@type":"Article","@id":"https:\/\/www.copealcoy.es\/es\/crisi-a-la-manco-gaianes-abandona-lens-comarcal\/#article","isPartOf":{"@id":"https:\/\/www.copealcoy.es\/es\/crisi-a-la-manco-gaianes-abandona-lens-comarcal\/"},"author":{"name":"Cope Alcoy","@id":"https:\/\/www.copealcoy.es\/es\/#\/schema\/person\/e777c87fa024e57d40170af9df39882c"},"headline":"Crisi a la Manco: Gaianes abandona l&#8217;ens comarcal","datePublished":"2021-03-04T12:00:20+00:00","dateModified":"2021-03-04T12:15:24+00:00","mainEntityOfPage":{"@id":"https:\/\/www.copealcoy.es\/es\/crisi-a-la-manco-gaianes-abandona-lens-comarcal\/"},"wordCount":295,"commentCount":0,"image":{"@id":"https:\/\/www.copealcoy.es\/es\/crisi-a-la-manco-gaianes-abandona-lens-comarcal\/#primaryimage"},"thumbnailUrl":"https:\/\/www.copealcoy.es\/wp-content\/uploads\/2015\/08\/Gaianes.jpg","keywords":["Agust\u00ed Mart\u00ednez","crisi","Gaianes","Mancomunitat"],"articleSection":["Comarcas","Noticias"],"inLanguage":"es"},{"@type":"WebPage","@id":"https:\/\/www.copealcoy.es\/es\/crisi-a-la-manco-gaianes-abandona-lens-comarcal\/","url":"https:\/\/www.copealcoy.es\/es\/crisi-a-la-manco-gaianes-abandona-lens-comarcal\/","name":"Crisi a la Manco: Gaianes abandona l'ens comarcal - COPE Alcoy","isPartOf":{"@id":"https:\/\/www.copealcoy.es\/es\/#website"},"primaryImageOfPage":{"@id":"https:\/\/www.copealcoy.es\/es\/crisi-a-la-manco-gaianes-abandona-lens-comarcal\/#primaryimage"},"image":{"@id":"https:\/\/www.copealcoy.es\/es\/crisi-a-la-manco-gaianes-abandona-lens-comarcal\/#primaryimage"},"thumbnailUrl":"https:\/\/www.copealcoy.es\/wp-content\/uploads\/2015\/08\/Gaianes.jpg","datePublished":"2021-03-04T12:00:20+00:00","dateModified":"2021-03-04T12:15:24+00:00","author":{"@id":"https:\/\/www.copealcoy.es\/es\/#\/schema\/person\/e777c87fa024e57d40170af9df39882c"},"breadcrumb":{"@id":"https:\/\/www.copealcoy.es\/es\/crisi-a-la-manco-gaianes-abandona-lens-comarcal\/#breadcrumb"},"inLanguage":"es","potentialAction":[{"@type":"ReadAction","target":["https:\/\/www.copealcoy.es\/es\/crisi-a-la-manco-gaianes-abandona-lens-comarcal\/"]}]},{"@type":"ImageObject","inLanguage":"es","@id":"https:\/\/www.copealcoy.es\/es\/crisi-a-la-manco-gaianes-abandona-lens-comarcal\/#primaryimage","url":"https:\/\/www.copealcoy.es\/wp-content\/uploads\/2015\/08\/Gaianes.jpg","contentUrl":"https:\/\/www.copealcoy.es\/wp-content\/uploads\/2015\/08\/Gaianes.jpg","width":940,"height":627,"caption":"Gaianes es uno de los municipios beneficiarios de las ayudas de la Diputaci\u00f3n"},{"@type":"BreadcrumbList","@id":"https:\/\/www.copealcoy.es\/es\/crisi-a-la-manco-gaianes-abandona-lens-comarcal\/#breadcrumb","itemListElement":[{"@type":"ListItem","position":1,"name":"Portada","item":"https:\/\/www.copealcoy.es\/es\/"},{"@type":"ListItem","position":2,"name":"Crisi a la Manco: Gaianes abandona l&#8217;ens comarcal"}]},{"@type":"WebSite","@id":"https:\/\/www.copealcoy.es\/es\/#website","url":"https:\/\/www.copealcoy.es\/es\/","name":"COPE Alcoy","description":"Emisora COPE de radio local con emisi\u00f3n online. Pont de Sant Jordi 8-10 03803 Alcoy","potentialAction":[{"@type":"SearchAction","target":{"@type":"EntryPoint","urlTemplate":"https:\/\/www.copealcoy.es\/es\/?s={search_term_string}"},"query-input":{"@type":"PropertyValueSpecification","valueRequired":true,"valueName":"search_term_string"}}],"inLanguage":"es"},{"@type":"Person","@id":"https:\/\/www.copealcoy.es\/es\/#\/schema\/person\/e777c87fa024e57d40170af9df39882c","name":"Cope Alcoy","image":{"@type":"ImageObject","inLanguage":"es","@id":"https:\/\/secure.gravatar.com\/avatar\/bb65d0283347e303893ba14f0692005417c1e0e690a325a4c5d8bb2b3943ee14?s=96&d=mm&r=g","url":"https:\/\/secure.gravatar.com\/avatar\/bb65d0283347e303893ba14f0692005417c1e0e690a325a4c5d8bb2b3943ee14?s=96&d=mm&r=g","contentUrl":"https:\/\/secure.gravatar.com\/avatar\/bb65d0283347e303893ba14f0692005417c1e0e690a325a4c5d8bb2b3943ee14?s=96&d=mm&r=g","caption":"Cope Alcoy"}}]}},"_links":{"self":[{"href":"https:\/\/www.copealcoy.es\/es\/wp-json\/wp\/v2\/posts\/71555","targetHints":{"allow":["GET"]}}],"collection":[{"href":"https:\/\/www.copealcoy.es\/es\/wp-json\/wp\/v2\/posts"}],"about":[{"href":"https:\/\/www.copealcoy.es\/es\/wp-json\/wp\/v2\/types\/post"}],"author":[{"embeddable":true,"href":"https:\/\/www.copealcoy.es\/es\/wp-json\/wp\/v2\/users\/1"}],"replies":[{"embeddable":true,"href":"https:\/\/www.copealcoy.es\/es\/wp-json\/wp\/v2\/comments?post=71555"}],"version-history":[{"count":0,"href":"https:\/\/www.copealcoy.es\/es\/wp-json\/wp\/v2\/posts\/71555\/revisions"}],"wp:featuredmedia":[{"embeddable":true,"href":"https:\/\/www.copealcoy.es\/es\/wp-json\/wp\/v2\/media\/15062"}],"wp:attachment":[{"href":"https:\/\/www.copealcoy.es\/es\/wp-json\/wp\/v2\/media?parent=71555"}],"wp:term":[{"taxonomy":"category","embeddable":true,"href":"https:\/\/www.copealcoy.es\/es\/wp-json\/wp\/v2\/categories?post=71555"},{"taxonomy":"post_tag","embeddable":true,"href":"https:\/\/www.copealcoy.es\/es\/wp-json\/wp\/v2\/tags?post=71555"}],"curies":[{"name":"wp","href":"https:\/\/api.w.org\/{rel}","templated":true}]}}