{"id":71531,"date":"2021-03-03T16:55:56","date_gmt":"2021-03-03T15:55:56","guid":{"rendered":"https:\/\/www.copealcoy.es\/?p=71531"},"modified":"2021-03-03T17:23:48","modified_gmt":"2021-03-03T16:23:48","slug":"el-consell-no-preve-flexibilizar-mas-restricciones-hasta-el-14-de-marzo","status":"publish","type":"post","link":"https:\/\/www.copealcoy.es\/es\/el-consell-no-preve-flexibilizar-mas-restricciones-hasta-el-14-de-marzo\/","title":{"rendered":"El Consell no prev\u00e9 flexibilizar m\u00e1s restricciones hasta el 14 de marzo"},"content":{"rendered":"<p style=\"text-align: justify;\">El President de la Generalitat, <strong>Ximo Puig,<\/strong>\u00a0explic\u00f3 la semana pasada que <strong>los datos de la pandemia en la Comunitat se analizar\u00edan semanalmente<\/strong> para modificar o ajustar alguna de las medidas en vigor si la situaci\u00f3n as\u00ed lo requiriese. Pero todo apunta que<strong> esa revisi\u00f3n no se produzca esta semana<\/strong>, cuando las medidas apenas llevan vigentes tres d\u00edas.<\/p>\n<p style=\"text-align: justify;\">Fuentes del Gobierno valenciano <strong>insisten en la cautela y la prudencia<\/strong> con la que se quiere abordar la desescalada y por tanto <strong>defienden la necesidad de esperar unos d\u00edas m\u00e1s<\/strong> para que la flexibilizaci\u00f3n de las medidas se refleje en los datos epidemiol\u00f3gicos, si bien es cierto que la\u00a0<strong>Comunitat mantiene la tendencia a la baja en cuanto a n\u00famero de contagios, de ingresos hospitalarios y de incidencia acumulada que se sit\u00faa en 103,62 casos por cada 100.000 habitantes en la Comunitat Valenciana\u00a0<\/strong>con la \u00faltima actualizaci\u00f3n de ayer por parte del Ministerio de Sanidad.<\/p>\n<p style=\"text-align: justify;\">Lo cierto es que <strong>la \u00fanica reuni\u00f3n a la que el Consell ha puesto fecha es la del pr\u00f3ximo 9 de marzo con el sector hostelero<\/strong>, que\u00a0<a href=\"https:\/\/www.cope.es\/emisoras\/comunidad-valenciana\/valencia-provincia\/noticias\/los-hosteleros-valencianos-siguen-presionando-para-abrir-interior-sus-locales-20210303_1169212\">sigue presionando para que la Generalitat permita abrir el interior de los locales<\/a>. Una medida que <strong>podr\u00eda adoptarse en ese encuentro o bien quedar aplazada al pr\u00f3ximo 14 de marzo<\/strong> atendiendo a la m\u00e1xima de prudencia y cautela con la que el Consell quiere avanzar en la desescalada.<\/p>\n<p style=\"text-align: justify;\">Por tanto sin una reuni\u00f3n de la Mesa Interdepartamental a la vista parece complicado que la Generalitat de nuevos pasos en la flexibilizaci\u00f3n de las medidas actuales antes del pr\u00f3ximo 14 de marzo. Tanto la Consellera de Sanidad como<strong>\u00a0el President Ximo Puig han manifestado que la situaci\u00f3n <\/strong><em>&#8220;ideal&#8221; <\/em><strong>para una normalizaci\u00f3n de las restricciones vendr\u00eda marcada por la incidencia del virus que deber\u00eda situarse en 50 contagios por cada 100 habitantes.\u00a0<\/strong>Un argumento que <strong>comparten con el Ministerio de Sanidad<\/strong> para mantener las restricciones ante la Semana Santa para evitar un posible rebrote de contagios y una cuarta ola.<\/p>\n<p style=\"text-align: justify;\">Por tanto a no ser que los datos dieran un vuelco espectacular,\u00a0<b>hasta el 14 de marzo seguir\u00e1n vigentes las actuales restricciones por las que solo pueden abrir las terrazas de bares y restaurantes con un aforo del 75%\u00a0<\/b>y mesas de hasta cuatro personas,\u00a0<b>los comercios permanecer\u00e1n abiertos hasta las 20 horas y se permite la pr\u00e1ctica deportiva \u00fanicamente en instalaciones al aire libre.<\/b><\/p>\n","protected":false},"excerpt":{"rendered":"<p>El President de la Generalitat, Ximo Puig,\u00a0explic\u00f3 la semana pasada que los datos de la pandemia en la Comunitat se&#8230;<\/p>\n","protected":false},"author":1,"featured_media":24056,"comment_status":"open","ping_status":"open","sticky":false,"template":"","format":"standard","meta":{"footnotes":""},"categories":[97,75,79],"tags":[10951,479,7281,10050,400],"class_list":["post-71531","post","type-post","status-publish","format-standard","has-post-thumbnail","hentry","category-alcoy","category-noticias","category-politicayeconomia","tag-14-de-marzo","tag-consell","tag-coronavirus","tag-crisis-sanitaria","tag-restricciones"],"yoast_head":"<!-- This site is optimized with the Yoast SEO plugin v27.3 - https:\/\/yoast.com\/product\/yoast-seo-wordpress\/ -->\n<title>El Consell no prev\u00e9 flexibilizar m\u00e1s restricciones hasta el 14 de marzo - COPE Alcoy<\/title>\n<meta name=\"robots\" content=\"index, follow, max-snippet:-1, max-image-preview:large, max-video-preview:-1\" \/>\n<link rel=\"canonical\" href=\"https:\/\/www.copealcoy.es\/es\/el-consell-no-preve-flexibilizar-mas-restricciones-hasta-el-14-de-marzo\/\" \/>\n<meta property=\"og:locale\" content=\"es_ES\" \/>\n<meta property=\"og:type\" content=\"article\" \/>\n<meta property=\"og:title\" content=\"El Consell no prev\u00e9 flexibilizar m\u00e1s restricciones hasta el 14 de marzo - COPE Alcoy\" \/>\n<meta property=\"og:description\" content=\"El President de la Generalitat, Ximo Puig,\u00a0explic\u00f3 la semana pasada que los datos de la pandemia en la Comunitat se...\" \/>\n<meta property=\"og:url\" content=\"https:\/\/www.copealcoy.es\/es\/el-consell-no-preve-flexibilizar-mas-restricciones-hasta-el-14-de-marzo\/\" \/>\n<meta property=\"og:site_name\" content=\"COPE Alcoy\" \/>\n<meta property=\"article:published_time\" content=\"2021-03-03T15:55:56+00:00\" \/>\n<meta property=\"article:modified_time\" content=\"2021-03-03T16:23:48+00:00\" \/>\n<meta property=\"og:image\" content=\"https:\/\/www.copealcoy.es\/wp-content\/uploads\/2016\/07\/13900378_10209985278209221_1916826111_n-e1470002384273.jpg\" \/>\n\t<meta property=\"og:image:width\" content=\"952\" \/>\n\t<meta property=\"og:image:height\" content=\"530\" \/>\n\t<meta property=\"og:image:type\" content=\"image\/jpeg\" \/>\n<meta name=\"author\" content=\"Cope Alcoy\" \/>\n<meta name=\"twitter:label1\" content=\"Escrito por\" \/>\n\t<meta name=\"twitter:data1\" content=\"Cope Alcoy\" \/>\n\t<meta name=\"twitter:label2\" content=\"Tiempo de lectura\" \/>\n\t<meta name=\"twitter:data2\" content=\"2 minutos\" \/>\n<script type=\"application\/ld+json\" class=\"yoast-schema-graph\">{\"@context\":\"https:\\\/\\\/schema.org\",\"@graph\":[{\"@type\":\"Article\",\"@id\":\"https:\\\/\\\/www.copealcoy.es\\\/es\\\/el-consell-no-preve-flexibilizar-mas-restricciones-hasta-el-14-de-marzo\\\/#article\",\"isPartOf\":{\"@id\":\"https:\\\/\\\/www.copealcoy.es\\\/es\\\/el-consell-no-preve-flexibilizar-mas-restricciones-hasta-el-14-de-marzo\\\/\"},\"author\":{\"name\":\"Cope Alcoy\",\"@id\":\"https:\\\/\\\/www.copealcoy.es\\\/es\\\/#\\\/schema\\\/person\\\/e777c87fa024e57d40170af9df39882c\"},\"headline\":\"El Consell no prev\u00e9 flexibilizar m\u00e1s restricciones hasta el 14 de marzo\",\"datePublished\":\"2021-03-03T15:55:56+00:00\",\"dateModified\":\"2021-03-03T16:23:48+00:00\",\"mainEntityOfPage\":{\"@id\":\"https:\\\/\\\/www.copealcoy.es\\\/es\\\/el-consell-no-preve-flexibilizar-mas-restricciones-hasta-el-14-de-marzo\\\/\"},\"wordCount\":421,\"commentCount\":0,\"image\":{\"@id\":\"https:\\\/\\\/www.copealcoy.es\\\/es\\\/el-consell-no-preve-flexibilizar-mas-restricciones-hasta-el-14-de-marzo\\\/#primaryimage\"},\"thumbnailUrl\":\"https:\\\/\\\/www.copealcoy.es\\\/wp-content\\\/uploads\\\/2016\\\/07\\\/13900378_10209985278209221_1916826111_n-e1470002384273.jpg\",\"keywords\":[\"14 de marzo\",\"Consell\",\"Coronavirus\",\"crisis sanitaria\",\"Restricciones\"],\"articleSection\":[\"Alcoy\",\"Noticias\",\"Pol\u00edtica y Econom\u00eda\"],\"inLanguage\":\"es\"},{\"@type\":\"WebPage\",\"@id\":\"https:\\\/\\\/www.copealcoy.es\\\/es\\\/el-consell-no-preve-flexibilizar-mas-restricciones-hasta-el-14-de-marzo\\\/\",\"url\":\"https:\\\/\\\/www.copealcoy.es\\\/es\\\/el-consell-no-preve-flexibilizar-mas-restricciones-hasta-el-14-de-marzo\\\/\",\"name\":\"El Consell no prev\u00e9 flexibilizar m\u00e1s restricciones hasta el 14 de marzo - COPE Alcoy\",\"isPartOf\":{\"@id\":\"https:\\\/\\\/www.copealcoy.es\\\/es\\\/#website\"},\"primaryImageOfPage\":{\"@id\":\"https:\\\/\\\/www.copealcoy.es\\\/es\\\/el-consell-no-preve-flexibilizar-mas-restricciones-hasta-el-14-de-marzo\\\/#primaryimage\"},\"image\":{\"@id\":\"https:\\\/\\\/www.copealcoy.es\\\/es\\\/el-consell-no-preve-flexibilizar-mas-restricciones-hasta-el-14-de-marzo\\\/#primaryimage\"},\"thumbnailUrl\":\"https:\\\/\\\/www.copealcoy.es\\\/wp-content\\\/uploads\\\/2016\\\/07\\\/13900378_10209985278209221_1916826111_n-e1470002384273.jpg\",\"datePublished\":\"2021-03-03T15:55:56+00:00\",\"dateModified\":\"2021-03-03T16:23:48+00:00\",\"author\":{\"@id\":\"https:\\\/\\\/www.copealcoy.es\\\/es\\\/#\\\/schema\\\/person\\\/e777c87fa024e57d40170af9df39882c\"},\"breadcrumb\":{\"@id\":\"https:\\\/\\\/www.copealcoy.es\\\/es\\\/el-consell-no-preve-flexibilizar-mas-restricciones-hasta-el-14-de-marzo\\\/#breadcrumb\"},\"inLanguage\":\"es\",\"potentialAction\":[{\"@type\":\"ReadAction\",\"target\":[\"https:\\\/\\\/www.copealcoy.es\\\/es\\\/el-consell-no-preve-flexibilizar-mas-restricciones-hasta-el-14-de-marzo\\\/\"]}]},{\"@type\":\"ImageObject\",\"inLanguage\":\"es\",\"@id\":\"https:\\\/\\\/www.copealcoy.es\\\/es\\\/el-consell-no-preve-flexibilizar-mas-restricciones-hasta-el-14-de-marzo\\\/#primaryimage\",\"url\":\"https:\\\/\\\/www.copealcoy.es\\\/wp-content\\\/uploads\\\/2016\\\/07\\\/13900378_10209985278209221_1916826111_n-e1470002384273.jpg\",\"contentUrl\":\"https:\\\/\\\/www.copealcoy.es\\\/wp-content\\\/uploads\\\/2016\\\/07\\\/13900378_10209985278209221_1916826111_n-e1470002384273.jpg\",\"width\":952,\"height\":530},{\"@type\":\"BreadcrumbList\",\"@id\":\"https:\\\/\\\/www.copealcoy.es\\\/es\\\/el-consell-no-preve-flexibilizar-mas-restricciones-hasta-el-14-de-marzo\\\/#breadcrumb\",\"itemListElement\":[{\"@type\":\"ListItem\",\"position\":1,\"name\":\"Portada\",\"item\":\"https:\\\/\\\/www.copealcoy.es\\\/es\\\/\"},{\"@type\":\"ListItem\",\"position\":2,\"name\":\"El Consell no prev\u00e9 flexibilizar m\u00e1s restricciones hasta el 14 de marzo\"}]},{\"@type\":\"WebSite\",\"@id\":\"https:\\\/\\\/www.copealcoy.es\\\/es\\\/#website\",\"url\":\"https:\\\/\\\/www.copealcoy.es\\\/es\\\/\",\"name\":\"COPE Alcoy\",\"description\":\"Emisora COPE de radio local con emisi\u00f3n online. Pont de Sant Jordi 8-10 03803 Alcoy\",\"potentialAction\":[{\"@type\":\"SearchAction\",\"target\":{\"@type\":\"EntryPoint\",\"urlTemplate\":\"https:\\\/\\\/www.copealcoy.es\\\/es\\\/?s={search_term_string}\"},\"query-input\":{\"@type\":\"PropertyValueSpecification\",\"valueRequired\":true,\"valueName\":\"search_term_string\"}}],\"inLanguage\":\"es\"},{\"@type\":\"Person\",\"@id\":\"https:\\\/\\\/www.copealcoy.es\\\/es\\\/#\\\/schema\\\/person\\\/e777c87fa024e57d40170af9df39882c\",\"name\":\"Cope Alcoy\",\"image\":{\"@type\":\"ImageObject\",\"inLanguage\":\"es\",\"@id\":\"https:\\\/\\\/secure.gravatar.com\\\/avatar\\\/bb65d0283347e303893ba14f0692005417c1e0e690a325a4c5d8bb2b3943ee14?s=96&d=mm&r=g\",\"url\":\"https:\\\/\\\/secure.gravatar.com\\\/avatar\\\/bb65d0283347e303893ba14f0692005417c1e0e690a325a4c5d8bb2b3943ee14?s=96&d=mm&r=g\",\"contentUrl\":\"https:\\\/\\\/secure.gravatar.com\\\/avatar\\\/bb65d0283347e303893ba14f0692005417c1e0e690a325a4c5d8bb2b3943ee14?s=96&d=mm&r=g\",\"caption\":\"Cope Alcoy\"}}]}<\/script>\n<!-- \/ Yoast SEO plugin. -->","yoast_head_json":{"title":"El Consell no prev\u00e9 flexibilizar m\u00e1s restricciones hasta el 14 de marzo - COPE Alcoy","robots":{"index":"index","follow":"follow","max-snippet":"max-snippet:-1","max-image-preview":"max-image-preview:large","max-video-preview":"max-video-preview:-1"},"canonical":"https:\/\/www.copealcoy.es\/es\/el-consell-no-preve-flexibilizar-mas-restricciones-hasta-el-14-de-marzo\/","og_locale":"es_ES","og_type":"article","og_title":"El Consell no prev\u00e9 flexibilizar m\u00e1s restricciones hasta el 14 de marzo - COPE Alcoy","og_description":"El President de la Generalitat, Ximo Puig,\u00a0explic\u00f3 la semana pasada que los datos de la pandemia en la Comunitat se...","og_url":"https:\/\/www.copealcoy.es\/es\/el-consell-no-preve-flexibilizar-mas-restricciones-hasta-el-14-de-marzo\/","og_site_name":"COPE Alcoy","article_published_time":"2021-03-03T15:55:56+00:00","article_modified_time":"2021-03-03T16:23:48+00:00","og_image":[{"width":952,"height":530,"url":"https:\/\/www.copealcoy.es\/wp-content\/uploads\/2016\/07\/13900378_10209985278209221_1916826111_n-e1470002384273.jpg","type":"image\/jpeg"}],"author":"Cope Alcoy","twitter_misc":{"Escrito por":"Cope Alcoy","Tiempo de lectura":"2 minutos"},"schema":{"@context":"https:\/\/schema.org","@graph":[{"@type":"Article","@id":"https:\/\/www.copealcoy.es\/es\/el-consell-no-preve-flexibilizar-mas-restricciones-hasta-el-14-de-marzo\/#article","isPartOf":{"@id":"https:\/\/www.copealcoy.es\/es\/el-consell-no-preve-flexibilizar-mas-restricciones-hasta-el-14-de-marzo\/"},"author":{"name":"Cope Alcoy","@id":"https:\/\/www.copealcoy.es\/es\/#\/schema\/person\/e777c87fa024e57d40170af9df39882c"},"headline":"El Consell no prev\u00e9 flexibilizar m\u00e1s restricciones hasta el 14 de marzo","datePublished":"2021-03-03T15:55:56+00:00","dateModified":"2021-03-03T16:23:48+00:00","mainEntityOfPage":{"@id":"https:\/\/www.copealcoy.es\/es\/el-consell-no-preve-flexibilizar-mas-restricciones-hasta-el-14-de-marzo\/"},"wordCount":421,"commentCount":0,"image":{"@id":"https:\/\/www.copealcoy.es\/es\/el-consell-no-preve-flexibilizar-mas-restricciones-hasta-el-14-de-marzo\/#primaryimage"},"thumbnailUrl":"https:\/\/www.copealcoy.es\/wp-content\/uploads\/2016\/07\/13900378_10209985278209221_1916826111_n-e1470002384273.jpg","keywords":["14 de marzo","Consell","Coronavirus","crisis sanitaria","Restricciones"],"articleSection":["Alcoy","Noticias","Pol\u00edtica y Econom\u00eda"],"inLanguage":"es"},{"@type":"WebPage","@id":"https:\/\/www.copealcoy.es\/es\/el-consell-no-preve-flexibilizar-mas-restricciones-hasta-el-14-de-marzo\/","url":"https:\/\/www.copealcoy.es\/es\/el-consell-no-preve-flexibilizar-mas-restricciones-hasta-el-14-de-marzo\/","name":"El Consell no prev\u00e9 flexibilizar m\u00e1s restricciones hasta el 14 de marzo - COPE Alcoy","isPartOf":{"@id":"https:\/\/www.copealcoy.es\/es\/#website"},"primaryImageOfPage":{"@id":"https:\/\/www.copealcoy.es\/es\/el-consell-no-preve-flexibilizar-mas-restricciones-hasta-el-14-de-marzo\/#primaryimage"},"image":{"@id":"https:\/\/www.copealcoy.es\/es\/el-consell-no-preve-flexibilizar-mas-restricciones-hasta-el-14-de-marzo\/#primaryimage"},"thumbnailUrl":"https:\/\/www.copealcoy.es\/wp-content\/uploads\/2016\/07\/13900378_10209985278209221_1916826111_n-e1470002384273.jpg","datePublished":"2021-03-03T15:55:56+00:00","dateModified":"2021-03-03T16:23:48+00:00","author":{"@id":"https:\/\/www.copealcoy.es\/es\/#\/schema\/person\/e777c87fa024e57d40170af9df39882c"},"breadcrumb":{"@id":"https:\/\/www.copealcoy.es\/es\/el-consell-no-preve-flexibilizar-mas-restricciones-hasta-el-14-de-marzo\/#breadcrumb"},"inLanguage":"es","potentialAction":[{"@type":"ReadAction","target":["https:\/\/www.copealcoy.es\/es\/el-consell-no-preve-flexibilizar-mas-restricciones-hasta-el-14-de-marzo\/"]}]},{"@type":"ImageObject","inLanguage":"es","@id":"https:\/\/www.copealcoy.es\/es\/el-consell-no-preve-flexibilizar-mas-restricciones-hasta-el-14-de-marzo\/#primaryimage","url":"https:\/\/www.copealcoy.es\/wp-content\/uploads\/2016\/07\/13900378_10209985278209221_1916826111_n-e1470002384273.jpg","contentUrl":"https:\/\/www.copealcoy.es\/wp-content\/uploads\/2016\/07\/13900378_10209985278209221_1916826111_n-e1470002384273.jpg","width":952,"height":530},{"@type":"BreadcrumbList","@id":"https:\/\/www.copealcoy.es\/es\/el-consell-no-preve-flexibilizar-mas-restricciones-hasta-el-14-de-marzo\/#breadcrumb","itemListElement":[{"@type":"ListItem","position":1,"name":"Portada","item":"https:\/\/www.copealcoy.es\/es\/"},{"@type":"ListItem","position":2,"name":"El Consell no prev\u00e9 flexibilizar m\u00e1s restricciones hasta el 14 de marzo"}]},{"@type":"WebSite","@id":"https:\/\/www.copealcoy.es\/es\/#website","url":"https:\/\/www.copealcoy.es\/es\/","name":"COPE Alcoy","description":"Emisora COPE de radio local con emisi\u00f3n online. Pont de Sant Jordi 8-10 03803 Alcoy","potentialAction":[{"@type":"SearchAction","target":{"@type":"EntryPoint","urlTemplate":"https:\/\/www.copealcoy.es\/es\/?s={search_term_string}"},"query-input":{"@type":"PropertyValueSpecification","valueRequired":true,"valueName":"search_term_string"}}],"inLanguage":"es"},{"@type":"Person","@id":"https:\/\/www.copealcoy.es\/es\/#\/schema\/person\/e777c87fa024e57d40170af9df39882c","name":"Cope Alcoy","image":{"@type":"ImageObject","inLanguage":"es","@id":"https:\/\/secure.gravatar.com\/avatar\/bb65d0283347e303893ba14f0692005417c1e0e690a325a4c5d8bb2b3943ee14?s=96&d=mm&r=g","url":"https:\/\/secure.gravatar.com\/avatar\/bb65d0283347e303893ba14f0692005417c1e0e690a325a4c5d8bb2b3943ee14?s=96&d=mm&r=g","contentUrl":"https:\/\/secure.gravatar.com\/avatar\/bb65d0283347e303893ba14f0692005417c1e0e690a325a4c5d8bb2b3943ee14?s=96&d=mm&r=g","caption":"Cope Alcoy"}}]}},"_links":{"self":[{"href":"https:\/\/www.copealcoy.es\/es\/wp-json\/wp\/v2\/posts\/71531","targetHints":{"allow":["GET"]}}],"collection":[{"href":"https:\/\/www.copealcoy.es\/es\/wp-json\/wp\/v2\/posts"}],"about":[{"href":"https:\/\/www.copealcoy.es\/es\/wp-json\/wp\/v2\/types\/post"}],"author":[{"embeddable":true,"href":"https:\/\/www.copealcoy.es\/es\/wp-json\/wp\/v2\/users\/1"}],"replies":[{"embeddable":true,"href":"https:\/\/www.copealcoy.es\/es\/wp-json\/wp\/v2\/comments?post=71531"}],"version-history":[{"count":0,"href":"https:\/\/www.copealcoy.es\/es\/wp-json\/wp\/v2\/posts\/71531\/revisions"}],"wp:featuredmedia":[{"embeddable":true,"href":"https:\/\/www.copealcoy.es\/es\/wp-json\/wp\/v2\/media\/24056"}],"wp:attachment":[{"href":"https:\/\/www.copealcoy.es\/es\/wp-json\/wp\/v2\/media?parent=71531"}],"wp:term":[{"taxonomy":"category","embeddable":true,"href":"https:\/\/www.copealcoy.es\/es\/wp-json\/wp\/v2\/categories?post=71531"},{"taxonomy":"post_tag","embeddable":true,"href":"https:\/\/www.copealcoy.es\/es\/wp-json\/wp\/v2\/tags?post=71531"}],"curies":[{"name":"wp","href":"https:\/\/api.w.org\/{rel}","templated":true}]}}