{"id":71527,"date":"2021-03-03T16:47:05","date_gmt":"2021-03-03T15:47:05","guid":{"rendered":"https:\/\/www.copealcoy.es\/?p=71527"},"modified":"2021-03-03T16:53:04","modified_gmt":"2021-03-03T15:53:04","slug":"puig-mantendra-el-cierre-perimetral-de-la-comunitat-en-semana-santa-y-pascua","status":"publish","type":"post","link":"https:\/\/www.copealcoy.es\/es\/puig-mantendra-el-cierre-perimetral-de-la-comunitat-en-semana-santa-y-pascua\/","title":{"rendered":"Puig mantendr\u00e1 el cierre perimetral de la Comunitat en Semana Santa y Pascua"},"content":{"rendered":"<p style=\"text-align: justify;\">El President de la Generalitat, <strong>Ximo Puig<\/strong>, se ha puesto en contacto con todos los<strong> Presidentes de las Comunidades lim\u00edtrofes -Baleares, Arag\u00f3n, Murcia, Castilla-La Mancha y Catalu\u00f1a<\/strong>&#8212; para &#8220;<em>acordar una posici\u00f3n conjunta de\u00a0limitar la movilidad durante las vacaciones de Semana Santa y Pascua&#8221;<\/em>, seg\u00fan han informado fuentes del Consell.<\/p>\n<p style=\"text-align: justify;\">Puig ha realizado estas declaraciones tras reunirse con la <strong>Consellera de Sanidad, Ana Barcel\u00f3,\u00a0<\/strong>para analizar la posici\u00f3n que la Comunitat Valenciana defender\u00e1 en la reuni\u00f3n de esta tarde del<strong>\u00a0Consejo Interterritorial del Sistema Nacional,<\/strong>\u00a0que es la de &#8220;<em>mantener las restricciones de movilidad vigentes&#8221; entre las comunidades aut\u00f3nomas porque no puede haber alguna que ponga en riesgo el esfuerzo que se ha hecho por los valencianos&#8221;.<\/em><\/p>\n<p style=\"text-align: justify;\">En ese sentido, Puig ha insistido en\u00a0<strong>hay que ser <\/strong><em>&#8220;prudente&#8221;<\/em><strong> en un momento en el que <\/strong><em>&#8220;gracias al esfuerzo de la sociedad valenciana se est\u00e1n consiguiendo grades avances&#8221;.<\/em> De hecho, ha resaltado que hoy se prev\u00e9 bajar de una incidencia acumulada en los \u00faltimos 14 d\u00edas de 100 casos por cada 100.000 habitantes.<\/p>\n<p style=\"text-align: justify;\">Al respecto,\u00a0<strong>ha recalcado que aunque se trata de <\/strong><em>&#8220;un dato extraordinario, a\u00fan estamos lejos de la consolidaci\u00f3n definitiva para superar la pandemia&#8221;. <\/em>Por ello, ha exigido &#8220;<em>la corresponsabilidad de todas las comunidades aut\u00f3nomas<\/em>&#8221; porque &#8220;<em>no puede haber comunidades que pongan en riesgo este esfuerzo que se ha hecho por los valencianos<\/em>&#8220;.<\/p>\n<p style=\"text-align: justify;\"><em>&#8220;La situaci\u00f3n epidemiol\u00f3gica sigue mejorando, pero no podemos echar por la borda los esfuerzos realizados por la sociedad valenciana durante las \u00faltimas semanas. Hay que consolidar la mejor\u00eda alcanzada&#8221;,\u00a0<\/em>ha apostillado.<\/p>\n","protected":false},"excerpt":{"rendered":"<p>El President de la Generalitat, Ximo Puig, se ha puesto en contacto con todos los Presidentes de las Comunidades lim\u00edtrofes&#8230;<\/p>\n","protected":false},"author":1,"featured_media":67503,"comment_status":"open","ping_status":"open","sticky":false,"template":"","format":"standard","meta":{"footnotes":""},"categories":[98,75],"tags":[10268,1768,745,1728],"class_list":["post-71527","post","type-post","status-publish","format-standard","has-post-thumbnail","hentry","category-comarcas","category-noticias","tag-cierre-perimetral","tag-comunitat-valenciana","tag-semana-santa","tag-ximo-puig"],"yoast_head":"<!-- This site is optimized with the Yoast SEO plugin v27.3 - https:\/\/yoast.com\/product\/yoast-seo-wordpress\/ -->\n<title>Puig mantendr\u00e1 el cierre perimetral de la Comunitat en Semana Santa y Pascua - COPE Alcoy<\/title>\n<meta name=\"robots\" content=\"index, follow, max-snippet:-1, max-image-preview:large, max-video-preview:-1\" \/>\n<link rel=\"canonical\" href=\"https:\/\/www.copealcoy.es\/es\/puig-mantendra-el-cierre-perimetral-de-la-comunitat-en-semana-santa-y-pascua\/\" \/>\n<meta property=\"og:locale\" content=\"es_ES\" \/>\n<meta property=\"og:type\" content=\"article\" \/>\n<meta property=\"og:title\" content=\"Puig mantendr\u00e1 el cierre perimetral de la Comunitat en Semana Santa y Pascua - COPE Alcoy\" \/>\n<meta property=\"og:description\" content=\"El President de la Generalitat, Ximo Puig, se ha puesto en contacto con todos los Presidentes de las Comunidades lim\u00edtrofes...\" \/>\n<meta property=\"og:url\" content=\"https:\/\/www.copealcoy.es\/es\/puig-mantendra-el-cierre-perimetral-de-la-comunitat-en-semana-santa-y-pascua\/\" \/>\n<meta property=\"og:site_name\" content=\"COPE Alcoy\" \/>\n<meta property=\"article:published_time\" content=\"2021-03-03T15:47:05+00:00\" \/>\n<meta property=\"article:modified_time\" content=\"2021-03-03T15:53:04+00:00\" \/>\n<meta property=\"og:image\" content=\"https:\/\/www.copealcoy.es\/wp-content\/uploads\/2020\/11\/1604407375263.jpg\" \/>\n\t<meta property=\"og:image:width\" content=\"976\" \/>\n\t<meta property=\"og:image:height\" content=\"539\" \/>\n\t<meta property=\"og:image:type\" content=\"image\/jpeg\" \/>\n<meta name=\"author\" content=\"Cope Alcoy\" \/>\n<meta name=\"twitter:label1\" content=\"Escrito por\" \/>\n\t<meta name=\"twitter:data1\" content=\"Cope Alcoy\" \/>\n\t<meta name=\"twitter:label2\" content=\"Tiempo de lectura\" \/>\n\t<meta name=\"twitter:data2\" content=\"1 minuto\" \/>\n<script type=\"application\/ld+json\" class=\"yoast-schema-graph\">{\"@context\":\"https:\\\/\\\/schema.org\",\"@graph\":[{\"@type\":\"Article\",\"@id\":\"https:\\\/\\\/www.copealcoy.es\\\/es\\\/puig-mantendra-el-cierre-perimetral-de-la-comunitat-en-semana-santa-y-pascua\\\/#article\",\"isPartOf\":{\"@id\":\"https:\\\/\\\/www.copealcoy.es\\\/es\\\/puig-mantendra-el-cierre-perimetral-de-la-comunitat-en-semana-santa-y-pascua\\\/\"},\"author\":{\"name\":\"Cope Alcoy\",\"@id\":\"https:\\\/\\\/www.copealcoy.es\\\/es\\\/#\\\/schema\\\/person\\\/e777c87fa024e57d40170af9df39882c\"},\"headline\":\"Puig mantendr\u00e1 el cierre perimetral de la Comunitat en Semana Santa y Pascua\",\"datePublished\":\"2021-03-03T15:47:05+00:00\",\"dateModified\":\"2021-03-03T15:53:04+00:00\",\"mainEntityOfPage\":{\"@id\":\"https:\\\/\\\/www.copealcoy.es\\\/es\\\/puig-mantendra-el-cierre-perimetral-de-la-comunitat-en-semana-santa-y-pascua\\\/\"},\"wordCount\":280,\"commentCount\":0,\"image\":{\"@id\":\"https:\\\/\\\/www.copealcoy.es\\\/es\\\/puig-mantendra-el-cierre-perimetral-de-la-comunitat-en-semana-santa-y-pascua\\\/#primaryimage\"},\"thumbnailUrl\":\"https:\\\/\\\/www.copealcoy.es\\\/wp-content\\\/uploads\\\/2020\\\/11\\\/1604407375263.jpg\",\"keywords\":[\"cierre perimetral\",\"Comunitat Valenciana\",\"Semana Santa\",\"Ximo Puig\"],\"articleSection\":[\"Comarcas\",\"Noticias\"],\"inLanguage\":\"es\"},{\"@type\":\"WebPage\",\"@id\":\"https:\\\/\\\/www.copealcoy.es\\\/es\\\/puig-mantendra-el-cierre-perimetral-de-la-comunitat-en-semana-santa-y-pascua\\\/\",\"url\":\"https:\\\/\\\/www.copealcoy.es\\\/es\\\/puig-mantendra-el-cierre-perimetral-de-la-comunitat-en-semana-santa-y-pascua\\\/\",\"name\":\"Puig mantendr\u00e1 el cierre perimetral de la Comunitat en Semana Santa y Pascua - COPE Alcoy\",\"isPartOf\":{\"@id\":\"https:\\\/\\\/www.copealcoy.es\\\/es\\\/#website\"},\"primaryImageOfPage\":{\"@id\":\"https:\\\/\\\/www.copealcoy.es\\\/es\\\/puig-mantendra-el-cierre-perimetral-de-la-comunitat-en-semana-santa-y-pascua\\\/#primaryimage\"},\"image\":{\"@id\":\"https:\\\/\\\/www.copealcoy.es\\\/es\\\/puig-mantendra-el-cierre-perimetral-de-la-comunitat-en-semana-santa-y-pascua\\\/#primaryimage\"},\"thumbnailUrl\":\"https:\\\/\\\/www.copealcoy.es\\\/wp-content\\\/uploads\\\/2020\\\/11\\\/1604407375263.jpg\",\"datePublished\":\"2021-03-03T15:47:05+00:00\",\"dateModified\":\"2021-03-03T15:53:04+00:00\",\"author\":{\"@id\":\"https:\\\/\\\/www.copealcoy.es\\\/es\\\/#\\\/schema\\\/person\\\/e777c87fa024e57d40170af9df39882c\"},\"breadcrumb\":{\"@id\":\"https:\\\/\\\/www.copealcoy.es\\\/es\\\/puig-mantendra-el-cierre-perimetral-de-la-comunitat-en-semana-santa-y-pascua\\\/#breadcrumb\"},\"inLanguage\":\"es\",\"potentialAction\":[{\"@type\":\"ReadAction\",\"target\":[\"https:\\\/\\\/www.copealcoy.es\\\/es\\\/puig-mantendra-el-cierre-perimetral-de-la-comunitat-en-semana-santa-y-pascua\\\/\"]}]},{\"@type\":\"ImageObject\",\"inLanguage\":\"es\",\"@id\":\"https:\\\/\\\/www.copealcoy.es\\\/es\\\/puig-mantendra-el-cierre-perimetral-de-la-comunitat-en-semana-santa-y-pascua\\\/#primaryimage\",\"url\":\"https:\\\/\\\/www.copealcoy.es\\\/wp-content\\\/uploads\\\/2020\\\/11\\\/1604407375263.jpg\",\"contentUrl\":\"https:\\\/\\\/www.copealcoy.es\\\/wp-content\\\/uploads\\\/2020\\\/11\\\/1604407375263.jpg\",\"width\":976,\"height\":539},{\"@type\":\"BreadcrumbList\",\"@id\":\"https:\\\/\\\/www.copealcoy.es\\\/es\\\/puig-mantendra-el-cierre-perimetral-de-la-comunitat-en-semana-santa-y-pascua\\\/#breadcrumb\",\"itemListElement\":[{\"@type\":\"ListItem\",\"position\":1,\"name\":\"Portada\",\"item\":\"https:\\\/\\\/www.copealcoy.es\\\/es\\\/\"},{\"@type\":\"ListItem\",\"position\":2,\"name\":\"Puig mantendr\u00e1 el cierre perimetral de la Comunitat en Semana Santa y Pascua\"}]},{\"@type\":\"WebSite\",\"@id\":\"https:\\\/\\\/www.copealcoy.es\\\/es\\\/#website\",\"url\":\"https:\\\/\\\/www.copealcoy.es\\\/es\\\/\",\"name\":\"COPE Alcoy\",\"description\":\"Emisora COPE de radio local con emisi\u00f3n online. Pont de Sant Jordi 8-10 03803 Alcoy\",\"potentialAction\":[{\"@type\":\"SearchAction\",\"target\":{\"@type\":\"EntryPoint\",\"urlTemplate\":\"https:\\\/\\\/www.copealcoy.es\\\/es\\\/?s={search_term_string}\"},\"query-input\":{\"@type\":\"PropertyValueSpecification\",\"valueRequired\":true,\"valueName\":\"search_term_string\"}}],\"inLanguage\":\"es\"},{\"@type\":\"Person\",\"@id\":\"https:\\\/\\\/www.copealcoy.es\\\/es\\\/#\\\/schema\\\/person\\\/e777c87fa024e57d40170af9df39882c\",\"name\":\"Cope Alcoy\",\"image\":{\"@type\":\"ImageObject\",\"inLanguage\":\"es\",\"@id\":\"https:\\\/\\\/secure.gravatar.com\\\/avatar\\\/bb65d0283347e303893ba14f0692005417c1e0e690a325a4c5d8bb2b3943ee14?s=96&d=mm&r=g\",\"url\":\"https:\\\/\\\/secure.gravatar.com\\\/avatar\\\/bb65d0283347e303893ba14f0692005417c1e0e690a325a4c5d8bb2b3943ee14?s=96&d=mm&r=g\",\"contentUrl\":\"https:\\\/\\\/secure.gravatar.com\\\/avatar\\\/bb65d0283347e303893ba14f0692005417c1e0e690a325a4c5d8bb2b3943ee14?s=96&d=mm&r=g\",\"caption\":\"Cope Alcoy\"}}]}<\/script>\n<!-- \/ Yoast SEO plugin. -->","yoast_head_json":{"title":"Puig mantendr\u00e1 el cierre perimetral de la Comunitat en Semana Santa y Pascua - COPE Alcoy","robots":{"index":"index","follow":"follow","max-snippet":"max-snippet:-1","max-image-preview":"max-image-preview:large","max-video-preview":"max-video-preview:-1"},"canonical":"https:\/\/www.copealcoy.es\/es\/puig-mantendra-el-cierre-perimetral-de-la-comunitat-en-semana-santa-y-pascua\/","og_locale":"es_ES","og_type":"article","og_title":"Puig mantendr\u00e1 el cierre perimetral de la Comunitat en Semana Santa y Pascua - COPE Alcoy","og_description":"El President de la Generalitat, Ximo Puig, se ha puesto en contacto con todos los Presidentes de las Comunidades lim\u00edtrofes...","og_url":"https:\/\/www.copealcoy.es\/es\/puig-mantendra-el-cierre-perimetral-de-la-comunitat-en-semana-santa-y-pascua\/","og_site_name":"COPE Alcoy","article_published_time":"2021-03-03T15:47:05+00:00","article_modified_time":"2021-03-03T15:53:04+00:00","og_image":[{"width":976,"height":539,"url":"https:\/\/www.copealcoy.es\/wp-content\/uploads\/2020\/11\/1604407375263.jpg","type":"image\/jpeg"}],"author":"Cope Alcoy","twitter_misc":{"Escrito por":"Cope Alcoy","Tiempo de lectura":"1 minuto"},"schema":{"@context":"https:\/\/schema.org","@graph":[{"@type":"Article","@id":"https:\/\/www.copealcoy.es\/es\/puig-mantendra-el-cierre-perimetral-de-la-comunitat-en-semana-santa-y-pascua\/#article","isPartOf":{"@id":"https:\/\/www.copealcoy.es\/es\/puig-mantendra-el-cierre-perimetral-de-la-comunitat-en-semana-santa-y-pascua\/"},"author":{"name":"Cope Alcoy","@id":"https:\/\/www.copealcoy.es\/es\/#\/schema\/person\/e777c87fa024e57d40170af9df39882c"},"headline":"Puig mantendr\u00e1 el cierre perimetral de la Comunitat en Semana Santa y Pascua","datePublished":"2021-03-03T15:47:05+00:00","dateModified":"2021-03-03T15:53:04+00:00","mainEntityOfPage":{"@id":"https:\/\/www.copealcoy.es\/es\/puig-mantendra-el-cierre-perimetral-de-la-comunitat-en-semana-santa-y-pascua\/"},"wordCount":280,"commentCount":0,"image":{"@id":"https:\/\/www.copealcoy.es\/es\/puig-mantendra-el-cierre-perimetral-de-la-comunitat-en-semana-santa-y-pascua\/#primaryimage"},"thumbnailUrl":"https:\/\/www.copealcoy.es\/wp-content\/uploads\/2020\/11\/1604407375263.jpg","keywords":["cierre perimetral","Comunitat Valenciana","Semana Santa","Ximo Puig"],"articleSection":["Comarcas","Noticias"],"inLanguage":"es"},{"@type":"WebPage","@id":"https:\/\/www.copealcoy.es\/es\/puig-mantendra-el-cierre-perimetral-de-la-comunitat-en-semana-santa-y-pascua\/","url":"https:\/\/www.copealcoy.es\/es\/puig-mantendra-el-cierre-perimetral-de-la-comunitat-en-semana-santa-y-pascua\/","name":"Puig mantendr\u00e1 el cierre perimetral de la Comunitat en Semana Santa y Pascua - COPE Alcoy","isPartOf":{"@id":"https:\/\/www.copealcoy.es\/es\/#website"},"primaryImageOfPage":{"@id":"https:\/\/www.copealcoy.es\/es\/puig-mantendra-el-cierre-perimetral-de-la-comunitat-en-semana-santa-y-pascua\/#primaryimage"},"image":{"@id":"https:\/\/www.copealcoy.es\/es\/puig-mantendra-el-cierre-perimetral-de-la-comunitat-en-semana-santa-y-pascua\/#primaryimage"},"thumbnailUrl":"https:\/\/www.copealcoy.es\/wp-content\/uploads\/2020\/11\/1604407375263.jpg","datePublished":"2021-03-03T15:47:05+00:00","dateModified":"2021-03-03T15:53:04+00:00","author":{"@id":"https:\/\/www.copealcoy.es\/es\/#\/schema\/person\/e777c87fa024e57d40170af9df39882c"},"breadcrumb":{"@id":"https:\/\/www.copealcoy.es\/es\/puig-mantendra-el-cierre-perimetral-de-la-comunitat-en-semana-santa-y-pascua\/#breadcrumb"},"inLanguage":"es","potentialAction":[{"@type":"ReadAction","target":["https:\/\/www.copealcoy.es\/es\/puig-mantendra-el-cierre-perimetral-de-la-comunitat-en-semana-santa-y-pascua\/"]}]},{"@type":"ImageObject","inLanguage":"es","@id":"https:\/\/www.copealcoy.es\/es\/puig-mantendra-el-cierre-perimetral-de-la-comunitat-en-semana-santa-y-pascua\/#primaryimage","url":"https:\/\/www.copealcoy.es\/wp-content\/uploads\/2020\/11\/1604407375263.jpg","contentUrl":"https:\/\/www.copealcoy.es\/wp-content\/uploads\/2020\/11\/1604407375263.jpg","width":976,"height":539},{"@type":"BreadcrumbList","@id":"https:\/\/www.copealcoy.es\/es\/puig-mantendra-el-cierre-perimetral-de-la-comunitat-en-semana-santa-y-pascua\/#breadcrumb","itemListElement":[{"@type":"ListItem","position":1,"name":"Portada","item":"https:\/\/www.copealcoy.es\/es\/"},{"@type":"ListItem","position":2,"name":"Puig mantendr\u00e1 el cierre perimetral de la Comunitat en Semana Santa y Pascua"}]},{"@type":"WebSite","@id":"https:\/\/www.copealcoy.es\/es\/#website","url":"https:\/\/www.copealcoy.es\/es\/","name":"COPE Alcoy","description":"Emisora COPE de radio local con emisi\u00f3n online. Pont de Sant Jordi 8-10 03803 Alcoy","potentialAction":[{"@type":"SearchAction","target":{"@type":"EntryPoint","urlTemplate":"https:\/\/www.copealcoy.es\/es\/?s={search_term_string}"},"query-input":{"@type":"PropertyValueSpecification","valueRequired":true,"valueName":"search_term_string"}}],"inLanguage":"es"},{"@type":"Person","@id":"https:\/\/www.copealcoy.es\/es\/#\/schema\/person\/e777c87fa024e57d40170af9df39882c","name":"Cope Alcoy","image":{"@type":"ImageObject","inLanguage":"es","@id":"https:\/\/secure.gravatar.com\/avatar\/bb65d0283347e303893ba14f0692005417c1e0e690a325a4c5d8bb2b3943ee14?s=96&d=mm&r=g","url":"https:\/\/secure.gravatar.com\/avatar\/bb65d0283347e303893ba14f0692005417c1e0e690a325a4c5d8bb2b3943ee14?s=96&d=mm&r=g","contentUrl":"https:\/\/secure.gravatar.com\/avatar\/bb65d0283347e303893ba14f0692005417c1e0e690a325a4c5d8bb2b3943ee14?s=96&d=mm&r=g","caption":"Cope Alcoy"}}]}},"_links":{"self":[{"href":"https:\/\/www.copealcoy.es\/es\/wp-json\/wp\/v2\/posts\/71527","targetHints":{"allow":["GET"]}}],"collection":[{"href":"https:\/\/www.copealcoy.es\/es\/wp-json\/wp\/v2\/posts"}],"about":[{"href":"https:\/\/www.copealcoy.es\/es\/wp-json\/wp\/v2\/types\/post"}],"author":[{"embeddable":true,"href":"https:\/\/www.copealcoy.es\/es\/wp-json\/wp\/v2\/users\/1"}],"replies":[{"embeddable":true,"href":"https:\/\/www.copealcoy.es\/es\/wp-json\/wp\/v2\/comments?post=71527"}],"version-history":[{"count":0,"href":"https:\/\/www.copealcoy.es\/es\/wp-json\/wp\/v2\/posts\/71527\/revisions"}],"wp:featuredmedia":[{"embeddable":true,"href":"https:\/\/www.copealcoy.es\/es\/wp-json\/wp\/v2\/media\/67503"}],"wp:attachment":[{"href":"https:\/\/www.copealcoy.es\/es\/wp-json\/wp\/v2\/media?parent=71527"}],"wp:term":[{"taxonomy":"category","embeddable":true,"href":"https:\/\/www.copealcoy.es\/es\/wp-json\/wp\/v2\/categories?post=71527"},{"taxonomy":"post_tag","embeddable":true,"href":"https:\/\/www.copealcoy.es\/es\/wp-json\/wp\/v2\/tags?post=71527"}],"curies":[{"name":"wp","href":"https:\/\/api.w.org\/{rel}","templated":true}]}}