{"id":71513,"date":"2021-03-03T13:34:10","date_gmt":"2021-03-03T12:34:10","guid":{"rendered":"https:\/\/www.copealcoy.es\/?p=71513"},"modified":"2021-03-03T13:37:55","modified_gmt":"2021-03-03T12:37:55","slug":"estas-son-las-indicaciones-de-la-conferencia-episcopal-para-la-semana-santa","status":"publish","type":"post","link":"https:\/\/www.copealcoy.es\/es\/estas-son-las-indicaciones-de-la-conferencia-episcopal-para-la-semana-santa\/","title":{"rendered":"Estas son las indicaciones de la Conferencia Episcopal para la Semana Santa"},"content":{"rendered":"<p style=\"text-align: justify;\">Despu\u00e9s de un a\u00f1o entero, nuestro mundo sigue afrontando la lucha contra la pandemia del la covid-19 y sus consecuencias, aut\u00e9ntico drama que ha afectado a casi todas las dimensiones de la vida de las personas.<a href=\"http:\/\/www.cultodivino.va\/content\/cultodivino\/it.html\" target=\"_blank\" rel=\"noopener noreferrer\"><strong>La Congregaci\u00f3n para el Culto Divino y la Disciplina de los Sacramentos<\/strong><\/a><strong>\u00a0nos recuerda que<\/strong>\u00a0la pandemia tambi\u00e9n ha influido en la vida lit\u00fargica de la Iglesia, y que\u00a0<strong>\u201clas normas y directrices contenidas en los libros lit\u00fargicos, concebidas para tiempos normales, no son enteramente aplicables en tiempos excepcionales de crisis como estos\u201d.<\/strong><\/p>\n<p style=\"text-align: justify;\">De cara a las celebraciones de<strong> la Semana Santa y del Triduo Pascual<\/strong>, en este a\u00f1o 2021, que por segunda vez se desarrollan estas circunstancias dif\u00edciles,\u00a0<a href=\"https:\/\/www.conferenciaepiscopal.es\/comisiones\/liturgia\/\" target=\"_blank\" rel=\"noopener noreferrer\">la Comisi\u00f3n Episcopal para la Liturgia de la Conferencia Episcopal Espa\u00f1ola<\/a>\u00a0quiere acoger las indicaciones de la Congregaci\u00f3n para dichas celebraciones, publicadas en la Nota para los Obispos y las conferencias episcopales sobre la Semana Santa 2021, del pasado 17 de febrero.<\/p>\n<p style=\"text-align: justify;\">Se ha hecho <strong>un esfuerzo para adaptarlas a la realidad y circunstancias de nuestro pa\u00eds, y ofrecerlas a los\u00a0<a href=\"https:\/\/www.conferenciaepiscopal.es\/obispos\/\" target=\"_blank\" rel=\"noopener noreferrer\">Obispos de Espa\u00f1a<\/a><\/strong>, m\u00e1ximos responsables y moderadores de la vida lit\u00fargica en sus respectivas di\u00f3cesis, como instrumento y orientaci\u00f3n para vivir el momento central del A\u00f1o Lit\u00fargico y de la vida de la Iglesia.<\/p>\n<p style=\"text-align: justify;\">Con esa finalidad, y teniendo en cuenta la situaci\u00f3n de la pandemia en Espa\u00f1a en este a\u00f1o 2021,\u00a0<strong>se proponen a continuaci\u00f3n las siguientes observaciones de car\u00e1cter general y las de cada una de las celebraciones de la Semana Santa y del Triduo Pascual<\/strong>.<\/p>\n<h2 style=\"text-align: justify;\"><strong>Las observaciones de car\u00e1cter general<\/strong><\/h2>\n<p style=\"text-align: justify;\"><strong>1.<\/strong>\u00a0Siempre que sea posible, desde un discernimiento responsable que ha de hacer cada fiel, s<strong>e recomienda la participaci\u00f3n presencial en la celebraci\u00f3n, formando parte activa de la asamblea.<\/strong><\/p>\n<p style=\"text-align: justify;\"><strong>2.<\/strong>\u00a0Aquellos fieles que, por raz\u00f3n de edad, enfermedad, o de prudencia sanitaria, no puedan participar presencialmente en las celebraciones,\u00a0<strong>s\u00edganlas por los medios de comunicaci\u00f3n.<\/strong><\/p>\n<div style=\"text-align: justify;\">\n<div class=\"content-advertstyled__Container-sc-3cqv10-0 cfIxRr\"><\/div>\n<\/div>\n<p style=\"text-align: justify;\"><strong>3. En todas las celebraciones se deber\u00e1n respetar las normas emanadas de las autoridades sanitarias en la lucha contra el virus<\/strong>: el aforo de los templos, las recomendaciones sanitarias e higi\u00e9nicas para hacer de los lugares de culto espacios sanos y seguros, el uso de la mascarilla, disponibilidad de gel hidroalcoh\u00f3lico, distancia social, ventilaci\u00f3n de los espacios, etc.<\/p>\n<p style=\"text-align: justify;\"><strong>4. Prep\u00e1rense con sumo cuidado las celebraciones, eligiendo bien las alternativas que propone la Liturgia<\/strong>\u00a0y acogiendo de buen grado las indicaciones para adaptarlas a este tiempo de pandemia.<\/p>\n<p style=\"text-align: justify;\"><strong>5. En las distintas celebraciones se ha de reducir al m\u00ednimo necesario el n\u00famero de ministros que intervienen\u00a0<\/strong>\u2013ac\u00f3litos, lectores, etc.\u2013, sin que ello desdiga de la dignidad de la celebraci\u00f3n.<\/p>\n<div style=\"text-align: justify;\">\n<div class=\"content-advertstyled__Container-sc-3cqv10-0 cfIxRr\"><\/div>\n<\/div>\n<p style=\"text-align: justify;\"><strong>6. El canto no est\u00e1 prohibido, siempre y cuando no exista alguna indicaci\u00f3n expresa de las autoritarias sanitarias<\/strong>\u00a0y se haga con las medidas de precauci\u00f3n adecuadas \u2013uso de mascarilla en todo momento y distancia de seguridad entre las personas\u2013. No es aconsejable el canto o la m\u00fasica grabados.<\/p>\n<p style=\"text-align: justify;\"><strong>7. Ev\u00edtese la distribuci\u00f3n de subsidios para el canto en soporte de papel,<\/strong>\u00a0o cualquier tipo de folleto explicativo de la celebraci\u00f3n, por el riesgo que conllevan ante un posible contagio.<\/p>\n<p style=\"text-align: justify;\"><strong>8. Instr\u00fayase a los fieles para recibir la comuni\u00f3n de manera segura y ordenada<\/strong>, atendiendo a las disposiciones del Obispo diocesano, procurando que este gesto central de la celebraci\u00f3n se haga de la mejor manera posible.<\/p>\n<p style=\"text-align: justify;\"><strong>9.\u00a0<\/strong>Para el bien de los fieles, en el caso de que los aforos permitidos en las iglesias sean un grave problema para la participaci\u00f3n,\u00a0<strong>el Obispo diocesano puede autorizar a que se hagan varias celebraciones en el mismo templo en horas sucesivas<\/strong>, siempre y cuando esto se haga verdaderamente para utilidad de los fieles y en circunstancias de real necesidad.<\/p>\n<p style=\"text-align: justify;\"><strong>10.\u00a0<\/strong>De cara a que los enfermos y las personas en confinamiento o de alto riesgo puedan seguir las celebraciones desde sus casas,\u00a0<strong>se anima a que sean retransmitidas las presididas por el Obispo en la catedral, como signo de unidad de la di\u00f3cesis.<\/strong>\u00a0Proc\u00farese que estas celebraciones sean verdaderamente ejemplares en su preparaci\u00f3n y desarrollo. Se excluyen, en cualquier caso, las grabaciones en diferido de las mismas.<\/p>\n<p style=\"text-align: justify;\"><strong>11.\u00a0<\/strong>Cuando no se puedan realizar las celebraciones con participaci\u00f3n del pueblo,\u00a0<strong>ofr\u00e9zcase a los fieles la posibilidad de celebrar la Liturgia de las Horas, especialmente las Laudes y las V\u00edsperas de cada d\u00eda y el Oficio de Lectura.\u00a0<\/strong>A tal efecto el subsidio La Hora de Jes\u00fas, que contiene los textos de las celebraciones de la Semana Santa y que incluye tambi\u00e9n la Liturgia de las Horas para estos d\u00edas, puede ser un instrumento muy \u00fatil. Tambi\u00e9n se recuerda que se puede hacer uso de la aplicaci\u00f3n oficial de la Liturgia de las Horas para dispositivos m\u00f3viles, recientemente publicada por la Conferencia Episcopal.<\/p>\n<p style=\"text-align: justify;\"><strong>12. Los sacerdotes que est\u00e9n afectados por el virus y est\u00e9n confinados procuren tambi\u00e9n celebrar los distintos ritos<\/strong>, en la medida de lo posible y si su salud se lo permite.<\/p>\n<p style=\"text-align: justify;\"><strong>13. Se recomienda vivamente que se cuide y fomente el Sacramento de la Penitencia.<\/strong>\u00a0Se ruega a los sacerdotes una mayor disponibilidad para que los fieles puedan celebrar este Sacramento, con todas las medidas de precauci\u00f3n, distancia social y discreci\u00f3n.<\/p>\n<h2 style=\"text-align: justify;\"><strong>El domingo de Ramos en la Pasi\u00f3n del Se\u00f1or<\/strong><\/h2>\n<p style=\"text-align: justify;\"><strong>1. Para la conmemoraci\u00f3n de la entrada del Se\u00f1or en Jerusal\u00e9n se evitar\u00e1 la forma primera descrita por el Misal \u2013procesi\u00f3n\u2013.<\/strong><\/p>\n<p style=\"text-align: justify;\"><strong>2. En las catedrales se utilizar\u00e1 la forma segunda \u2013entrada solemne\u2013, al menos en la misa principal.<\/strong>\u00a0Los fieles permanecer\u00e1n en sus lugares y se har\u00e1 la bendici\u00f3n y la proclamaci\u00f3n del evangelio desde un lugar, dentro de la iglesia, en el que los fieles puedan ver el rito. En la procesi\u00f3n al altar puede participar una representaci\u00f3n de los fieles junto con el Obispo y los ministros.<\/p>\n<p style=\"text-align: justify;\"><strong>3. En las parroquias y dem\u00e1s lugares de culto se utilizar\u00e1 la forma tercera<\/strong>\u00a0\u2013entrada simple\u2013.<\/p>\n<h2 style=\"text-align: justify;\"><strong>La Misa crismal<\/strong><\/h2>\n<p style=\"text-align: justify;\"><strong>1. A juicio del Obispo la fecha de la Misa crismal puede trasladarse al d\u00eda que parezca m\u00e1s adecuado.<\/strong><\/p>\n<p style=\"text-align: justify;\"><strong>2. Si las normas sobre aforos no permiten la asistencia de todos\u00a0<\/strong>los sacerdotes de la di\u00f3cesis y es necesario tambi\u00e9n limitar el n\u00famero de fieles,\u00a0<strong>procure el Obispo que al menos pueda hacerlo una representaci\u00f3n del presbiterio<\/strong>\u00a0\u2013por ejemplo, el consejo episcopal, o el consejo presbiteral, o los arciprestes\u2013 y un grupo de fieles, y que la celebraci\u00f3n sea retransmitida, de modo que quienes hubiesen querido asistir, muy en particularmente el resto del clero, puedan al menos seguirla por estos medios.<\/p>\n<h2 style=\"text-align: justify;\"><strong>El Jueves Santo<\/strong><\/h2>\n<p style=\"text-align: justify;\"><strong>1.<\/strong>\u00a0De forma excepcional, al igual que el a\u00f1o pasado,<strong>\u00a0los sacerdotes tienen la facultad de celebrar este d\u00eda la Misa sin el pueblo, si concurren circunstancias que as\u00ed lo aconsejen<\/strong>\u00a0\u2013por ejemplo, el contagio con el virus del propio sacerdote o el confinamiento de una poblaci\u00f3n\u2013. Quienes no tengan la posibilidad de celebrar la Misa rezar\u00e1n preferentemente las V\u00edsperas.<\/p>\n<p style=\"text-align: justify;\"><strong>2. Ha de omitirse el rito del lavatorio de los pies.<\/strong><\/p>\n<p style=\"text-align: justify;\"><strong>3.<\/strong>\u00a0Dado que este a\u00f1o la celebraci\u00f3n se har\u00e1, en la mayor parte de los casos, con alguna participaci\u00f3n del pueblo,<strong>\u00a0no se omita la procesi\u00f3n y la reserva del Sant\u00edsimo Sacramento para la adoraci\u00f3n y la comuni\u00f3n al d\u00eda siguiente.<\/strong>\u00a0Facil\u00edtese, en la medida de lo posible, que los fieles puedan dedicar un tiempo de adoraci\u00f3n, respetando siempre los horarios de restricci\u00f3n de la libre circulaci\u00f3n de los ciudadanos que se establezcan en cada lugar.<\/p>\n<p style=\"text-align: justify;\"><strong>4. Si se van a celebrar varias Misas de la Cena del Se\u00f1or en la misma iglesia, h\u00e1ganse siempre por la tarde<\/strong>, y om\u00edtase, salvo en la \u00faltima, la reserva solemne del Sant\u00edsimo.<\/p>\n<p style=\"text-align: justify;\">5. Si no se va a celebrar el Triduo completo en alguna iglesia, no se haga la reserva eucar\u00edstica solemne. Adem\u00e1s, si no se ha celebrado la Misa vespertina de la Cena del Se\u00f1or, ev\u00edtese una adoraci\u00f3n eucar\u00edstica desvinculada de dicha celebraci\u00f3n.<\/p>\n<p style=\"text-align: justify;\">6. Si la celebraci\u00f3n es sin participaci\u00f3n del pueblo, se omite la procesi\u00f3n, y la reserva se hace en el sagrario habitual.<\/p>\n<h2 style=\"text-align: justify;\"><strong>El Viernes Santo<\/strong><\/h2>\n<p style=\"text-align: justify;\"><strong>1. Se ha de asegurar la celebraci\u00f3n de la Pasi\u00f3n del Se\u00f1or, por lo menos, en la Catedral, en los templos parroquiales<\/strong>, al menos en los principales, y en aquellos de mayor capacidad dentro de las zonas pastorales establecidas en cada Di\u00f3cesis.<\/p>\n<p style=\"text-align: justify;\"><strong>2. En la oraci\u00f3n universal se utilizar\u00e1 el formulario habitual con el a\u00f1adido de la intenci\u00f3n especial que la Congregaci\u00f3n para el Culto Divino y la Disciplina de los Sacramentos public\u00f3 el pasado a\u00f1o<\/strong>\u00a0(Decreto Prot. N. 155\/20). El texto de la intenci\u00f3n, que se a\u00f1ade entre la IX y la X, es el siguiente: IXb. Por quienes sufren en tiempo de pandemia.<\/p>\n<h3 style=\"text-align: justify;\"><strong>La oraci\u00f3n por las personas que est\u00e1n sufriendo<\/strong><\/h3>\n<p style=\"text-align: justify;\">Oremos tambi\u00e9n por todos los que sufren las consecuencias de la pandemia actual: para que Dios Padre conceda la salud a los enfermos, fortaleza al personal sanitario, consuelo a las familias y la salvaci\u00f3n a todas las v\u00edctimas que han muerto.<\/p>\n<p style=\"text-align: justify;\">Oraci\u00f3n en silencio. Prosigue el sacerdote:<\/p>\n<p style=\"text-align: justify;\">Dios todopoderoso y eterno,<\/p>\n<p style=\"text-align: justify;\">singular protector en la enfermedad humana,<\/p>\n<p style=\"text-align: justify;\">mira compasivo la aflicci\u00f3n de tus hijos<\/p>\n<p style=\"text-align: justify;\">que padecen esta pandemia;<\/p>\n<p style=\"text-align: justify;\">alivia el dolor de los enfermos,<\/p>\n<p style=\"text-align: justify;\">da fuerza a quienes los cuidan,<\/p>\n<p style=\"text-align: justify;\">acoge en tu paz a los que han muerto<\/p>\n<p style=\"text-align: justify;\">y, mientras dura esta tribulaci\u00f3n,<\/p>\n<p style=\"text-align: justify;\">haz que todos<\/p>\n<p style=\"text-align: justify;\">puedan encontrar alivio en tu misericordia.<\/p>\n<p style=\"text-align: justify;\">Por Jesucristo, nuestro Se\u00f1or.<\/p>\n<p style=\"text-align: justify;\">R. Am\u00e9n.<\/p>\n<p style=\"text-align: justify;\"><strong>En el momento de la adoraci\u00f3n de la cruz el celebrante lo har\u00e1 con una genuflexi\u00f3n o una inclinaci\u00f3n profunda.<\/strong>\u00a0El resto de la asamblea lo har\u00e1 por medio de una genuflexi\u00f3n o inclinaci\u00f3n profunda cuando la cruz sea mostrada, y lo har\u00e1n cada uno sin moverse de su lugar. Se podr\u00eda invitar, tambi\u00e9n, a todos los participantes a la liturgia a que hagan un momento de oraci\u00f3n, en silencio, mientras se contempla la cruz.<strong>\u00a0Se evitar\u00e1, en cualquier caso, la procesi\u00f3n de los fieles en este momento de la celebraci\u00f3n.<\/strong><\/p>\n<h2 style=\"text-align: justify;\"><strong>La Vigilia Pascual<\/strong><\/h2>\n<p style=\"text-align: justify;\"><strong>1. Se procurar\u00e1 su celebraci\u00f3n al menos en la Catedral y en las iglesias parroquiales principales<\/strong>, que posean un aforo suficiente para que puedan participar los fieles con seguridad.<\/p>\n<p style=\"text-align: justify;\"><strong>2.\u00a0<\/strong>Dependiendo de las normas civiles que se hayan establecido en cada lugar sobre restricci\u00f3n de la libre circulaci\u00f3n de los ciudadanos,<strong>\u00a0el\u00edjase una hora adecuada para el comienzo de la celebraci\u00f3n que facilite a los fieles la participaci\u00f3n en la misma y el regreso a sus casas al finalizar.<\/strong><\/p>\n<p style=\"text-align: justify;\"><strong>3. El \u201cinicio de la vigilia o lucernario\u201d se puede hacer a la entrada del templo.<\/strong>\u00a0El celebrante principal deber\u00e1 estar acompa\u00f1ado por un n\u00famero limitado de ministros, mientras todos los fieles se mantendr\u00e1n en sus lugares. Se bendice el fuego, se hacen los ritos de preparaci\u00f3n y se enciende el cirio tal como indica el Misal. El sacerdote y los ministros, manteniendo la distancia de seguridad, hacen la procesi\u00f3n por el pasillo central y se cantan las tres invocaciones \u201cLuz de Cristo\u201d. No es recomendable repartir entre los fieles las velas y que las vayan encendido del cirio y luego pasen la luz unos a otros. Despu\u00e9s de las invocaciones se canta el Preg\u00f3n Pascual.<\/p>\n<p style=\"text-align: justify;\"><strong>4. Sigue la \u201cLiturgia de la palabra\u201d<\/strong>. Por razones de brevedad puede acortarse el n\u00famero de las lecturas, pero proc\u00farese darle la relevancia adecuada a este momento de la celebraci\u00f3n. En ning\u00fan caso se deber\u00eda reducir a una Liturgia de la Palabra normal de un domingo, \u00fanicamente con tres lecturas.<\/p>\n<p style=\"text-align: justify;\"><strong>5. La \u201cLiturgia bautismal\u201d se celebra tal y como viene indicada en el Misal.\u00a0<\/strong>La presencia de la asamblea aconseja no omitir el rito de la aspersi\u00f3n despu\u00e9s de la renovaci\u00f3n de las promesas bautismales. T\u00f3mese la precauci\u00f3n, sin embargo, de evitar el contacto con el agua que se va a bendecir cuando esta se prepare, y que el sacerdote higienice las manos con gel hidroalcoh\u00f3lico antes de la aspersi\u00f3n.<\/p>\n<p style=\"text-align: justify;\"><strong>6. No parece aconsejable, dadas las circunstancias, celebrar el bautismo de ni\u00f1os durante la Vigilia Pascual.<\/strong>\u00a0Si se han de administrar los sacramentos de la Iniciaci\u00f3n Cristiana a adultos o si al final se celebra el bautismo de alg\u00fan ni\u00f1o, h\u00e1gase con todas las medidas higi\u00e9nicas y sanitarias que garanticen que los signos y ritos se hagan adecuadamente, pero de forma segura, especialmente los que implican el contacto, como las unciones.<\/p>\n<p style=\"text-align: justify;\"><strong>7. Quienes no puedan participar en la solemne Vigilia Pascual pueden rezar el Oficio de lectura indicado para el Domingo de Pascua en la resurrecci\u00f3n del Se\u00f1or<\/strong>, con el deseo de unirse a toda la Iglesia en la celebraci\u00f3n del misterio pascual.<\/p>\n<p style=\"text-align: justify;\">Esperando que estas orientaciones sean acogidas de buen grado en las Iglesias particulares que peregrinan en Espa\u00f1a, seguimos rezando por el fin de la pandemia, por los difuntos, los enfermos y sus familias, y por todos los que dedican su esfuerzo a paliar las consecuencias de esta crisis que estamos viviendo, esperando que\u00a0<strong>la celebraci\u00f3n de los d\u00edas de la Pasi\u00f3n, Muerte y Resurrecci\u00f3n del Se\u00f1or sean un aut\u00e9ntico encuentro con \u00c9l, que fortalezca la fe, esperanza y caridad de todos los fieles<\/strong>.<\/p>\n","protected":false},"excerpt":{"rendered":"<p>Despu\u00e9s de un a\u00f1o entero, nuestro mundo sigue afrontando la lucha contra la pandemia del la covid-19 y sus consecuencias,&#8230;<\/p>\n","protected":false},"author":1,"featured_media":11887,"comment_status":"open","ping_status":"open","sticky":false,"template":"","format":"standard","meta":{"footnotes":""},"categories":[97,78,75],"tags":[7410,7281,10050,10949,745],"class_list":["post-71513","post","type-post","status-publish","format-standard","has-post-thumbnail","hentry","category-alcoy","category-fiestaycultura","category-noticias","tag-conferencia-episcopal","tag-coronavirus","tag-crisis-sanitaria","tag-indicaciones","tag-semana-santa"],"yoast_head":"<!-- This site is optimized with the Yoast SEO plugin v27.3 - https:\/\/yoast.com\/product\/yoast-seo-wordpress\/ -->\n<title>Estas son las indicaciones de la Conferencia Episcopal para la Semana Santa - COPE Alcoy<\/title>\n<meta name=\"robots\" content=\"index, follow, max-snippet:-1, max-image-preview:large, max-video-preview:-1\" \/>\n<link rel=\"canonical\" href=\"https:\/\/www.copealcoy.es\/es\/estas-son-las-indicaciones-de-la-conferencia-episcopal-para-la-semana-santa\/\" \/>\n<meta property=\"og:locale\" content=\"es_ES\" \/>\n<meta property=\"og:type\" content=\"article\" \/>\n<meta property=\"og:title\" content=\"Estas son las indicaciones de la Conferencia Episcopal para la Semana Santa - COPE Alcoy\" \/>\n<meta property=\"og:description\" content=\"Despu\u00e9s de un a\u00f1o entero, nuestro mundo sigue afrontando la lucha contra la pandemia del la covid-19 y sus consecuencias,...\" \/>\n<meta property=\"og:url\" content=\"https:\/\/www.copealcoy.es\/es\/estas-son-las-indicaciones-de-la-conferencia-episcopal-para-la-semana-santa\/\" \/>\n<meta property=\"og:site_name\" content=\"COPE Alcoy\" \/>\n<meta property=\"article:published_time\" content=\"2021-03-03T12:34:10+00:00\" \/>\n<meta property=\"article:modified_time\" content=\"2021-03-03T12:37:55+00:00\" \/>\n<meta property=\"og:image\" content=\"https:\/\/www.copealcoy.es\/wp-content\/uploads\/2015\/04\/IMG_1457.jpg\" \/>\n\t<meta property=\"og:image:width\" content=\"960\" \/>\n\t<meta property=\"og:image:height\" content=\"639\" \/>\n\t<meta property=\"og:image:type\" content=\"image\/jpeg\" \/>\n<meta name=\"author\" content=\"Cope Alcoy\" \/>\n<meta name=\"twitter:label1\" content=\"Escrito por\" \/>\n\t<meta name=\"twitter:data1\" content=\"Cope Alcoy\" \/>\n\t<meta name=\"twitter:label2\" content=\"Tiempo de lectura\" \/>\n\t<meta name=\"twitter:data2\" content=\"12 minutos\" \/>\n<script type=\"application\/ld+json\" class=\"yoast-schema-graph\">{\"@context\":\"https:\\\/\\\/schema.org\",\"@graph\":[{\"@type\":\"Article\",\"@id\":\"https:\\\/\\\/www.copealcoy.es\\\/es\\\/estas-son-las-indicaciones-de-la-conferencia-episcopal-para-la-semana-santa\\\/#article\",\"isPartOf\":{\"@id\":\"https:\\\/\\\/www.copealcoy.es\\\/es\\\/estas-son-las-indicaciones-de-la-conferencia-episcopal-para-la-semana-santa\\\/\"},\"author\":{\"name\":\"Cope Alcoy\",\"@id\":\"https:\\\/\\\/www.copealcoy.es\\\/es\\\/#\\\/schema\\\/person\\\/e777c87fa024e57d40170af9df39882c\"},\"headline\":\"Estas son las indicaciones de la Conferencia Episcopal para la Semana Santa\",\"datePublished\":\"2021-03-03T12:34:10+00:00\",\"dateModified\":\"2021-03-03T12:37:55+00:00\",\"mainEntityOfPage\":{\"@id\":\"https:\\\/\\\/www.copealcoy.es\\\/es\\\/estas-son-las-indicaciones-de-la-conferencia-episcopal-para-la-semana-santa\\\/\"},\"wordCount\":2312,\"commentCount\":0,\"image\":{\"@id\":\"https:\\\/\\\/www.copealcoy.es\\\/es\\\/estas-son-las-indicaciones-de-la-conferencia-episcopal-para-la-semana-santa\\\/#primaryimage\"},\"thumbnailUrl\":\"https:\\\/\\\/www.copealcoy.es\\\/wp-content\\\/uploads\\\/2015\\\/04\\\/IMG_1457.jpg\",\"keywords\":[\"Conferencia Episcopal\",\"Coronavirus\",\"crisis sanitaria\",\"Indicaciones\",\"Semana Santa\"],\"articleSection\":[\"Alcoy\",\"Fiesta y Cultura\",\"Noticias\"],\"inLanguage\":\"es\"},{\"@type\":\"WebPage\",\"@id\":\"https:\\\/\\\/www.copealcoy.es\\\/es\\\/estas-son-las-indicaciones-de-la-conferencia-episcopal-para-la-semana-santa\\\/\",\"url\":\"https:\\\/\\\/www.copealcoy.es\\\/es\\\/estas-son-las-indicaciones-de-la-conferencia-episcopal-para-la-semana-santa\\\/\",\"name\":\"Estas son las indicaciones de la Conferencia Episcopal para la Semana Santa - COPE Alcoy\",\"isPartOf\":{\"@id\":\"https:\\\/\\\/www.copealcoy.es\\\/es\\\/#website\"},\"primaryImageOfPage\":{\"@id\":\"https:\\\/\\\/www.copealcoy.es\\\/es\\\/estas-son-las-indicaciones-de-la-conferencia-episcopal-para-la-semana-santa\\\/#primaryimage\"},\"image\":{\"@id\":\"https:\\\/\\\/www.copealcoy.es\\\/es\\\/estas-son-las-indicaciones-de-la-conferencia-episcopal-para-la-semana-santa\\\/#primaryimage\"},\"thumbnailUrl\":\"https:\\\/\\\/www.copealcoy.es\\\/wp-content\\\/uploads\\\/2015\\\/04\\\/IMG_1457.jpg\",\"datePublished\":\"2021-03-03T12:34:10+00:00\",\"dateModified\":\"2021-03-03T12:37:55+00:00\",\"author\":{\"@id\":\"https:\\\/\\\/www.copealcoy.es\\\/es\\\/#\\\/schema\\\/person\\\/e777c87fa024e57d40170af9df39882c\"},\"breadcrumb\":{\"@id\":\"https:\\\/\\\/www.copealcoy.es\\\/es\\\/estas-son-las-indicaciones-de-la-conferencia-episcopal-para-la-semana-santa\\\/#breadcrumb\"},\"inLanguage\":\"es\",\"potentialAction\":[{\"@type\":\"ReadAction\",\"target\":[\"https:\\\/\\\/www.copealcoy.es\\\/es\\\/estas-son-las-indicaciones-de-la-conferencia-episcopal-para-la-semana-santa\\\/\"]}]},{\"@type\":\"ImageObject\",\"inLanguage\":\"es\",\"@id\":\"https:\\\/\\\/www.copealcoy.es\\\/es\\\/estas-son-las-indicaciones-de-la-conferencia-episcopal-para-la-semana-santa\\\/#primaryimage\",\"url\":\"https:\\\/\\\/www.copealcoy.es\\\/wp-content\\\/uploads\\\/2015\\\/04\\\/IMG_1457.jpg\",\"contentUrl\":\"https:\\\/\\\/www.copealcoy.es\\\/wp-content\\\/uploads\\\/2015\\\/04\\\/IMG_1457.jpg\",\"width\":960,\"height\":639,\"caption\":\"La Procesi\u00f3n de Viernes Santo de Muro recorri\u00f3 las calles del municipio\"},{\"@type\":\"BreadcrumbList\",\"@id\":\"https:\\\/\\\/www.copealcoy.es\\\/es\\\/estas-son-las-indicaciones-de-la-conferencia-episcopal-para-la-semana-santa\\\/#breadcrumb\",\"itemListElement\":[{\"@type\":\"ListItem\",\"position\":1,\"name\":\"Portada\",\"item\":\"https:\\\/\\\/www.copealcoy.es\\\/es\\\/\"},{\"@type\":\"ListItem\",\"position\":2,\"name\":\"Estas son las indicaciones de la Conferencia Episcopal para la Semana Santa\"}]},{\"@type\":\"WebSite\",\"@id\":\"https:\\\/\\\/www.copealcoy.es\\\/es\\\/#website\",\"url\":\"https:\\\/\\\/www.copealcoy.es\\\/es\\\/\",\"name\":\"COPE Alcoy\",\"description\":\"Emisora COPE de radio local con emisi\u00f3n online. Pont de Sant Jordi 8-10 03803 Alcoy\",\"potentialAction\":[{\"@type\":\"SearchAction\",\"target\":{\"@type\":\"EntryPoint\",\"urlTemplate\":\"https:\\\/\\\/www.copealcoy.es\\\/es\\\/?s={search_term_string}\"},\"query-input\":{\"@type\":\"PropertyValueSpecification\",\"valueRequired\":true,\"valueName\":\"search_term_string\"}}],\"inLanguage\":\"es\"},{\"@type\":\"Person\",\"@id\":\"https:\\\/\\\/www.copealcoy.es\\\/es\\\/#\\\/schema\\\/person\\\/e777c87fa024e57d40170af9df39882c\",\"name\":\"Cope Alcoy\",\"image\":{\"@type\":\"ImageObject\",\"inLanguage\":\"es\",\"@id\":\"https:\\\/\\\/secure.gravatar.com\\\/avatar\\\/bb65d0283347e303893ba14f0692005417c1e0e690a325a4c5d8bb2b3943ee14?s=96&d=mm&r=g\",\"url\":\"https:\\\/\\\/secure.gravatar.com\\\/avatar\\\/bb65d0283347e303893ba14f0692005417c1e0e690a325a4c5d8bb2b3943ee14?s=96&d=mm&r=g\",\"contentUrl\":\"https:\\\/\\\/secure.gravatar.com\\\/avatar\\\/bb65d0283347e303893ba14f0692005417c1e0e690a325a4c5d8bb2b3943ee14?s=96&d=mm&r=g\",\"caption\":\"Cope Alcoy\"}}]}<\/script>\n<!-- \/ Yoast SEO plugin. -->","yoast_head_json":{"title":"Estas son las indicaciones de la Conferencia Episcopal para la Semana Santa - COPE Alcoy","robots":{"index":"index","follow":"follow","max-snippet":"max-snippet:-1","max-image-preview":"max-image-preview:large","max-video-preview":"max-video-preview:-1"},"canonical":"https:\/\/www.copealcoy.es\/es\/estas-son-las-indicaciones-de-la-conferencia-episcopal-para-la-semana-santa\/","og_locale":"es_ES","og_type":"article","og_title":"Estas son las indicaciones de la Conferencia Episcopal para la Semana Santa - COPE Alcoy","og_description":"Despu\u00e9s de un a\u00f1o entero, nuestro mundo sigue afrontando la lucha contra la pandemia del la covid-19 y sus consecuencias,...","og_url":"https:\/\/www.copealcoy.es\/es\/estas-son-las-indicaciones-de-la-conferencia-episcopal-para-la-semana-santa\/","og_site_name":"COPE Alcoy","article_published_time":"2021-03-03T12:34:10+00:00","article_modified_time":"2021-03-03T12:37:55+00:00","og_image":[{"width":960,"height":639,"url":"https:\/\/www.copealcoy.es\/wp-content\/uploads\/2015\/04\/IMG_1457.jpg","type":"image\/jpeg"}],"author":"Cope Alcoy","twitter_misc":{"Escrito por":"Cope Alcoy","Tiempo de lectura":"12 minutos"},"schema":{"@context":"https:\/\/schema.org","@graph":[{"@type":"Article","@id":"https:\/\/www.copealcoy.es\/es\/estas-son-las-indicaciones-de-la-conferencia-episcopal-para-la-semana-santa\/#article","isPartOf":{"@id":"https:\/\/www.copealcoy.es\/es\/estas-son-las-indicaciones-de-la-conferencia-episcopal-para-la-semana-santa\/"},"author":{"name":"Cope Alcoy","@id":"https:\/\/www.copealcoy.es\/es\/#\/schema\/person\/e777c87fa024e57d40170af9df39882c"},"headline":"Estas son las indicaciones de la Conferencia Episcopal para la Semana Santa","datePublished":"2021-03-03T12:34:10+00:00","dateModified":"2021-03-03T12:37:55+00:00","mainEntityOfPage":{"@id":"https:\/\/www.copealcoy.es\/es\/estas-son-las-indicaciones-de-la-conferencia-episcopal-para-la-semana-santa\/"},"wordCount":2312,"commentCount":0,"image":{"@id":"https:\/\/www.copealcoy.es\/es\/estas-son-las-indicaciones-de-la-conferencia-episcopal-para-la-semana-santa\/#primaryimage"},"thumbnailUrl":"https:\/\/www.copealcoy.es\/wp-content\/uploads\/2015\/04\/IMG_1457.jpg","keywords":["Conferencia Episcopal","Coronavirus","crisis sanitaria","Indicaciones","Semana Santa"],"articleSection":["Alcoy","Fiesta y Cultura","Noticias"],"inLanguage":"es"},{"@type":"WebPage","@id":"https:\/\/www.copealcoy.es\/es\/estas-son-las-indicaciones-de-la-conferencia-episcopal-para-la-semana-santa\/","url":"https:\/\/www.copealcoy.es\/es\/estas-son-las-indicaciones-de-la-conferencia-episcopal-para-la-semana-santa\/","name":"Estas son las indicaciones de la Conferencia Episcopal para la Semana Santa - COPE Alcoy","isPartOf":{"@id":"https:\/\/www.copealcoy.es\/es\/#website"},"primaryImageOfPage":{"@id":"https:\/\/www.copealcoy.es\/es\/estas-son-las-indicaciones-de-la-conferencia-episcopal-para-la-semana-santa\/#primaryimage"},"image":{"@id":"https:\/\/www.copealcoy.es\/es\/estas-son-las-indicaciones-de-la-conferencia-episcopal-para-la-semana-santa\/#primaryimage"},"thumbnailUrl":"https:\/\/www.copealcoy.es\/wp-content\/uploads\/2015\/04\/IMG_1457.jpg","datePublished":"2021-03-03T12:34:10+00:00","dateModified":"2021-03-03T12:37:55+00:00","author":{"@id":"https:\/\/www.copealcoy.es\/es\/#\/schema\/person\/e777c87fa024e57d40170af9df39882c"},"breadcrumb":{"@id":"https:\/\/www.copealcoy.es\/es\/estas-son-las-indicaciones-de-la-conferencia-episcopal-para-la-semana-santa\/#breadcrumb"},"inLanguage":"es","potentialAction":[{"@type":"ReadAction","target":["https:\/\/www.copealcoy.es\/es\/estas-son-las-indicaciones-de-la-conferencia-episcopal-para-la-semana-santa\/"]}]},{"@type":"ImageObject","inLanguage":"es","@id":"https:\/\/www.copealcoy.es\/es\/estas-son-las-indicaciones-de-la-conferencia-episcopal-para-la-semana-santa\/#primaryimage","url":"https:\/\/www.copealcoy.es\/wp-content\/uploads\/2015\/04\/IMG_1457.jpg","contentUrl":"https:\/\/www.copealcoy.es\/wp-content\/uploads\/2015\/04\/IMG_1457.jpg","width":960,"height":639,"caption":"La Procesi\u00f3n de Viernes Santo de Muro recorri\u00f3 las calles del municipio"},{"@type":"BreadcrumbList","@id":"https:\/\/www.copealcoy.es\/es\/estas-son-las-indicaciones-de-la-conferencia-episcopal-para-la-semana-santa\/#breadcrumb","itemListElement":[{"@type":"ListItem","position":1,"name":"Portada","item":"https:\/\/www.copealcoy.es\/es\/"},{"@type":"ListItem","position":2,"name":"Estas son las indicaciones de la Conferencia Episcopal para la Semana Santa"}]},{"@type":"WebSite","@id":"https:\/\/www.copealcoy.es\/es\/#website","url":"https:\/\/www.copealcoy.es\/es\/","name":"COPE Alcoy","description":"Emisora COPE de radio local con emisi\u00f3n online. Pont de Sant Jordi 8-10 03803 Alcoy","potentialAction":[{"@type":"SearchAction","target":{"@type":"EntryPoint","urlTemplate":"https:\/\/www.copealcoy.es\/es\/?s={search_term_string}"},"query-input":{"@type":"PropertyValueSpecification","valueRequired":true,"valueName":"search_term_string"}}],"inLanguage":"es"},{"@type":"Person","@id":"https:\/\/www.copealcoy.es\/es\/#\/schema\/person\/e777c87fa024e57d40170af9df39882c","name":"Cope Alcoy","image":{"@type":"ImageObject","inLanguage":"es","@id":"https:\/\/secure.gravatar.com\/avatar\/bb65d0283347e303893ba14f0692005417c1e0e690a325a4c5d8bb2b3943ee14?s=96&d=mm&r=g","url":"https:\/\/secure.gravatar.com\/avatar\/bb65d0283347e303893ba14f0692005417c1e0e690a325a4c5d8bb2b3943ee14?s=96&d=mm&r=g","contentUrl":"https:\/\/secure.gravatar.com\/avatar\/bb65d0283347e303893ba14f0692005417c1e0e690a325a4c5d8bb2b3943ee14?s=96&d=mm&r=g","caption":"Cope Alcoy"}}]}},"_links":{"self":[{"href":"https:\/\/www.copealcoy.es\/es\/wp-json\/wp\/v2\/posts\/71513","targetHints":{"allow":["GET"]}}],"collection":[{"href":"https:\/\/www.copealcoy.es\/es\/wp-json\/wp\/v2\/posts"}],"about":[{"href":"https:\/\/www.copealcoy.es\/es\/wp-json\/wp\/v2\/types\/post"}],"author":[{"embeddable":true,"href":"https:\/\/www.copealcoy.es\/es\/wp-json\/wp\/v2\/users\/1"}],"replies":[{"embeddable":true,"href":"https:\/\/www.copealcoy.es\/es\/wp-json\/wp\/v2\/comments?post=71513"}],"version-history":[{"count":0,"href":"https:\/\/www.copealcoy.es\/es\/wp-json\/wp\/v2\/posts\/71513\/revisions"}],"wp:featuredmedia":[{"embeddable":true,"href":"https:\/\/www.copealcoy.es\/es\/wp-json\/wp\/v2\/media\/11887"}],"wp:attachment":[{"href":"https:\/\/www.copealcoy.es\/es\/wp-json\/wp\/v2\/media?parent=71513"}],"wp:term":[{"taxonomy":"category","embeddable":true,"href":"https:\/\/www.copealcoy.es\/es\/wp-json\/wp\/v2\/categories?post=71513"},{"taxonomy":"post_tag","embeddable":true,"href":"https:\/\/www.copealcoy.es\/es\/wp-json\/wp\/v2\/tags?post=71513"}],"curies":[{"name":"wp","href":"https:\/\/api.w.org\/{rel}","templated":true}]}}