{"id":71503,"date":"2021-03-03T13:13:00","date_gmt":"2021-03-03T12:13:00","guid":{"rendered":"https:\/\/www.copealcoy.es\/?p=71503"},"modified":"2021-03-03T13:21:01","modified_gmt":"2021-03-03T12:21:01","slug":"el-union-alcoyana-fs-se-impone-en-alicante","status":"publish","type":"post","link":"https:\/\/www.copealcoy.es\/es\/el-union-alcoyana-fs-se-impone-en-alicante\/","title":{"rendered":"El Uni\u00f3n Alcoyana FS se impone en Alicante"},"content":{"rendered":"<p style=\"text-align: justify;\">Pen\u00faltimo encuentro de <strong>la Primera Fase<\/strong> para <strong>el Uni\u00f3n Alcoyana FS<\/strong>. Tocaba desplazarse a Alicante para <strong>recuperar la 13\u00aa Jornada y enfrentarse a CFS Akrasala<\/strong>, \u00faltimo clasificado <strong>con 0 puntos<\/strong> pero un equipo que ya puso las cosas dif\u00edciles a los nuestros en el partido de ida en Alcoy.<\/p>\n<p style=\"text-align: justify;\">Los alcoyanos, con la necesidad de seguir sumando puntos para seguir en lo m\u00e1s alto de la clasificaci\u00f3n y <strong>encarar de la manera m\u00e1s \u00f3ptima posible el paso a la siguiente fase<\/strong>, afrontaban el encuentro muy concentrados y con la certeza de que <strong>tendr\u00edan que mostrar su mejor versi\u00f3n<\/strong> para superar al aguerrido a la vez que an\u00e1rquico conjunto alicantino.<\/p>\n<p style=\"text-align: justify;\">El quinteto inicial de Javi Silvestre <strong>estuvo formado por Tekio (p), Vercher, Dako, Bili y Tito<\/strong>. Mientras que <strong>en el banquillo esperaban Pablo Sanz, Ximo, Pablo Garc\u00eda, Borja Jord\u00e1<\/strong> (que no disput\u00f3 ning\u00fan minuto por molestias en el tobillo), <strong>Jorge Carmona<\/strong>, que volv\u00eda a una convocatoria dos meses despu\u00e9s, y las dos novedades del equipo filial Sub23,<strong> Borja Garc\u00eda y Ra\u00fal Guti\u00e9rrez<\/strong>.<\/p>\n<p style=\"text-align: justify;\">El partido <strong>empez\u00f3 intenso<\/strong>. Los locales<strong> optaron por una defensa alta que sorprendi\u00f3 en los primeros minutos a los alcoyanos<\/strong>. Consiguieron adaptarse r\u00e1pidamente y <strong>las ocasiones<\/strong> para los nuestros fueron llegando. No fue hasta el minuto 10 <strong>cuando Bili<\/strong>, a pase de Pablo Sanz, consegu\u00eda inaugurar el marcador. Poco despu\u00e9s, <strong>Mauro Vercher<\/strong> se revolv\u00eda en el \u00e1rea para <strong>poner el 0-2<\/strong>. Sin embargo, en dos errores defensivos, <strong>los locales consegu\u00edan poner la igualada con dos goles r\u00e1pidos<\/strong>. No les dur\u00f3 mucho la alegr\u00eda ya que <strong>a los 20 segundos de haber conseguido el empate<\/strong>, Bili filtraba un bal\u00f3n <strong>a un Tito en racha<\/strong> que defin\u00eda a la perfecci\u00f3n <strong>colocando el 2-3<\/strong> con el que se llegar\u00eda al final de la primera parte.<\/p>\n<p style=\"text-align: justify;\">En <strong>la segunda mitad<\/strong>, el conjunto alcoyano comenz\u00f3 muy bien plantado en la pista, generando muchas ocasiones y con m\u00e1s posesi\u00f3n de bal\u00f3n. De nuevo <strong>Tito aprovech\u00f3 un libre directo para poner al equipo 2-4 arriba<\/strong>. Y un minuto despu\u00e9s, <strong>Ximo soltaba un fuerte latigazo cruzado que bat\u00eda al guardameta local subiendo el 2-5 al marcador<\/strong>. A falta de 5 minutos, <strong>una gran jugada individual<\/strong> del jugador local m\u00e1s destacado colocaba el 3-5 en el marcador. Los alcoyanos<strong> no iban a dejar reaccionar a los locales<\/strong>. <strong>Dos goles de Dako<\/strong> pr\u00e1cticamente consecutivos alejaban a los nuestros en el marcador <strong>(3-7)<\/strong>.<strong> Ra\u00fal<\/strong>, hermano de Tito y debutante en el partido, iba a tener la oportunidad de estrenarse con gol pero su lanzamiento del doble-penalti fue atajado por el meta local. Ya en los instantes finales <b>Akrasala conseguir\u00eda el 4-7 final<\/b>.<\/p>\n<p style=\"text-align: justify;\">Nuevo +3 para <strong>el Uni\u00f3n Alcoyana FS<\/strong> que consigue mantener <strong>el liderato del grupo una semana m\u00e1s<\/strong> y sigue <strong>sumando de cara a la Segunda Fase<\/strong>, donde todos<strong> los puntos obtenidos<\/strong> ahora son de vital importancia.<\/p>\n<p style=\"text-align: justify;\">Destacar<strong> la buena actuaci\u00f3n de Borja Garc\u00eda<\/strong>, tambi\u00e9n del Sub23, el debut de Ra\u00fal con el primer equipo y <strong>la vuelta de Jorge Carmona a la convocatoria<\/strong>, que poco a poco va cogiendo su mejor forma y entrando en las rotaciones del entrenador.<\/p>\n","protected":false},"excerpt":{"rendered":"<p>Pen\u00faltimo encuentro de la Primera Fase para el Uni\u00f3n Alcoyana FS. Tocaba desplazarse a Alicante para recuperar la 13\u00aa Jornada&#8230;<\/p>\n","protected":false},"author":1,"featured_media":71504,"comment_status":"open","ping_status":"open","sticky":false,"template":"","format":"standard","meta":{"footnotes":""},"categories":[97,92,75],"tags":[10440,269,3284,3526],"class_list":["post-71503","post","type-post","status-publish","format-standard","has-post-thumbnail","hentry","category-alcoy","category-deportes","category-noticias","tag-akrasala","tag-alicante","tag-union-alcoyana-fs","tag-victoria"],"yoast_head":"<!-- This site is optimized with the Yoast SEO plugin v27.3 - https:\/\/yoast.com\/product\/yoast-seo-wordpress\/ -->\n<title>El Uni\u00f3n Alcoyana FS se impone en Alicante - COPE Alcoy<\/title>\n<meta name=\"robots\" content=\"index, follow, max-snippet:-1, max-image-preview:large, max-video-preview:-1\" \/>\n<link rel=\"canonical\" href=\"https:\/\/www.copealcoy.es\/es\/el-union-alcoyana-fs-se-impone-en-alicante\/\" \/>\n<meta property=\"og:locale\" content=\"es_ES\" \/>\n<meta property=\"og:type\" content=\"article\" \/>\n<meta property=\"og:title\" content=\"El Uni\u00f3n Alcoyana FS se impone en Alicante - COPE Alcoy\" \/>\n<meta property=\"og:description\" content=\"Pen\u00faltimo encuentro de la Primera Fase para el Uni\u00f3n Alcoyana FS. Tocaba desplazarse a Alicante para recuperar la 13\u00aa Jornada...\" \/>\n<meta property=\"og:url\" content=\"https:\/\/www.copealcoy.es\/es\/el-union-alcoyana-fs-se-impone-en-alicante\/\" \/>\n<meta property=\"og:site_name\" content=\"COPE Alcoy\" \/>\n<meta property=\"article:published_time\" content=\"2021-03-03T12:13:00+00:00\" \/>\n<meta property=\"article:modified_time\" content=\"2021-03-03T12:21:01+00:00\" \/>\n<meta property=\"og:image\" content=\"https:\/\/www.copealcoy.es\/wp-content\/uploads\/2021\/03\/40-J13-Akrasala3-LD-1536x1152-1.jpg\" \/>\n\t<meta property=\"og:image:width\" content=\"1536\" \/>\n\t<meta property=\"og:image:height\" content=\"1152\" \/>\n\t<meta property=\"og:image:type\" content=\"image\/jpeg\" \/>\n<meta name=\"author\" content=\"Cope Alcoy\" \/>\n<meta name=\"twitter:label1\" content=\"Escrito por\" \/>\n\t<meta name=\"twitter:data1\" content=\"Cope Alcoy\" \/>\n\t<meta name=\"twitter:label2\" content=\"Tiempo de lectura\" \/>\n\t<meta name=\"twitter:data2\" content=\"3 minutos\" \/>\n<script type=\"application\/ld+json\" class=\"yoast-schema-graph\">{\"@context\":\"https:\\\/\\\/schema.org\",\"@graph\":[{\"@type\":\"Article\",\"@id\":\"https:\\\/\\\/www.copealcoy.es\\\/es\\\/el-union-alcoyana-fs-se-impone-en-alicante\\\/#article\",\"isPartOf\":{\"@id\":\"https:\\\/\\\/www.copealcoy.es\\\/es\\\/el-union-alcoyana-fs-se-impone-en-alicante\\\/\"},\"author\":{\"name\":\"Cope Alcoy\",\"@id\":\"https:\\\/\\\/www.copealcoy.es\\\/es\\\/#\\\/schema\\\/person\\\/e777c87fa024e57d40170af9df39882c\"},\"headline\":\"El Uni\u00f3n Alcoyana FS se impone en Alicante\",\"datePublished\":\"2021-03-03T12:13:00+00:00\",\"dateModified\":\"2021-03-03T12:21:01+00:00\",\"mainEntityOfPage\":{\"@id\":\"https:\\\/\\\/www.copealcoy.es\\\/es\\\/el-union-alcoyana-fs-se-impone-en-alicante\\\/\"},\"wordCount\":556,\"commentCount\":0,\"image\":{\"@id\":\"https:\\\/\\\/www.copealcoy.es\\\/es\\\/el-union-alcoyana-fs-se-impone-en-alicante\\\/#primaryimage\"},\"thumbnailUrl\":\"https:\\\/\\\/www.copealcoy.es\\\/wp-content\\\/uploads\\\/2021\\\/03\\\/40-J13-Akrasala3-LD-1536x1152-1.jpg\",\"keywords\":[\"Akrasala\",\"Alicante\",\"Uni\u00f3n Alcoyana FS\",\"Victoria\"],\"articleSection\":[\"Alcoy\",\"Deportes\",\"Noticias\"],\"inLanguage\":\"es\"},{\"@type\":\"WebPage\",\"@id\":\"https:\\\/\\\/www.copealcoy.es\\\/es\\\/el-union-alcoyana-fs-se-impone-en-alicante\\\/\",\"url\":\"https:\\\/\\\/www.copealcoy.es\\\/es\\\/el-union-alcoyana-fs-se-impone-en-alicante\\\/\",\"name\":\"El Uni\u00f3n Alcoyana FS se impone en Alicante - COPE Alcoy\",\"isPartOf\":{\"@id\":\"https:\\\/\\\/www.copealcoy.es\\\/es\\\/#website\"},\"primaryImageOfPage\":{\"@id\":\"https:\\\/\\\/www.copealcoy.es\\\/es\\\/el-union-alcoyana-fs-se-impone-en-alicante\\\/#primaryimage\"},\"image\":{\"@id\":\"https:\\\/\\\/www.copealcoy.es\\\/es\\\/el-union-alcoyana-fs-se-impone-en-alicante\\\/#primaryimage\"},\"thumbnailUrl\":\"https:\\\/\\\/www.copealcoy.es\\\/wp-content\\\/uploads\\\/2021\\\/03\\\/40-J13-Akrasala3-LD-1536x1152-1.jpg\",\"datePublished\":\"2021-03-03T12:13:00+00:00\",\"dateModified\":\"2021-03-03T12:21:01+00:00\",\"author\":{\"@id\":\"https:\\\/\\\/www.copealcoy.es\\\/es\\\/#\\\/schema\\\/person\\\/e777c87fa024e57d40170af9df39882c\"},\"breadcrumb\":{\"@id\":\"https:\\\/\\\/www.copealcoy.es\\\/es\\\/el-union-alcoyana-fs-se-impone-en-alicante\\\/#breadcrumb\"},\"inLanguage\":\"es\",\"potentialAction\":[{\"@type\":\"ReadAction\",\"target\":[\"https:\\\/\\\/www.copealcoy.es\\\/es\\\/el-union-alcoyana-fs-se-impone-en-alicante\\\/\"]}]},{\"@type\":\"ImageObject\",\"inLanguage\":\"es\",\"@id\":\"https:\\\/\\\/www.copealcoy.es\\\/es\\\/el-union-alcoyana-fs-se-impone-en-alicante\\\/#primaryimage\",\"url\":\"https:\\\/\\\/www.copealcoy.es\\\/wp-content\\\/uploads\\\/2021\\\/03\\\/40-J13-Akrasala3-LD-1536x1152-1.jpg\",\"contentUrl\":\"https:\\\/\\\/www.copealcoy.es\\\/wp-content\\\/uploads\\\/2021\\\/03\\\/40-J13-Akrasala3-LD-1536x1152-1.jpg\",\"width\":1536,\"height\":1152},{\"@type\":\"BreadcrumbList\",\"@id\":\"https:\\\/\\\/www.copealcoy.es\\\/es\\\/el-union-alcoyana-fs-se-impone-en-alicante\\\/#breadcrumb\",\"itemListElement\":[{\"@type\":\"ListItem\",\"position\":1,\"name\":\"Portada\",\"item\":\"https:\\\/\\\/www.copealcoy.es\\\/es\\\/\"},{\"@type\":\"ListItem\",\"position\":2,\"name\":\"El Uni\u00f3n Alcoyana FS se impone en Alicante\"}]},{\"@type\":\"WebSite\",\"@id\":\"https:\\\/\\\/www.copealcoy.es\\\/es\\\/#website\",\"url\":\"https:\\\/\\\/www.copealcoy.es\\\/es\\\/\",\"name\":\"COPE Alcoy\",\"description\":\"Emisora COPE de radio local con emisi\u00f3n online. Pont de Sant Jordi 8-10 03803 Alcoy\",\"potentialAction\":[{\"@type\":\"SearchAction\",\"target\":{\"@type\":\"EntryPoint\",\"urlTemplate\":\"https:\\\/\\\/www.copealcoy.es\\\/es\\\/?s={search_term_string}\"},\"query-input\":{\"@type\":\"PropertyValueSpecification\",\"valueRequired\":true,\"valueName\":\"search_term_string\"}}],\"inLanguage\":\"es\"},{\"@type\":\"Person\",\"@id\":\"https:\\\/\\\/www.copealcoy.es\\\/es\\\/#\\\/schema\\\/person\\\/e777c87fa024e57d40170af9df39882c\",\"name\":\"Cope Alcoy\",\"image\":{\"@type\":\"ImageObject\",\"inLanguage\":\"es\",\"@id\":\"https:\\\/\\\/secure.gravatar.com\\\/avatar\\\/bb65d0283347e303893ba14f0692005417c1e0e690a325a4c5d8bb2b3943ee14?s=96&d=mm&r=g\",\"url\":\"https:\\\/\\\/secure.gravatar.com\\\/avatar\\\/bb65d0283347e303893ba14f0692005417c1e0e690a325a4c5d8bb2b3943ee14?s=96&d=mm&r=g\",\"contentUrl\":\"https:\\\/\\\/secure.gravatar.com\\\/avatar\\\/bb65d0283347e303893ba14f0692005417c1e0e690a325a4c5d8bb2b3943ee14?s=96&d=mm&r=g\",\"caption\":\"Cope Alcoy\"}}]}<\/script>\n<!-- \/ Yoast SEO plugin. -->","yoast_head_json":{"title":"El Uni\u00f3n Alcoyana FS se impone en Alicante - COPE Alcoy","robots":{"index":"index","follow":"follow","max-snippet":"max-snippet:-1","max-image-preview":"max-image-preview:large","max-video-preview":"max-video-preview:-1"},"canonical":"https:\/\/www.copealcoy.es\/es\/el-union-alcoyana-fs-se-impone-en-alicante\/","og_locale":"es_ES","og_type":"article","og_title":"El Uni\u00f3n Alcoyana FS se impone en Alicante - COPE Alcoy","og_description":"Pen\u00faltimo encuentro de la Primera Fase para el Uni\u00f3n Alcoyana FS. Tocaba desplazarse a Alicante para recuperar la 13\u00aa Jornada...","og_url":"https:\/\/www.copealcoy.es\/es\/el-union-alcoyana-fs-se-impone-en-alicante\/","og_site_name":"COPE Alcoy","article_published_time":"2021-03-03T12:13:00+00:00","article_modified_time":"2021-03-03T12:21:01+00:00","og_image":[{"width":1536,"height":1152,"url":"https:\/\/www.copealcoy.es\/wp-content\/uploads\/2021\/03\/40-J13-Akrasala3-LD-1536x1152-1.jpg","type":"image\/jpeg"}],"author":"Cope Alcoy","twitter_misc":{"Escrito por":"Cope Alcoy","Tiempo de lectura":"3 minutos"},"schema":{"@context":"https:\/\/schema.org","@graph":[{"@type":"Article","@id":"https:\/\/www.copealcoy.es\/es\/el-union-alcoyana-fs-se-impone-en-alicante\/#article","isPartOf":{"@id":"https:\/\/www.copealcoy.es\/es\/el-union-alcoyana-fs-se-impone-en-alicante\/"},"author":{"name":"Cope Alcoy","@id":"https:\/\/www.copealcoy.es\/es\/#\/schema\/person\/e777c87fa024e57d40170af9df39882c"},"headline":"El Uni\u00f3n Alcoyana FS se impone en Alicante","datePublished":"2021-03-03T12:13:00+00:00","dateModified":"2021-03-03T12:21:01+00:00","mainEntityOfPage":{"@id":"https:\/\/www.copealcoy.es\/es\/el-union-alcoyana-fs-se-impone-en-alicante\/"},"wordCount":556,"commentCount":0,"image":{"@id":"https:\/\/www.copealcoy.es\/es\/el-union-alcoyana-fs-se-impone-en-alicante\/#primaryimage"},"thumbnailUrl":"https:\/\/www.copealcoy.es\/wp-content\/uploads\/2021\/03\/40-J13-Akrasala3-LD-1536x1152-1.jpg","keywords":["Akrasala","Alicante","Uni\u00f3n Alcoyana FS","Victoria"],"articleSection":["Alcoy","Deportes","Noticias"],"inLanguage":"es"},{"@type":"WebPage","@id":"https:\/\/www.copealcoy.es\/es\/el-union-alcoyana-fs-se-impone-en-alicante\/","url":"https:\/\/www.copealcoy.es\/es\/el-union-alcoyana-fs-se-impone-en-alicante\/","name":"El Uni\u00f3n Alcoyana FS se impone en Alicante - COPE Alcoy","isPartOf":{"@id":"https:\/\/www.copealcoy.es\/es\/#website"},"primaryImageOfPage":{"@id":"https:\/\/www.copealcoy.es\/es\/el-union-alcoyana-fs-se-impone-en-alicante\/#primaryimage"},"image":{"@id":"https:\/\/www.copealcoy.es\/es\/el-union-alcoyana-fs-se-impone-en-alicante\/#primaryimage"},"thumbnailUrl":"https:\/\/www.copealcoy.es\/wp-content\/uploads\/2021\/03\/40-J13-Akrasala3-LD-1536x1152-1.jpg","datePublished":"2021-03-03T12:13:00+00:00","dateModified":"2021-03-03T12:21:01+00:00","author":{"@id":"https:\/\/www.copealcoy.es\/es\/#\/schema\/person\/e777c87fa024e57d40170af9df39882c"},"breadcrumb":{"@id":"https:\/\/www.copealcoy.es\/es\/el-union-alcoyana-fs-se-impone-en-alicante\/#breadcrumb"},"inLanguage":"es","potentialAction":[{"@type":"ReadAction","target":["https:\/\/www.copealcoy.es\/es\/el-union-alcoyana-fs-se-impone-en-alicante\/"]}]},{"@type":"ImageObject","inLanguage":"es","@id":"https:\/\/www.copealcoy.es\/es\/el-union-alcoyana-fs-se-impone-en-alicante\/#primaryimage","url":"https:\/\/www.copealcoy.es\/wp-content\/uploads\/2021\/03\/40-J13-Akrasala3-LD-1536x1152-1.jpg","contentUrl":"https:\/\/www.copealcoy.es\/wp-content\/uploads\/2021\/03\/40-J13-Akrasala3-LD-1536x1152-1.jpg","width":1536,"height":1152},{"@type":"BreadcrumbList","@id":"https:\/\/www.copealcoy.es\/es\/el-union-alcoyana-fs-se-impone-en-alicante\/#breadcrumb","itemListElement":[{"@type":"ListItem","position":1,"name":"Portada","item":"https:\/\/www.copealcoy.es\/es\/"},{"@type":"ListItem","position":2,"name":"El Uni\u00f3n Alcoyana FS se impone en Alicante"}]},{"@type":"WebSite","@id":"https:\/\/www.copealcoy.es\/es\/#website","url":"https:\/\/www.copealcoy.es\/es\/","name":"COPE Alcoy","description":"Emisora COPE de radio local con emisi\u00f3n online. Pont de Sant Jordi 8-10 03803 Alcoy","potentialAction":[{"@type":"SearchAction","target":{"@type":"EntryPoint","urlTemplate":"https:\/\/www.copealcoy.es\/es\/?s={search_term_string}"},"query-input":{"@type":"PropertyValueSpecification","valueRequired":true,"valueName":"search_term_string"}}],"inLanguage":"es"},{"@type":"Person","@id":"https:\/\/www.copealcoy.es\/es\/#\/schema\/person\/e777c87fa024e57d40170af9df39882c","name":"Cope Alcoy","image":{"@type":"ImageObject","inLanguage":"es","@id":"https:\/\/secure.gravatar.com\/avatar\/bb65d0283347e303893ba14f0692005417c1e0e690a325a4c5d8bb2b3943ee14?s=96&d=mm&r=g","url":"https:\/\/secure.gravatar.com\/avatar\/bb65d0283347e303893ba14f0692005417c1e0e690a325a4c5d8bb2b3943ee14?s=96&d=mm&r=g","contentUrl":"https:\/\/secure.gravatar.com\/avatar\/bb65d0283347e303893ba14f0692005417c1e0e690a325a4c5d8bb2b3943ee14?s=96&d=mm&r=g","caption":"Cope Alcoy"}}]}},"_links":{"self":[{"href":"https:\/\/www.copealcoy.es\/es\/wp-json\/wp\/v2\/posts\/71503","targetHints":{"allow":["GET"]}}],"collection":[{"href":"https:\/\/www.copealcoy.es\/es\/wp-json\/wp\/v2\/posts"}],"about":[{"href":"https:\/\/www.copealcoy.es\/es\/wp-json\/wp\/v2\/types\/post"}],"author":[{"embeddable":true,"href":"https:\/\/www.copealcoy.es\/es\/wp-json\/wp\/v2\/users\/1"}],"replies":[{"embeddable":true,"href":"https:\/\/www.copealcoy.es\/es\/wp-json\/wp\/v2\/comments?post=71503"}],"version-history":[{"count":0,"href":"https:\/\/www.copealcoy.es\/es\/wp-json\/wp\/v2\/posts\/71503\/revisions"}],"wp:featuredmedia":[{"embeddable":true,"href":"https:\/\/www.copealcoy.es\/es\/wp-json\/wp\/v2\/media\/71504"}],"wp:attachment":[{"href":"https:\/\/www.copealcoy.es\/es\/wp-json\/wp\/v2\/media?parent=71503"}],"wp:term":[{"taxonomy":"category","embeddable":true,"href":"https:\/\/www.copealcoy.es\/es\/wp-json\/wp\/v2\/categories?post=71503"},{"taxonomy":"post_tag","embeddable":true,"href":"https:\/\/www.copealcoy.es\/es\/wp-json\/wp\/v2\/tags?post=71503"}],"curies":[{"name":"wp","href":"https:\/\/api.w.org\/{rel}","templated":true}]}}