{"id":71444,"date":"2021-03-02T10:59:22","date_gmt":"2021-03-02T09:59:22","guid":{"rendered":"https:\/\/www.copealcoy.es\/?p=71444"},"modified":"2021-03-02T11:03:48","modified_gmt":"2021-03-02T10:03:48","slug":"la-comunitat-lidera-el-aumento-del-paro-en-el-mes-de-febrero","status":"publish","type":"post","link":"https:\/\/www.copealcoy.es\/es\/la-comunitat-lidera-el-aumento-del-paro-en-el-mes-de-febrero\/","title":{"rendered":"La Comunitat lidera el aumento del paro en el mes de febrero"},"content":{"rendered":"<p style=\"text-align: justify;\">El n\u00famero de\u00a0<strong>parados registrados en las oficinas de empleo en la Comunitat Valenciana subi\u00f3 en 8.363 personas en febrero<\/strong>, lo que supone <strong>un 1,8% m\u00e1s que en enero<\/strong>, m\u00e1s que en el conjunto del pa\u00eds, donde se increment\u00f3 un 1,1%.<\/p>\n<p style=\"text-align: justify;\">Adem\u00e1s, <strong>hubo 89.896 parados m\u00e1s en la Comunitat<\/strong>, <strong>un 24,5%<\/strong>, en relaci\u00f3n con febrero de 2020, tambi\u00e9n <strong>por encima del aumento medio nacional<\/strong> del 23,5%.<\/p>\n<p style=\"text-align: justify;\">De este modo, <strong>la Comunitat cuenta con 456.158 desempleados en el segundo mes del a\u00f1o<\/strong>, ha informado este martes el Ministerio de Trabajo y Econom\u00eda Social.<\/p>\n<p style=\"text-align: justify;\">En Espa\u00f1a, el n\u00famero de parados registrados en las oficinas de los servicios p\u00fablicos de empleo (antiguo Inem) <strong>subi\u00f3 en 44.436 desempleados en febrero (+1,1%),<\/strong> su mayor alza en este mes desde el a\u00f1o 2013, cuando se increment\u00f3 en 59.444 personas. El Ministerio de Trabajo <strong>ha atribuido este repunte del desempleo<\/strong> al &#8220;<em>fuerte impacto<\/em>&#8221; de <strong>la tercera ola de la pandemia<\/strong> y a las &#8220;<em>severas restricciones<\/em>&#8221; que se han impuesto para frenarla.<\/p>\n<p style=\"text-align: justify;\">Con este aumento del paro, <strong>el quinto consecutivo<\/strong>, el volumen total de parados <strong>alcanz\u00f3 al finalizar el segundo mes del a\u00f1o la cifra de 4.008.789 desempleados<\/strong>. No se superaban <strong>los 4 millones de parados desde abril<\/strong> de 2016.<\/p>\n<p style=\"text-align: justify;\">El dato de paro de febrero, al igual que ocurri\u00f3 en los meses anteriores, <strong>no incluye a los trabajadores que se encuentran en suspensi\u00f3n de empleo o reducci\u00f3n horaria<\/strong> como consecuencia de un expediente de regulaci\u00f3n temporal de empleo (ERTE), ya que la definici\u00f3n de paro registrado no los contabiliza como desempleados.<\/p>\n","protected":false},"excerpt":{"rendered":"<p>El n\u00famero de\u00a0parados registrados en las oficinas de empleo en la Comunitat Valenciana subi\u00f3 en 8.363 personas en febrero, lo&#8230;<\/p>\n","protected":false},"author":1,"featured_media":71445,"comment_status":"open","ping_status":"open","sticky":false,"template":"","format":"standard","meta":{"footnotes":""},"categories":[98,75],"tags":[1768,7281,10050,10937],"class_list":["post-71444","post","type-post","status-publish","format-standard","has-post-thumbnail","hentry","category-comarcas","category-noticias","tag-comunitat-valenciana","tag-coronavirus","tag-crisis-sanitaria","tag-paro-registrado"],"yoast_head":"<!-- This site is optimized with the Yoast SEO plugin v27.3 - https:\/\/yoast.com\/product\/yoast-seo-wordpress\/ -->\n<title>La Comunitat lidera el aumento del paro en el mes de febrero - COPE Alcoy<\/title>\n<meta name=\"robots\" content=\"index, follow, max-snippet:-1, max-image-preview:large, max-video-preview:-1\" \/>\n<link rel=\"canonical\" href=\"https:\/\/www.copealcoy.es\/es\/la-comunitat-lidera-el-aumento-del-paro-en-el-mes-de-febrero\/\" \/>\n<meta property=\"og:locale\" content=\"es_ES\" \/>\n<meta property=\"og:type\" content=\"article\" \/>\n<meta property=\"og:title\" content=\"La Comunitat lidera el aumento del paro en el mes de febrero - COPE Alcoy\" \/>\n<meta property=\"og:description\" content=\"El n\u00famero de\u00a0parados registrados en las oficinas de empleo en la Comunitat Valenciana subi\u00f3 en 8.363 personas en febrero, lo...\" \/>\n<meta property=\"og:url\" content=\"https:\/\/www.copealcoy.es\/es\/la-comunitat-lidera-el-aumento-del-paro-en-el-mes-de-febrero\/\" \/>\n<meta property=\"og:site_name\" content=\"COPE Alcoy\" \/>\n<meta property=\"article:published_time\" content=\"2021-03-02T09:59:22+00:00\" \/>\n<meta property=\"article:modified_time\" content=\"2021-03-02T10:03:48+00:00\" \/>\n<meta property=\"og:image\" content=\"https:\/\/www.copealcoy.es\/wp-content\/uploads\/2021\/03\/1614081287824.jpg\" \/>\n\t<meta property=\"og:image:width\" content=\"976\" \/>\n\t<meta property=\"og:image:height\" content=\"651\" \/>\n\t<meta property=\"og:image:type\" content=\"image\/jpeg\" \/>\n<meta name=\"author\" content=\"Cope Alcoy\" \/>\n<meta name=\"twitter:label1\" content=\"Escrito por\" \/>\n\t<meta name=\"twitter:data1\" content=\"Cope Alcoy\" \/>\n\t<meta name=\"twitter:label2\" content=\"Tiempo de lectura\" \/>\n\t<meta name=\"twitter:data2\" content=\"1 minuto\" \/>\n<script type=\"application\/ld+json\" class=\"yoast-schema-graph\">{\"@context\":\"https:\\\/\\\/schema.org\",\"@graph\":[{\"@type\":\"Article\",\"@id\":\"https:\\\/\\\/www.copealcoy.es\\\/es\\\/la-comunitat-lidera-el-aumento-del-paro-en-el-mes-de-febrero\\\/#article\",\"isPartOf\":{\"@id\":\"https:\\\/\\\/www.copealcoy.es\\\/es\\\/la-comunitat-lidera-el-aumento-del-paro-en-el-mes-de-febrero\\\/\"},\"author\":{\"name\":\"Cope Alcoy\",\"@id\":\"https:\\\/\\\/www.copealcoy.es\\\/es\\\/#\\\/schema\\\/person\\\/e777c87fa024e57d40170af9df39882c\"},\"headline\":\"La Comunitat lidera el aumento del paro en el mes de febrero\",\"datePublished\":\"2021-03-02T09:59:22+00:00\",\"dateModified\":\"2021-03-02T10:03:48+00:00\",\"mainEntityOfPage\":{\"@id\":\"https:\\\/\\\/www.copealcoy.es\\\/es\\\/la-comunitat-lidera-el-aumento-del-paro-en-el-mes-de-febrero\\\/\"},\"wordCount\":270,\"commentCount\":0,\"image\":{\"@id\":\"https:\\\/\\\/www.copealcoy.es\\\/es\\\/la-comunitat-lidera-el-aumento-del-paro-en-el-mes-de-febrero\\\/#primaryimage\"},\"thumbnailUrl\":\"https:\\\/\\\/www.copealcoy.es\\\/wp-content\\\/uploads\\\/2021\\\/03\\\/1614081287824.jpg\",\"keywords\":[\"Comunitat Valenciana\",\"Coronavirus\",\"crisis sanitaria\",\"paro registrado\"],\"articleSection\":[\"Comarcas\",\"Noticias\"],\"inLanguage\":\"es\"},{\"@type\":\"WebPage\",\"@id\":\"https:\\\/\\\/www.copealcoy.es\\\/es\\\/la-comunitat-lidera-el-aumento-del-paro-en-el-mes-de-febrero\\\/\",\"url\":\"https:\\\/\\\/www.copealcoy.es\\\/es\\\/la-comunitat-lidera-el-aumento-del-paro-en-el-mes-de-febrero\\\/\",\"name\":\"La Comunitat lidera el aumento del paro en el mes de febrero - COPE Alcoy\",\"isPartOf\":{\"@id\":\"https:\\\/\\\/www.copealcoy.es\\\/es\\\/#website\"},\"primaryImageOfPage\":{\"@id\":\"https:\\\/\\\/www.copealcoy.es\\\/es\\\/la-comunitat-lidera-el-aumento-del-paro-en-el-mes-de-febrero\\\/#primaryimage\"},\"image\":{\"@id\":\"https:\\\/\\\/www.copealcoy.es\\\/es\\\/la-comunitat-lidera-el-aumento-del-paro-en-el-mes-de-febrero\\\/#primaryimage\"},\"thumbnailUrl\":\"https:\\\/\\\/www.copealcoy.es\\\/wp-content\\\/uploads\\\/2021\\\/03\\\/1614081287824.jpg\",\"datePublished\":\"2021-03-02T09:59:22+00:00\",\"dateModified\":\"2021-03-02T10:03:48+00:00\",\"author\":{\"@id\":\"https:\\\/\\\/www.copealcoy.es\\\/es\\\/#\\\/schema\\\/person\\\/e777c87fa024e57d40170af9df39882c\"},\"breadcrumb\":{\"@id\":\"https:\\\/\\\/www.copealcoy.es\\\/es\\\/la-comunitat-lidera-el-aumento-del-paro-en-el-mes-de-febrero\\\/#breadcrumb\"},\"inLanguage\":\"es\",\"potentialAction\":[{\"@type\":\"ReadAction\",\"target\":[\"https:\\\/\\\/www.copealcoy.es\\\/es\\\/la-comunitat-lidera-el-aumento-del-paro-en-el-mes-de-febrero\\\/\"]}]},{\"@type\":\"ImageObject\",\"inLanguage\":\"es\",\"@id\":\"https:\\\/\\\/www.copealcoy.es\\\/es\\\/la-comunitat-lidera-el-aumento-del-paro-en-el-mes-de-febrero\\\/#primaryimage\",\"url\":\"https:\\\/\\\/www.copealcoy.es\\\/wp-content\\\/uploads\\\/2021\\\/03\\\/1614081287824.jpg\",\"contentUrl\":\"https:\\\/\\\/www.copealcoy.es\\\/wp-content\\\/uploads\\\/2021\\\/03\\\/1614081287824.jpg\",\"width\":976,\"height\":651},{\"@type\":\"BreadcrumbList\",\"@id\":\"https:\\\/\\\/www.copealcoy.es\\\/es\\\/la-comunitat-lidera-el-aumento-del-paro-en-el-mes-de-febrero\\\/#breadcrumb\",\"itemListElement\":[{\"@type\":\"ListItem\",\"position\":1,\"name\":\"Portada\",\"item\":\"https:\\\/\\\/www.copealcoy.es\\\/es\\\/\"},{\"@type\":\"ListItem\",\"position\":2,\"name\":\"La Comunitat lidera el aumento del paro en el mes de febrero\"}]},{\"@type\":\"WebSite\",\"@id\":\"https:\\\/\\\/www.copealcoy.es\\\/es\\\/#website\",\"url\":\"https:\\\/\\\/www.copealcoy.es\\\/es\\\/\",\"name\":\"COPE Alcoy\",\"description\":\"Emisora COPE de radio local con emisi\u00f3n online. Pont de Sant Jordi 8-10 03803 Alcoy\",\"potentialAction\":[{\"@type\":\"SearchAction\",\"target\":{\"@type\":\"EntryPoint\",\"urlTemplate\":\"https:\\\/\\\/www.copealcoy.es\\\/es\\\/?s={search_term_string}\"},\"query-input\":{\"@type\":\"PropertyValueSpecification\",\"valueRequired\":true,\"valueName\":\"search_term_string\"}}],\"inLanguage\":\"es\"},{\"@type\":\"Person\",\"@id\":\"https:\\\/\\\/www.copealcoy.es\\\/es\\\/#\\\/schema\\\/person\\\/e777c87fa024e57d40170af9df39882c\",\"name\":\"Cope Alcoy\",\"image\":{\"@type\":\"ImageObject\",\"inLanguage\":\"es\",\"@id\":\"https:\\\/\\\/secure.gravatar.com\\\/avatar\\\/bb65d0283347e303893ba14f0692005417c1e0e690a325a4c5d8bb2b3943ee14?s=96&d=mm&r=g\",\"url\":\"https:\\\/\\\/secure.gravatar.com\\\/avatar\\\/bb65d0283347e303893ba14f0692005417c1e0e690a325a4c5d8bb2b3943ee14?s=96&d=mm&r=g\",\"contentUrl\":\"https:\\\/\\\/secure.gravatar.com\\\/avatar\\\/bb65d0283347e303893ba14f0692005417c1e0e690a325a4c5d8bb2b3943ee14?s=96&d=mm&r=g\",\"caption\":\"Cope Alcoy\"}}]}<\/script>\n<!-- \/ Yoast SEO plugin. -->","yoast_head_json":{"title":"La Comunitat lidera el aumento del paro en el mes de febrero - COPE Alcoy","robots":{"index":"index","follow":"follow","max-snippet":"max-snippet:-1","max-image-preview":"max-image-preview:large","max-video-preview":"max-video-preview:-1"},"canonical":"https:\/\/www.copealcoy.es\/es\/la-comunitat-lidera-el-aumento-del-paro-en-el-mes-de-febrero\/","og_locale":"es_ES","og_type":"article","og_title":"La Comunitat lidera el aumento del paro en el mes de febrero - COPE Alcoy","og_description":"El n\u00famero de\u00a0parados registrados en las oficinas de empleo en la Comunitat Valenciana subi\u00f3 en 8.363 personas en febrero, lo...","og_url":"https:\/\/www.copealcoy.es\/es\/la-comunitat-lidera-el-aumento-del-paro-en-el-mes-de-febrero\/","og_site_name":"COPE Alcoy","article_published_time":"2021-03-02T09:59:22+00:00","article_modified_time":"2021-03-02T10:03:48+00:00","og_image":[{"width":976,"height":651,"url":"https:\/\/www.copealcoy.es\/wp-content\/uploads\/2021\/03\/1614081287824.jpg","type":"image\/jpeg"}],"author":"Cope Alcoy","twitter_misc":{"Escrito por":"Cope Alcoy","Tiempo de lectura":"1 minuto"},"schema":{"@context":"https:\/\/schema.org","@graph":[{"@type":"Article","@id":"https:\/\/www.copealcoy.es\/es\/la-comunitat-lidera-el-aumento-del-paro-en-el-mes-de-febrero\/#article","isPartOf":{"@id":"https:\/\/www.copealcoy.es\/es\/la-comunitat-lidera-el-aumento-del-paro-en-el-mes-de-febrero\/"},"author":{"name":"Cope Alcoy","@id":"https:\/\/www.copealcoy.es\/es\/#\/schema\/person\/e777c87fa024e57d40170af9df39882c"},"headline":"La Comunitat lidera el aumento del paro en el mes de febrero","datePublished":"2021-03-02T09:59:22+00:00","dateModified":"2021-03-02T10:03:48+00:00","mainEntityOfPage":{"@id":"https:\/\/www.copealcoy.es\/es\/la-comunitat-lidera-el-aumento-del-paro-en-el-mes-de-febrero\/"},"wordCount":270,"commentCount":0,"image":{"@id":"https:\/\/www.copealcoy.es\/es\/la-comunitat-lidera-el-aumento-del-paro-en-el-mes-de-febrero\/#primaryimage"},"thumbnailUrl":"https:\/\/www.copealcoy.es\/wp-content\/uploads\/2021\/03\/1614081287824.jpg","keywords":["Comunitat Valenciana","Coronavirus","crisis sanitaria","paro registrado"],"articleSection":["Comarcas","Noticias"],"inLanguage":"es"},{"@type":"WebPage","@id":"https:\/\/www.copealcoy.es\/es\/la-comunitat-lidera-el-aumento-del-paro-en-el-mes-de-febrero\/","url":"https:\/\/www.copealcoy.es\/es\/la-comunitat-lidera-el-aumento-del-paro-en-el-mes-de-febrero\/","name":"La Comunitat lidera el aumento del paro en el mes de febrero - COPE Alcoy","isPartOf":{"@id":"https:\/\/www.copealcoy.es\/es\/#website"},"primaryImageOfPage":{"@id":"https:\/\/www.copealcoy.es\/es\/la-comunitat-lidera-el-aumento-del-paro-en-el-mes-de-febrero\/#primaryimage"},"image":{"@id":"https:\/\/www.copealcoy.es\/es\/la-comunitat-lidera-el-aumento-del-paro-en-el-mes-de-febrero\/#primaryimage"},"thumbnailUrl":"https:\/\/www.copealcoy.es\/wp-content\/uploads\/2021\/03\/1614081287824.jpg","datePublished":"2021-03-02T09:59:22+00:00","dateModified":"2021-03-02T10:03:48+00:00","author":{"@id":"https:\/\/www.copealcoy.es\/es\/#\/schema\/person\/e777c87fa024e57d40170af9df39882c"},"breadcrumb":{"@id":"https:\/\/www.copealcoy.es\/es\/la-comunitat-lidera-el-aumento-del-paro-en-el-mes-de-febrero\/#breadcrumb"},"inLanguage":"es","potentialAction":[{"@type":"ReadAction","target":["https:\/\/www.copealcoy.es\/es\/la-comunitat-lidera-el-aumento-del-paro-en-el-mes-de-febrero\/"]}]},{"@type":"ImageObject","inLanguage":"es","@id":"https:\/\/www.copealcoy.es\/es\/la-comunitat-lidera-el-aumento-del-paro-en-el-mes-de-febrero\/#primaryimage","url":"https:\/\/www.copealcoy.es\/wp-content\/uploads\/2021\/03\/1614081287824.jpg","contentUrl":"https:\/\/www.copealcoy.es\/wp-content\/uploads\/2021\/03\/1614081287824.jpg","width":976,"height":651},{"@type":"BreadcrumbList","@id":"https:\/\/www.copealcoy.es\/es\/la-comunitat-lidera-el-aumento-del-paro-en-el-mes-de-febrero\/#breadcrumb","itemListElement":[{"@type":"ListItem","position":1,"name":"Portada","item":"https:\/\/www.copealcoy.es\/es\/"},{"@type":"ListItem","position":2,"name":"La Comunitat lidera el aumento del paro en el mes de febrero"}]},{"@type":"WebSite","@id":"https:\/\/www.copealcoy.es\/es\/#website","url":"https:\/\/www.copealcoy.es\/es\/","name":"COPE Alcoy","description":"Emisora COPE de radio local con emisi\u00f3n online. Pont de Sant Jordi 8-10 03803 Alcoy","potentialAction":[{"@type":"SearchAction","target":{"@type":"EntryPoint","urlTemplate":"https:\/\/www.copealcoy.es\/es\/?s={search_term_string}"},"query-input":{"@type":"PropertyValueSpecification","valueRequired":true,"valueName":"search_term_string"}}],"inLanguage":"es"},{"@type":"Person","@id":"https:\/\/www.copealcoy.es\/es\/#\/schema\/person\/e777c87fa024e57d40170af9df39882c","name":"Cope Alcoy","image":{"@type":"ImageObject","inLanguage":"es","@id":"https:\/\/secure.gravatar.com\/avatar\/bb65d0283347e303893ba14f0692005417c1e0e690a325a4c5d8bb2b3943ee14?s=96&d=mm&r=g","url":"https:\/\/secure.gravatar.com\/avatar\/bb65d0283347e303893ba14f0692005417c1e0e690a325a4c5d8bb2b3943ee14?s=96&d=mm&r=g","contentUrl":"https:\/\/secure.gravatar.com\/avatar\/bb65d0283347e303893ba14f0692005417c1e0e690a325a4c5d8bb2b3943ee14?s=96&d=mm&r=g","caption":"Cope Alcoy"}}]}},"_links":{"self":[{"href":"https:\/\/www.copealcoy.es\/es\/wp-json\/wp\/v2\/posts\/71444","targetHints":{"allow":["GET"]}}],"collection":[{"href":"https:\/\/www.copealcoy.es\/es\/wp-json\/wp\/v2\/posts"}],"about":[{"href":"https:\/\/www.copealcoy.es\/es\/wp-json\/wp\/v2\/types\/post"}],"author":[{"embeddable":true,"href":"https:\/\/www.copealcoy.es\/es\/wp-json\/wp\/v2\/users\/1"}],"replies":[{"embeddable":true,"href":"https:\/\/www.copealcoy.es\/es\/wp-json\/wp\/v2\/comments?post=71444"}],"version-history":[{"count":0,"href":"https:\/\/www.copealcoy.es\/es\/wp-json\/wp\/v2\/posts\/71444\/revisions"}],"wp:featuredmedia":[{"embeddable":true,"href":"https:\/\/www.copealcoy.es\/es\/wp-json\/wp\/v2\/media\/71445"}],"wp:attachment":[{"href":"https:\/\/www.copealcoy.es\/es\/wp-json\/wp\/v2\/media?parent=71444"}],"wp:term":[{"taxonomy":"category","embeddable":true,"href":"https:\/\/www.copealcoy.es\/es\/wp-json\/wp\/v2\/categories?post=71444"},{"taxonomy":"post_tag","embeddable":true,"href":"https:\/\/www.copealcoy.es\/es\/wp-json\/wp\/v2\/tags?post=71444"}],"curies":[{"name":"wp","href":"https:\/\/api.w.org\/{rel}","templated":true}]}}