{"id":71416,"date":"2021-03-02T02:59:56","date_gmt":"2021-03-02T01:59:56","guid":{"rendered":"https:\/\/www.copealcoy.es\/?p=71416"},"modified":"2021-03-02T06:53:01","modified_gmt":"2021-03-02T05:53:01","slug":"29-de-marzo-fecha-en-la-que-el-centro-comenzara-a-ser-peatonal","status":"publish","type":"post","link":"https:\/\/www.copealcoy.es\/es\/29-de-marzo-fecha-en-la-que-el-centro-comenzara-a-ser-peatonal\/","title":{"rendered":"29 de marzo, fecha en la que el Centro comenzar\u00e1 a ser peatonal"},"content":{"rendered":"<p style=\"text-align: justify;\">El <strong>Ayuntamiento de Alcoy<\/strong> ha anunciado que el pr\u00f3ximo 29 de marzo comenzar\u00e1 a aplicarse <strong>la nueva ordenanza de peatonalizaci\u00f3n del Centro<\/strong>. De esta forma en <strong>la primera fase<\/strong> las calles de <strong>San Lorenzo, Sant Josep, y calles adyacentes, l&#8217;Escola, un tramo de Moss\u00e9n Torregrosa, la calle Joan Cant\u00f3 o la Plaza de Espa\u00f1a delante del Ayuntamiento<\/strong> pasar\u00e1n a ser peatonales. Por su parte <strong>San Nicol\u00e1s <\/strong>solo tendr\u00e1 un carril de subida mientras que <strong>la calle Casablanca<\/strong> acoger\u00e1 al tr\u00e1fico procedente de la Zona Alta. Adem\u00e1s <strong>Pa\u00eds Valenci\u00e0<\/strong> pasar\u00e1 a ser de doble sentido de circulaci\u00f3n, un hecho que permitir\u00e1 acceder al Centro desde La Beniata en sentido ascendente hasta El Parterre; en la intersecci\u00f3n con Capell\u00e0 Benlloch. Finalmente en <strong>Santo Tom\u00e1s<\/strong> habr\u00e1 doble carril de bajada para facilitar el giro hacia Sant Jaume.<\/p>\n<p style=\"text-align: justify;\">El edil de Movilidad, <strong>Jordi Mart\u00ednez<\/strong>, ha indicado al respecto que todos los cambios que se van a poner en marcha s<strong>e basan en un estudio sobre el tr\u00e1fico de la ciudad que se ha elaborado previamente<\/strong>. Adem\u00e1s reconoce que estas modificaciones <strong>implicar\u00e1n un cambio de h\u00e1bitos en la ciudadan\u00eda<\/strong> &#8220;<em>ahora mismo, por ejemplo, pasan hasta 11.000 veh\u00edculos cada d\u00eda por la Plaza de Espa\u00f1a y con la peatonalizaci\u00f3n habr\u00e1 una bajada considerable. Con este proceso, adem\u00e1s de bajar el tr\u00e1fico rodado en el Centro, se persigue reducir la contaminaci\u00f3n y ganar espacio para los viandantes<\/em>&#8220;; afirma Mart\u00ednez.<\/p>\n<p style=\"text-align: justify;\">Los autobuses urbanos <strong>seguir\u00e1n circulando por las mismas calles que lo hacen hasta ahora<\/strong> y se espera que de cara al verano, si todo funciona bien, <strong>se pueda poner en marcha la segunda fase<\/strong>. El \u00e1rea de Movilidad ha preparado <strong>diferentes permisos, temporales y permanentes<\/strong>, para residentes de la zona, comerciantes o profesionales que tengan que desempe\u00f1ar su actividad laboral en las calles que pasar\u00e1n a ser peatonales. Los tr\u00e1mites <strong>se pueden realizar<\/strong> en la web <span style=\"color: #0000ff;\"><a style=\"color: #0000ff;\" href=\"https:\/\/www.alcoi.org\/ca\/portada\/index.html\"><strong>www.alcoi.org<\/strong><\/a><\/span> y tambi\u00e9n <strong>se puede descargar el formulario<\/strong> para presentarlo en el registro municipal una vez cumplimentado.<\/p>\n","protected":false},"excerpt":{"rendered":"<p>El Ayuntamiento de Alcoy ha anunciado que el pr\u00f3ximo 29 de marzo comenzar\u00e1 a aplicarse la nueva ordenanza de peatonalizaci\u00f3n&#8230;<\/p>\n","protected":false},"author":1,"featured_media":17409,"comment_status":"open","ping_status":"open","sticky":false,"template":"","format":"standard","meta":{"footnotes":""},"categories":[97,75,79,125],"tags":[10935,295,927,204,294],"class_list":["post-71416","post","type-post","status-publish","format-standard","has-post-thumbnail","hentry","category-alcoy","category-noticias","category-politicayeconomia","category-portada","tag-29-de-marzo","tag-centro","tag-jordi-martinez","tag-movilidad","tag-peatonalizacion"],"yoast_head":"<!-- This site is optimized with the Yoast SEO plugin v27.3 - https:\/\/yoast.com\/product\/yoast-seo-wordpress\/ -->\n<title>29 de marzo, fecha en la que el Centro comenzar\u00e1 a ser peatonal - COPE Alcoy<\/title>\n<meta name=\"robots\" content=\"index, follow, max-snippet:-1, max-image-preview:large, max-video-preview:-1\" \/>\n<link rel=\"canonical\" href=\"https:\/\/www.copealcoy.es\/es\/29-de-marzo-fecha-en-la-que-el-centro-comenzara-a-ser-peatonal\/\" \/>\n<meta property=\"og:locale\" content=\"es_ES\" \/>\n<meta property=\"og:type\" content=\"article\" \/>\n<meta property=\"og:title\" content=\"29 de marzo, fecha en la que el Centro comenzar\u00e1 a ser peatonal - COPE Alcoy\" \/>\n<meta property=\"og:description\" content=\"El Ayuntamiento de Alcoy ha anunciado que el pr\u00f3ximo 29 de marzo comenzar\u00e1 a aplicarse la nueva ordenanza de peatonalizaci\u00f3n...\" \/>\n<meta property=\"og:url\" content=\"https:\/\/www.copealcoy.es\/es\/29-de-marzo-fecha-en-la-que-el-centro-comenzara-a-ser-peatonal\/\" \/>\n<meta property=\"og:site_name\" content=\"COPE Alcoy\" \/>\n<meta property=\"article:published_time\" content=\"2021-03-02T01:59:56+00:00\" \/>\n<meta property=\"article:modified_time\" content=\"2021-03-02T05:53:01+00:00\" \/>\n<meta property=\"og:image\" content=\"https:\/\/www.copealcoy.es\/wp-content\/uploads\/2015\/12\/IMG_20151014_110244.jpg\" \/>\n\t<meta property=\"og:image:width\" content=\"2592\" \/>\n\t<meta property=\"og:image:height\" content=\"1944\" \/>\n\t<meta property=\"og:image:type\" content=\"image\/jpeg\" \/>\n<meta name=\"author\" content=\"Cope Alcoy\" \/>\n<meta name=\"twitter:label1\" content=\"Escrito por\" \/>\n\t<meta name=\"twitter:data1\" content=\"Cope Alcoy\" \/>\n\t<meta name=\"twitter:label2\" content=\"Tiempo de lectura\" \/>\n\t<meta name=\"twitter:data2\" content=\"2 minutos\" \/>\n<script type=\"application\/ld+json\" class=\"yoast-schema-graph\">{\"@context\":\"https:\\\/\\\/schema.org\",\"@graph\":[{\"@type\":\"Article\",\"@id\":\"https:\\\/\\\/www.copealcoy.es\\\/es\\\/29-de-marzo-fecha-en-la-que-el-centro-comenzara-a-ser-peatonal\\\/#article\",\"isPartOf\":{\"@id\":\"https:\\\/\\\/www.copealcoy.es\\\/es\\\/29-de-marzo-fecha-en-la-que-el-centro-comenzara-a-ser-peatonal\\\/\"},\"author\":{\"name\":\"Cope Alcoy\",\"@id\":\"https:\\\/\\\/www.copealcoy.es\\\/es\\\/#\\\/schema\\\/person\\\/e777c87fa024e57d40170af9df39882c\"},\"headline\":\"29 de marzo, fecha en la que el Centro comenzar\u00e1 a ser peatonal\",\"datePublished\":\"2021-03-02T01:59:56+00:00\",\"dateModified\":\"2021-03-02T05:53:01+00:00\",\"mainEntityOfPage\":{\"@id\":\"https:\\\/\\\/www.copealcoy.es\\\/es\\\/29-de-marzo-fecha-en-la-que-el-centro-comenzara-a-ser-peatonal\\\/\"},\"wordCount\":369,\"commentCount\":0,\"image\":{\"@id\":\"https:\\\/\\\/www.copealcoy.es\\\/es\\\/29-de-marzo-fecha-en-la-que-el-centro-comenzara-a-ser-peatonal\\\/#primaryimage\"},\"thumbnailUrl\":\"https:\\\/\\\/www.copealcoy.es\\\/wp-content\\\/uploads\\\/2015\\\/12\\\/IMG_20151014_110244.jpg\",\"keywords\":[\"29 de marzo\",\"Centro\",\"Jordi Mart\u00ednez\",\"Movilidad\",\"Peatonalizaci\u00f3n\"],\"articleSection\":[\"Alcoy\",\"Noticias\",\"Pol\u00edtica y Econom\u00eda\",\"Portada\"],\"inLanguage\":\"es\"},{\"@type\":\"WebPage\",\"@id\":\"https:\\\/\\\/www.copealcoy.es\\\/es\\\/29-de-marzo-fecha-en-la-que-el-centro-comenzara-a-ser-peatonal\\\/\",\"url\":\"https:\\\/\\\/www.copealcoy.es\\\/es\\\/29-de-marzo-fecha-en-la-que-el-centro-comenzara-a-ser-peatonal\\\/\",\"name\":\"29 de marzo, fecha en la que el Centro comenzar\u00e1 a ser peatonal - COPE Alcoy\",\"isPartOf\":{\"@id\":\"https:\\\/\\\/www.copealcoy.es\\\/es\\\/#website\"},\"primaryImageOfPage\":{\"@id\":\"https:\\\/\\\/www.copealcoy.es\\\/es\\\/29-de-marzo-fecha-en-la-que-el-centro-comenzara-a-ser-peatonal\\\/#primaryimage\"},\"image\":{\"@id\":\"https:\\\/\\\/www.copealcoy.es\\\/es\\\/29-de-marzo-fecha-en-la-que-el-centro-comenzara-a-ser-peatonal\\\/#primaryimage\"},\"thumbnailUrl\":\"https:\\\/\\\/www.copealcoy.es\\\/wp-content\\\/uploads\\\/2015\\\/12\\\/IMG_20151014_110244.jpg\",\"datePublished\":\"2021-03-02T01:59:56+00:00\",\"dateModified\":\"2021-03-02T05:53:01+00:00\",\"author\":{\"@id\":\"https:\\\/\\\/www.copealcoy.es\\\/es\\\/#\\\/schema\\\/person\\\/e777c87fa024e57d40170af9df39882c\"},\"breadcrumb\":{\"@id\":\"https:\\\/\\\/www.copealcoy.es\\\/es\\\/29-de-marzo-fecha-en-la-que-el-centro-comenzara-a-ser-peatonal\\\/#breadcrumb\"},\"inLanguage\":\"es\",\"potentialAction\":[{\"@type\":\"ReadAction\",\"target\":[\"https:\\\/\\\/www.copealcoy.es\\\/es\\\/29-de-marzo-fecha-en-la-que-el-centro-comenzara-a-ser-peatonal\\\/\"]}]},{\"@type\":\"ImageObject\",\"inLanguage\":\"es\",\"@id\":\"https:\\\/\\\/www.copealcoy.es\\\/es\\\/29-de-marzo-fecha-en-la-que-el-centro-comenzara-a-ser-peatonal\\\/#primaryimage\",\"url\":\"https:\\\/\\\/www.copealcoy.es\\\/wp-content\\\/uploads\\\/2015\\\/12\\\/IMG_20151014_110244.jpg\",\"contentUrl\":\"https:\\\/\\\/www.copealcoy.es\\\/wp-content\\\/uploads\\\/2015\\\/12\\\/IMG_20151014_110244.jpg\",\"width\":2592,\"height\":1944},{\"@type\":\"BreadcrumbList\",\"@id\":\"https:\\\/\\\/www.copealcoy.es\\\/es\\\/29-de-marzo-fecha-en-la-que-el-centro-comenzara-a-ser-peatonal\\\/#breadcrumb\",\"itemListElement\":[{\"@type\":\"ListItem\",\"position\":1,\"name\":\"Portada\",\"item\":\"https:\\\/\\\/www.copealcoy.es\\\/es\\\/\"},{\"@type\":\"ListItem\",\"position\":2,\"name\":\"29 de marzo, fecha en la que el Centro comenzar\u00e1 a ser peatonal\"}]},{\"@type\":\"WebSite\",\"@id\":\"https:\\\/\\\/www.copealcoy.es\\\/es\\\/#website\",\"url\":\"https:\\\/\\\/www.copealcoy.es\\\/es\\\/\",\"name\":\"COPE Alcoy\",\"description\":\"Emisora COPE de radio local con emisi\u00f3n online. Pont de Sant Jordi 8-10 03803 Alcoy\",\"potentialAction\":[{\"@type\":\"SearchAction\",\"target\":{\"@type\":\"EntryPoint\",\"urlTemplate\":\"https:\\\/\\\/www.copealcoy.es\\\/es\\\/?s={search_term_string}\"},\"query-input\":{\"@type\":\"PropertyValueSpecification\",\"valueRequired\":true,\"valueName\":\"search_term_string\"}}],\"inLanguage\":\"es\"},{\"@type\":\"Person\",\"@id\":\"https:\\\/\\\/www.copealcoy.es\\\/es\\\/#\\\/schema\\\/person\\\/e777c87fa024e57d40170af9df39882c\",\"name\":\"Cope Alcoy\",\"image\":{\"@type\":\"ImageObject\",\"inLanguage\":\"es\",\"@id\":\"https:\\\/\\\/secure.gravatar.com\\\/avatar\\\/bb65d0283347e303893ba14f0692005417c1e0e690a325a4c5d8bb2b3943ee14?s=96&d=mm&r=g\",\"url\":\"https:\\\/\\\/secure.gravatar.com\\\/avatar\\\/bb65d0283347e303893ba14f0692005417c1e0e690a325a4c5d8bb2b3943ee14?s=96&d=mm&r=g\",\"contentUrl\":\"https:\\\/\\\/secure.gravatar.com\\\/avatar\\\/bb65d0283347e303893ba14f0692005417c1e0e690a325a4c5d8bb2b3943ee14?s=96&d=mm&r=g\",\"caption\":\"Cope Alcoy\"}}]}<\/script>\n<!-- \/ Yoast SEO plugin. -->","yoast_head_json":{"title":"29 de marzo, fecha en la que el Centro comenzar\u00e1 a ser peatonal - COPE Alcoy","robots":{"index":"index","follow":"follow","max-snippet":"max-snippet:-1","max-image-preview":"max-image-preview:large","max-video-preview":"max-video-preview:-1"},"canonical":"https:\/\/www.copealcoy.es\/es\/29-de-marzo-fecha-en-la-que-el-centro-comenzara-a-ser-peatonal\/","og_locale":"es_ES","og_type":"article","og_title":"29 de marzo, fecha en la que el Centro comenzar\u00e1 a ser peatonal - COPE Alcoy","og_description":"El Ayuntamiento de Alcoy ha anunciado que el pr\u00f3ximo 29 de marzo comenzar\u00e1 a aplicarse la nueva ordenanza de peatonalizaci\u00f3n...","og_url":"https:\/\/www.copealcoy.es\/es\/29-de-marzo-fecha-en-la-que-el-centro-comenzara-a-ser-peatonal\/","og_site_name":"COPE Alcoy","article_published_time":"2021-03-02T01:59:56+00:00","article_modified_time":"2021-03-02T05:53:01+00:00","og_image":[{"width":2592,"height":1944,"url":"https:\/\/www.copealcoy.es\/wp-content\/uploads\/2015\/12\/IMG_20151014_110244.jpg","type":"image\/jpeg"}],"author":"Cope Alcoy","twitter_misc":{"Escrito por":"Cope Alcoy","Tiempo de lectura":"2 minutos"},"schema":{"@context":"https:\/\/schema.org","@graph":[{"@type":"Article","@id":"https:\/\/www.copealcoy.es\/es\/29-de-marzo-fecha-en-la-que-el-centro-comenzara-a-ser-peatonal\/#article","isPartOf":{"@id":"https:\/\/www.copealcoy.es\/es\/29-de-marzo-fecha-en-la-que-el-centro-comenzara-a-ser-peatonal\/"},"author":{"name":"Cope Alcoy","@id":"https:\/\/www.copealcoy.es\/es\/#\/schema\/person\/e777c87fa024e57d40170af9df39882c"},"headline":"29 de marzo, fecha en la que el Centro comenzar\u00e1 a ser peatonal","datePublished":"2021-03-02T01:59:56+00:00","dateModified":"2021-03-02T05:53:01+00:00","mainEntityOfPage":{"@id":"https:\/\/www.copealcoy.es\/es\/29-de-marzo-fecha-en-la-que-el-centro-comenzara-a-ser-peatonal\/"},"wordCount":369,"commentCount":0,"image":{"@id":"https:\/\/www.copealcoy.es\/es\/29-de-marzo-fecha-en-la-que-el-centro-comenzara-a-ser-peatonal\/#primaryimage"},"thumbnailUrl":"https:\/\/www.copealcoy.es\/wp-content\/uploads\/2015\/12\/IMG_20151014_110244.jpg","keywords":["29 de marzo","Centro","Jordi Mart\u00ednez","Movilidad","Peatonalizaci\u00f3n"],"articleSection":["Alcoy","Noticias","Pol\u00edtica y Econom\u00eda","Portada"],"inLanguage":"es"},{"@type":"WebPage","@id":"https:\/\/www.copealcoy.es\/es\/29-de-marzo-fecha-en-la-que-el-centro-comenzara-a-ser-peatonal\/","url":"https:\/\/www.copealcoy.es\/es\/29-de-marzo-fecha-en-la-que-el-centro-comenzara-a-ser-peatonal\/","name":"29 de marzo, fecha en la que el Centro comenzar\u00e1 a ser peatonal - COPE Alcoy","isPartOf":{"@id":"https:\/\/www.copealcoy.es\/es\/#website"},"primaryImageOfPage":{"@id":"https:\/\/www.copealcoy.es\/es\/29-de-marzo-fecha-en-la-que-el-centro-comenzara-a-ser-peatonal\/#primaryimage"},"image":{"@id":"https:\/\/www.copealcoy.es\/es\/29-de-marzo-fecha-en-la-que-el-centro-comenzara-a-ser-peatonal\/#primaryimage"},"thumbnailUrl":"https:\/\/www.copealcoy.es\/wp-content\/uploads\/2015\/12\/IMG_20151014_110244.jpg","datePublished":"2021-03-02T01:59:56+00:00","dateModified":"2021-03-02T05:53:01+00:00","author":{"@id":"https:\/\/www.copealcoy.es\/es\/#\/schema\/person\/e777c87fa024e57d40170af9df39882c"},"breadcrumb":{"@id":"https:\/\/www.copealcoy.es\/es\/29-de-marzo-fecha-en-la-que-el-centro-comenzara-a-ser-peatonal\/#breadcrumb"},"inLanguage":"es","potentialAction":[{"@type":"ReadAction","target":["https:\/\/www.copealcoy.es\/es\/29-de-marzo-fecha-en-la-que-el-centro-comenzara-a-ser-peatonal\/"]}]},{"@type":"ImageObject","inLanguage":"es","@id":"https:\/\/www.copealcoy.es\/es\/29-de-marzo-fecha-en-la-que-el-centro-comenzara-a-ser-peatonal\/#primaryimage","url":"https:\/\/www.copealcoy.es\/wp-content\/uploads\/2015\/12\/IMG_20151014_110244.jpg","contentUrl":"https:\/\/www.copealcoy.es\/wp-content\/uploads\/2015\/12\/IMG_20151014_110244.jpg","width":2592,"height":1944},{"@type":"BreadcrumbList","@id":"https:\/\/www.copealcoy.es\/es\/29-de-marzo-fecha-en-la-que-el-centro-comenzara-a-ser-peatonal\/#breadcrumb","itemListElement":[{"@type":"ListItem","position":1,"name":"Portada","item":"https:\/\/www.copealcoy.es\/es\/"},{"@type":"ListItem","position":2,"name":"29 de marzo, fecha en la que el Centro comenzar\u00e1 a ser peatonal"}]},{"@type":"WebSite","@id":"https:\/\/www.copealcoy.es\/es\/#website","url":"https:\/\/www.copealcoy.es\/es\/","name":"COPE Alcoy","description":"Emisora COPE de radio local con emisi\u00f3n online. Pont de Sant Jordi 8-10 03803 Alcoy","potentialAction":[{"@type":"SearchAction","target":{"@type":"EntryPoint","urlTemplate":"https:\/\/www.copealcoy.es\/es\/?s={search_term_string}"},"query-input":{"@type":"PropertyValueSpecification","valueRequired":true,"valueName":"search_term_string"}}],"inLanguage":"es"},{"@type":"Person","@id":"https:\/\/www.copealcoy.es\/es\/#\/schema\/person\/e777c87fa024e57d40170af9df39882c","name":"Cope Alcoy","image":{"@type":"ImageObject","inLanguage":"es","@id":"https:\/\/secure.gravatar.com\/avatar\/bb65d0283347e303893ba14f0692005417c1e0e690a325a4c5d8bb2b3943ee14?s=96&d=mm&r=g","url":"https:\/\/secure.gravatar.com\/avatar\/bb65d0283347e303893ba14f0692005417c1e0e690a325a4c5d8bb2b3943ee14?s=96&d=mm&r=g","contentUrl":"https:\/\/secure.gravatar.com\/avatar\/bb65d0283347e303893ba14f0692005417c1e0e690a325a4c5d8bb2b3943ee14?s=96&d=mm&r=g","caption":"Cope Alcoy"}}]}},"_links":{"self":[{"href":"https:\/\/www.copealcoy.es\/es\/wp-json\/wp\/v2\/posts\/71416","targetHints":{"allow":["GET"]}}],"collection":[{"href":"https:\/\/www.copealcoy.es\/es\/wp-json\/wp\/v2\/posts"}],"about":[{"href":"https:\/\/www.copealcoy.es\/es\/wp-json\/wp\/v2\/types\/post"}],"author":[{"embeddable":true,"href":"https:\/\/www.copealcoy.es\/es\/wp-json\/wp\/v2\/users\/1"}],"replies":[{"embeddable":true,"href":"https:\/\/www.copealcoy.es\/es\/wp-json\/wp\/v2\/comments?post=71416"}],"version-history":[{"count":0,"href":"https:\/\/www.copealcoy.es\/es\/wp-json\/wp\/v2\/posts\/71416\/revisions"}],"wp:featuredmedia":[{"embeddable":true,"href":"https:\/\/www.copealcoy.es\/es\/wp-json\/wp\/v2\/media\/17409"}],"wp:attachment":[{"href":"https:\/\/www.copealcoy.es\/es\/wp-json\/wp\/v2\/media?parent=71416"}],"wp:term":[{"taxonomy":"category","embeddable":true,"href":"https:\/\/www.copealcoy.es\/es\/wp-json\/wp\/v2\/categories?post=71416"},{"taxonomy":"post_tag","embeddable":true,"href":"https:\/\/www.copealcoy.es\/es\/wp-json\/wp\/v2\/tags?post=71416"}],"curies":[{"name":"wp","href":"https:\/\/api.w.org\/{rel}","templated":true}]}}