{"id":71396,"date":"2021-02-25T19:51:52","date_gmt":"2021-02-25T18:51:52","guid":{"rendered":"https:\/\/www.copealcoy.es\/?p=71396"},"modified":"2021-02-26T20:00:07","modified_gmt":"2021-02-26T19:00:07","slug":"empate-en-castalla-con-sabor-agridulce-para-el-union-alcoyana-fs","status":"publish","type":"post","link":"https:\/\/www.copealcoy.es\/es\/empate-en-castalla-con-sabor-agridulce-para-el-union-alcoyana-fs\/","title":{"rendered":"Empate en Castalla con sabor agridulce para el Uni\u00f3n Alcoyana FS"},"content":{"rendered":"<p style=\"text-align: justify;\">Tan solo <strong>3 d\u00edas despu\u00e9s de su \u00faltimo encuentro<\/strong>, el Uni\u00f3n Alcoyana FS <strong>volv\u00eda a la competici\u00f3n<\/strong>. No lo hac\u00eda de cualquier forma, <strong>ante el segundo clasificado y m\u00e1ximo favorito a finalizar la Primera Fase como campe\u00f3n<\/strong>, <strong>Castalla<\/strong>, y a domicilio. Era un partido a priori <strong>destinado a marcar el primer puesto del Grupo XV-A de Tercera Divisi\u00f3n de F\u00fatbol Sala<\/strong>.<\/p>\n<p style=\"text-align: justify;\">Los de Castalla <strong>ven\u00edan de imponerse \u201cin extremis\u201d por 3-4 a CFS Racing Novelda<\/strong>, una inmejorable forma de retomar la competici\u00f3n despu\u00e9s de dos meses sin poder disputar ni un solo minuto. Los de Alcoy, de igual forma, <strong>vencieron en su anterior partido por 3-0 al CD Sporting La Nuc\u00eda FS<\/strong>. En la clasificaci\u00f3n previa al enfrentamiento, <strong>los nuestros sumaban 21 puntos por 19 de los locales<\/strong>, aunque con dos partidos menos en su haber.<\/p>\n<p style=\"text-align: justify;\">Los de Javi Silvestre llegaron a Castalla con <strong>las bajas de Carmona y Iago y con la seria duda de Borja Jord\u00e1<\/strong>, que arrastraba molestias en el tobillo del anterior encuentro. En el calentamiento se disolvi\u00f3 \u00e9sta, las condiciones no eran \u00f3ptimas.<\/p>\n<p style=\"text-align: justify;\">Con esta baja de \u00faltima hora, <strong>los alcoyanos salieron con el siguiente cinco titular: Javi Moyano en la portera, Mauro Vercher, Bili, Dako y Tito<\/strong>. En el banquillo <strong>esperaban Tekio (ps), Ximo, Pablo Sanz, Pablo Garc\u00eda y el citado Borja Jord\u00e1<\/strong> que si bien no pod\u00eda ayudar de forma f\u00edsica s\u00ed lo har\u00eda an\u00edmicamente.<\/p>\n<p style=\"text-align: justify;\">El partido comenz\u00f3 con <strong>ambos equipos respet\u00e1ndose<\/strong> mucho aunque el Castalla ir\u00eda poniendo una marcha m\u00e1s y <strong>dominando los primeros compases del encuentro<\/strong> aunque sin llegar a generar ocasiones claras de gol. Hasta el 12\u2032 no se mover\u00eda el marcador. Una buena pared en banda dejaba solo a David Vidal frente a Javi Moyano y lo bat\u00eda por arriba con mucha calidad <strong>colocando el 1-0 en el marcador<\/strong>. El gol espole\u00f3 a los de Alcoy. Subieron el ritmo y mostraron la agresividad que nos tienen acostumbrados. Comenzaron a mover mejor el bal\u00f3n y a dominar el encuentro. <strong>Dako y Tito tuvieron las mejores ocasiones para los visitantes<\/strong> pero Adri\u00e1n, el meta castelludo, desbarat\u00f3 todas las intentonas con una gran actuaci\u00f3n <strong>dejando el marcador<\/strong> al final de la primera parte en 1-0.<\/p>\n<p style=\"text-align: justify;\">La <strong>segunda parte<\/strong> comenz\u00f3 trepidante. A los dos minutos <strong>Pedro Jare\u00f1o sub\u00eda el 2-0 (22\u2032) al marcador<\/strong> despu\u00e9s de una buena jugada colectiva del equipo local. No les durar\u00eda mucho la alegr\u00eda. Un minuto despu\u00e9s, Bili, desde media distancia, lanzaba un zapatazo que desviaba un jugador local despistando a su portero e introduciendo el bal\u00f3n en la porter\u00eda <strong>subiendo el 2-1 al marcador (23\u2032)<\/strong>. Acto seguido, una buena combinaci\u00f3n entre Bili y Tito dejaba a este solo ante el guardameta al que <strong>bat\u00eda por bajo para subir el 2-2 (24\u2032) en el marcador<\/strong>. Restaban m\u00e1s de 15 minutos de partido por jugar y <strong>los nuestros dominaban el encuentro<\/strong>. El Castalla aguantaba replegado tratando de salir a la contra mientras que<strong> los alcoyanos traban de jugar el bal\u00f3n para sobrepasar la f\u00e9rrea defensa local<\/strong>. Fueron pocas las ocasiones claras de las que <strong>dispusieron ambos equipos<\/strong> para colocarse por delante en el marcador y finalmente no volvi\u00f3 a moverse el electr\u00f3nico.<\/p>\n<p style=\"text-align: justify;\"><strong>Empate a 2-2 final<\/strong>. Resultado que <strong>favorece m\u00e1s a los locales<\/strong> que a\u00fan cuentan con dos partidos menos que los de Javi Silvestre. Los alcoyanos por su parte, <strong>estar\u00e1n tambi\u00e9n obligados a sumar los 6 puntos en sus dos \u00faltimos encuentros<\/strong> y <strong>quedar a la espera de los resultados de Castalla<\/strong>. De todas formas, la posici\u00f3n final en esta Primera Fase <strong>no es lo m\u00e1s importante<\/strong> pues lo que cuenta es<strong> la suma final de puntos<\/strong> de cara a la Segunda Fase.<\/p>\n<p style=\"text-align: justify;\">El <strong>siguiente partido<\/strong> para los de Javi Silvestre no se hace esperar. El s\u00e1bado <strong>viajar\u00e1n a Alicante para enfrentarse al CFS Akrasala<\/strong>. Equipo que cuenta sus partidos como derrotas pero que <strong>ha dado much\u00edsimos sobresaltos durante estas 10\/11 jornadas disputadas<\/strong>.<\/p>\n<p style=\"text-align: justify;\">Hoy jueves, vuelta a los entrenamientos y <strong>concentraci\u00f3n m\u00e1xima para luchar 40 minutos m\u00e1s por otro +3<\/strong> que les siga colocando con el m\u00e1ximo de puntos posibles.<\/p>\n","protected":false},"excerpt":{"rendered":"<p>Tan solo 3 d\u00edas despu\u00e9s de su \u00faltimo encuentro, el Uni\u00f3n Alcoyana FS volv\u00eda a la competici\u00f3n. No lo hac\u00eda&#8230;<\/p>\n","protected":false},"author":1,"featured_media":71397,"comment_status":"open","ping_status":"open","sticky":false,"template":"","format":"standard","meta":{"footnotes":""},"categories":[92,75],"tags":[6683,1619,346,300],"class_list":["post-71396","post","type-post","status-publish","format-standard","has-post-thumbnail","hentry","category-deportes","category-noticias","tag-2-2","tag-castalla","tag-empate","tag-partido"],"yoast_head":"<!-- This site is optimized with the Yoast SEO plugin v27.3 - https:\/\/yoast.com\/product\/yoast-seo-wordpress\/ -->\n<title>Empate en Castalla con sabor agridulce para el Uni\u00f3n Alcoyana FS - COPE Alcoy<\/title>\n<meta name=\"robots\" content=\"index, follow, max-snippet:-1, max-image-preview:large, max-video-preview:-1\" \/>\n<link rel=\"canonical\" href=\"https:\/\/www.copealcoy.es\/es\/empate-en-castalla-con-sabor-agridulce-para-el-union-alcoyana-fs\/\" \/>\n<meta property=\"og:locale\" content=\"es_ES\" \/>\n<meta property=\"og:type\" content=\"article\" \/>\n<meta property=\"og:title\" content=\"Empate en Castalla con sabor agridulce para el Uni\u00f3n Alcoyana FS - COPE Alcoy\" \/>\n<meta property=\"og:description\" content=\"Tan solo 3 d\u00edas despu\u00e9s de su \u00faltimo encuentro, el Uni\u00f3n Alcoyana FS volv\u00eda a la competici\u00f3n. No lo hac\u00eda...\" \/>\n<meta property=\"og:url\" content=\"https:\/\/www.copealcoy.es\/es\/empate-en-castalla-con-sabor-agridulce-para-el-union-alcoyana-fs\/\" \/>\n<meta property=\"og:site_name\" content=\"COPE Alcoy\" \/>\n<meta property=\"article:published_time\" content=\"2021-02-25T18:51:52+00:00\" \/>\n<meta property=\"article:modified_time\" content=\"2021-02-26T19:00:07+00:00\" \/>\n<meta property=\"og:image\" content=\"https:\/\/www.copealcoy.es\/wp-content\/uploads\/2021\/02\/\u00a9-PSTFotografia-200221-0018-1536x1025-1.jpg\" \/>\n\t<meta property=\"og:image:width\" content=\"1536\" \/>\n\t<meta property=\"og:image:height\" content=\"1025\" \/>\n\t<meta property=\"og:image:type\" content=\"image\/jpeg\" \/>\n<meta name=\"author\" content=\"Cope Alcoy\" \/>\n<meta name=\"twitter:label1\" content=\"Escrito por\" \/>\n\t<meta name=\"twitter:data1\" content=\"Cope Alcoy\" \/>\n\t<meta name=\"twitter:label2\" content=\"Tiempo de lectura\" \/>\n\t<meta name=\"twitter:data2\" content=\"4 minutos\" \/>\n<script type=\"application\/ld+json\" class=\"yoast-schema-graph\">{\"@context\":\"https:\\\/\\\/schema.org\",\"@graph\":[{\"@type\":\"Article\",\"@id\":\"https:\\\/\\\/www.copealcoy.es\\\/es\\\/empate-en-castalla-con-sabor-agridulce-para-el-union-alcoyana-fs\\\/#article\",\"isPartOf\":{\"@id\":\"https:\\\/\\\/www.copealcoy.es\\\/es\\\/empate-en-castalla-con-sabor-agridulce-para-el-union-alcoyana-fs\\\/\"},\"author\":{\"name\":\"Cope Alcoy\",\"@id\":\"https:\\\/\\\/www.copealcoy.es\\\/es\\\/#\\\/schema\\\/person\\\/e777c87fa024e57d40170af9df39882c\"},\"headline\":\"Empate en Castalla con sabor agridulce para el Uni\u00f3n Alcoyana FS\",\"datePublished\":\"2021-02-25T18:51:52+00:00\",\"dateModified\":\"2021-02-26T19:00:07+00:00\",\"mainEntityOfPage\":{\"@id\":\"https:\\\/\\\/www.copealcoy.es\\\/es\\\/empate-en-castalla-con-sabor-agridulce-para-el-union-alcoyana-fs\\\/\"},\"wordCount\":726,\"commentCount\":0,\"image\":{\"@id\":\"https:\\\/\\\/www.copealcoy.es\\\/es\\\/empate-en-castalla-con-sabor-agridulce-para-el-union-alcoyana-fs\\\/#primaryimage\"},\"thumbnailUrl\":\"https:\\\/\\\/www.copealcoy.es\\\/wp-content\\\/uploads\\\/2021\\\/02\\\/\u00a9-PSTFotografia-200221-0018-1536x1025-1.jpg\",\"keywords\":[\"2-2\",\"Castalla\",\"empate\",\"Partido\"],\"articleSection\":[\"Deportes\",\"Noticias\"],\"inLanguage\":\"es\"},{\"@type\":\"WebPage\",\"@id\":\"https:\\\/\\\/www.copealcoy.es\\\/es\\\/empate-en-castalla-con-sabor-agridulce-para-el-union-alcoyana-fs\\\/\",\"url\":\"https:\\\/\\\/www.copealcoy.es\\\/es\\\/empate-en-castalla-con-sabor-agridulce-para-el-union-alcoyana-fs\\\/\",\"name\":\"Empate en Castalla con sabor agridulce para el Uni\u00f3n Alcoyana FS - COPE Alcoy\",\"isPartOf\":{\"@id\":\"https:\\\/\\\/www.copealcoy.es\\\/es\\\/#website\"},\"primaryImageOfPage\":{\"@id\":\"https:\\\/\\\/www.copealcoy.es\\\/es\\\/empate-en-castalla-con-sabor-agridulce-para-el-union-alcoyana-fs\\\/#primaryimage\"},\"image\":{\"@id\":\"https:\\\/\\\/www.copealcoy.es\\\/es\\\/empate-en-castalla-con-sabor-agridulce-para-el-union-alcoyana-fs\\\/#primaryimage\"},\"thumbnailUrl\":\"https:\\\/\\\/www.copealcoy.es\\\/wp-content\\\/uploads\\\/2021\\\/02\\\/\u00a9-PSTFotografia-200221-0018-1536x1025-1.jpg\",\"datePublished\":\"2021-02-25T18:51:52+00:00\",\"dateModified\":\"2021-02-26T19:00:07+00:00\",\"author\":{\"@id\":\"https:\\\/\\\/www.copealcoy.es\\\/es\\\/#\\\/schema\\\/person\\\/e777c87fa024e57d40170af9df39882c\"},\"breadcrumb\":{\"@id\":\"https:\\\/\\\/www.copealcoy.es\\\/es\\\/empate-en-castalla-con-sabor-agridulce-para-el-union-alcoyana-fs\\\/#breadcrumb\"},\"inLanguage\":\"es\",\"potentialAction\":[{\"@type\":\"ReadAction\",\"target\":[\"https:\\\/\\\/www.copealcoy.es\\\/es\\\/empate-en-castalla-con-sabor-agridulce-para-el-union-alcoyana-fs\\\/\"]}]},{\"@type\":\"ImageObject\",\"inLanguage\":\"es\",\"@id\":\"https:\\\/\\\/www.copealcoy.es\\\/es\\\/empate-en-castalla-con-sabor-agridulce-para-el-union-alcoyana-fs\\\/#primaryimage\",\"url\":\"https:\\\/\\\/www.copealcoy.es\\\/wp-content\\\/uploads\\\/2021\\\/02\\\/\u00a9-PSTFotografia-200221-0018-1536x1025-1.jpg\",\"contentUrl\":\"https:\\\/\\\/www.copealcoy.es\\\/wp-content\\\/uploads\\\/2021\\\/02\\\/\u00a9-PSTFotografia-200221-0018-1536x1025-1.jpg\",\"width\":1536,\"height\":1025},{\"@type\":\"BreadcrumbList\",\"@id\":\"https:\\\/\\\/www.copealcoy.es\\\/es\\\/empate-en-castalla-con-sabor-agridulce-para-el-union-alcoyana-fs\\\/#breadcrumb\",\"itemListElement\":[{\"@type\":\"ListItem\",\"position\":1,\"name\":\"Portada\",\"item\":\"https:\\\/\\\/www.copealcoy.es\\\/es\\\/\"},{\"@type\":\"ListItem\",\"position\":2,\"name\":\"Empate en Castalla con sabor agridulce para el Uni\u00f3n Alcoyana FS\"}]},{\"@type\":\"WebSite\",\"@id\":\"https:\\\/\\\/www.copealcoy.es\\\/es\\\/#website\",\"url\":\"https:\\\/\\\/www.copealcoy.es\\\/es\\\/\",\"name\":\"COPE Alcoy\",\"description\":\"Emisora COPE de radio local con emisi\u00f3n online. Pont de Sant Jordi 8-10 03803 Alcoy\",\"potentialAction\":[{\"@type\":\"SearchAction\",\"target\":{\"@type\":\"EntryPoint\",\"urlTemplate\":\"https:\\\/\\\/www.copealcoy.es\\\/es\\\/?s={search_term_string}\"},\"query-input\":{\"@type\":\"PropertyValueSpecification\",\"valueRequired\":true,\"valueName\":\"search_term_string\"}}],\"inLanguage\":\"es\"},{\"@type\":\"Person\",\"@id\":\"https:\\\/\\\/www.copealcoy.es\\\/es\\\/#\\\/schema\\\/person\\\/e777c87fa024e57d40170af9df39882c\",\"name\":\"Cope Alcoy\",\"image\":{\"@type\":\"ImageObject\",\"inLanguage\":\"es\",\"@id\":\"https:\\\/\\\/secure.gravatar.com\\\/avatar\\\/bb65d0283347e303893ba14f0692005417c1e0e690a325a4c5d8bb2b3943ee14?s=96&d=mm&r=g\",\"url\":\"https:\\\/\\\/secure.gravatar.com\\\/avatar\\\/bb65d0283347e303893ba14f0692005417c1e0e690a325a4c5d8bb2b3943ee14?s=96&d=mm&r=g\",\"contentUrl\":\"https:\\\/\\\/secure.gravatar.com\\\/avatar\\\/bb65d0283347e303893ba14f0692005417c1e0e690a325a4c5d8bb2b3943ee14?s=96&d=mm&r=g\",\"caption\":\"Cope Alcoy\"}}]}<\/script>\n<!-- \/ Yoast SEO plugin. -->","yoast_head_json":{"title":"Empate en Castalla con sabor agridulce para el Uni\u00f3n Alcoyana FS - COPE Alcoy","robots":{"index":"index","follow":"follow","max-snippet":"max-snippet:-1","max-image-preview":"max-image-preview:large","max-video-preview":"max-video-preview:-1"},"canonical":"https:\/\/www.copealcoy.es\/es\/empate-en-castalla-con-sabor-agridulce-para-el-union-alcoyana-fs\/","og_locale":"es_ES","og_type":"article","og_title":"Empate en Castalla con sabor agridulce para el Uni\u00f3n Alcoyana FS - COPE Alcoy","og_description":"Tan solo 3 d\u00edas despu\u00e9s de su \u00faltimo encuentro, el Uni\u00f3n Alcoyana FS volv\u00eda a la competici\u00f3n. No lo hac\u00eda...","og_url":"https:\/\/www.copealcoy.es\/es\/empate-en-castalla-con-sabor-agridulce-para-el-union-alcoyana-fs\/","og_site_name":"COPE Alcoy","article_published_time":"2021-02-25T18:51:52+00:00","article_modified_time":"2021-02-26T19:00:07+00:00","og_image":[{"width":1536,"height":1025,"url":"https:\/\/www.copealcoy.es\/wp-content\/uploads\/2021\/02\/\u00a9-PSTFotografia-200221-0018-1536x1025-1.jpg","type":"image\/jpeg"}],"author":"Cope Alcoy","twitter_misc":{"Escrito por":"Cope Alcoy","Tiempo de lectura":"4 minutos"},"schema":{"@context":"https:\/\/schema.org","@graph":[{"@type":"Article","@id":"https:\/\/www.copealcoy.es\/es\/empate-en-castalla-con-sabor-agridulce-para-el-union-alcoyana-fs\/#article","isPartOf":{"@id":"https:\/\/www.copealcoy.es\/es\/empate-en-castalla-con-sabor-agridulce-para-el-union-alcoyana-fs\/"},"author":{"name":"Cope Alcoy","@id":"https:\/\/www.copealcoy.es\/es\/#\/schema\/person\/e777c87fa024e57d40170af9df39882c"},"headline":"Empate en Castalla con sabor agridulce para el Uni\u00f3n Alcoyana FS","datePublished":"2021-02-25T18:51:52+00:00","dateModified":"2021-02-26T19:00:07+00:00","mainEntityOfPage":{"@id":"https:\/\/www.copealcoy.es\/es\/empate-en-castalla-con-sabor-agridulce-para-el-union-alcoyana-fs\/"},"wordCount":726,"commentCount":0,"image":{"@id":"https:\/\/www.copealcoy.es\/es\/empate-en-castalla-con-sabor-agridulce-para-el-union-alcoyana-fs\/#primaryimage"},"thumbnailUrl":"https:\/\/www.copealcoy.es\/wp-content\/uploads\/2021\/02\/\u00a9-PSTFotografia-200221-0018-1536x1025-1.jpg","keywords":["2-2","Castalla","empate","Partido"],"articleSection":["Deportes","Noticias"],"inLanguage":"es"},{"@type":"WebPage","@id":"https:\/\/www.copealcoy.es\/es\/empate-en-castalla-con-sabor-agridulce-para-el-union-alcoyana-fs\/","url":"https:\/\/www.copealcoy.es\/es\/empate-en-castalla-con-sabor-agridulce-para-el-union-alcoyana-fs\/","name":"Empate en Castalla con sabor agridulce para el Uni\u00f3n Alcoyana FS - COPE Alcoy","isPartOf":{"@id":"https:\/\/www.copealcoy.es\/es\/#website"},"primaryImageOfPage":{"@id":"https:\/\/www.copealcoy.es\/es\/empate-en-castalla-con-sabor-agridulce-para-el-union-alcoyana-fs\/#primaryimage"},"image":{"@id":"https:\/\/www.copealcoy.es\/es\/empate-en-castalla-con-sabor-agridulce-para-el-union-alcoyana-fs\/#primaryimage"},"thumbnailUrl":"https:\/\/www.copealcoy.es\/wp-content\/uploads\/2021\/02\/\u00a9-PSTFotografia-200221-0018-1536x1025-1.jpg","datePublished":"2021-02-25T18:51:52+00:00","dateModified":"2021-02-26T19:00:07+00:00","author":{"@id":"https:\/\/www.copealcoy.es\/es\/#\/schema\/person\/e777c87fa024e57d40170af9df39882c"},"breadcrumb":{"@id":"https:\/\/www.copealcoy.es\/es\/empate-en-castalla-con-sabor-agridulce-para-el-union-alcoyana-fs\/#breadcrumb"},"inLanguage":"es","potentialAction":[{"@type":"ReadAction","target":["https:\/\/www.copealcoy.es\/es\/empate-en-castalla-con-sabor-agridulce-para-el-union-alcoyana-fs\/"]}]},{"@type":"ImageObject","inLanguage":"es","@id":"https:\/\/www.copealcoy.es\/es\/empate-en-castalla-con-sabor-agridulce-para-el-union-alcoyana-fs\/#primaryimage","url":"https:\/\/www.copealcoy.es\/wp-content\/uploads\/2021\/02\/\u00a9-PSTFotografia-200221-0018-1536x1025-1.jpg","contentUrl":"https:\/\/www.copealcoy.es\/wp-content\/uploads\/2021\/02\/\u00a9-PSTFotografia-200221-0018-1536x1025-1.jpg","width":1536,"height":1025},{"@type":"BreadcrumbList","@id":"https:\/\/www.copealcoy.es\/es\/empate-en-castalla-con-sabor-agridulce-para-el-union-alcoyana-fs\/#breadcrumb","itemListElement":[{"@type":"ListItem","position":1,"name":"Portada","item":"https:\/\/www.copealcoy.es\/es\/"},{"@type":"ListItem","position":2,"name":"Empate en Castalla con sabor agridulce para el Uni\u00f3n Alcoyana FS"}]},{"@type":"WebSite","@id":"https:\/\/www.copealcoy.es\/es\/#website","url":"https:\/\/www.copealcoy.es\/es\/","name":"COPE Alcoy","description":"Emisora COPE de radio local con emisi\u00f3n online. Pont de Sant Jordi 8-10 03803 Alcoy","potentialAction":[{"@type":"SearchAction","target":{"@type":"EntryPoint","urlTemplate":"https:\/\/www.copealcoy.es\/es\/?s={search_term_string}"},"query-input":{"@type":"PropertyValueSpecification","valueRequired":true,"valueName":"search_term_string"}}],"inLanguage":"es"},{"@type":"Person","@id":"https:\/\/www.copealcoy.es\/es\/#\/schema\/person\/e777c87fa024e57d40170af9df39882c","name":"Cope Alcoy","image":{"@type":"ImageObject","inLanguage":"es","@id":"https:\/\/secure.gravatar.com\/avatar\/bb65d0283347e303893ba14f0692005417c1e0e690a325a4c5d8bb2b3943ee14?s=96&d=mm&r=g","url":"https:\/\/secure.gravatar.com\/avatar\/bb65d0283347e303893ba14f0692005417c1e0e690a325a4c5d8bb2b3943ee14?s=96&d=mm&r=g","contentUrl":"https:\/\/secure.gravatar.com\/avatar\/bb65d0283347e303893ba14f0692005417c1e0e690a325a4c5d8bb2b3943ee14?s=96&d=mm&r=g","caption":"Cope Alcoy"}}]}},"_links":{"self":[{"href":"https:\/\/www.copealcoy.es\/es\/wp-json\/wp\/v2\/posts\/71396","targetHints":{"allow":["GET"]}}],"collection":[{"href":"https:\/\/www.copealcoy.es\/es\/wp-json\/wp\/v2\/posts"}],"about":[{"href":"https:\/\/www.copealcoy.es\/es\/wp-json\/wp\/v2\/types\/post"}],"author":[{"embeddable":true,"href":"https:\/\/www.copealcoy.es\/es\/wp-json\/wp\/v2\/users\/1"}],"replies":[{"embeddable":true,"href":"https:\/\/www.copealcoy.es\/es\/wp-json\/wp\/v2\/comments?post=71396"}],"version-history":[{"count":0,"href":"https:\/\/www.copealcoy.es\/es\/wp-json\/wp\/v2\/posts\/71396\/revisions"}],"wp:featuredmedia":[{"embeddable":true,"href":"https:\/\/www.copealcoy.es\/es\/wp-json\/wp\/v2\/media\/71397"}],"wp:attachment":[{"href":"https:\/\/www.copealcoy.es\/es\/wp-json\/wp\/v2\/media?parent=71396"}],"wp:term":[{"taxonomy":"category","embeddable":true,"href":"https:\/\/www.copealcoy.es\/es\/wp-json\/wp\/v2\/categories?post=71396"},{"taxonomy":"post_tag","embeddable":true,"href":"https:\/\/www.copealcoy.es\/es\/wp-json\/wp\/v2\/tags?post=71396"}],"curies":[{"name":"wp","href":"https:\/\/api.w.org\/{rel}","templated":true}]}}