{"id":71391,"date":"2021-02-22T19:40:00","date_gmt":"2021-02-22T18:40:00","guid":{"rendered":"https:\/\/www.copealcoy.es\/?p=71391"},"modified":"2021-02-26T19:51:16","modified_gmt":"2021-02-26T18:51:16","slug":"un-solido-union-alcoyana-fs-doblega-al-potente-la-nucia","status":"publish","type":"post","link":"https:\/\/www.copealcoy.es\/es\/un-solido-union-alcoyana-fs-doblega-al-potente-la-nucia\/","title":{"rendered":"Un s\u00f3lido Uni\u00f3n Alcoyana FS doblega al potente La Nuc\u00eda"},"content":{"rendered":"<p style=\"text-align: justify;\">Nuevo encuentro <strong>en el parqu\u00e9 del Francisco Laporta<\/strong> para el Uni\u00f3n Alcoyana FS. El segundo <strong>de manera consecutiva<\/strong> y el correspondiente a <strong>la jornada 10<\/strong> de campeonato. <strong>La Nuc\u00eda<\/strong> de Jordi Dur\u00e1n visitaba Alcoy.<\/p>\n<p style=\"text-align: justify;\">Los nucieros llegaban a nuestra ciudad <strong>tras empatar como local a 3 contra el Racing de Novelda<\/strong>, con <strong>la important\u00edsima baja<\/strong> de su hombre estrella, Tobe, y con <strong>la necesidad de sumar el +3<\/strong> para no descolgarse de los cuatro primeros puestos de la clasificaci\u00f3n.<\/p>\n<p style=\"text-align: justify;\">Por otro lado <strong>los alcoyanos ven\u00edan de vencer de forma contundente<\/strong> al mismo y correoso rival <strong>por 9-3<\/strong> y con la concentraci\u00f3n focalizada en sumar de nuevo para continuar en lo m\u00e1s alto de la clasificaci\u00f3n una semana m\u00e1s.<\/p>\n<p style=\"text-align: justify;\">Con <strong>las ya conocidas bajas de Iago y Carmona<\/strong>, el m\u00edster alcoyano Javi Silvestre contaba con el resto de la plantilla y dispuso <strong>el siguiente quinteto inicial: Javi Moyano en la porter\u00eda, Borja, Bili, Dako y Tito<\/strong>. <strong>Tekio (ps), Mauro Vercher, Pablo Garc\u00eda, Ximo y Pablo Sanz<\/strong> aguardaban su momento en el banquillo.<\/p>\n<p style=\"text-align: justify;\">El partido <strong>comenz\u00f3 muy igualado<\/strong> pero con el paso de los minutos La Nuc\u00eda FS se hizo con la posesi\u00f3n del bal\u00f3n. Una defensa muy bien plantada de los alcoyanos imped\u00eda al rival disponer de ocasiones claras. Fueron primero los alcoyanos en avisar. Dako en dos ocasiones tuvo la oportunidad de adelantar a su equipo pero primero el palo y luego el portero lo evitaron. Fue<strong> una primera parte<\/strong> con pocas ocasiones claras para ambos equipos. Sin embargo, <strong>los de Javi Silvestre se adelantar\u00edan en el marcador por mediaci\u00f3n de un Mauro Vercher<\/strong> que, tras un bal\u00f3n largo de Moyano y un error del guardameta visitante, consegu\u00eda <strong>poner el 1-0<\/strong> en el marcador desde el suelo (12\u2032). Y el 2-0 ser\u00eda obra de Pablo Sanz al finalizar al segundo palo una jugada de estrategia justo antes de llegar al descanso (20\u2032). Con esta ventaja de dos goles encarar\u00edan los equipos el paso por vestuarios.<\/p>\n<p style=\"text-align: justify;\">La segunda parte comenzar\u00eda con La Nucia aumentando la posesi\u00f3n y volcada en la presi\u00f3n y con los alcoyanos realizando una fuerte defensa y aprovechando salidas r\u00e1pidas para tratar de sentenciar el encuentro. Pronto tuvo el Uni\u00f3n Alcoyana FS las primeras ocasiones en dos salidas r\u00e1pidas pero no se movi\u00f3 el marcador. Los nucieros, due\u00f1os del bal\u00f3n, mov\u00edan tratando de desarticular la f\u00e9rrea defensa alcoyana pero \u00fanicamente lograron tener ocasiones claras aprovechando errores en la salida de bal\u00f3n de los locales. El tiempo pasaba y el marcador segu\u00eda sin moverse. Los alcoyanos estaban c\u00f3modos defendiendo en media pista as\u00ed que el m\u00edster alicantino, a falta de 6 minutos, opt\u00f3 por salir con portero jugador. De nuevo, espesos en ataque, no consegu\u00edan generar claras oportunidades. Lleg\u00f3 la 5\u00aa falta para ambos equipos. Los alcoyanos con jugadores r\u00e1pidos y con muchos metros por delante <strong>conseguir\u00edan forzar un doble-penalti que acabar\u00eda transformando el pichichi Bili (3-0 en el 38\u2032)<\/strong>. Con este 3-0 se llegar\u00eda al final de los 40\u2032 reglamentarios.<\/p>\n<p style=\"text-align: justify;\">Partido dif\u00edcil para los alcoyanos que, pese a no encontrar su mejor juego, <strong>se impusieron a un gran rival<\/strong> gracias a una heroica defensa. Los de Javi Silvestre <strong>suman tres nuevos e important\u00edsimos puntos<\/strong> arrancando esta recta final de Primera Fase con <strong>2 victorias consecutivas como locales<\/strong>.<\/p>\n<p style=\"text-align: justify;\">Sin tiempo para disfrutar la victoria, <strong>los de Javi Silvestre ya est\u00e1n centrados en una nueva semana de doble partido<\/strong>, esta vez a domicilio. <strong>Mi\u00e9rcoles frente a Castalla (21:00h) y s\u00e1bado contra Akrasala (18:00h)<\/strong>.<\/p>\n<p style=\"text-align: justify;\">Seguir en esta l\u00ednea agresiva tanto en ataque como en defensa <strong>es clave para conseguir finalizar esta fase lo m\u00e1s arriba posible en la clasificaci\u00f3n<\/strong> y con los m\u00e1ximos puntos posibles para encarar de la mejor forma posible <strong>una Segunda Fase<\/strong> en la que, a falta de una jornada, ya est\u00e1 todo decidido con Irefrank, Horadada, Nueva Elda \u201cB\u201d y Albatera clasificados como primeros clasificados.<\/p>\n","protected":false},"excerpt":{"rendered":"<p>Nuevo encuentro en el parqu\u00e9 del Francisco Laporta para el Uni\u00f3n Alcoyana FS. El segundo de manera consecutiva y el&#8230;<\/p>\n","protected":false},"author":1,"featured_media":71392,"comment_status":"open","ping_status":"open","sticky":false,"template":"","format":"standard","meta":{"footnotes":""},"categories":[97,92,75],"tags":[1494,10233,1346,300,3284],"class_list":["post-71391","post","type-post","status-publish","format-standard","has-post-thumbnail","hentry","category-alcoy","category-deportes","category-noticias","tag-alcoy","tag-la-nucia","tag-liga","tag-partido","tag-union-alcoyana-fs"],"yoast_head":"<!-- This site is optimized with the Yoast SEO plugin v27.3 - https:\/\/yoast.com\/product\/yoast-seo-wordpress\/ -->\n<title>Un s\u00f3lido Uni\u00f3n Alcoyana FS doblega al potente La Nuc\u00eda - COPE Alcoy<\/title>\n<meta name=\"robots\" content=\"index, follow, max-snippet:-1, max-image-preview:large, max-video-preview:-1\" \/>\n<link rel=\"canonical\" href=\"https:\/\/www.copealcoy.es\/es\/un-solido-union-alcoyana-fs-doblega-al-potente-la-nucia\/\" \/>\n<meta property=\"og:locale\" content=\"es_ES\" \/>\n<meta property=\"og:type\" content=\"article\" \/>\n<meta property=\"og:title\" content=\"Un s\u00f3lido Uni\u00f3n Alcoyana FS doblega al potente La Nuc\u00eda - COPE Alcoy\" \/>\n<meta property=\"og:description\" content=\"Nuevo encuentro en el parqu\u00e9 del Francisco Laporta para el Uni\u00f3n Alcoyana FS. El segundo de manera consecutiva y el...\" \/>\n<meta property=\"og:url\" content=\"https:\/\/www.copealcoy.es\/es\/un-solido-union-alcoyana-fs-doblega-al-potente-la-nucia\/\" \/>\n<meta property=\"og:site_name\" content=\"COPE Alcoy\" \/>\n<meta property=\"article:published_time\" content=\"2021-02-22T18:40:00+00:00\" \/>\n<meta property=\"article:modified_time\" content=\"2021-02-26T18:51:16+00:00\" \/>\n<meta property=\"og:image\" content=\"https:\/\/www.copealcoy.es\/wp-content\/uploads\/2021\/02\/WhatsApp-Image-2021-02-20-at-18.51.41-1-1536x1024-1.jpeg\" \/>\n\t<meta property=\"og:image:width\" content=\"1536\" \/>\n\t<meta property=\"og:image:height\" content=\"1024\" \/>\n\t<meta property=\"og:image:type\" content=\"image\/jpeg\" \/>\n<meta name=\"author\" content=\"Cope Alcoy\" \/>\n<meta name=\"twitter:label1\" content=\"Escrito por\" \/>\n\t<meta name=\"twitter:data1\" content=\"Cope Alcoy\" \/>\n\t<meta name=\"twitter:label2\" content=\"Tiempo de lectura\" \/>\n\t<meta name=\"twitter:data2\" content=\"3 minutos\" \/>\n<script type=\"application\/ld+json\" class=\"yoast-schema-graph\">{\"@context\":\"https:\\\/\\\/schema.org\",\"@graph\":[{\"@type\":\"Article\",\"@id\":\"https:\\\/\\\/www.copealcoy.es\\\/es\\\/un-solido-union-alcoyana-fs-doblega-al-potente-la-nucia\\\/#article\",\"isPartOf\":{\"@id\":\"https:\\\/\\\/www.copealcoy.es\\\/es\\\/un-solido-union-alcoyana-fs-doblega-al-potente-la-nucia\\\/\"},\"author\":{\"name\":\"Cope Alcoy\",\"@id\":\"https:\\\/\\\/www.copealcoy.es\\\/es\\\/#\\\/schema\\\/person\\\/e777c87fa024e57d40170af9df39882c\"},\"headline\":\"Un s\u00f3lido Uni\u00f3n Alcoyana FS doblega al potente La Nuc\u00eda\",\"datePublished\":\"2021-02-22T18:40:00+00:00\",\"dateModified\":\"2021-02-26T18:51:16+00:00\",\"mainEntityOfPage\":{\"@id\":\"https:\\\/\\\/www.copealcoy.es\\\/es\\\/un-solido-union-alcoyana-fs-doblega-al-potente-la-nucia\\\/\"},\"wordCount\":692,\"commentCount\":0,\"image\":{\"@id\":\"https:\\\/\\\/www.copealcoy.es\\\/es\\\/un-solido-union-alcoyana-fs-doblega-al-potente-la-nucia\\\/#primaryimage\"},\"thumbnailUrl\":\"https:\\\/\\\/www.copealcoy.es\\\/wp-content\\\/uploads\\\/2021\\\/02\\\/WhatsApp-Image-2021-02-20-at-18.51.41-1-1536x1024-1.jpeg\",\"keywords\":[\"Alcoy\",\"La Nuc\u00eda\",\"Liga\",\"Partido\",\"Uni\u00f3n Alcoyana FS\"],\"articleSection\":[\"Alcoy\",\"Deportes\",\"Noticias\"],\"inLanguage\":\"es\"},{\"@type\":\"WebPage\",\"@id\":\"https:\\\/\\\/www.copealcoy.es\\\/es\\\/un-solido-union-alcoyana-fs-doblega-al-potente-la-nucia\\\/\",\"url\":\"https:\\\/\\\/www.copealcoy.es\\\/es\\\/un-solido-union-alcoyana-fs-doblega-al-potente-la-nucia\\\/\",\"name\":\"Un s\u00f3lido Uni\u00f3n Alcoyana FS doblega al potente La Nuc\u00eda - COPE Alcoy\",\"isPartOf\":{\"@id\":\"https:\\\/\\\/www.copealcoy.es\\\/es\\\/#website\"},\"primaryImageOfPage\":{\"@id\":\"https:\\\/\\\/www.copealcoy.es\\\/es\\\/un-solido-union-alcoyana-fs-doblega-al-potente-la-nucia\\\/#primaryimage\"},\"image\":{\"@id\":\"https:\\\/\\\/www.copealcoy.es\\\/es\\\/un-solido-union-alcoyana-fs-doblega-al-potente-la-nucia\\\/#primaryimage\"},\"thumbnailUrl\":\"https:\\\/\\\/www.copealcoy.es\\\/wp-content\\\/uploads\\\/2021\\\/02\\\/WhatsApp-Image-2021-02-20-at-18.51.41-1-1536x1024-1.jpeg\",\"datePublished\":\"2021-02-22T18:40:00+00:00\",\"dateModified\":\"2021-02-26T18:51:16+00:00\",\"author\":{\"@id\":\"https:\\\/\\\/www.copealcoy.es\\\/es\\\/#\\\/schema\\\/person\\\/e777c87fa024e57d40170af9df39882c\"},\"breadcrumb\":{\"@id\":\"https:\\\/\\\/www.copealcoy.es\\\/es\\\/un-solido-union-alcoyana-fs-doblega-al-potente-la-nucia\\\/#breadcrumb\"},\"inLanguage\":\"es\",\"potentialAction\":[{\"@type\":\"ReadAction\",\"target\":[\"https:\\\/\\\/www.copealcoy.es\\\/es\\\/un-solido-union-alcoyana-fs-doblega-al-potente-la-nucia\\\/\"]}]},{\"@type\":\"ImageObject\",\"inLanguage\":\"es\",\"@id\":\"https:\\\/\\\/www.copealcoy.es\\\/es\\\/un-solido-union-alcoyana-fs-doblega-al-potente-la-nucia\\\/#primaryimage\",\"url\":\"https:\\\/\\\/www.copealcoy.es\\\/wp-content\\\/uploads\\\/2021\\\/02\\\/WhatsApp-Image-2021-02-20-at-18.51.41-1-1536x1024-1.jpeg\",\"contentUrl\":\"https:\\\/\\\/www.copealcoy.es\\\/wp-content\\\/uploads\\\/2021\\\/02\\\/WhatsApp-Image-2021-02-20-at-18.51.41-1-1536x1024-1.jpeg\",\"width\":1536,\"height\":1024},{\"@type\":\"BreadcrumbList\",\"@id\":\"https:\\\/\\\/www.copealcoy.es\\\/es\\\/un-solido-union-alcoyana-fs-doblega-al-potente-la-nucia\\\/#breadcrumb\",\"itemListElement\":[{\"@type\":\"ListItem\",\"position\":1,\"name\":\"Portada\",\"item\":\"https:\\\/\\\/www.copealcoy.es\\\/es\\\/\"},{\"@type\":\"ListItem\",\"position\":2,\"name\":\"Un s\u00f3lido Uni\u00f3n Alcoyana FS doblega al potente La Nuc\u00eda\"}]},{\"@type\":\"WebSite\",\"@id\":\"https:\\\/\\\/www.copealcoy.es\\\/es\\\/#website\",\"url\":\"https:\\\/\\\/www.copealcoy.es\\\/es\\\/\",\"name\":\"COPE Alcoy\",\"description\":\"Emisora COPE de radio local con emisi\u00f3n online. Pont de Sant Jordi 8-10 03803 Alcoy\",\"potentialAction\":[{\"@type\":\"SearchAction\",\"target\":{\"@type\":\"EntryPoint\",\"urlTemplate\":\"https:\\\/\\\/www.copealcoy.es\\\/es\\\/?s={search_term_string}\"},\"query-input\":{\"@type\":\"PropertyValueSpecification\",\"valueRequired\":true,\"valueName\":\"search_term_string\"}}],\"inLanguage\":\"es\"},{\"@type\":\"Person\",\"@id\":\"https:\\\/\\\/www.copealcoy.es\\\/es\\\/#\\\/schema\\\/person\\\/e777c87fa024e57d40170af9df39882c\",\"name\":\"Cope Alcoy\",\"image\":{\"@type\":\"ImageObject\",\"inLanguage\":\"es\",\"@id\":\"https:\\\/\\\/secure.gravatar.com\\\/avatar\\\/bb65d0283347e303893ba14f0692005417c1e0e690a325a4c5d8bb2b3943ee14?s=96&d=mm&r=g\",\"url\":\"https:\\\/\\\/secure.gravatar.com\\\/avatar\\\/bb65d0283347e303893ba14f0692005417c1e0e690a325a4c5d8bb2b3943ee14?s=96&d=mm&r=g\",\"contentUrl\":\"https:\\\/\\\/secure.gravatar.com\\\/avatar\\\/bb65d0283347e303893ba14f0692005417c1e0e690a325a4c5d8bb2b3943ee14?s=96&d=mm&r=g\",\"caption\":\"Cope Alcoy\"}}]}<\/script>\n<!-- \/ Yoast SEO plugin. -->","yoast_head_json":{"title":"Un s\u00f3lido Uni\u00f3n Alcoyana FS doblega al potente La Nuc\u00eda - COPE Alcoy","robots":{"index":"index","follow":"follow","max-snippet":"max-snippet:-1","max-image-preview":"max-image-preview:large","max-video-preview":"max-video-preview:-1"},"canonical":"https:\/\/www.copealcoy.es\/es\/un-solido-union-alcoyana-fs-doblega-al-potente-la-nucia\/","og_locale":"es_ES","og_type":"article","og_title":"Un s\u00f3lido Uni\u00f3n Alcoyana FS doblega al potente La Nuc\u00eda - COPE Alcoy","og_description":"Nuevo encuentro en el parqu\u00e9 del Francisco Laporta para el Uni\u00f3n Alcoyana FS. El segundo de manera consecutiva y el...","og_url":"https:\/\/www.copealcoy.es\/es\/un-solido-union-alcoyana-fs-doblega-al-potente-la-nucia\/","og_site_name":"COPE Alcoy","article_published_time":"2021-02-22T18:40:00+00:00","article_modified_time":"2021-02-26T18:51:16+00:00","og_image":[{"width":1536,"height":1024,"url":"https:\/\/www.copealcoy.es\/wp-content\/uploads\/2021\/02\/WhatsApp-Image-2021-02-20-at-18.51.41-1-1536x1024-1.jpeg","type":"image\/jpeg"}],"author":"Cope Alcoy","twitter_misc":{"Escrito por":"Cope Alcoy","Tiempo de lectura":"3 minutos"},"schema":{"@context":"https:\/\/schema.org","@graph":[{"@type":"Article","@id":"https:\/\/www.copealcoy.es\/es\/un-solido-union-alcoyana-fs-doblega-al-potente-la-nucia\/#article","isPartOf":{"@id":"https:\/\/www.copealcoy.es\/es\/un-solido-union-alcoyana-fs-doblega-al-potente-la-nucia\/"},"author":{"name":"Cope Alcoy","@id":"https:\/\/www.copealcoy.es\/es\/#\/schema\/person\/e777c87fa024e57d40170af9df39882c"},"headline":"Un s\u00f3lido Uni\u00f3n Alcoyana FS doblega al potente La Nuc\u00eda","datePublished":"2021-02-22T18:40:00+00:00","dateModified":"2021-02-26T18:51:16+00:00","mainEntityOfPage":{"@id":"https:\/\/www.copealcoy.es\/es\/un-solido-union-alcoyana-fs-doblega-al-potente-la-nucia\/"},"wordCount":692,"commentCount":0,"image":{"@id":"https:\/\/www.copealcoy.es\/es\/un-solido-union-alcoyana-fs-doblega-al-potente-la-nucia\/#primaryimage"},"thumbnailUrl":"https:\/\/www.copealcoy.es\/wp-content\/uploads\/2021\/02\/WhatsApp-Image-2021-02-20-at-18.51.41-1-1536x1024-1.jpeg","keywords":["Alcoy","La Nuc\u00eda","Liga","Partido","Uni\u00f3n Alcoyana FS"],"articleSection":["Alcoy","Deportes","Noticias"],"inLanguage":"es"},{"@type":"WebPage","@id":"https:\/\/www.copealcoy.es\/es\/un-solido-union-alcoyana-fs-doblega-al-potente-la-nucia\/","url":"https:\/\/www.copealcoy.es\/es\/un-solido-union-alcoyana-fs-doblega-al-potente-la-nucia\/","name":"Un s\u00f3lido Uni\u00f3n Alcoyana FS doblega al potente La Nuc\u00eda - COPE Alcoy","isPartOf":{"@id":"https:\/\/www.copealcoy.es\/es\/#website"},"primaryImageOfPage":{"@id":"https:\/\/www.copealcoy.es\/es\/un-solido-union-alcoyana-fs-doblega-al-potente-la-nucia\/#primaryimage"},"image":{"@id":"https:\/\/www.copealcoy.es\/es\/un-solido-union-alcoyana-fs-doblega-al-potente-la-nucia\/#primaryimage"},"thumbnailUrl":"https:\/\/www.copealcoy.es\/wp-content\/uploads\/2021\/02\/WhatsApp-Image-2021-02-20-at-18.51.41-1-1536x1024-1.jpeg","datePublished":"2021-02-22T18:40:00+00:00","dateModified":"2021-02-26T18:51:16+00:00","author":{"@id":"https:\/\/www.copealcoy.es\/es\/#\/schema\/person\/e777c87fa024e57d40170af9df39882c"},"breadcrumb":{"@id":"https:\/\/www.copealcoy.es\/es\/un-solido-union-alcoyana-fs-doblega-al-potente-la-nucia\/#breadcrumb"},"inLanguage":"es","potentialAction":[{"@type":"ReadAction","target":["https:\/\/www.copealcoy.es\/es\/un-solido-union-alcoyana-fs-doblega-al-potente-la-nucia\/"]}]},{"@type":"ImageObject","inLanguage":"es","@id":"https:\/\/www.copealcoy.es\/es\/un-solido-union-alcoyana-fs-doblega-al-potente-la-nucia\/#primaryimage","url":"https:\/\/www.copealcoy.es\/wp-content\/uploads\/2021\/02\/WhatsApp-Image-2021-02-20-at-18.51.41-1-1536x1024-1.jpeg","contentUrl":"https:\/\/www.copealcoy.es\/wp-content\/uploads\/2021\/02\/WhatsApp-Image-2021-02-20-at-18.51.41-1-1536x1024-1.jpeg","width":1536,"height":1024},{"@type":"BreadcrumbList","@id":"https:\/\/www.copealcoy.es\/es\/un-solido-union-alcoyana-fs-doblega-al-potente-la-nucia\/#breadcrumb","itemListElement":[{"@type":"ListItem","position":1,"name":"Portada","item":"https:\/\/www.copealcoy.es\/es\/"},{"@type":"ListItem","position":2,"name":"Un s\u00f3lido Uni\u00f3n Alcoyana FS doblega al potente La Nuc\u00eda"}]},{"@type":"WebSite","@id":"https:\/\/www.copealcoy.es\/es\/#website","url":"https:\/\/www.copealcoy.es\/es\/","name":"COPE Alcoy","description":"Emisora COPE de radio local con emisi\u00f3n online. Pont de Sant Jordi 8-10 03803 Alcoy","potentialAction":[{"@type":"SearchAction","target":{"@type":"EntryPoint","urlTemplate":"https:\/\/www.copealcoy.es\/es\/?s={search_term_string}"},"query-input":{"@type":"PropertyValueSpecification","valueRequired":true,"valueName":"search_term_string"}}],"inLanguage":"es"},{"@type":"Person","@id":"https:\/\/www.copealcoy.es\/es\/#\/schema\/person\/e777c87fa024e57d40170af9df39882c","name":"Cope Alcoy","image":{"@type":"ImageObject","inLanguage":"es","@id":"https:\/\/secure.gravatar.com\/avatar\/bb65d0283347e303893ba14f0692005417c1e0e690a325a4c5d8bb2b3943ee14?s=96&d=mm&r=g","url":"https:\/\/secure.gravatar.com\/avatar\/bb65d0283347e303893ba14f0692005417c1e0e690a325a4c5d8bb2b3943ee14?s=96&d=mm&r=g","contentUrl":"https:\/\/secure.gravatar.com\/avatar\/bb65d0283347e303893ba14f0692005417c1e0e690a325a4c5d8bb2b3943ee14?s=96&d=mm&r=g","caption":"Cope Alcoy"}}]}},"_links":{"self":[{"href":"https:\/\/www.copealcoy.es\/es\/wp-json\/wp\/v2\/posts\/71391","targetHints":{"allow":["GET"]}}],"collection":[{"href":"https:\/\/www.copealcoy.es\/es\/wp-json\/wp\/v2\/posts"}],"about":[{"href":"https:\/\/www.copealcoy.es\/es\/wp-json\/wp\/v2\/types\/post"}],"author":[{"embeddable":true,"href":"https:\/\/www.copealcoy.es\/es\/wp-json\/wp\/v2\/users\/1"}],"replies":[{"embeddable":true,"href":"https:\/\/www.copealcoy.es\/es\/wp-json\/wp\/v2\/comments?post=71391"}],"version-history":[{"count":0,"href":"https:\/\/www.copealcoy.es\/es\/wp-json\/wp\/v2\/posts\/71391\/revisions"}],"wp:featuredmedia":[{"embeddable":true,"href":"https:\/\/www.copealcoy.es\/es\/wp-json\/wp\/v2\/media\/71392"}],"wp:attachment":[{"href":"https:\/\/www.copealcoy.es\/es\/wp-json\/wp\/v2\/media?parent=71391"}],"wp:term":[{"taxonomy":"category","embeddable":true,"href":"https:\/\/www.copealcoy.es\/es\/wp-json\/wp\/v2\/categories?post=71391"},{"taxonomy":"post_tag","embeddable":true,"href":"https:\/\/www.copealcoy.es\/es\/wp-json\/wp\/v2\/tags?post=71391"}],"curies":[{"name":"wp","href":"https:\/\/api.w.org\/{rel}","templated":true}]}}