{"id":71340,"date":"2021-02-25T16:36:46","date_gmt":"2021-02-25T15:36:46","guid":{"rendered":"https:\/\/www.copealcoy.es\/?p=71340"},"modified":"2021-02-25T16:38:53","modified_gmt":"2021-02-25T15:38:53","slug":"la-comunitat-abre-bares-y-amplia-el-horario-comercial-a-partir-del-2-de-marzo","status":"publish","type":"post","link":"https:\/\/www.copealcoy.es\/es\/la-comunitat-abre-bares-y-amplia-el-horario-comercial-a-partir-del-2-de-marzo\/","title":{"rendered":"La Comunitat abre bares y ampl\u00eda el horario comercial a partir del 2 de marzo"},"content":{"rendered":"<p style=\"text-align: justify;\">El Presidente de la Generalitat Valenciana, <strong>Ximo Puig<\/strong>, preside <strong>la reuni\u00f3n de la Mesa Interdepartamental para la Prevenci\u00f3n y Actuaci\u00f3n ante la COVID-19<\/strong>, de la que saldr\u00e1n las nuevas medidas con la que el gobierno valenciano afronta la desescalada de las restricciones en la Comunitat.<\/p>\n<p style=\"text-align: justify;\">Puig <strong>ha agradecido el esfuerzo de la sociedad valenciana y su responsabilidad ante las restricciones<\/strong> que han permitido frenar de forma contundente el avance del virus.<\/p>\n<p style=\"text-align: justify;\">El President ha explicado que\u00a0<strong>en un mes la incidencia acumulada del virus en la Comuntiat ha bajado un 88%<\/strong>, las <strong>personas hospitalizadas<\/strong> tambi\u00e9n se han reducido una cuarta parte y las personas enfermas han descendido un 83%.\u00a0Puig ha querido insistir en una idea fundamental: <em>&#8220;estamos mejor pero no estamos bien&#8221;<\/em>, ha asegurado y ha recordado que en las UCIS &#8220;<em>hay 320 enfermos. Son demasiadas. Ese ha de ser el term\u00f3metro para todos<\/em>&#8220;.<\/p>\n<p style=\"text-align: justify;\">&#8220;<em>Que nadie se relaje y piense que se ha acabado y busque recuperar de golpe en tiempo perdido,\u00a0no estamos en situaci\u00f3n de normalidad por eso tenemos que ir poco a poco, con sentido com\u00fan. La desescalada ha de asegurar bien cada paso y el siguiente, un paso detr\u00e1s de otro, para no dilapidar lo que nos ha costado tanto. Sabemos que si no es as\u00ed iremos hacia atr\u00e1s<\/em>&#8220;, ha a\u00f1adido.<\/p>\n<p style=\"text-align: justify;\">&#8220;<em>Vamos a seguir con medidas restricciones pero ni un d\u00eda mas del necesario&#8221; <\/em>ha proseguido el jefe del Consell quien ha detallado las nuevas medidas a partir del 2 de marzo y ha asegurado que <em>&#8220;los pasos que se tomen estar\u00e1n guiados por la prudencia y la m\u00e1xima proporcionalidad<\/em>&#8220;.<\/p>\n<ul>\n<li>Se aumenta a <strong>cuatro personas para los encuentros espacios al aire libre<\/strong>. En viviendas se mantiene la restricciones de convivientes<\/li>\n<li>Se\u00a0<strong>elimina perimetraje ciudades de m\u00e1s de 50 mil habitantes\u00a0<\/strong>durante los fines de semana<\/li>\n<li>Se\u00a0<b>abren las terrazas de la hosteler\u00eda en un 75% del aforo y un m\u00e1ximo de cuatro y hasta las seis d<\/b>e la tarde.<\/li>\n<li>Se ampl\u00eda el\u00a0<strong>horario de los comercios hasta las ocho<\/strong>\u00a0y el aforo de los mismos al 50%<\/li>\n<li><strong>La actividad f\u00edsica y deporte se permite solo en instalaciones abiertas <\/strong>y modalidades individuales o por pareja. En las colectivas, un m\u00e1ximo de 4 personas por monitor. se permiten entrenamientos deportivos para los alumnos en edad escolar sin p\u00fablico.<\/li>\n<li><strong>Se reabren parques y jardines<\/strong><\/li>\n<li>Se\u00a0<strong>aumenta aforo de iglesias y espacios religiosos hasta el 50%<\/strong><\/li>\n<\/ul>\n<p style=\"text-align: justify;\">El resto de medidas en vigor se prorrogan durante 15 d\u00edas m\u00e1s y la pr\u00f3xima semana se volver\u00e1 a reunir la mesa interdepartamental por si es necesario adoptar o flexibilizar otras medidas. Puig ha detallado que\u00a0<strong>se mantiene por tanto el toque de queda a las 10 de la noche y el cierre perimetral de la Comunitat<\/strong>.<\/p>\n","protected":false},"excerpt":{"rendered":"<p>El Presidente de la Generalitat Valenciana, Ximo Puig, preside la reuni\u00f3n de la Mesa Interdepartamental para la Prevenci\u00f3n y Actuaci\u00f3n&#8230;<\/p>\n","protected":false},"author":1,"featured_media":58599,"comment_status":"open","ping_status":"open","sticky":false,"template":"","format":"standard","meta":{"footnotes":""},"categories":[6909,97,75,125],"tags":[1285,7609,1768,7281,10050,7574,10927],"class_list":["post-71340","post","type-post","status-publish","format-standard","has-post-thumbnail","hentry","category-actualidad","category-alcoy","category-noticias","category-portada","tag-apertura","tag-bares","tag-comunitat-valenciana","tag-coronavirus","tag-crisis-sanitaria","tag-desescalada","tag-horario-comercial"],"yoast_head":"<!-- This site is optimized with the Yoast SEO plugin v27.3 - https:\/\/yoast.com\/product\/yoast-seo-wordpress\/ -->\n<title>La Comunitat abre bares y ampl\u00eda el horario comercial a partir del 2 de marzo - COPE Alcoy<\/title>\n<meta name=\"robots\" content=\"index, follow, max-snippet:-1, max-image-preview:large, max-video-preview:-1\" \/>\n<link rel=\"canonical\" href=\"https:\/\/www.copealcoy.es\/es\/la-comunitat-abre-bares-y-amplia-el-horario-comercial-a-partir-del-2-de-marzo\/\" \/>\n<meta property=\"og:locale\" content=\"es_ES\" \/>\n<meta property=\"og:type\" content=\"article\" \/>\n<meta property=\"og:title\" content=\"La Comunitat abre bares y ampl\u00eda el horario comercial a partir del 2 de marzo - COPE Alcoy\" \/>\n<meta property=\"og:description\" content=\"El Presidente de la Generalitat Valenciana, Ximo Puig, preside la reuni\u00f3n de la Mesa Interdepartamental para la Prevenci\u00f3n y Actuaci\u00f3n...\" \/>\n<meta property=\"og:url\" content=\"https:\/\/www.copealcoy.es\/es\/la-comunitat-abre-bares-y-amplia-el-horario-comercial-a-partir-del-2-de-marzo\/\" \/>\n<meta property=\"og:site_name\" content=\"COPE Alcoy\" \/>\n<meta property=\"article:published_time\" content=\"2021-02-25T15:36:46+00:00\" \/>\n<meta property=\"article:modified_time\" content=\"2021-02-25T15:38:53+00:00\" \/>\n<meta property=\"og:image\" content=\"https:\/\/www.copealcoy.es\/wp-content\/uploads\/2020\/01\/IMG_4754-1-scaled.jpg\" \/>\n\t<meta property=\"og:image:width\" content=\"2560\" \/>\n\t<meta property=\"og:image:height\" content=\"1726\" \/>\n\t<meta property=\"og:image:type\" content=\"image\/jpeg\" \/>\n<meta name=\"author\" content=\"Cope Alcoy\" \/>\n<meta name=\"twitter:label1\" content=\"Escrito por\" \/>\n\t<meta name=\"twitter:data1\" content=\"Cope Alcoy\" \/>\n\t<meta name=\"twitter:label2\" content=\"Tiempo de lectura\" \/>\n\t<meta name=\"twitter:data2\" content=\"2 minutos\" \/>\n<script type=\"application\/ld+json\" class=\"yoast-schema-graph\">{\"@context\":\"https:\\\/\\\/schema.org\",\"@graph\":[{\"@type\":\"Article\",\"@id\":\"https:\\\/\\\/www.copealcoy.es\\\/es\\\/la-comunitat-abre-bares-y-amplia-el-horario-comercial-a-partir-del-2-de-marzo\\\/#article\",\"isPartOf\":{\"@id\":\"https:\\\/\\\/www.copealcoy.es\\\/es\\\/la-comunitat-abre-bares-y-amplia-el-horario-comercial-a-partir-del-2-de-marzo\\\/\"},\"author\":{\"name\":\"Cope Alcoy\",\"@id\":\"https:\\\/\\\/www.copealcoy.es\\\/es\\\/#\\\/schema\\\/person\\\/e777c87fa024e57d40170af9df39882c\"},\"headline\":\"La Comunitat abre bares y ampl\u00eda el horario comercial a partir del 2 de marzo\",\"datePublished\":\"2021-02-25T15:36:46+00:00\",\"dateModified\":\"2021-02-25T15:38:53+00:00\",\"mainEntityOfPage\":{\"@id\":\"https:\\\/\\\/www.copealcoy.es\\\/es\\\/la-comunitat-abre-bares-y-amplia-el-horario-comercial-a-partir-del-2-de-marzo\\\/\"},\"wordCount\":482,\"commentCount\":0,\"image\":{\"@id\":\"https:\\\/\\\/www.copealcoy.es\\\/es\\\/la-comunitat-abre-bares-y-amplia-el-horario-comercial-a-partir-del-2-de-marzo\\\/#primaryimage\"},\"thumbnailUrl\":\"https:\\\/\\\/www.copealcoy.es\\\/wp-content\\\/uploads\\\/2020\\\/01\\\/IMG_4754-1-scaled.jpg\",\"keywords\":[\"apertura\",\"bares\",\"Comunitat Valenciana\",\"Coronavirus\",\"crisis sanitaria\",\"desescalada\",\"horario comercial\"],\"articleSection\":[\"Actualidad\",\"Alcoy\",\"Noticias\",\"Portada\"],\"inLanguage\":\"es\"},{\"@type\":\"WebPage\",\"@id\":\"https:\\\/\\\/www.copealcoy.es\\\/es\\\/la-comunitat-abre-bares-y-amplia-el-horario-comercial-a-partir-del-2-de-marzo\\\/\",\"url\":\"https:\\\/\\\/www.copealcoy.es\\\/es\\\/la-comunitat-abre-bares-y-amplia-el-horario-comercial-a-partir-del-2-de-marzo\\\/\",\"name\":\"La Comunitat abre bares y ampl\u00eda el horario comercial a partir del 2 de marzo - COPE Alcoy\",\"isPartOf\":{\"@id\":\"https:\\\/\\\/www.copealcoy.es\\\/es\\\/#website\"},\"primaryImageOfPage\":{\"@id\":\"https:\\\/\\\/www.copealcoy.es\\\/es\\\/la-comunitat-abre-bares-y-amplia-el-horario-comercial-a-partir-del-2-de-marzo\\\/#primaryimage\"},\"image\":{\"@id\":\"https:\\\/\\\/www.copealcoy.es\\\/es\\\/la-comunitat-abre-bares-y-amplia-el-horario-comercial-a-partir-del-2-de-marzo\\\/#primaryimage\"},\"thumbnailUrl\":\"https:\\\/\\\/www.copealcoy.es\\\/wp-content\\\/uploads\\\/2020\\\/01\\\/IMG_4754-1-scaled.jpg\",\"datePublished\":\"2021-02-25T15:36:46+00:00\",\"dateModified\":\"2021-02-25T15:38:53+00:00\",\"author\":{\"@id\":\"https:\\\/\\\/www.copealcoy.es\\\/es\\\/#\\\/schema\\\/person\\\/e777c87fa024e57d40170af9df39882c\"},\"breadcrumb\":{\"@id\":\"https:\\\/\\\/www.copealcoy.es\\\/es\\\/la-comunitat-abre-bares-y-amplia-el-horario-comercial-a-partir-del-2-de-marzo\\\/#breadcrumb\"},\"inLanguage\":\"es\",\"potentialAction\":[{\"@type\":\"ReadAction\",\"target\":[\"https:\\\/\\\/www.copealcoy.es\\\/es\\\/la-comunitat-abre-bares-y-amplia-el-horario-comercial-a-partir-del-2-de-marzo\\\/\"]}]},{\"@type\":\"ImageObject\",\"inLanguage\":\"es\",\"@id\":\"https:\\\/\\\/www.copealcoy.es\\\/es\\\/la-comunitat-abre-bares-y-amplia-el-horario-comercial-a-partir-del-2-de-marzo\\\/#primaryimage\",\"url\":\"https:\\\/\\\/www.copealcoy.es\\\/wp-content\\\/uploads\\\/2020\\\/01\\\/IMG_4754-1-scaled.jpg\",\"contentUrl\":\"https:\\\/\\\/www.copealcoy.es\\\/wp-content\\\/uploads\\\/2020\\\/01\\\/IMG_4754-1-scaled.jpg\",\"width\":2560,\"height\":1726,\"caption\":\"Los carteles de rebajas ya lucen en los escaparates \\\/ Foto: G. Pascual\"},{\"@type\":\"BreadcrumbList\",\"@id\":\"https:\\\/\\\/www.copealcoy.es\\\/es\\\/la-comunitat-abre-bares-y-amplia-el-horario-comercial-a-partir-del-2-de-marzo\\\/#breadcrumb\",\"itemListElement\":[{\"@type\":\"ListItem\",\"position\":1,\"name\":\"Portada\",\"item\":\"https:\\\/\\\/www.copealcoy.es\\\/es\\\/\"},{\"@type\":\"ListItem\",\"position\":2,\"name\":\"La Comunitat abre bares y ampl\u00eda el horario comercial a partir del 2 de marzo\"}]},{\"@type\":\"WebSite\",\"@id\":\"https:\\\/\\\/www.copealcoy.es\\\/es\\\/#website\",\"url\":\"https:\\\/\\\/www.copealcoy.es\\\/es\\\/\",\"name\":\"COPE Alcoy\",\"description\":\"Emisora COPE de radio local con emisi\u00f3n online. Pont de Sant Jordi 8-10 03803 Alcoy\",\"potentialAction\":[{\"@type\":\"SearchAction\",\"target\":{\"@type\":\"EntryPoint\",\"urlTemplate\":\"https:\\\/\\\/www.copealcoy.es\\\/es\\\/?s={search_term_string}\"},\"query-input\":{\"@type\":\"PropertyValueSpecification\",\"valueRequired\":true,\"valueName\":\"search_term_string\"}}],\"inLanguage\":\"es\"},{\"@type\":\"Person\",\"@id\":\"https:\\\/\\\/www.copealcoy.es\\\/es\\\/#\\\/schema\\\/person\\\/e777c87fa024e57d40170af9df39882c\",\"name\":\"Cope Alcoy\",\"image\":{\"@type\":\"ImageObject\",\"inLanguage\":\"es\",\"@id\":\"https:\\\/\\\/secure.gravatar.com\\\/avatar\\\/bb65d0283347e303893ba14f0692005417c1e0e690a325a4c5d8bb2b3943ee14?s=96&d=mm&r=g\",\"url\":\"https:\\\/\\\/secure.gravatar.com\\\/avatar\\\/bb65d0283347e303893ba14f0692005417c1e0e690a325a4c5d8bb2b3943ee14?s=96&d=mm&r=g\",\"contentUrl\":\"https:\\\/\\\/secure.gravatar.com\\\/avatar\\\/bb65d0283347e303893ba14f0692005417c1e0e690a325a4c5d8bb2b3943ee14?s=96&d=mm&r=g\",\"caption\":\"Cope Alcoy\"}}]}<\/script>\n<!-- \/ Yoast SEO plugin. -->","yoast_head_json":{"title":"La Comunitat abre bares y ampl\u00eda el horario comercial a partir del 2 de marzo - COPE Alcoy","robots":{"index":"index","follow":"follow","max-snippet":"max-snippet:-1","max-image-preview":"max-image-preview:large","max-video-preview":"max-video-preview:-1"},"canonical":"https:\/\/www.copealcoy.es\/es\/la-comunitat-abre-bares-y-amplia-el-horario-comercial-a-partir-del-2-de-marzo\/","og_locale":"es_ES","og_type":"article","og_title":"La Comunitat abre bares y ampl\u00eda el horario comercial a partir del 2 de marzo - COPE Alcoy","og_description":"El Presidente de la Generalitat Valenciana, Ximo Puig, preside la reuni\u00f3n de la Mesa Interdepartamental para la Prevenci\u00f3n y Actuaci\u00f3n...","og_url":"https:\/\/www.copealcoy.es\/es\/la-comunitat-abre-bares-y-amplia-el-horario-comercial-a-partir-del-2-de-marzo\/","og_site_name":"COPE Alcoy","article_published_time":"2021-02-25T15:36:46+00:00","article_modified_time":"2021-02-25T15:38:53+00:00","og_image":[{"width":2560,"height":1726,"url":"https:\/\/www.copealcoy.es\/wp-content\/uploads\/2020\/01\/IMG_4754-1-scaled.jpg","type":"image\/jpeg"}],"author":"Cope Alcoy","twitter_misc":{"Escrito por":"Cope Alcoy","Tiempo de lectura":"2 minutos"},"schema":{"@context":"https:\/\/schema.org","@graph":[{"@type":"Article","@id":"https:\/\/www.copealcoy.es\/es\/la-comunitat-abre-bares-y-amplia-el-horario-comercial-a-partir-del-2-de-marzo\/#article","isPartOf":{"@id":"https:\/\/www.copealcoy.es\/es\/la-comunitat-abre-bares-y-amplia-el-horario-comercial-a-partir-del-2-de-marzo\/"},"author":{"name":"Cope Alcoy","@id":"https:\/\/www.copealcoy.es\/es\/#\/schema\/person\/e777c87fa024e57d40170af9df39882c"},"headline":"La Comunitat abre bares y ampl\u00eda el horario comercial a partir del 2 de marzo","datePublished":"2021-02-25T15:36:46+00:00","dateModified":"2021-02-25T15:38:53+00:00","mainEntityOfPage":{"@id":"https:\/\/www.copealcoy.es\/es\/la-comunitat-abre-bares-y-amplia-el-horario-comercial-a-partir-del-2-de-marzo\/"},"wordCount":482,"commentCount":0,"image":{"@id":"https:\/\/www.copealcoy.es\/es\/la-comunitat-abre-bares-y-amplia-el-horario-comercial-a-partir-del-2-de-marzo\/#primaryimage"},"thumbnailUrl":"https:\/\/www.copealcoy.es\/wp-content\/uploads\/2020\/01\/IMG_4754-1-scaled.jpg","keywords":["apertura","bares","Comunitat Valenciana","Coronavirus","crisis sanitaria","desescalada","horario comercial"],"articleSection":["Actualidad","Alcoy","Noticias","Portada"],"inLanguage":"es"},{"@type":"WebPage","@id":"https:\/\/www.copealcoy.es\/es\/la-comunitat-abre-bares-y-amplia-el-horario-comercial-a-partir-del-2-de-marzo\/","url":"https:\/\/www.copealcoy.es\/es\/la-comunitat-abre-bares-y-amplia-el-horario-comercial-a-partir-del-2-de-marzo\/","name":"La Comunitat abre bares y ampl\u00eda el horario comercial a partir del 2 de marzo - COPE Alcoy","isPartOf":{"@id":"https:\/\/www.copealcoy.es\/es\/#website"},"primaryImageOfPage":{"@id":"https:\/\/www.copealcoy.es\/es\/la-comunitat-abre-bares-y-amplia-el-horario-comercial-a-partir-del-2-de-marzo\/#primaryimage"},"image":{"@id":"https:\/\/www.copealcoy.es\/es\/la-comunitat-abre-bares-y-amplia-el-horario-comercial-a-partir-del-2-de-marzo\/#primaryimage"},"thumbnailUrl":"https:\/\/www.copealcoy.es\/wp-content\/uploads\/2020\/01\/IMG_4754-1-scaled.jpg","datePublished":"2021-02-25T15:36:46+00:00","dateModified":"2021-02-25T15:38:53+00:00","author":{"@id":"https:\/\/www.copealcoy.es\/es\/#\/schema\/person\/e777c87fa024e57d40170af9df39882c"},"breadcrumb":{"@id":"https:\/\/www.copealcoy.es\/es\/la-comunitat-abre-bares-y-amplia-el-horario-comercial-a-partir-del-2-de-marzo\/#breadcrumb"},"inLanguage":"es","potentialAction":[{"@type":"ReadAction","target":["https:\/\/www.copealcoy.es\/es\/la-comunitat-abre-bares-y-amplia-el-horario-comercial-a-partir-del-2-de-marzo\/"]}]},{"@type":"ImageObject","inLanguage":"es","@id":"https:\/\/www.copealcoy.es\/es\/la-comunitat-abre-bares-y-amplia-el-horario-comercial-a-partir-del-2-de-marzo\/#primaryimage","url":"https:\/\/www.copealcoy.es\/wp-content\/uploads\/2020\/01\/IMG_4754-1-scaled.jpg","contentUrl":"https:\/\/www.copealcoy.es\/wp-content\/uploads\/2020\/01\/IMG_4754-1-scaled.jpg","width":2560,"height":1726,"caption":"Los carteles de rebajas ya lucen en los escaparates \/ Foto: G. Pascual"},{"@type":"BreadcrumbList","@id":"https:\/\/www.copealcoy.es\/es\/la-comunitat-abre-bares-y-amplia-el-horario-comercial-a-partir-del-2-de-marzo\/#breadcrumb","itemListElement":[{"@type":"ListItem","position":1,"name":"Portada","item":"https:\/\/www.copealcoy.es\/es\/"},{"@type":"ListItem","position":2,"name":"La Comunitat abre bares y ampl\u00eda el horario comercial a partir del 2 de marzo"}]},{"@type":"WebSite","@id":"https:\/\/www.copealcoy.es\/es\/#website","url":"https:\/\/www.copealcoy.es\/es\/","name":"COPE Alcoy","description":"Emisora COPE de radio local con emisi\u00f3n online. Pont de Sant Jordi 8-10 03803 Alcoy","potentialAction":[{"@type":"SearchAction","target":{"@type":"EntryPoint","urlTemplate":"https:\/\/www.copealcoy.es\/es\/?s={search_term_string}"},"query-input":{"@type":"PropertyValueSpecification","valueRequired":true,"valueName":"search_term_string"}}],"inLanguage":"es"},{"@type":"Person","@id":"https:\/\/www.copealcoy.es\/es\/#\/schema\/person\/e777c87fa024e57d40170af9df39882c","name":"Cope Alcoy","image":{"@type":"ImageObject","inLanguage":"es","@id":"https:\/\/secure.gravatar.com\/avatar\/bb65d0283347e303893ba14f0692005417c1e0e690a325a4c5d8bb2b3943ee14?s=96&d=mm&r=g","url":"https:\/\/secure.gravatar.com\/avatar\/bb65d0283347e303893ba14f0692005417c1e0e690a325a4c5d8bb2b3943ee14?s=96&d=mm&r=g","contentUrl":"https:\/\/secure.gravatar.com\/avatar\/bb65d0283347e303893ba14f0692005417c1e0e690a325a4c5d8bb2b3943ee14?s=96&d=mm&r=g","caption":"Cope Alcoy"}}]}},"_links":{"self":[{"href":"https:\/\/www.copealcoy.es\/es\/wp-json\/wp\/v2\/posts\/71340","targetHints":{"allow":["GET"]}}],"collection":[{"href":"https:\/\/www.copealcoy.es\/es\/wp-json\/wp\/v2\/posts"}],"about":[{"href":"https:\/\/www.copealcoy.es\/es\/wp-json\/wp\/v2\/types\/post"}],"author":[{"embeddable":true,"href":"https:\/\/www.copealcoy.es\/es\/wp-json\/wp\/v2\/users\/1"}],"replies":[{"embeddable":true,"href":"https:\/\/www.copealcoy.es\/es\/wp-json\/wp\/v2\/comments?post=71340"}],"version-history":[{"count":0,"href":"https:\/\/www.copealcoy.es\/es\/wp-json\/wp\/v2\/posts\/71340\/revisions"}],"wp:featuredmedia":[{"embeddable":true,"href":"https:\/\/www.copealcoy.es\/es\/wp-json\/wp\/v2\/media\/58599"}],"wp:attachment":[{"href":"https:\/\/www.copealcoy.es\/es\/wp-json\/wp\/v2\/media?parent=71340"}],"wp:term":[{"taxonomy":"category","embeddable":true,"href":"https:\/\/www.copealcoy.es\/es\/wp-json\/wp\/v2\/categories?post=71340"},{"taxonomy":"post_tag","embeddable":true,"href":"https:\/\/www.copealcoy.es\/es\/wp-json\/wp\/v2\/tags?post=71340"}],"curies":[{"name":"wp","href":"https:\/\/api.w.org\/{rel}","templated":true}]}}