{"id":71314,"date":"2021-02-25T13:19:43","date_gmt":"2021-02-25T12:19:43","guid":{"rendered":"https:\/\/www.copealcoy.es\/?p=71314"},"modified":"2021-02-25T13:23:05","modified_gmt":"2021-02-25T12:23:05","slug":"ajornat-el-certamen-de-musica-festera-de-cocentaina-fins-a-2022","status":"publish","type":"post","link":"https:\/\/www.copealcoy.es\/es\/ajornat-el-certamen-de-musica-festera-de-cocentaina-fins-a-2022\/","title":{"rendered":"Ajornat el Certamen de M\u00fasica Festera de Cocentaina fins a 2022"},"content":{"rendered":"<p style=\"text-align: justify;\">L&#8217;organitzaci\u00f3 del <strong>II Certamen d&#8217;Interpretaci\u00f3 de M\u00fasica Festera de Cocentaina<\/strong> ha decidit <strong>ajornar aquest esdeveniment<\/strong> per a l&#8217;any que ve a causa de<strong> l&#8217;evoluci\u00f3 negativa<\/strong> que ha tingut la crisi sanit\u00e0ria del Coronavirus en aquest any 2021. La cita musical, que<strong>\u00a0se\u00a0celebra amb car\u00e0cter bianual<\/strong>, anava a desenvolupar-se<strong> l&#8217;1 de maig<\/strong> i en la mateixa havien de participar <strong>la Uni\u00f3 Musical d\u2019Alcoi, el Centre Art\u00edstic Cultural \u2018Verge de la Pau\u2019 d\u2019agost i la Uni\u00f3 Musical \u2018La Primitiva\u2019 de Castell de Castells<\/strong>. Totes elles <strong>foren triades el passat mes de desembre<\/strong> d\u2019entre el total de <strong>8 formacions musicals<\/strong> que es van presentar per a conc\u00f3rrer en el mencionat concurs.<\/p>\n<p style=\"text-align: justify;\">Aquest Certamen <strong>es va celebrar per primera vegada l&#8217;any 2019<\/strong> i des de la mateixa organitzaci\u00f3 <strong>es va fixar l&#8217;1 de maig<\/strong>, aprofitant que \u00e9s una jornada festiva, per a que <strong>aquesta fora sempre la data marcada en el calendari<\/strong> per tal de portar endavant la iniciativa cultural. Ara s&#8217;ha decidit que se celebre <strong>el 30 d&#8217;abril de 2022<\/strong> amb el format habitual si en aquell moment <strong>la pand\u00e8mia ho permet<\/strong> <em><span class=\"hiddenGrammarError\">&#8220;<\/span>l<span class=\"hiddenGrammarError\">&#8216;<\/span>\u00a0any que ve l&#8217;1 de maig cau en diumenge i hem pensat avan\u00e7ar-lo un dia per a donar m\u00e9s comoditats a l&#8217;organitzaci\u00f3, a l&#8217;hora de preparar el Certamen, aix\u00ed com a les bandes que prendran part en el mateix<\/em><span class=\"hiddenGrammarError\">&#8220;<\/span>, destaca\u00a0<strong><span class=\"hiddenSpellError\">Francisco<\/span>\u00a0Valor<\/strong>, el coordinador d&#8217;aquest concurs.<\/p>\n<p style=\"text-align: justify;\">Assenyalar que <strong>la Primitiva d&#8217;Albaida fou la banda que va guanyar el I Certamen d&#8217;Interpretaci\u00f3 de M\u00fasica Festera<\/strong> que es va celebrar al Centre Cultural El Teular fa ara quasi dos anys.<\/p>\n","protected":false},"excerpt":{"rendered":"<p>L&#8217;organitzaci\u00f3 del II Certamen d&#8217;Interpretaci\u00f3 de M\u00fasica Festera de Cocentaina ha decidit ajornar aquest esdeveniment per a l&#8217;any que ve&#8230;<\/p>\n","protected":false},"author":1,"featured_media":66472,"comment_status":"open","ping_status":"open","sticky":false,"template":"","format":"standard","meta":{"footnotes":""},"categories":[98,75],"tags":[10921,626,132,10922,700],"class_list":["post-71314","post","type-post","status-publish","format-standard","has-post-thumbnail","hentry","category-comarcas","category-noticias","tag-ajornament","tag-certamen","tag-cocentaina","tag-federacio-junta-de-festes","tag-musica-festera"],"yoast_head":"<!-- This site is optimized with the Yoast SEO plugin v27.3 - https:\/\/yoast.com\/product\/yoast-seo-wordpress\/ -->\n<title>Ajornat el Certamen de M\u00fasica Festera de Cocentaina fins a 2022 - COPE Alcoy<\/title>\n<meta name=\"robots\" content=\"index, follow, max-snippet:-1, max-image-preview:large, max-video-preview:-1\" \/>\n<link rel=\"canonical\" href=\"https:\/\/www.copealcoy.es\/es\/ajornat-el-certamen-de-musica-festera-de-cocentaina-fins-a-2022\/\" \/>\n<meta property=\"og:locale\" content=\"es_ES\" \/>\n<meta property=\"og:type\" content=\"article\" \/>\n<meta property=\"og:title\" content=\"Ajornat el Certamen de M\u00fasica Festera de Cocentaina fins a 2022 - COPE Alcoy\" \/>\n<meta property=\"og:description\" content=\"L&#8217;organitzaci\u00f3 del II Certamen d&#8217;Interpretaci\u00f3 de M\u00fasica Festera de Cocentaina ha decidit ajornar aquest esdeveniment per a l&#8217;any que ve...\" \/>\n<meta property=\"og:url\" content=\"https:\/\/www.copealcoy.es\/es\/ajornat-el-certamen-de-musica-festera-de-cocentaina-fins-a-2022\/\" \/>\n<meta property=\"og:site_name\" content=\"COPE Alcoy\" \/>\n<meta property=\"article:published_time\" content=\"2021-02-25T12:19:43+00:00\" \/>\n<meta property=\"article:modified_time\" content=\"2021-02-25T12:23:05+00:00\" \/>\n<meta property=\"og:image\" content=\"https:\/\/www.copealcoy.es\/wp-content\/uploads\/2020\/10\/10-El-Certamen-se-present\u00f3-ayer-en-el-Sal\u00f3n-de-Plenos-del-Ayuntamiento-Foto-Gabriel-Pascual-scaled.jpg\" \/>\n\t<meta property=\"og:image:width\" content=\"2560\" \/>\n\t<meta property=\"og:image:height\" content=\"1517\" \/>\n\t<meta property=\"og:image:type\" content=\"image\/jpeg\" \/>\n<meta name=\"author\" content=\"Cope Alcoy\" \/>\n<meta name=\"twitter:label1\" content=\"Escrito por\" \/>\n\t<meta name=\"twitter:data1\" content=\"Cope Alcoy\" \/>\n\t<meta name=\"twitter:label2\" content=\"Tiempo de lectura\" \/>\n\t<meta name=\"twitter:data2\" content=\"1 minuto\" \/>\n<script type=\"application\/ld+json\" class=\"yoast-schema-graph\">{\"@context\":\"https:\\\/\\\/schema.org\",\"@graph\":[{\"@type\":\"Article\",\"@id\":\"https:\\\/\\\/www.copealcoy.es\\\/es\\\/ajornat-el-certamen-de-musica-festera-de-cocentaina-fins-a-2022\\\/#article\",\"isPartOf\":{\"@id\":\"https:\\\/\\\/www.copealcoy.es\\\/es\\\/ajornat-el-certamen-de-musica-festera-de-cocentaina-fins-a-2022\\\/\"},\"author\":{\"name\":\"Cope Alcoy\",\"@id\":\"https:\\\/\\\/www.copealcoy.es\\\/es\\\/#\\\/schema\\\/person\\\/e777c87fa024e57d40170af9df39882c\"},\"headline\":\"Ajornat el Certamen de M\u00fasica Festera de Cocentaina fins a 2022\",\"datePublished\":\"2021-02-25T12:19:43+00:00\",\"dateModified\":\"2021-02-25T12:23:05+00:00\",\"mainEntityOfPage\":{\"@id\":\"https:\\\/\\\/www.copealcoy.es\\\/es\\\/ajornat-el-certamen-de-musica-festera-de-cocentaina-fins-a-2022\\\/\"},\"wordCount\":289,\"commentCount\":0,\"image\":{\"@id\":\"https:\\\/\\\/www.copealcoy.es\\\/es\\\/ajornat-el-certamen-de-musica-festera-de-cocentaina-fins-a-2022\\\/#primaryimage\"},\"thumbnailUrl\":\"https:\\\/\\\/www.copealcoy.es\\\/wp-content\\\/uploads\\\/2020\\\/10\\\/10-El-Certamen-se-present\u00f3-ayer-en-el-Sal\u00f3n-de-Plenos-del-Ayuntamiento-Foto-Gabriel-Pascual-scaled.jpg\",\"keywords\":[\"ajornament\",\"Certamen\",\"Cocentaina\",\"Federaci\u00f3 Junta de Festes\",\"M\u00fasica Festera\"],\"articleSection\":[\"Comarcas\",\"Noticias\"],\"inLanguage\":\"es\"},{\"@type\":\"WebPage\",\"@id\":\"https:\\\/\\\/www.copealcoy.es\\\/es\\\/ajornat-el-certamen-de-musica-festera-de-cocentaina-fins-a-2022\\\/\",\"url\":\"https:\\\/\\\/www.copealcoy.es\\\/es\\\/ajornat-el-certamen-de-musica-festera-de-cocentaina-fins-a-2022\\\/\",\"name\":\"Ajornat el Certamen de M\u00fasica Festera de Cocentaina fins a 2022 - COPE Alcoy\",\"isPartOf\":{\"@id\":\"https:\\\/\\\/www.copealcoy.es\\\/es\\\/#website\"},\"primaryImageOfPage\":{\"@id\":\"https:\\\/\\\/www.copealcoy.es\\\/es\\\/ajornat-el-certamen-de-musica-festera-de-cocentaina-fins-a-2022\\\/#primaryimage\"},\"image\":{\"@id\":\"https:\\\/\\\/www.copealcoy.es\\\/es\\\/ajornat-el-certamen-de-musica-festera-de-cocentaina-fins-a-2022\\\/#primaryimage\"},\"thumbnailUrl\":\"https:\\\/\\\/www.copealcoy.es\\\/wp-content\\\/uploads\\\/2020\\\/10\\\/10-El-Certamen-se-present\u00f3-ayer-en-el-Sal\u00f3n-de-Plenos-del-Ayuntamiento-Foto-Gabriel-Pascual-scaled.jpg\",\"datePublished\":\"2021-02-25T12:19:43+00:00\",\"dateModified\":\"2021-02-25T12:23:05+00:00\",\"author\":{\"@id\":\"https:\\\/\\\/www.copealcoy.es\\\/es\\\/#\\\/schema\\\/person\\\/e777c87fa024e57d40170af9df39882c\"},\"breadcrumb\":{\"@id\":\"https:\\\/\\\/www.copealcoy.es\\\/es\\\/ajornat-el-certamen-de-musica-festera-de-cocentaina-fins-a-2022\\\/#breadcrumb\"},\"inLanguage\":\"es\",\"potentialAction\":[{\"@type\":\"ReadAction\",\"target\":[\"https:\\\/\\\/www.copealcoy.es\\\/es\\\/ajornat-el-certamen-de-musica-festera-de-cocentaina-fins-a-2022\\\/\"]}]},{\"@type\":\"ImageObject\",\"inLanguage\":\"es\",\"@id\":\"https:\\\/\\\/www.copealcoy.es\\\/es\\\/ajornat-el-certamen-de-musica-festera-de-cocentaina-fins-a-2022\\\/#primaryimage\",\"url\":\"https:\\\/\\\/www.copealcoy.es\\\/wp-content\\\/uploads\\\/2020\\\/10\\\/10-El-Certamen-se-present\u00f3-ayer-en-el-Sal\u00f3n-de-Plenos-del-Ayuntamiento-Foto-Gabriel-Pascual-scaled.jpg\",\"contentUrl\":\"https:\\\/\\\/www.copealcoy.es\\\/wp-content\\\/uploads\\\/2020\\\/10\\\/10-El-Certamen-se-present\u00f3-ayer-en-el-Sal\u00f3n-de-Plenos-del-Ayuntamiento-Foto-Gabriel-Pascual-scaled.jpg\",\"width\":2560,\"height\":1517,\"caption\":\"El Certamen s'ha presentat aquest mat\u00ed\"},{\"@type\":\"BreadcrumbList\",\"@id\":\"https:\\\/\\\/www.copealcoy.es\\\/es\\\/ajornat-el-certamen-de-musica-festera-de-cocentaina-fins-a-2022\\\/#breadcrumb\",\"itemListElement\":[{\"@type\":\"ListItem\",\"position\":1,\"name\":\"Portada\",\"item\":\"https:\\\/\\\/www.copealcoy.es\\\/es\\\/\"},{\"@type\":\"ListItem\",\"position\":2,\"name\":\"Ajornat el Certamen de M\u00fasica Festera de Cocentaina fins a 2022\"}]},{\"@type\":\"WebSite\",\"@id\":\"https:\\\/\\\/www.copealcoy.es\\\/es\\\/#website\",\"url\":\"https:\\\/\\\/www.copealcoy.es\\\/es\\\/\",\"name\":\"COPE Alcoy\",\"description\":\"Emisora COPE de radio local con emisi\u00f3n online. Pont de Sant Jordi 8-10 03803 Alcoy\",\"potentialAction\":[{\"@type\":\"SearchAction\",\"target\":{\"@type\":\"EntryPoint\",\"urlTemplate\":\"https:\\\/\\\/www.copealcoy.es\\\/es\\\/?s={search_term_string}\"},\"query-input\":{\"@type\":\"PropertyValueSpecification\",\"valueRequired\":true,\"valueName\":\"search_term_string\"}}],\"inLanguage\":\"es\"},{\"@type\":\"Person\",\"@id\":\"https:\\\/\\\/www.copealcoy.es\\\/es\\\/#\\\/schema\\\/person\\\/e777c87fa024e57d40170af9df39882c\",\"name\":\"Cope Alcoy\",\"image\":{\"@type\":\"ImageObject\",\"inLanguage\":\"es\",\"@id\":\"https:\\\/\\\/secure.gravatar.com\\\/avatar\\\/bb65d0283347e303893ba14f0692005417c1e0e690a325a4c5d8bb2b3943ee14?s=96&d=mm&r=g\",\"url\":\"https:\\\/\\\/secure.gravatar.com\\\/avatar\\\/bb65d0283347e303893ba14f0692005417c1e0e690a325a4c5d8bb2b3943ee14?s=96&d=mm&r=g\",\"contentUrl\":\"https:\\\/\\\/secure.gravatar.com\\\/avatar\\\/bb65d0283347e303893ba14f0692005417c1e0e690a325a4c5d8bb2b3943ee14?s=96&d=mm&r=g\",\"caption\":\"Cope Alcoy\"}}]}<\/script>\n<!-- \/ Yoast SEO plugin. -->","yoast_head_json":{"title":"Ajornat el Certamen de M\u00fasica Festera de Cocentaina fins a 2022 - COPE Alcoy","robots":{"index":"index","follow":"follow","max-snippet":"max-snippet:-1","max-image-preview":"max-image-preview:large","max-video-preview":"max-video-preview:-1"},"canonical":"https:\/\/www.copealcoy.es\/es\/ajornat-el-certamen-de-musica-festera-de-cocentaina-fins-a-2022\/","og_locale":"es_ES","og_type":"article","og_title":"Ajornat el Certamen de M\u00fasica Festera de Cocentaina fins a 2022 - COPE Alcoy","og_description":"L&#8217;organitzaci\u00f3 del II Certamen d&#8217;Interpretaci\u00f3 de M\u00fasica Festera de Cocentaina ha decidit ajornar aquest esdeveniment per a l&#8217;any que ve...","og_url":"https:\/\/www.copealcoy.es\/es\/ajornat-el-certamen-de-musica-festera-de-cocentaina-fins-a-2022\/","og_site_name":"COPE Alcoy","article_published_time":"2021-02-25T12:19:43+00:00","article_modified_time":"2021-02-25T12:23:05+00:00","og_image":[{"width":2560,"height":1517,"url":"https:\/\/www.copealcoy.es\/wp-content\/uploads\/2020\/10\/10-El-Certamen-se-present\u00f3-ayer-en-el-Sal\u00f3n-de-Plenos-del-Ayuntamiento-Foto-Gabriel-Pascual-scaled.jpg","type":"image\/jpeg"}],"author":"Cope Alcoy","twitter_misc":{"Escrito por":"Cope Alcoy","Tiempo de lectura":"1 minuto"},"schema":{"@context":"https:\/\/schema.org","@graph":[{"@type":"Article","@id":"https:\/\/www.copealcoy.es\/es\/ajornat-el-certamen-de-musica-festera-de-cocentaina-fins-a-2022\/#article","isPartOf":{"@id":"https:\/\/www.copealcoy.es\/es\/ajornat-el-certamen-de-musica-festera-de-cocentaina-fins-a-2022\/"},"author":{"name":"Cope Alcoy","@id":"https:\/\/www.copealcoy.es\/es\/#\/schema\/person\/e777c87fa024e57d40170af9df39882c"},"headline":"Ajornat el Certamen de M\u00fasica Festera de Cocentaina fins a 2022","datePublished":"2021-02-25T12:19:43+00:00","dateModified":"2021-02-25T12:23:05+00:00","mainEntityOfPage":{"@id":"https:\/\/www.copealcoy.es\/es\/ajornat-el-certamen-de-musica-festera-de-cocentaina-fins-a-2022\/"},"wordCount":289,"commentCount":0,"image":{"@id":"https:\/\/www.copealcoy.es\/es\/ajornat-el-certamen-de-musica-festera-de-cocentaina-fins-a-2022\/#primaryimage"},"thumbnailUrl":"https:\/\/www.copealcoy.es\/wp-content\/uploads\/2020\/10\/10-El-Certamen-se-present\u00f3-ayer-en-el-Sal\u00f3n-de-Plenos-del-Ayuntamiento-Foto-Gabriel-Pascual-scaled.jpg","keywords":["ajornament","Certamen","Cocentaina","Federaci\u00f3 Junta de Festes","M\u00fasica Festera"],"articleSection":["Comarcas","Noticias"],"inLanguage":"es"},{"@type":"WebPage","@id":"https:\/\/www.copealcoy.es\/es\/ajornat-el-certamen-de-musica-festera-de-cocentaina-fins-a-2022\/","url":"https:\/\/www.copealcoy.es\/es\/ajornat-el-certamen-de-musica-festera-de-cocentaina-fins-a-2022\/","name":"Ajornat el Certamen de M\u00fasica Festera de Cocentaina fins a 2022 - COPE Alcoy","isPartOf":{"@id":"https:\/\/www.copealcoy.es\/es\/#website"},"primaryImageOfPage":{"@id":"https:\/\/www.copealcoy.es\/es\/ajornat-el-certamen-de-musica-festera-de-cocentaina-fins-a-2022\/#primaryimage"},"image":{"@id":"https:\/\/www.copealcoy.es\/es\/ajornat-el-certamen-de-musica-festera-de-cocentaina-fins-a-2022\/#primaryimage"},"thumbnailUrl":"https:\/\/www.copealcoy.es\/wp-content\/uploads\/2020\/10\/10-El-Certamen-se-present\u00f3-ayer-en-el-Sal\u00f3n-de-Plenos-del-Ayuntamiento-Foto-Gabriel-Pascual-scaled.jpg","datePublished":"2021-02-25T12:19:43+00:00","dateModified":"2021-02-25T12:23:05+00:00","author":{"@id":"https:\/\/www.copealcoy.es\/es\/#\/schema\/person\/e777c87fa024e57d40170af9df39882c"},"breadcrumb":{"@id":"https:\/\/www.copealcoy.es\/es\/ajornat-el-certamen-de-musica-festera-de-cocentaina-fins-a-2022\/#breadcrumb"},"inLanguage":"es","potentialAction":[{"@type":"ReadAction","target":["https:\/\/www.copealcoy.es\/es\/ajornat-el-certamen-de-musica-festera-de-cocentaina-fins-a-2022\/"]}]},{"@type":"ImageObject","inLanguage":"es","@id":"https:\/\/www.copealcoy.es\/es\/ajornat-el-certamen-de-musica-festera-de-cocentaina-fins-a-2022\/#primaryimage","url":"https:\/\/www.copealcoy.es\/wp-content\/uploads\/2020\/10\/10-El-Certamen-se-present\u00f3-ayer-en-el-Sal\u00f3n-de-Plenos-del-Ayuntamiento-Foto-Gabriel-Pascual-scaled.jpg","contentUrl":"https:\/\/www.copealcoy.es\/wp-content\/uploads\/2020\/10\/10-El-Certamen-se-present\u00f3-ayer-en-el-Sal\u00f3n-de-Plenos-del-Ayuntamiento-Foto-Gabriel-Pascual-scaled.jpg","width":2560,"height":1517,"caption":"El Certamen s'ha presentat aquest mat\u00ed"},{"@type":"BreadcrumbList","@id":"https:\/\/www.copealcoy.es\/es\/ajornat-el-certamen-de-musica-festera-de-cocentaina-fins-a-2022\/#breadcrumb","itemListElement":[{"@type":"ListItem","position":1,"name":"Portada","item":"https:\/\/www.copealcoy.es\/es\/"},{"@type":"ListItem","position":2,"name":"Ajornat el Certamen de M\u00fasica Festera de Cocentaina fins a 2022"}]},{"@type":"WebSite","@id":"https:\/\/www.copealcoy.es\/es\/#website","url":"https:\/\/www.copealcoy.es\/es\/","name":"COPE Alcoy","description":"Emisora COPE de radio local con emisi\u00f3n online. Pont de Sant Jordi 8-10 03803 Alcoy","potentialAction":[{"@type":"SearchAction","target":{"@type":"EntryPoint","urlTemplate":"https:\/\/www.copealcoy.es\/es\/?s={search_term_string}"},"query-input":{"@type":"PropertyValueSpecification","valueRequired":true,"valueName":"search_term_string"}}],"inLanguage":"es"},{"@type":"Person","@id":"https:\/\/www.copealcoy.es\/es\/#\/schema\/person\/e777c87fa024e57d40170af9df39882c","name":"Cope Alcoy","image":{"@type":"ImageObject","inLanguage":"es","@id":"https:\/\/secure.gravatar.com\/avatar\/bb65d0283347e303893ba14f0692005417c1e0e690a325a4c5d8bb2b3943ee14?s=96&d=mm&r=g","url":"https:\/\/secure.gravatar.com\/avatar\/bb65d0283347e303893ba14f0692005417c1e0e690a325a4c5d8bb2b3943ee14?s=96&d=mm&r=g","contentUrl":"https:\/\/secure.gravatar.com\/avatar\/bb65d0283347e303893ba14f0692005417c1e0e690a325a4c5d8bb2b3943ee14?s=96&d=mm&r=g","caption":"Cope Alcoy"}}]}},"_links":{"self":[{"href":"https:\/\/www.copealcoy.es\/es\/wp-json\/wp\/v2\/posts\/71314","targetHints":{"allow":["GET"]}}],"collection":[{"href":"https:\/\/www.copealcoy.es\/es\/wp-json\/wp\/v2\/posts"}],"about":[{"href":"https:\/\/www.copealcoy.es\/es\/wp-json\/wp\/v2\/types\/post"}],"author":[{"embeddable":true,"href":"https:\/\/www.copealcoy.es\/es\/wp-json\/wp\/v2\/users\/1"}],"replies":[{"embeddable":true,"href":"https:\/\/www.copealcoy.es\/es\/wp-json\/wp\/v2\/comments?post=71314"}],"version-history":[{"count":0,"href":"https:\/\/www.copealcoy.es\/es\/wp-json\/wp\/v2\/posts\/71314\/revisions"}],"wp:featuredmedia":[{"embeddable":true,"href":"https:\/\/www.copealcoy.es\/es\/wp-json\/wp\/v2\/media\/66472"}],"wp:attachment":[{"href":"https:\/\/www.copealcoy.es\/es\/wp-json\/wp\/v2\/media?parent=71314"}],"wp:term":[{"taxonomy":"category","embeddable":true,"href":"https:\/\/www.copealcoy.es\/es\/wp-json\/wp\/v2\/categories?post=71314"},{"taxonomy":"post_tag","embeddable":true,"href":"https:\/\/www.copealcoy.es\/es\/wp-json\/wp\/v2\/tags?post=71314"}],"curies":[{"name":"wp","href":"https:\/\/api.w.org\/{rel}","templated":true}]}}