{"id":71310,"date":"2021-02-25T12:09:58","date_gmt":"2021-02-25T11:09:58","guid":{"rendered":"https:\/\/www.copealcoy.es\/?p=71310"},"modified":"2021-02-25T13:09:48","modified_gmt":"2021-02-25T12:09:48","slug":"presentades-17-propostes-al-pressupost-participatiu-2021-de-cocentaina","status":"publish","type":"post","link":"https:\/\/www.copealcoy.es\/es\/presentades-17-propostes-al-pressupost-participatiu-2021-de-cocentaina\/","title":{"rendered":"Presentades 17 propostes al Pressupost Participatiu 2021 de Cocentaina"},"content":{"rendered":"<p style=\"text-align: justify;\">Un total de <strong>17 propostes<\/strong> han sigut presentades als <strong>Pressupostos Participatius de Cocentaina<\/strong> de l&#8217;any 2021, una iniciativa que <strong>va finalitzar el passat 1 de febrer<\/strong>. Ara el seg\u00fcent pas ser\u00e0 <strong>votar les que han sigut considerables com a viables<\/strong> i aquesta campanya <strong>tindr\u00e0 lloc entre el 12 i el 18 del pr\u00f2xim mes d&#8217;abril<\/strong>.<\/p>\n<ul>\n<li>Instal\u00b7lar equipament esportiu als parcs i \u00e0rees recreatives<\/li>\n<li>Col\u00b7locar papereres de reciclatge als parcs<\/li>\n<li>Adequar els carrers adjacents al Teular<\/li>\n<li>Crear <span class=\"hiddenSpellError\">ciclovies<\/span>\u00a0a Cocentaina<\/li>\n<li>Recuperar els arbres a les places de Cocentaina<\/li>\n<li>Restaurar la bassa del Moro<\/li>\n<li>Organitzar un concurs de poesia i relat curt per a persones majors<\/li>\n<li>Retolar els carrers amb el nom popular<\/li>\n<li>Executar el Projecte de sender ecol\u00f2gic \u00abJoan Pellicer\u00bb al riu Serpis<\/li>\n<li>Millorar la senyalitzaci\u00f3 de la Ruta Roja del Parc Natural de la Serra de Mariola<\/li>\n<li>Adequar l\u2019acc\u00e9s a Santa B\u00e0rbara des de l&#8217;aparcament per a persones amb diversitat funcional<\/li>\n<li>Col\u00b7locar panells interpretatius als rius Serpis i Pen\u00e0guila i millorar-ne l&#8217;accessibilitat<\/li>\n<li>Eliminar les barreres arquitect\u00f2niques en l\u2019acc\u00e9s a l\u2019esgl\u00e9sia del monestir de la Mare de D\u00e9u del Miracle<\/li>\n<li>Reconstruir el rellotge de sol del Palau<\/li>\n<li>Col\u00b7locar un monument escult\u00f2ric com a homenatge a les v\u00edctimes del franquisme<\/li>\n<li>Realitzar un record a <span class=\"hiddenSpellError\">Blas<\/span>\u00a0Benilloba Ruiz, el\u00a0<span class=\"hiddenSpellError\">Cistellero<\/span><\/li>\n<li>Incloure en la p\u00e0gina web de l&#8217;Ajuntament un portal de mem\u00f2ria hist\u00f2rica<\/li>\n<\/ul>\n<p style=\"text-align: justify;\">Des de la regidoria de Participaci\u00f3 Ciutadana, <strong>al capdavant de la qual est\u00e0 Maite Valls<\/strong>, han fet <strong>un balan\u00e7 positiu<\/strong> del resultat que ha tingut <strong>la campanya de presentaci\u00f3 de propostes<\/strong> a pesar de la situaci\u00f3 generada per la pand\u00e8mia.<\/p>\n","protected":false},"excerpt":{"rendered":"<p>Un total de 17 propostes han sigut presentades als Pressupostos Participatius de Cocentaina de l&#8217;any 2021, una iniciativa que va&#8230;<\/p>\n","protected":false},"author":1,"featured_media":12992,"comment_status":"open","ping_status":"open","sticky":false,"template":"","format":"standard","meta":{"footnotes":""},"categories":[98,75],"tags":[10919,10920,9669],"class_list":["post-71310","post","type-post","status-publish","format-standard","has-post-thumbnail","hentry","category-comarcas","category-noticias","tag-17-propostes","tag-maite-valls","tag-pressupostos-participatius"],"yoast_head":"<!-- This site is optimized with the Yoast SEO plugin v27.3 - https:\/\/yoast.com\/product\/yoast-seo-wordpress\/ -->\n<title>Presentades 17 propostes al Pressupost Participatiu 2021 de Cocentaina - COPE Alcoy<\/title>\n<meta name=\"robots\" content=\"index, follow, max-snippet:-1, max-image-preview:large, max-video-preview:-1\" \/>\n<link rel=\"canonical\" href=\"https:\/\/www.copealcoy.es\/es\/presentades-17-propostes-al-pressupost-participatiu-2021-de-cocentaina\/\" \/>\n<meta property=\"og:locale\" content=\"es_ES\" \/>\n<meta property=\"og:type\" content=\"article\" \/>\n<meta property=\"og:title\" content=\"Presentades 17 propostes al Pressupost Participatiu 2021 de Cocentaina - COPE Alcoy\" \/>\n<meta property=\"og:description\" content=\"Un total de 17 propostes han sigut presentades als Pressupostos Participatius de Cocentaina de l&#8217;any 2021, una iniciativa que va...\" \/>\n<meta property=\"og:url\" content=\"https:\/\/www.copealcoy.es\/es\/presentades-17-propostes-al-pressupost-participatiu-2021-de-cocentaina\/\" \/>\n<meta property=\"og:site_name\" content=\"COPE Alcoy\" \/>\n<meta property=\"article:published_time\" content=\"2021-02-25T11:09:58+00:00\" \/>\n<meta property=\"article:modified_time\" content=\"2021-02-25T12:09:48+00:00\" \/>\n<meta property=\"og:image\" content=\"https:\/\/www.copealcoy.es\/wp-content\/uploads\/2015\/05\/213-1024x768.jpg\" \/>\n\t<meta property=\"og:image:width\" content=\"1024\" \/>\n\t<meta property=\"og:image:height\" content=\"768\" \/>\n\t<meta property=\"og:image:type\" content=\"image\/jpeg\" \/>\n<meta name=\"author\" content=\"Cope Alcoy\" \/>\n<meta name=\"twitter:label1\" content=\"Escrito por\" \/>\n\t<meta name=\"twitter:data1\" content=\"Cope Alcoy\" \/>\n\t<meta name=\"twitter:label2\" content=\"Tiempo de lectura\" \/>\n\t<meta name=\"twitter:data2\" content=\"1 minuto\" \/>\n<script type=\"application\/ld+json\" class=\"yoast-schema-graph\">{\"@context\":\"https:\\\/\\\/schema.org\",\"@graph\":[{\"@type\":\"Article\",\"@id\":\"https:\\\/\\\/www.copealcoy.es\\\/es\\\/presentades-17-propostes-al-pressupost-participatiu-2021-de-cocentaina\\\/#article\",\"isPartOf\":{\"@id\":\"https:\\\/\\\/www.copealcoy.es\\\/es\\\/presentades-17-propostes-al-pressupost-participatiu-2021-de-cocentaina\\\/\"},\"author\":{\"name\":\"Cope Alcoy\",\"@id\":\"https:\\\/\\\/www.copealcoy.es\\\/es\\\/#\\\/schema\\\/person\\\/e777c87fa024e57d40170af9df39882c\"},\"headline\":\"Presentades 17 propostes al Pressupost Participatiu 2021 de Cocentaina\",\"datePublished\":\"2021-02-25T11:09:58+00:00\",\"dateModified\":\"2021-02-25T12:09:48+00:00\",\"mainEntityOfPage\":{\"@id\":\"https:\\\/\\\/www.copealcoy.es\\\/es\\\/presentades-17-propostes-al-pressupost-participatiu-2021-de-cocentaina\\\/\"},\"wordCount\":289,\"commentCount\":0,\"image\":{\"@id\":\"https:\\\/\\\/www.copealcoy.es\\\/es\\\/presentades-17-propostes-al-pressupost-participatiu-2021-de-cocentaina\\\/#primaryimage\"},\"thumbnailUrl\":\"https:\\\/\\\/www.copealcoy.es\\\/wp-content\\\/uploads\\\/2015\\\/05\\\/213-e1641226818827.jpg\",\"keywords\":[\"17 propostes\",\"Maite Valls\",\"Pressupostos Participatius\"],\"articleSection\":[\"Comarcas\",\"Noticias\"],\"inLanguage\":\"es\"},{\"@type\":\"WebPage\",\"@id\":\"https:\\\/\\\/www.copealcoy.es\\\/es\\\/presentades-17-propostes-al-pressupost-participatiu-2021-de-cocentaina\\\/\",\"url\":\"https:\\\/\\\/www.copealcoy.es\\\/es\\\/presentades-17-propostes-al-pressupost-participatiu-2021-de-cocentaina\\\/\",\"name\":\"Presentades 17 propostes al Pressupost Participatiu 2021 de Cocentaina - COPE Alcoy\",\"isPartOf\":{\"@id\":\"https:\\\/\\\/www.copealcoy.es\\\/es\\\/#website\"},\"primaryImageOfPage\":{\"@id\":\"https:\\\/\\\/www.copealcoy.es\\\/es\\\/presentades-17-propostes-al-pressupost-participatiu-2021-de-cocentaina\\\/#primaryimage\"},\"image\":{\"@id\":\"https:\\\/\\\/www.copealcoy.es\\\/es\\\/presentades-17-propostes-al-pressupost-participatiu-2021-de-cocentaina\\\/#primaryimage\"},\"thumbnailUrl\":\"https:\\\/\\\/www.copealcoy.es\\\/wp-content\\\/uploads\\\/2015\\\/05\\\/213-e1641226818827.jpg\",\"datePublished\":\"2021-02-25T11:09:58+00:00\",\"dateModified\":\"2021-02-25T12:09:48+00:00\",\"author\":{\"@id\":\"https:\\\/\\\/www.copealcoy.es\\\/es\\\/#\\\/schema\\\/person\\\/e777c87fa024e57d40170af9df39882c\"},\"breadcrumb\":{\"@id\":\"https:\\\/\\\/www.copealcoy.es\\\/es\\\/presentades-17-propostes-al-pressupost-participatiu-2021-de-cocentaina\\\/#breadcrumb\"},\"inLanguage\":\"es\",\"potentialAction\":[{\"@type\":\"ReadAction\",\"target\":[\"https:\\\/\\\/www.copealcoy.es\\\/es\\\/presentades-17-propostes-al-pressupost-participatiu-2021-de-cocentaina\\\/\"]}]},{\"@type\":\"ImageObject\",\"inLanguage\":\"es\",\"@id\":\"https:\\\/\\\/www.copealcoy.es\\\/es\\\/presentades-17-propostes-al-pressupost-participatiu-2021-de-cocentaina\\\/#primaryimage\",\"url\":\"https:\\\/\\\/www.copealcoy.es\\\/wp-content\\\/uploads\\\/2015\\\/05\\\/213-e1641226818827.jpg\",\"contentUrl\":\"https:\\\/\\\/www.copealcoy.es\\\/wp-content\\\/uploads\\\/2015\\\/05\\\/213-e1641226818827.jpg\",\"width\":640,\"height\":480},{\"@type\":\"BreadcrumbList\",\"@id\":\"https:\\\/\\\/www.copealcoy.es\\\/es\\\/presentades-17-propostes-al-pressupost-participatiu-2021-de-cocentaina\\\/#breadcrumb\",\"itemListElement\":[{\"@type\":\"ListItem\",\"position\":1,\"name\":\"Portada\",\"item\":\"https:\\\/\\\/www.copealcoy.es\\\/es\\\/\"},{\"@type\":\"ListItem\",\"position\":2,\"name\":\"Presentades 17 propostes al Pressupost Participatiu 2021 de Cocentaina\"}]},{\"@type\":\"WebSite\",\"@id\":\"https:\\\/\\\/www.copealcoy.es\\\/es\\\/#website\",\"url\":\"https:\\\/\\\/www.copealcoy.es\\\/es\\\/\",\"name\":\"COPE Alcoy\",\"description\":\"Emisora COPE de radio local con emisi\u00f3n online. Pont de Sant Jordi 8-10 03803 Alcoy\",\"potentialAction\":[{\"@type\":\"SearchAction\",\"target\":{\"@type\":\"EntryPoint\",\"urlTemplate\":\"https:\\\/\\\/www.copealcoy.es\\\/es\\\/?s={search_term_string}\"},\"query-input\":{\"@type\":\"PropertyValueSpecification\",\"valueRequired\":true,\"valueName\":\"search_term_string\"}}],\"inLanguage\":\"es\"},{\"@type\":\"Person\",\"@id\":\"https:\\\/\\\/www.copealcoy.es\\\/es\\\/#\\\/schema\\\/person\\\/e777c87fa024e57d40170af9df39882c\",\"name\":\"Cope Alcoy\",\"image\":{\"@type\":\"ImageObject\",\"inLanguage\":\"es\",\"@id\":\"https:\\\/\\\/secure.gravatar.com\\\/avatar\\\/bb65d0283347e303893ba14f0692005417c1e0e690a325a4c5d8bb2b3943ee14?s=96&d=mm&r=g\",\"url\":\"https:\\\/\\\/secure.gravatar.com\\\/avatar\\\/bb65d0283347e303893ba14f0692005417c1e0e690a325a4c5d8bb2b3943ee14?s=96&d=mm&r=g\",\"contentUrl\":\"https:\\\/\\\/secure.gravatar.com\\\/avatar\\\/bb65d0283347e303893ba14f0692005417c1e0e690a325a4c5d8bb2b3943ee14?s=96&d=mm&r=g\",\"caption\":\"Cope Alcoy\"}}]}<\/script>\n<!-- \/ Yoast SEO plugin. -->","yoast_head_json":{"title":"Presentades 17 propostes al Pressupost Participatiu 2021 de Cocentaina - COPE Alcoy","robots":{"index":"index","follow":"follow","max-snippet":"max-snippet:-1","max-image-preview":"max-image-preview:large","max-video-preview":"max-video-preview:-1"},"canonical":"https:\/\/www.copealcoy.es\/es\/presentades-17-propostes-al-pressupost-participatiu-2021-de-cocentaina\/","og_locale":"es_ES","og_type":"article","og_title":"Presentades 17 propostes al Pressupost Participatiu 2021 de Cocentaina - COPE Alcoy","og_description":"Un total de 17 propostes han sigut presentades als Pressupostos Participatius de Cocentaina de l&#8217;any 2021, una iniciativa que va...","og_url":"https:\/\/www.copealcoy.es\/es\/presentades-17-propostes-al-pressupost-participatiu-2021-de-cocentaina\/","og_site_name":"COPE Alcoy","article_published_time":"2021-02-25T11:09:58+00:00","article_modified_time":"2021-02-25T12:09:48+00:00","og_image":[{"width":1024,"height":768,"url":"https:\/\/www.copealcoy.es\/wp-content\/uploads\/2015\/05\/213-1024x768.jpg","type":"image\/jpeg"}],"author":"Cope Alcoy","twitter_misc":{"Escrito por":"Cope Alcoy","Tiempo de lectura":"1 minuto"},"schema":{"@context":"https:\/\/schema.org","@graph":[{"@type":"Article","@id":"https:\/\/www.copealcoy.es\/es\/presentades-17-propostes-al-pressupost-participatiu-2021-de-cocentaina\/#article","isPartOf":{"@id":"https:\/\/www.copealcoy.es\/es\/presentades-17-propostes-al-pressupost-participatiu-2021-de-cocentaina\/"},"author":{"name":"Cope Alcoy","@id":"https:\/\/www.copealcoy.es\/es\/#\/schema\/person\/e777c87fa024e57d40170af9df39882c"},"headline":"Presentades 17 propostes al Pressupost Participatiu 2021 de Cocentaina","datePublished":"2021-02-25T11:09:58+00:00","dateModified":"2021-02-25T12:09:48+00:00","mainEntityOfPage":{"@id":"https:\/\/www.copealcoy.es\/es\/presentades-17-propostes-al-pressupost-participatiu-2021-de-cocentaina\/"},"wordCount":289,"commentCount":0,"image":{"@id":"https:\/\/www.copealcoy.es\/es\/presentades-17-propostes-al-pressupost-participatiu-2021-de-cocentaina\/#primaryimage"},"thumbnailUrl":"https:\/\/www.copealcoy.es\/wp-content\/uploads\/2015\/05\/213-e1641226818827.jpg","keywords":["17 propostes","Maite Valls","Pressupostos Participatius"],"articleSection":["Comarcas","Noticias"],"inLanguage":"es"},{"@type":"WebPage","@id":"https:\/\/www.copealcoy.es\/es\/presentades-17-propostes-al-pressupost-participatiu-2021-de-cocentaina\/","url":"https:\/\/www.copealcoy.es\/es\/presentades-17-propostes-al-pressupost-participatiu-2021-de-cocentaina\/","name":"Presentades 17 propostes al Pressupost Participatiu 2021 de Cocentaina - COPE Alcoy","isPartOf":{"@id":"https:\/\/www.copealcoy.es\/es\/#website"},"primaryImageOfPage":{"@id":"https:\/\/www.copealcoy.es\/es\/presentades-17-propostes-al-pressupost-participatiu-2021-de-cocentaina\/#primaryimage"},"image":{"@id":"https:\/\/www.copealcoy.es\/es\/presentades-17-propostes-al-pressupost-participatiu-2021-de-cocentaina\/#primaryimage"},"thumbnailUrl":"https:\/\/www.copealcoy.es\/wp-content\/uploads\/2015\/05\/213-e1641226818827.jpg","datePublished":"2021-02-25T11:09:58+00:00","dateModified":"2021-02-25T12:09:48+00:00","author":{"@id":"https:\/\/www.copealcoy.es\/es\/#\/schema\/person\/e777c87fa024e57d40170af9df39882c"},"breadcrumb":{"@id":"https:\/\/www.copealcoy.es\/es\/presentades-17-propostes-al-pressupost-participatiu-2021-de-cocentaina\/#breadcrumb"},"inLanguage":"es","potentialAction":[{"@type":"ReadAction","target":["https:\/\/www.copealcoy.es\/es\/presentades-17-propostes-al-pressupost-participatiu-2021-de-cocentaina\/"]}]},{"@type":"ImageObject","inLanguage":"es","@id":"https:\/\/www.copealcoy.es\/es\/presentades-17-propostes-al-pressupost-participatiu-2021-de-cocentaina\/#primaryimage","url":"https:\/\/www.copealcoy.es\/wp-content\/uploads\/2015\/05\/213-e1641226818827.jpg","contentUrl":"https:\/\/www.copealcoy.es\/wp-content\/uploads\/2015\/05\/213-e1641226818827.jpg","width":640,"height":480},{"@type":"BreadcrumbList","@id":"https:\/\/www.copealcoy.es\/es\/presentades-17-propostes-al-pressupost-participatiu-2021-de-cocentaina\/#breadcrumb","itemListElement":[{"@type":"ListItem","position":1,"name":"Portada","item":"https:\/\/www.copealcoy.es\/es\/"},{"@type":"ListItem","position":2,"name":"Presentades 17 propostes al Pressupost Participatiu 2021 de Cocentaina"}]},{"@type":"WebSite","@id":"https:\/\/www.copealcoy.es\/es\/#website","url":"https:\/\/www.copealcoy.es\/es\/","name":"COPE Alcoy","description":"Emisora COPE de radio local con emisi\u00f3n online. Pont de Sant Jordi 8-10 03803 Alcoy","potentialAction":[{"@type":"SearchAction","target":{"@type":"EntryPoint","urlTemplate":"https:\/\/www.copealcoy.es\/es\/?s={search_term_string}"},"query-input":{"@type":"PropertyValueSpecification","valueRequired":true,"valueName":"search_term_string"}}],"inLanguage":"es"},{"@type":"Person","@id":"https:\/\/www.copealcoy.es\/es\/#\/schema\/person\/e777c87fa024e57d40170af9df39882c","name":"Cope Alcoy","image":{"@type":"ImageObject","inLanguage":"es","@id":"https:\/\/secure.gravatar.com\/avatar\/bb65d0283347e303893ba14f0692005417c1e0e690a325a4c5d8bb2b3943ee14?s=96&d=mm&r=g","url":"https:\/\/secure.gravatar.com\/avatar\/bb65d0283347e303893ba14f0692005417c1e0e690a325a4c5d8bb2b3943ee14?s=96&d=mm&r=g","contentUrl":"https:\/\/secure.gravatar.com\/avatar\/bb65d0283347e303893ba14f0692005417c1e0e690a325a4c5d8bb2b3943ee14?s=96&d=mm&r=g","caption":"Cope Alcoy"}}]}},"_links":{"self":[{"href":"https:\/\/www.copealcoy.es\/es\/wp-json\/wp\/v2\/posts\/71310","targetHints":{"allow":["GET"]}}],"collection":[{"href":"https:\/\/www.copealcoy.es\/es\/wp-json\/wp\/v2\/posts"}],"about":[{"href":"https:\/\/www.copealcoy.es\/es\/wp-json\/wp\/v2\/types\/post"}],"author":[{"embeddable":true,"href":"https:\/\/www.copealcoy.es\/es\/wp-json\/wp\/v2\/users\/1"}],"replies":[{"embeddable":true,"href":"https:\/\/www.copealcoy.es\/es\/wp-json\/wp\/v2\/comments?post=71310"}],"version-history":[{"count":0,"href":"https:\/\/www.copealcoy.es\/es\/wp-json\/wp\/v2\/posts\/71310\/revisions"}],"wp:featuredmedia":[{"embeddable":true,"href":"https:\/\/www.copealcoy.es\/es\/wp-json\/wp\/v2\/media\/12992"}],"wp:attachment":[{"href":"https:\/\/www.copealcoy.es\/es\/wp-json\/wp\/v2\/media?parent=71310"}],"wp:term":[{"taxonomy":"category","embeddable":true,"href":"https:\/\/www.copealcoy.es\/es\/wp-json\/wp\/v2\/categories?post=71310"},{"taxonomy":"post_tag","embeddable":true,"href":"https:\/\/www.copealcoy.es\/es\/wp-json\/wp\/v2\/tags?post=71310"}],"curies":[{"name":"wp","href":"https:\/\/api.w.org\/{rel}","templated":true}]}}