{"id":71303,"date":"2021-02-25T06:55:18","date_gmt":"2021-02-25T05:55:18","guid":{"rendered":"https:\/\/www.copealcoy.es\/?p=71303"},"modified":"2021-02-25T06:57:41","modified_gmt":"2021-02-25T05:57:41","slug":"dos-heridos-por-cortes-de-katana-y-cuatro-detenidos-tras-una-transaccion-de-droga-fallida-en-alcoy","status":"publish","type":"post","link":"https:\/\/www.copealcoy.es\/es\/dos-heridos-por-cortes-de-katana-y-cuatro-detenidos-tras-una-transaccion-de-droga-fallida-en-alcoy\/","title":{"rendered":"Dos heridos por cortes de katana y cuatro detenidos tras una transacci\u00f3n de droga fallida en Alcoy"},"content":{"rendered":"<p style=\"text-align: justify;\">Cuatro j\u00f3venes han sido detenidos en\u00a0<strong>Alcoy<\/strong>\u00a0por estar implicados en\u00a0<strong>una transacci\u00f3n de droga<\/strong>\u00a0en la que\u00a0<strong>los compradores amenazaron a los vendedores con una pistola <\/strong><strong>y terminaron atac\u00e1ndoles con una katana<\/strong>. Las v\u00edctimas, <strong>que se hab\u00edan saltado el\u00a0<a href=\"https:\/\/www.cope.es\/emisoras\/comunidad-valenciana\/alicante-provincia\/alicante\/noticias\/multas-cierre-perimetral-20210222_1152637\">cierre perimetral<\/a> para acudir a nuestra ciudad a vender la droga durante el fin de semana<\/strong>, terminaron en el hospital con varios cortes en las manos y en la cabeza.<\/p>\n<p style=\"text-align: justify;\">Los heridos fueron los que llamaron a la polic\u00eda. En un primer momento <strong>ofrecieron varias versiones contradictorias<\/strong>, pero terminaron admitiendo a los agentes que estaban en\u00a0<a href=\"https:\/\/www.cope.es\/emisoras\/comunidad-valenciana\/alicante-provincia\/alicante\/noticias\/situacion-mejora-lalcoia-comtat-bajan-los-contagios-coronavirus-pero-piden-relajarse-20210220_1150428\">Alcoy<\/a>\u00a0porque <strong>pretend\u00edan vender sustancias estupefancientes<\/strong>, seg\u00fan informa este mi\u00e9rcoles\u00a0<a href=\"https:\/\/www.cope.es\/emisoras\/comunidad-valenciana\/alicante-provincia\/alicante\/noticias\/policia-desmantela-dos-plantaciones-marihuana-elda-elche-20210223_1154948\">la Polic\u00eda Nacional<\/a>. En su declaraci\u00f3n manifestaron que <strong>se hab\u00edan citado en un parque<\/strong>\u00a0con un conocido y que \u00e9ste les esperaba con otro joven. Seg\u00fan contaron, en ese momento se inici\u00f3 una discusi\u00f3n que fue subiendo de tono y los supuestos compradores sacaron una pistola y una katana.\u00a0<strong>Los vendedores de la droga recibieron varios cortes al tratar de defenderse y uno de ellos termin\u00f3 con una brecha abierta en la cabeza<\/strong>.<\/p>\n<p style=\"text-align: justify;\">Tras pasar por el hospital,\u00a0<strong>los heridos fueron detenidos por tr\u00e1fico de drogas y puestos en libertad a la espera de ser citados por el juez<\/strong>. Tienen 17 y 20 a\u00f1os.<\/p>\n<p style=\"text-align: justify;\">Los agentes localizaron y arrestaron despu\u00e9s a los dos presuntos agresores de la katana y la pistola. Est\u00e1n acusados de <strong>delitos de tr\u00e1fico de drogas, robo con violencia y lesiones<\/strong>. Tienen 18 y 20 a\u00f1os y seg\u00fan informa la Polic\u00eda Nacional, fueron puestos a disposici\u00f3n del Juzgado de Instrucci\u00f3n de guardia de la misma localidad.<\/p>\n","protected":false},"excerpt":{"rendered":"<p>Cuatro j\u00f3venes han sido detenidos en\u00a0Alcoy\u00a0por estar implicados en\u00a0una transacci\u00f3n de droga\u00a0en la que\u00a0los compradores amenazaron a los vendedores con&#8230;<\/p>\n","protected":false},"author":1,"featured_media":71304,"comment_status":"open","ping_status":"open","sticky":false,"template":"","format":"standard","meta":{"footnotes":""},"categories":[6909,97,75,125,80],"tags":[1494,10916,10917,10918,10915,1836],"class_list":["post-71303","post","type-post","status-publish","format-standard","has-post-thumbnail","hentry","category-actualidad","category-alcoy","category-noticias","category-portada","category-sucesos","tag-alcoy","tag-cortes-de-katana","tag-cuatro-detenidos","tag-droga","tag-heridos","tag-policia-nacional"],"yoast_head":"<!-- This site is optimized with the Yoast SEO plugin v27.3 - https:\/\/yoast.com\/product\/yoast-seo-wordpress\/ -->\n<title>Dos heridos por cortes de katana y cuatro detenidos tras una transacci\u00f3n de droga fallida en Alcoy - COPE Alcoy<\/title>\n<meta name=\"robots\" content=\"index, follow, max-snippet:-1, max-image-preview:large, max-video-preview:-1\" \/>\n<link rel=\"canonical\" href=\"https:\/\/www.copealcoy.es\/es\/dos-heridos-por-cortes-de-katana-y-cuatro-detenidos-tras-una-transaccion-de-droga-fallida-en-alcoy\/\" \/>\n<meta property=\"og:locale\" content=\"es_ES\" \/>\n<meta property=\"og:type\" content=\"article\" \/>\n<meta property=\"og:title\" content=\"Dos heridos por cortes de katana y cuatro detenidos tras una transacci\u00f3n de droga fallida en Alcoy - COPE Alcoy\" \/>\n<meta property=\"og:description\" content=\"Cuatro j\u00f3venes han sido detenidos en\u00a0Alcoy\u00a0por estar implicados en\u00a0una transacci\u00f3n de droga\u00a0en la que\u00a0los compradores amenazaron a los vendedores con...\" \/>\n<meta property=\"og:url\" content=\"https:\/\/www.copealcoy.es\/es\/dos-heridos-por-cortes-de-katana-y-cuatro-detenidos-tras-una-transaccion-de-droga-fallida-en-alcoy\/\" \/>\n<meta property=\"og:site_name\" content=\"COPE Alcoy\" \/>\n<meta property=\"article:published_time\" content=\"2021-02-25T05:55:18+00:00\" \/>\n<meta property=\"article:modified_time\" content=\"2021-02-25T05:57:41+00:00\" \/>\n<meta property=\"og:image\" content=\"https:\/\/www.copealcoy.es\/wp-content\/uploads\/2021\/02\/1614166850014.jpg\" \/>\n\t<meta property=\"og:image:width\" content=\"976\" \/>\n\t<meta property=\"og:image:height\" content=\"574\" \/>\n\t<meta property=\"og:image:type\" content=\"image\/jpeg\" \/>\n<meta name=\"author\" content=\"Cope Alcoy\" \/>\n<meta name=\"twitter:label1\" content=\"Escrito por\" \/>\n\t<meta name=\"twitter:data1\" content=\"Cope Alcoy\" \/>\n\t<meta name=\"twitter:label2\" content=\"Tiempo de lectura\" \/>\n\t<meta name=\"twitter:data2\" content=\"1 minuto\" \/>\n<script type=\"application\/ld+json\" class=\"yoast-schema-graph\">{\"@context\":\"https:\\\/\\\/schema.org\",\"@graph\":[{\"@type\":\"Article\",\"@id\":\"https:\\\/\\\/www.copealcoy.es\\\/es\\\/dos-heridos-por-cortes-de-katana-y-cuatro-detenidos-tras-una-transaccion-de-droga-fallida-en-alcoy\\\/#article\",\"isPartOf\":{\"@id\":\"https:\\\/\\\/www.copealcoy.es\\\/es\\\/dos-heridos-por-cortes-de-katana-y-cuatro-detenidos-tras-una-transaccion-de-droga-fallida-en-alcoy\\\/\"},\"author\":{\"name\":\"Cope Alcoy\",\"@id\":\"https:\\\/\\\/www.copealcoy.es\\\/es\\\/#\\\/schema\\\/person\\\/e777c87fa024e57d40170af9df39882c\"},\"headline\":\"Dos heridos por cortes de katana y cuatro detenidos tras una transacci\u00f3n de droga fallida en Alcoy\",\"datePublished\":\"2021-02-25T05:55:18+00:00\",\"dateModified\":\"2021-02-25T05:57:41+00:00\",\"mainEntityOfPage\":{\"@id\":\"https:\\\/\\\/www.copealcoy.es\\\/es\\\/dos-heridos-por-cortes-de-katana-y-cuatro-detenidos-tras-una-transaccion-de-droga-fallida-en-alcoy\\\/\"},\"wordCount\":303,\"commentCount\":0,\"image\":{\"@id\":\"https:\\\/\\\/www.copealcoy.es\\\/es\\\/dos-heridos-por-cortes-de-katana-y-cuatro-detenidos-tras-una-transaccion-de-droga-fallida-en-alcoy\\\/#primaryimage\"},\"thumbnailUrl\":\"https:\\\/\\\/www.copealcoy.es\\\/wp-content\\\/uploads\\\/2021\\\/02\\\/1614166850014.jpg\",\"keywords\":[\"Alcoy\",\"cortes de Katana\",\"cuatro detenidos\",\"droga\",\"Heridos\",\"Polic\u00eda Nacional\"],\"articleSection\":[\"Actualidad\",\"Alcoy\",\"Noticias\",\"Portada\",\"Sucesos\"],\"inLanguage\":\"es\"},{\"@type\":\"WebPage\",\"@id\":\"https:\\\/\\\/www.copealcoy.es\\\/es\\\/dos-heridos-por-cortes-de-katana-y-cuatro-detenidos-tras-una-transaccion-de-droga-fallida-en-alcoy\\\/\",\"url\":\"https:\\\/\\\/www.copealcoy.es\\\/es\\\/dos-heridos-por-cortes-de-katana-y-cuatro-detenidos-tras-una-transaccion-de-droga-fallida-en-alcoy\\\/\",\"name\":\"Dos heridos por cortes de katana y cuatro detenidos tras una transacci\u00f3n de droga fallida en Alcoy - COPE Alcoy\",\"isPartOf\":{\"@id\":\"https:\\\/\\\/www.copealcoy.es\\\/es\\\/#website\"},\"primaryImageOfPage\":{\"@id\":\"https:\\\/\\\/www.copealcoy.es\\\/es\\\/dos-heridos-por-cortes-de-katana-y-cuatro-detenidos-tras-una-transaccion-de-droga-fallida-en-alcoy\\\/#primaryimage\"},\"image\":{\"@id\":\"https:\\\/\\\/www.copealcoy.es\\\/es\\\/dos-heridos-por-cortes-de-katana-y-cuatro-detenidos-tras-una-transaccion-de-droga-fallida-en-alcoy\\\/#primaryimage\"},\"thumbnailUrl\":\"https:\\\/\\\/www.copealcoy.es\\\/wp-content\\\/uploads\\\/2021\\\/02\\\/1614166850014.jpg\",\"datePublished\":\"2021-02-25T05:55:18+00:00\",\"dateModified\":\"2021-02-25T05:57:41+00:00\",\"author\":{\"@id\":\"https:\\\/\\\/www.copealcoy.es\\\/es\\\/#\\\/schema\\\/person\\\/e777c87fa024e57d40170af9df39882c\"},\"breadcrumb\":{\"@id\":\"https:\\\/\\\/www.copealcoy.es\\\/es\\\/dos-heridos-por-cortes-de-katana-y-cuatro-detenidos-tras-una-transaccion-de-droga-fallida-en-alcoy\\\/#breadcrumb\"},\"inLanguage\":\"es\",\"potentialAction\":[{\"@type\":\"ReadAction\",\"target\":[\"https:\\\/\\\/www.copealcoy.es\\\/es\\\/dos-heridos-por-cortes-de-katana-y-cuatro-detenidos-tras-una-transaccion-de-droga-fallida-en-alcoy\\\/\"]}]},{\"@type\":\"ImageObject\",\"inLanguage\":\"es\",\"@id\":\"https:\\\/\\\/www.copealcoy.es\\\/es\\\/dos-heridos-por-cortes-de-katana-y-cuatro-detenidos-tras-una-transaccion-de-droga-fallida-en-alcoy\\\/#primaryimage\",\"url\":\"https:\\\/\\\/www.copealcoy.es\\\/wp-content\\\/uploads\\\/2021\\\/02\\\/1614166850014.jpg\",\"contentUrl\":\"https:\\\/\\\/www.copealcoy.es\\\/wp-content\\\/uploads\\\/2021\\\/02\\\/1614166850014.jpg\",\"width\":976,\"height\":574},{\"@type\":\"BreadcrumbList\",\"@id\":\"https:\\\/\\\/www.copealcoy.es\\\/es\\\/dos-heridos-por-cortes-de-katana-y-cuatro-detenidos-tras-una-transaccion-de-droga-fallida-en-alcoy\\\/#breadcrumb\",\"itemListElement\":[{\"@type\":\"ListItem\",\"position\":1,\"name\":\"Portada\",\"item\":\"https:\\\/\\\/www.copealcoy.es\\\/es\\\/\"},{\"@type\":\"ListItem\",\"position\":2,\"name\":\"Dos heridos por cortes de katana y cuatro detenidos tras una transacci\u00f3n de droga fallida en Alcoy\"}]},{\"@type\":\"WebSite\",\"@id\":\"https:\\\/\\\/www.copealcoy.es\\\/es\\\/#website\",\"url\":\"https:\\\/\\\/www.copealcoy.es\\\/es\\\/\",\"name\":\"COPE Alcoy\",\"description\":\"Emisora COPE de radio local con emisi\u00f3n online. Pont de Sant Jordi 8-10 03803 Alcoy\",\"potentialAction\":[{\"@type\":\"SearchAction\",\"target\":{\"@type\":\"EntryPoint\",\"urlTemplate\":\"https:\\\/\\\/www.copealcoy.es\\\/es\\\/?s={search_term_string}\"},\"query-input\":{\"@type\":\"PropertyValueSpecification\",\"valueRequired\":true,\"valueName\":\"search_term_string\"}}],\"inLanguage\":\"es\"},{\"@type\":\"Person\",\"@id\":\"https:\\\/\\\/www.copealcoy.es\\\/es\\\/#\\\/schema\\\/person\\\/e777c87fa024e57d40170af9df39882c\",\"name\":\"Cope Alcoy\",\"image\":{\"@type\":\"ImageObject\",\"inLanguage\":\"es\",\"@id\":\"https:\\\/\\\/secure.gravatar.com\\\/avatar\\\/bb65d0283347e303893ba14f0692005417c1e0e690a325a4c5d8bb2b3943ee14?s=96&d=mm&r=g\",\"url\":\"https:\\\/\\\/secure.gravatar.com\\\/avatar\\\/bb65d0283347e303893ba14f0692005417c1e0e690a325a4c5d8bb2b3943ee14?s=96&d=mm&r=g\",\"contentUrl\":\"https:\\\/\\\/secure.gravatar.com\\\/avatar\\\/bb65d0283347e303893ba14f0692005417c1e0e690a325a4c5d8bb2b3943ee14?s=96&d=mm&r=g\",\"caption\":\"Cope Alcoy\"}}]}<\/script>\n<!-- \/ Yoast SEO plugin. -->","yoast_head_json":{"title":"Dos heridos por cortes de katana y cuatro detenidos tras una transacci\u00f3n de droga fallida en Alcoy - COPE Alcoy","robots":{"index":"index","follow":"follow","max-snippet":"max-snippet:-1","max-image-preview":"max-image-preview:large","max-video-preview":"max-video-preview:-1"},"canonical":"https:\/\/www.copealcoy.es\/es\/dos-heridos-por-cortes-de-katana-y-cuatro-detenidos-tras-una-transaccion-de-droga-fallida-en-alcoy\/","og_locale":"es_ES","og_type":"article","og_title":"Dos heridos por cortes de katana y cuatro detenidos tras una transacci\u00f3n de droga fallida en Alcoy - COPE Alcoy","og_description":"Cuatro j\u00f3venes han sido detenidos en\u00a0Alcoy\u00a0por estar implicados en\u00a0una transacci\u00f3n de droga\u00a0en la que\u00a0los compradores amenazaron a los vendedores con...","og_url":"https:\/\/www.copealcoy.es\/es\/dos-heridos-por-cortes-de-katana-y-cuatro-detenidos-tras-una-transaccion-de-droga-fallida-en-alcoy\/","og_site_name":"COPE Alcoy","article_published_time":"2021-02-25T05:55:18+00:00","article_modified_time":"2021-02-25T05:57:41+00:00","og_image":[{"width":976,"height":574,"url":"https:\/\/www.copealcoy.es\/wp-content\/uploads\/2021\/02\/1614166850014.jpg","type":"image\/jpeg"}],"author":"Cope Alcoy","twitter_misc":{"Escrito por":"Cope Alcoy","Tiempo de lectura":"1 minuto"},"schema":{"@context":"https:\/\/schema.org","@graph":[{"@type":"Article","@id":"https:\/\/www.copealcoy.es\/es\/dos-heridos-por-cortes-de-katana-y-cuatro-detenidos-tras-una-transaccion-de-droga-fallida-en-alcoy\/#article","isPartOf":{"@id":"https:\/\/www.copealcoy.es\/es\/dos-heridos-por-cortes-de-katana-y-cuatro-detenidos-tras-una-transaccion-de-droga-fallida-en-alcoy\/"},"author":{"name":"Cope Alcoy","@id":"https:\/\/www.copealcoy.es\/es\/#\/schema\/person\/e777c87fa024e57d40170af9df39882c"},"headline":"Dos heridos por cortes de katana y cuatro detenidos tras una transacci\u00f3n de droga fallida en Alcoy","datePublished":"2021-02-25T05:55:18+00:00","dateModified":"2021-02-25T05:57:41+00:00","mainEntityOfPage":{"@id":"https:\/\/www.copealcoy.es\/es\/dos-heridos-por-cortes-de-katana-y-cuatro-detenidos-tras-una-transaccion-de-droga-fallida-en-alcoy\/"},"wordCount":303,"commentCount":0,"image":{"@id":"https:\/\/www.copealcoy.es\/es\/dos-heridos-por-cortes-de-katana-y-cuatro-detenidos-tras-una-transaccion-de-droga-fallida-en-alcoy\/#primaryimage"},"thumbnailUrl":"https:\/\/www.copealcoy.es\/wp-content\/uploads\/2021\/02\/1614166850014.jpg","keywords":["Alcoy","cortes de Katana","cuatro detenidos","droga","Heridos","Polic\u00eda Nacional"],"articleSection":["Actualidad","Alcoy","Noticias","Portada","Sucesos"],"inLanguage":"es"},{"@type":"WebPage","@id":"https:\/\/www.copealcoy.es\/es\/dos-heridos-por-cortes-de-katana-y-cuatro-detenidos-tras-una-transaccion-de-droga-fallida-en-alcoy\/","url":"https:\/\/www.copealcoy.es\/es\/dos-heridos-por-cortes-de-katana-y-cuatro-detenidos-tras-una-transaccion-de-droga-fallida-en-alcoy\/","name":"Dos heridos por cortes de katana y cuatro detenidos tras una transacci\u00f3n de droga fallida en Alcoy - COPE Alcoy","isPartOf":{"@id":"https:\/\/www.copealcoy.es\/es\/#website"},"primaryImageOfPage":{"@id":"https:\/\/www.copealcoy.es\/es\/dos-heridos-por-cortes-de-katana-y-cuatro-detenidos-tras-una-transaccion-de-droga-fallida-en-alcoy\/#primaryimage"},"image":{"@id":"https:\/\/www.copealcoy.es\/es\/dos-heridos-por-cortes-de-katana-y-cuatro-detenidos-tras-una-transaccion-de-droga-fallida-en-alcoy\/#primaryimage"},"thumbnailUrl":"https:\/\/www.copealcoy.es\/wp-content\/uploads\/2021\/02\/1614166850014.jpg","datePublished":"2021-02-25T05:55:18+00:00","dateModified":"2021-02-25T05:57:41+00:00","author":{"@id":"https:\/\/www.copealcoy.es\/es\/#\/schema\/person\/e777c87fa024e57d40170af9df39882c"},"breadcrumb":{"@id":"https:\/\/www.copealcoy.es\/es\/dos-heridos-por-cortes-de-katana-y-cuatro-detenidos-tras-una-transaccion-de-droga-fallida-en-alcoy\/#breadcrumb"},"inLanguage":"es","potentialAction":[{"@type":"ReadAction","target":["https:\/\/www.copealcoy.es\/es\/dos-heridos-por-cortes-de-katana-y-cuatro-detenidos-tras-una-transaccion-de-droga-fallida-en-alcoy\/"]}]},{"@type":"ImageObject","inLanguage":"es","@id":"https:\/\/www.copealcoy.es\/es\/dos-heridos-por-cortes-de-katana-y-cuatro-detenidos-tras-una-transaccion-de-droga-fallida-en-alcoy\/#primaryimage","url":"https:\/\/www.copealcoy.es\/wp-content\/uploads\/2021\/02\/1614166850014.jpg","contentUrl":"https:\/\/www.copealcoy.es\/wp-content\/uploads\/2021\/02\/1614166850014.jpg","width":976,"height":574},{"@type":"BreadcrumbList","@id":"https:\/\/www.copealcoy.es\/es\/dos-heridos-por-cortes-de-katana-y-cuatro-detenidos-tras-una-transaccion-de-droga-fallida-en-alcoy\/#breadcrumb","itemListElement":[{"@type":"ListItem","position":1,"name":"Portada","item":"https:\/\/www.copealcoy.es\/es\/"},{"@type":"ListItem","position":2,"name":"Dos heridos por cortes de katana y cuatro detenidos tras una transacci\u00f3n de droga fallida en Alcoy"}]},{"@type":"WebSite","@id":"https:\/\/www.copealcoy.es\/es\/#website","url":"https:\/\/www.copealcoy.es\/es\/","name":"COPE Alcoy","description":"Emisora COPE de radio local con emisi\u00f3n online. Pont de Sant Jordi 8-10 03803 Alcoy","potentialAction":[{"@type":"SearchAction","target":{"@type":"EntryPoint","urlTemplate":"https:\/\/www.copealcoy.es\/es\/?s={search_term_string}"},"query-input":{"@type":"PropertyValueSpecification","valueRequired":true,"valueName":"search_term_string"}}],"inLanguage":"es"},{"@type":"Person","@id":"https:\/\/www.copealcoy.es\/es\/#\/schema\/person\/e777c87fa024e57d40170af9df39882c","name":"Cope Alcoy","image":{"@type":"ImageObject","inLanguage":"es","@id":"https:\/\/secure.gravatar.com\/avatar\/bb65d0283347e303893ba14f0692005417c1e0e690a325a4c5d8bb2b3943ee14?s=96&d=mm&r=g","url":"https:\/\/secure.gravatar.com\/avatar\/bb65d0283347e303893ba14f0692005417c1e0e690a325a4c5d8bb2b3943ee14?s=96&d=mm&r=g","contentUrl":"https:\/\/secure.gravatar.com\/avatar\/bb65d0283347e303893ba14f0692005417c1e0e690a325a4c5d8bb2b3943ee14?s=96&d=mm&r=g","caption":"Cope Alcoy"}}]}},"_links":{"self":[{"href":"https:\/\/www.copealcoy.es\/es\/wp-json\/wp\/v2\/posts\/71303","targetHints":{"allow":["GET"]}}],"collection":[{"href":"https:\/\/www.copealcoy.es\/es\/wp-json\/wp\/v2\/posts"}],"about":[{"href":"https:\/\/www.copealcoy.es\/es\/wp-json\/wp\/v2\/types\/post"}],"author":[{"embeddable":true,"href":"https:\/\/www.copealcoy.es\/es\/wp-json\/wp\/v2\/users\/1"}],"replies":[{"embeddable":true,"href":"https:\/\/www.copealcoy.es\/es\/wp-json\/wp\/v2\/comments?post=71303"}],"version-history":[{"count":0,"href":"https:\/\/www.copealcoy.es\/es\/wp-json\/wp\/v2\/posts\/71303\/revisions"}],"wp:featuredmedia":[{"embeddable":true,"href":"https:\/\/www.copealcoy.es\/es\/wp-json\/wp\/v2\/media\/71304"}],"wp:attachment":[{"href":"https:\/\/www.copealcoy.es\/es\/wp-json\/wp\/v2\/media?parent=71303"}],"wp:term":[{"taxonomy":"category","embeddable":true,"href":"https:\/\/www.copealcoy.es\/es\/wp-json\/wp\/v2\/categories?post=71303"},{"taxonomy":"post_tag","embeddable":true,"href":"https:\/\/www.copealcoy.es\/es\/wp-json\/wp\/v2\/tags?post=71303"}],"curies":[{"name":"wp","href":"https:\/\/api.w.org\/{rel}","templated":true}]}}