{"id":71293,"date":"2021-02-24T13:24:53","date_gmt":"2021-02-24T12:24:53","guid":{"rendered":"https:\/\/www.copealcoy.es\/?p=71293"},"modified":"2021-02-25T06:57:53","modified_gmt":"2021-02-25T05:57:53","slug":"los-autonomos-y-microempresas-de-alcoy-ya-pueden-solicitar-las-ayudas-parentesis","status":"publish","type":"post","link":"https:\/\/www.copealcoy.es\/es\/los-autonomos-y-microempresas-de-alcoy-ya-pueden-solicitar-las-ayudas-parentesis\/","title":{"rendered":"Los aut\u00f3nomos y microempresas de Alcoy ya pueden solicitar las ayudas Par\u00e9ntesis"},"content":{"rendered":"<p style=\"text-align: justify;\">El <strong>Ayuntamiento de Alcoy<\/strong> ha iniciado <strong>la tramitaci\u00f3n de las ayudas Par\u00e9ntesis<\/strong>, con <strong>un total 1.444.223 euros<\/strong>, y que <strong>ir\u00e1n destinadas a los sectores econ\u00f3micos m\u00e1s afectados<\/strong> por las restricciones frente a la Covid-19.<\/p>\n<p style=\"text-align: justify;\">Las actividades econ\u00f3micas recogidas en el decreto ley del Consell, <strong>y consideradas como las m\u00e1s afectadas por las restricciones a consecuencia de la pandemia<\/strong>, son hosteler\u00eda, restauraci\u00f3n y ocio nocturno, actividades de creaci\u00f3n art\u00edsticas y de espect\u00e1culos, actividades deportivas, recreativas y de entretenimiento y alojamientos y actividades tur\u00edsticas. El alcalde, <strong>Antonio Franc\u00e9s<\/strong>, destacaba ayer en COPE ALCOY <strong>la importancia de que estas ayudas lleguen a tiempo a los comercios y negocios<\/strong> que las han solicitado al mismo tiempo que recordaba <strong>el esfuerzo inversor que han hecho las arcas municipales<\/strong> para atender las necesidades econ\u00f3micas derivadas de la pandemia &#8220;<em>nos hemos volcado desde el primer d\u00eda para tratar de paliar en lo posible la crisis econ\u00f3mica que ha provocado la Covid, ya dedicamos el a\u00f1o pasado cerca de 900.000 euros en las ayudas Reactiva y este a\u00f1o destinaremos m\u00e1s de 2,5 millones, en colaboraci\u00f3n con otras administraciones, porque para nosotros las personas son lo m\u00e1s importante y no queremos que nadie se quede atr\u00e1s<\/em>&#8220;, afirma el primer edil.<\/p>\n<p style=\"text-align: justify;\">Recordar que <strong>las ayud<span lang=\"es-ES\">a<\/span>s Par\u00e9ntesis constituyen una de las medidas de apoyo<\/strong> <strong>a la econom\u00eda valenciana incluidas dentro del Plan Resistir del Consell<\/strong>. Este, como ya inform\u00f3 COPE ALCOY en su momento, est\u00e1 dotado con un total de 380 millones de euros.<\/p>\n\n\n<p><\/p>\n","protected":false},"excerpt":{"rendered":"<p>El Ayuntamiento de Alcoy ha iniciado la tramitaci\u00f3n de las ayudas Par\u00e9ntesis, con un total 1.444.223 euros, y que ir\u00e1n&#8230;<\/p>\n","protected":false},"author":1,"featured_media":0,"comment_status":"open","ping_status":"open","sticky":false,"template":"","format":"standard","meta":{"footnotes":""},"categories":[97,75,79,125],"tags":[949,407,479,10914,5616,8814],"class_list":["post-71293","post","type-post","status-publish","format-standard","hentry","category-alcoy","category-noticias","category-politicayeconomia","category-portada","tag-autonomos","tag-ayudas","tag-consell","tag-microempresas","tag-parentesis","tag-solicitar"],"yoast_head":"<!-- This site is optimized with the Yoast SEO plugin v27.3 - https:\/\/yoast.com\/product\/yoast-seo-wordpress\/ -->\n<title>Los aut\u00f3nomos y microempresas de Alcoy ya pueden solicitar las ayudas Par\u00e9ntesis - COPE Alcoy<\/title>\n<meta name=\"robots\" content=\"index, follow, max-snippet:-1, max-image-preview:large, max-video-preview:-1\" \/>\n<link rel=\"canonical\" href=\"https:\/\/www.copealcoy.es\/es\/los-autonomos-y-microempresas-de-alcoy-ya-pueden-solicitar-las-ayudas-parentesis\/\" \/>\n<meta property=\"og:locale\" content=\"es_ES\" \/>\n<meta property=\"og:type\" content=\"article\" \/>\n<meta property=\"og:title\" content=\"Los aut\u00f3nomos y microempresas de Alcoy ya pueden solicitar las ayudas Par\u00e9ntesis - COPE Alcoy\" \/>\n<meta property=\"og:description\" content=\"El Ayuntamiento de Alcoy ha iniciado la tramitaci\u00f3n de las ayudas Par\u00e9ntesis, con un total 1.444.223 euros, y que ir\u00e1n...\" \/>\n<meta property=\"og:url\" content=\"https:\/\/www.copealcoy.es\/es\/los-autonomos-y-microempresas-de-alcoy-ya-pueden-solicitar-las-ayudas-parentesis\/\" \/>\n<meta property=\"og:site_name\" content=\"COPE Alcoy\" \/>\n<meta property=\"article:published_time\" content=\"2021-02-24T12:24:53+00:00\" \/>\n<meta property=\"article:modified_time\" content=\"2021-02-25T05:57:53+00:00\" \/>\n<meta property=\"og:image\" content=\"https:\/\/www.copealcoy.es\/wp-content\/uploads\/2015\/01\/image85-1.jpg\" \/>\n\t<meta property=\"og:image:width\" content=\"1366\" \/>\n\t<meta property=\"og:image:height\" content=\"827\" \/>\n\t<meta property=\"og:image:type\" content=\"image\/jpeg\" \/>\n<meta name=\"author\" content=\"Cope Alcoy\" \/>\n<meta name=\"twitter:label1\" content=\"Escrito por\" \/>\n\t<meta name=\"twitter:data1\" content=\"Cope Alcoy\" \/>\n\t<meta name=\"twitter:label2\" content=\"Tiempo de lectura\" \/>\n\t<meta name=\"twitter:data2\" content=\"1 minuto\" \/>\n<script type=\"application\/ld+json\" class=\"yoast-schema-graph\">{\"@context\":\"https:\\\/\\\/schema.org\",\"@graph\":[{\"@type\":\"Article\",\"@id\":\"https:\\\/\\\/www.copealcoy.es\\\/es\\\/los-autonomos-y-microempresas-de-alcoy-ya-pueden-solicitar-las-ayudas-parentesis\\\/#article\",\"isPartOf\":{\"@id\":\"https:\\\/\\\/www.copealcoy.es\\\/es\\\/los-autonomos-y-microempresas-de-alcoy-ya-pueden-solicitar-las-ayudas-parentesis\\\/\"},\"author\":{\"name\":\"Cope Alcoy\",\"@id\":\"https:\\\/\\\/www.copealcoy.es\\\/es\\\/#\\\/schema\\\/person\\\/e777c87fa024e57d40170af9df39882c\"},\"headline\":\"Los aut\u00f3nomos y microempresas de Alcoy ya pueden solicitar las ayudas Par\u00e9ntesis\",\"datePublished\":\"2021-02-24T12:24:53+00:00\",\"dateModified\":\"2021-02-25T05:57:53+00:00\",\"mainEntityOfPage\":{\"@id\":\"https:\\\/\\\/www.copealcoy.es\\\/es\\\/los-autonomos-y-microempresas-de-alcoy-ya-pueden-solicitar-las-ayudas-parentesis\\\/\"},\"wordCount\":278,\"commentCount\":0,\"keywords\":[\"Aut\u00f3nomos\",\"Ayudas\",\"Consell\",\"microempresas\",\"par\u00e9ntesis\",\"solicitar\"],\"articleSection\":[\"Alcoy\",\"Noticias\",\"Pol\u00edtica y Econom\u00eda\",\"Portada\"],\"inLanguage\":\"es\"},{\"@type\":\"WebPage\",\"@id\":\"https:\\\/\\\/www.copealcoy.es\\\/es\\\/los-autonomos-y-microempresas-de-alcoy-ya-pueden-solicitar-las-ayudas-parentesis\\\/\",\"url\":\"https:\\\/\\\/www.copealcoy.es\\\/es\\\/los-autonomos-y-microempresas-de-alcoy-ya-pueden-solicitar-las-ayudas-parentesis\\\/\",\"name\":\"Los aut\u00f3nomos y microempresas de Alcoy ya pueden solicitar las ayudas Par\u00e9ntesis - COPE Alcoy\",\"isPartOf\":{\"@id\":\"https:\\\/\\\/www.copealcoy.es\\\/es\\\/#website\"},\"datePublished\":\"2021-02-24T12:24:53+00:00\",\"dateModified\":\"2021-02-25T05:57:53+00:00\",\"author\":{\"@id\":\"https:\\\/\\\/www.copealcoy.es\\\/es\\\/#\\\/schema\\\/person\\\/e777c87fa024e57d40170af9df39882c\"},\"breadcrumb\":{\"@id\":\"https:\\\/\\\/www.copealcoy.es\\\/es\\\/los-autonomos-y-microempresas-de-alcoy-ya-pueden-solicitar-las-ayudas-parentesis\\\/#breadcrumb\"},\"inLanguage\":\"es\",\"potentialAction\":[{\"@type\":\"ReadAction\",\"target\":[\"https:\\\/\\\/www.copealcoy.es\\\/es\\\/los-autonomos-y-microempresas-de-alcoy-ya-pueden-solicitar-las-ayudas-parentesis\\\/\"]}]},{\"@type\":\"BreadcrumbList\",\"@id\":\"https:\\\/\\\/www.copealcoy.es\\\/es\\\/los-autonomos-y-microempresas-de-alcoy-ya-pueden-solicitar-las-ayudas-parentesis\\\/#breadcrumb\",\"itemListElement\":[{\"@type\":\"ListItem\",\"position\":1,\"name\":\"Portada\",\"item\":\"https:\\\/\\\/www.copealcoy.es\\\/es\\\/\"},{\"@type\":\"ListItem\",\"position\":2,\"name\":\"Los aut\u00f3nomos y microempresas de Alcoy ya pueden solicitar las ayudas Par\u00e9ntesis\"}]},{\"@type\":\"WebSite\",\"@id\":\"https:\\\/\\\/www.copealcoy.es\\\/es\\\/#website\",\"url\":\"https:\\\/\\\/www.copealcoy.es\\\/es\\\/\",\"name\":\"COPE Alcoy\",\"description\":\"Emisora COPE de radio local con emisi\u00f3n online. Pont de Sant Jordi 8-10 03803 Alcoy\",\"potentialAction\":[{\"@type\":\"SearchAction\",\"target\":{\"@type\":\"EntryPoint\",\"urlTemplate\":\"https:\\\/\\\/www.copealcoy.es\\\/es\\\/?s={search_term_string}\"},\"query-input\":{\"@type\":\"PropertyValueSpecification\",\"valueRequired\":true,\"valueName\":\"search_term_string\"}}],\"inLanguage\":\"es\"},{\"@type\":\"Person\",\"@id\":\"https:\\\/\\\/www.copealcoy.es\\\/es\\\/#\\\/schema\\\/person\\\/e777c87fa024e57d40170af9df39882c\",\"name\":\"Cope Alcoy\",\"image\":{\"@type\":\"ImageObject\",\"inLanguage\":\"es\",\"@id\":\"https:\\\/\\\/secure.gravatar.com\\\/avatar\\\/bb65d0283347e303893ba14f0692005417c1e0e690a325a4c5d8bb2b3943ee14?s=96&d=mm&r=g\",\"url\":\"https:\\\/\\\/secure.gravatar.com\\\/avatar\\\/bb65d0283347e303893ba14f0692005417c1e0e690a325a4c5d8bb2b3943ee14?s=96&d=mm&r=g\",\"contentUrl\":\"https:\\\/\\\/secure.gravatar.com\\\/avatar\\\/bb65d0283347e303893ba14f0692005417c1e0e690a325a4c5d8bb2b3943ee14?s=96&d=mm&r=g\",\"caption\":\"Cope Alcoy\"}}]}<\/script>\n<!-- \/ Yoast SEO plugin. -->","yoast_head_json":{"title":"Los aut\u00f3nomos y microempresas de Alcoy ya pueden solicitar las ayudas Par\u00e9ntesis - COPE Alcoy","robots":{"index":"index","follow":"follow","max-snippet":"max-snippet:-1","max-image-preview":"max-image-preview:large","max-video-preview":"max-video-preview:-1"},"canonical":"https:\/\/www.copealcoy.es\/es\/los-autonomos-y-microempresas-de-alcoy-ya-pueden-solicitar-las-ayudas-parentesis\/","og_locale":"es_ES","og_type":"article","og_title":"Los aut\u00f3nomos y microempresas de Alcoy ya pueden solicitar las ayudas Par\u00e9ntesis - COPE Alcoy","og_description":"El Ayuntamiento de Alcoy ha iniciado la tramitaci\u00f3n de las ayudas Par\u00e9ntesis, con un total 1.444.223 euros, y que ir\u00e1n...","og_url":"https:\/\/www.copealcoy.es\/es\/los-autonomos-y-microempresas-de-alcoy-ya-pueden-solicitar-las-ayudas-parentesis\/","og_site_name":"COPE Alcoy","article_published_time":"2021-02-24T12:24:53+00:00","article_modified_time":"2021-02-25T05:57:53+00:00","og_image":[{"width":1366,"height":827,"url":"https:\/\/www.copealcoy.es\/wp-content\/uploads\/2015\/01\/image85-1.jpg","type":"image\/jpeg"}],"author":"Cope Alcoy","twitter_misc":{"Escrito por":"Cope Alcoy","Tiempo de lectura":"1 minuto"},"schema":{"@context":"https:\/\/schema.org","@graph":[{"@type":"Article","@id":"https:\/\/www.copealcoy.es\/es\/los-autonomos-y-microempresas-de-alcoy-ya-pueden-solicitar-las-ayudas-parentesis\/#article","isPartOf":{"@id":"https:\/\/www.copealcoy.es\/es\/los-autonomos-y-microempresas-de-alcoy-ya-pueden-solicitar-las-ayudas-parentesis\/"},"author":{"name":"Cope Alcoy","@id":"https:\/\/www.copealcoy.es\/es\/#\/schema\/person\/e777c87fa024e57d40170af9df39882c"},"headline":"Los aut\u00f3nomos y microempresas de Alcoy ya pueden solicitar las ayudas Par\u00e9ntesis","datePublished":"2021-02-24T12:24:53+00:00","dateModified":"2021-02-25T05:57:53+00:00","mainEntityOfPage":{"@id":"https:\/\/www.copealcoy.es\/es\/los-autonomos-y-microempresas-de-alcoy-ya-pueden-solicitar-las-ayudas-parentesis\/"},"wordCount":278,"commentCount":0,"keywords":["Aut\u00f3nomos","Ayudas","Consell","microempresas","par\u00e9ntesis","solicitar"],"articleSection":["Alcoy","Noticias","Pol\u00edtica y Econom\u00eda","Portada"],"inLanguage":"es"},{"@type":"WebPage","@id":"https:\/\/www.copealcoy.es\/es\/los-autonomos-y-microempresas-de-alcoy-ya-pueden-solicitar-las-ayudas-parentesis\/","url":"https:\/\/www.copealcoy.es\/es\/los-autonomos-y-microempresas-de-alcoy-ya-pueden-solicitar-las-ayudas-parentesis\/","name":"Los aut\u00f3nomos y microempresas de Alcoy ya pueden solicitar las ayudas Par\u00e9ntesis - COPE Alcoy","isPartOf":{"@id":"https:\/\/www.copealcoy.es\/es\/#website"},"datePublished":"2021-02-24T12:24:53+00:00","dateModified":"2021-02-25T05:57:53+00:00","author":{"@id":"https:\/\/www.copealcoy.es\/es\/#\/schema\/person\/e777c87fa024e57d40170af9df39882c"},"breadcrumb":{"@id":"https:\/\/www.copealcoy.es\/es\/los-autonomos-y-microempresas-de-alcoy-ya-pueden-solicitar-las-ayudas-parentesis\/#breadcrumb"},"inLanguage":"es","potentialAction":[{"@type":"ReadAction","target":["https:\/\/www.copealcoy.es\/es\/los-autonomos-y-microempresas-de-alcoy-ya-pueden-solicitar-las-ayudas-parentesis\/"]}]},{"@type":"BreadcrumbList","@id":"https:\/\/www.copealcoy.es\/es\/los-autonomos-y-microempresas-de-alcoy-ya-pueden-solicitar-las-ayudas-parentesis\/#breadcrumb","itemListElement":[{"@type":"ListItem","position":1,"name":"Portada","item":"https:\/\/www.copealcoy.es\/es\/"},{"@type":"ListItem","position":2,"name":"Los aut\u00f3nomos y microempresas de Alcoy ya pueden solicitar las ayudas Par\u00e9ntesis"}]},{"@type":"WebSite","@id":"https:\/\/www.copealcoy.es\/es\/#website","url":"https:\/\/www.copealcoy.es\/es\/","name":"COPE Alcoy","description":"Emisora COPE de radio local con emisi\u00f3n online. Pont de Sant Jordi 8-10 03803 Alcoy","potentialAction":[{"@type":"SearchAction","target":{"@type":"EntryPoint","urlTemplate":"https:\/\/www.copealcoy.es\/es\/?s={search_term_string}"},"query-input":{"@type":"PropertyValueSpecification","valueRequired":true,"valueName":"search_term_string"}}],"inLanguage":"es"},{"@type":"Person","@id":"https:\/\/www.copealcoy.es\/es\/#\/schema\/person\/e777c87fa024e57d40170af9df39882c","name":"Cope Alcoy","image":{"@type":"ImageObject","inLanguage":"es","@id":"https:\/\/secure.gravatar.com\/avatar\/bb65d0283347e303893ba14f0692005417c1e0e690a325a4c5d8bb2b3943ee14?s=96&d=mm&r=g","url":"https:\/\/secure.gravatar.com\/avatar\/bb65d0283347e303893ba14f0692005417c1e0e690a325a4c5d8bb2b3943ee14?s=96&d=mm&r=g","contentUrl":"https:\/\/secure.gravatar.com\/avatar\/bb65d0283347e303893ba14f0692005417c1e0e690a325a4c5d8bb2b3943ee14?s=96&d=mm&r=g","caption":"Cope Alcoy"}}]}},"_links":{"self":[{"href":"https:\/\/www.copealcoy.es\/es\/wp-json\/wp\/v2\/posts\/71293","targetHints":{"allow":["GET"]}}],"collection":[{"href":"https:\/\/www.copealcoy.es\/es\/wp-json\/wp\/v2\/posts"}],"about":[{"href":"https:\/\/www.copealcoy.es\/es\/wp-json\/wp\/v2\/types\/post"}],"author":[{"embeddable":true,"href":"https:\/\/www.copealcoy.es\/es\/wp-json\/wp\/v2\/users\/1"}],"replies":[{"embeddable":true,"href":"https:\/\/www.copealcoy.es\/es\/wp-json\/wp\/v2\/comments?post=71293"}],"version-history":[{"count":0,"href":"https:\/\/www.copealcoy.es\/es\/wp-json\/wp\/v2\/posts\/71293\/revisions"}],"wp:attachment":[{"href":"https:\/\/www.copealcoy.es\/es\/wp-json\/wp\/v2\/media?parent=71293"}],"wp:term":[{"taxonomy":"category","embeddable":true,"href":"https:\/\/www.copealcoy.es\/es\/wp-json\/wp\/v2\/categories?post=71293"},{"taxonomy":"post_tag","embeddable":true,"href":"https:\/\/www.copealcoy.es\/es\/wp-json\/wp\/v2\/tags?post=71293"}],"curies":[{"name":"wp","href":"https:\/\/api.w.org\/{rel}","templated":true}]}}