{"id":71191,"date":"2021-02-22T10:01:25","date_gmt":"2021-02-22T09:01:25","guid":{"rendered":"https:\/\/www.copealcoy.es\/?p=71191"},"modified":"2021-02-22T10:20:01","modified_gmt":"2021-02-22T09:20:01","slug":"banyeres-tambe-suspen-les-festes-de-moros-i-cristians-del-2021","status":"publish","type":"post","link":"https:\/\/www.copealcoy.es\/es\/banyeres-tambe-suspen-les-festes-de-moros-i-cristians-del-2021\/","title":{"rendered":"Banyeres tamb\u00e9 susp\u00e9n les Festes de Moros i Cristians del 2021"},"content":{"rendered":"<p style=\"text-align: justify;\">Banyeres de Mariola tamb\u00e9 ha comunicat <strong>la suspensi\u00f3 de les Festes de Moros i Cristians per al 2021<\/strong> a causa de <strong>la situaci\u00f3 derivada de la crisi sanit\u00e0ria del Coronavirus<\/strong>. El municipi se suma aix\u00ed a <strong>Onil<\/strong>, que<a href=\"https:\/\/www.copealcoy.es\/onil-suspen-les-seues-festes-per-segon-any-consecutiu\/\"><span style=\"color: #0000ff;\"><strong> tamb\u00e9 ho va comunicar la passada setmana<\/strong><\/span><\/a>, despr\u00e9s que la\u00a0<span class=\"hiddenSpellError\">UNDEF<\/span>\u00a0informara en febrer que la Conselleria de Sanitat <strong>li havia transm\u00e9s que seria impossible celebrar Moros i Cristians durant el primer semestre de l&#8217;any<\/strong>.<\/p>\n<p style=\"text-align: justify;\">Des de l&#8217;Ajuntament de Banyeres expliquen en un comunicat que abans de prendre aquesta decisi\u00f3<strong> s\u2019ha consultat a les\u00a0<span class=\"hiddenSpellError\">filaes<\/span>, a representants de la Confraria de Sant Jordi, a les bandes, aix\u00ed com a les mateixes capitanies que ostenten el c\u00e0rrec<\/strong>, que a m\u00e9s, es mantindran per a les pr\u00f2ximes Festes si es poden celebrar amb normalitat en 2022. A m\u00e9s detallen que <strong>la mateixa Confraria de Sant Jordi realitzar\u00e0 en abril actes religiosos en honor al patr\u00f3 del municipi<\/strong> complint amb totes les mesures que dicten les autoritats sanit\u00e0ries en aquest moment concret. Per \u00faltim tant la Comissi\u00f3 de Festes com la mencionada Confraria <strong>han fet una crida a la responsabilitat<\/strong> per a evitar situacions que impliquen <strong>qualsevol mena de risc<\/strong> durant els dies en els quals hagueren tingut lloc les Festes patronals.<\/p>\n<p style=\"text-align: justify;\">Les Festes de Banyeres de Mariola <strong>se suspenen per segon any consecutiu<\/strong>, ja que en 2020 tampoc es van poder celebrar per <strong>trobar-nos en ple confinament<\/strong> per a frenar la primera onada de la pand\u00e8mia.<\/p>\n","protected":false},"excerpt":{"rendered":"<p>Banyeres de Mariola tamb\u00e9 ha comunicat la suspensi\u00f3 de les Festes de Moros i Cristians per al 2021 a causa&#8230;<\/p>\n","protected":false},"author":1,"featured_media":41708,"comment_status":"open","ping_status":"open","sticky":false,"template":"","format":"standard","meta":{"footnotes":""},"categories":[98,75],"tags":[425,7281,10050,2002],"class_list":["post-71191","post","type-post","status-publish","format-standard","has-post-thumbnail","hentry","category-comarcas","category-noticias","tag-banyeres","tag-coronavirus","tag-crisis-sanitaria","tag-festes-de-moros-i-cristians"],"yoast_head":"<!-- This site is optimized with the Yoast SEO plugin v27.3 - https:\/\/yoast.com\/product\/yoast-seo-wordpress\/ -->\n<title>Banyeres tamb\u00e9 susp\u00e9n les Festes de Moros i Cristians del 2021 - COPE Alcoy<\/title>\n<meta name=\"robots\" content=\"index, follow, max-snippet:-1, max-image-preview:large, max-video-preview:-1\" \/>\n<link rel=\"canonical\" href=\"https:\/\/www.copealcoy.es\/es\/banyeres-tambe-suspen-les-festes-de-moros-i-cristians-del-2021\/\" \/>\n<meta property=\"og:locale\" content=\"es_ES\" \/>\n<meta property=\"og:type\" content=\"article\" \/>\n<meta property=\"og:title\" content=\"Banyeres tamb\u00e9 susp\u00e9n les Festes de Moros i Cristians del 2021 - COPE Alcoy\" \/>\n<meta property=\"og:description\" content=\"Banyeres de Mariola tamb\u00e9 ha comunicat la suspensi\u00f3 de les Festes de Moros i Cristians per al 2021 a causa...\" \/>\n<meta property=\"og:url\" content=\"https:\/\/www.copealcoy.es\/es\/banyeres-tambe-suspen-les-festes-de-moros-i-cristians-del-2021\/\" \/>\n<meta property=\"og:site_name\" content=\"COPE Alcoy\" \/>\n<meta property=\"article:published_time\" content=\"2021-02-22T09:01:25+00:00\" \/>\n<meta property=\"article:modified_time\" content=\"2021-02-22T09:20:01+00:00\" \/>\n<meta property=\"og:image\" content=\"https:\/\/www.copealcoy.es\/wp-content\/uploads\/2018\/04\/31318263_1530432410401980_910719824814931968_n-e1525088733701.jpg\" \/>\n\t<meta property=\"og:image:width\" content=\"957\" \/>\n\t<meta property=\"og:image:height\" content=\"411\" \/>\n\t<meta property=\"og:image:type\" content=\"image\/jpeg\" \/>\n<meta name=\"author\" content=\"Cope Alcoy\" \/>\n<meta name=\"twitter:label1\" content=\"Escrito por\" \/>\n\t<meta name=\"twitter:data1\" content=\"Cope Alcoy\" \/>\n\t<meta name=\"twitter:label2\" content=\"Tiempo de lectura\" \/>\n\t<meta name=\"twitter:data2\" content=\"1 minuto\" \/>\n<script type=\"application\/ld+json\" class=\"yoast-schema-graph\">{\"@context\":\"https:\\\/\\\/schema.org\",\"@graph\":[{\"@type\":\"Article\",\"@id\":\"https:\\\/\\\/www.copealcoy.es\\\/es\\\/banyeres-tambe-suspen-les-festes-de-moros-i-cristians-del-2021\\\/#article\",\"isPartOf\":{\"@id\":\"https:\\\/\\\/www.copealcoy.es\\\/es\\\/banyeres-tambe-suspen-les-festes-de-moros-i-cristians-del-2021\\\/\"},\"author\":{\"name\":\"Cope Alcoy\",\"@id\":\"https:\\\/\\\/www.copealcoy.es\\\/es\\\/#\\\/schema\\\/person\\\/e777c87fa024e57d40170af9df39882c\"},\"headline\":\"Banyeres tamb\u00e9 susp\u00e9n les Festes de Moros i Cristians del 2021\",\"datePublished\":\"2021-02-22T09:01:25+00:00\",\"dateModified\":\"2021-02-22T09:20:01+00:00\",\"mainEntityOfPage\":{\"@id\":\"https:\\\/\\\/www.copealcoy.es\\\/es\\\/banyeres-tambe-suspen-les-festes-de-moros-i-cristians-del-2021\\\/\"},\"wordCount\":262,\"commentCount\":0,\"image\":{\"@id\":\"https:\\\/\\\/www.copealcoy.es\\\/es\\\/banyeres-tambe-suspen-les-festes-de-moros-i-cristians-del-2021\\\/#primaryimage\"},\"thumbnailUrl\":\"https:\\\/\\\/www.copealcoy.es\\\/wp-content\\\/uploads\\\/2018\\\/04\\\/31318263_1530432410401980_910719824814931968_n-e1525088733701.jpg\",\"keywords\":[\"Banyeres\",\"Coronavirus\",\"crisis sanitaria\",\"Festes de Moros i Cristians\"],\"articleSection\":[\"Comarcas\",\"Noticias\"],\"inLanguage\":\"es\"},{\"@type\":\"WebPage\",\"@id\":\"https:\\\/\\\/www.copealcoy.es\\\/es\\\/banyeres-tambe-suspen-les-festes-de-moros-i-cristians-del-2021\\\/\",\"url\":\"https:\\\/\\\/www.copealcoy.es\\\/es\\\/banyeres-tambe-suspen-les-festes-de-moros-i-cristians-del-2021\\\/\",\"name\":\"Banyeres tamb\u00e9 susp\u00e9n les Festes de Moros i Cristians del 2021 - COPE Alcoy\",\"isPartOf\":{\"@id\":\"https:\\\/\\\/www.copealcoy.es\\\/es\\\/#website\"},\"primaryImageOfPage\":{\"@id\":\"https:\\\/\\\/www.copealcoy.es\\\/es\\\/banyeres-tambe-suspen-les-festes-de-moros-i-cristians-del-2021\\\/#primaryimage\"},\"image\":{\"@id\":\"https:\\\/\\\/www.copealcoy.es\\\/es\\\/banyeres-tambe-suspen-les-festes-de-moros-i-cristians-del-2021\\\/#primaryimage\"},\"thumbnailUrl\":\"https:\\\/\\\/www.copealcoy.es\\\/wp-content\\\/uploads\\\/2018\\\/04\\\/31318263_1530432410401980_910719824814931968_n-e1525088733701.jpg\",\"datePublished\":\"2021-02-22T09:01:25+00:00\",\"dateModified\":\"2021-02-22T09:20:01+00:00\",\"author\":{\"@id\":\"https:\\\/\\\/www.copealcoy.es\\\/es\\\/#\\\/schema\\\/person\\\/e777c87fa024e57d40170af9df39882c\"},\"breadcrumb\":{\"@id\":\"https:\\\/\\\/www.copealcoy.es\\\/es\\\/banyeres-tambe-suspen-les-festes-de-moros-i-cristians-del-2021\\\/#breadcrumb\"},\"inLanguage\":\"es\",\"potentialAction\":[{\"@type\":\"ReadAction\",\"target\":[\"https:\\\/\\\/www.copealcoy.es\\\/es\\\/banyeres-tambe-suspen-les-festes-de-moros-i-cristians-del-2021\\\/\"]}]},{\"@type\":\"ImageObject\",\"inLanguage\":\"es\",\"@id\":\"https:\\\/\\\/www.copealcoy.es\\\/es\\\/banyeres-tambe-suspen-les-festes-de-moros-i-cristians-del-2021\\\/#primaryimage\",\"url\":\"https:\\\/\\\/www.copealcoy.es\\\/wp-content\\\/uploads\\\/2018\\\/04\\\/31318263_1530432410401980_910719824814931968_n-e1525088733701.jpg\",\"contentUrl\":\"https:\\\/\\\/www.copealcoy.es\\\/wp-content\\\/uploads\\\/2018\\\/04\\\/31318263_1530432410401980_910719824814931968_n-e1525088733701.jpg\",\"width\":957,\"height\":411,\"caption\":\"La procesi\u00f3n de San Jorge fue uno de los actos destacados de las Fiestas \\\/ Foto: Cipriano Forn\u00e0s\"},{\"@type\":\"BreadcrumbList\",\"@id\":\"https:\\\/\\\/www.copealcoy.es\\\/es\\\/banyeres-tambe-suspen-les-festes-de-moros-i-cristians-del-2021\\\/#breadcrumb\",\"itemListElement\":[{\"@type\":\"ListItem\",\"position\":1,\"name\":\"Portada\",\"item\":\"https:\\\/\\\/www.copealcoy.es\\\/es\\\/\"},{\"@type\":\"ListItem\",\"position\":2,\"name\":\"Banyeres tamb\u00e9 susp\u00e9n les Festes de Moros i Cristians del 2021\"}]},{\"@type\":\"WebSite\",\"@id\":\"https:\\\/\\\/www.copealcoy.es\\\/es\\\/#website\",\"url\":\"https:\\\/\\\/www.copealcoy.es\\\/es\\\/\",\"name\":\"COPE Alcoy\",\"description\":\"Emisora COPE de radio local con emisi\u00f3n online. Pont de Sant Jordi 8-10 03803 Alcoy\",\"potentialAction\":[{\"@type\":\"SearchAction\",\"target\":{\"@type\":\"EntryPoint\",\"urlTemplate\":\"https:\\\/\\\/www.copealcoy.es\\\/es\\\/?s={search_term_string}\"},\"query-input\":{\"@type\":\"PropertyValueSpecification\",\"valueRequired\":true,\"valueName\":\"search_term_string\"}}],\"inLanguage\":\"es\"},{\"@type\":\"Person\",\"@id\":\"https:\\\/\\\/www.copealcoy.es\\\/es\\\/#\\\/schema\\\/person\\\/e777c87fa024e57d40170af9df39882c\",\"name\":\"Cope Alcoy\",\"image\":{\"@type\":\"ImageObject\",\"inLanguage\":\"es\",\"@id\":\"https:\\\/\\\/secure.gravatar.com\\\/avatar\\\/bb65d0283347e303893ba14f0692005417c1e0e690a325a4c5d8bb2b3943ee14?s=96&d=mm&r=g\",\"url\":\"https:\\\/\\\/secure.gravatar.com\\\/avatar\\\/bb65d0283347e303893ba14f0692005417c1e0e690a325a4c5d8bb2b3943ee14?s=96&d=mm&r=g\",\"contentUrl\":\"https:\\\/\\\/secure.gravatar.com\\\/avatar\\\/bb65d0283347e303893ba14f0692005417c1e0e690a325a4c5d8bb2b3943ee14?s=96&d=mm&r=g\",\"caption\":\"Cope Alcoy\"}}]}<\/script>\n<!-- \/ Yoast SEO plugin. -->","yoast_head_json":{"title":"Banyeres tamb\u00e9 susp\u00e9n les Festes de Moros i Cristians del 2021 - COPE Alcoy","robots":{"index":"index","follow":"follow","max-snippet":"max-snippet:-1","max-image-preview":"max-image-preview:large","max-video-preview":"max-video-preview:-1"},"canonical":"https:\/\/www.copealcoy.es\/es\/banyeres-tambe-suspen-les-festes-de-moros-i-cristians-del-2021\/","og_locale":"es_ES","og_type":"article","og_title":"Banyeres tamb\u00e9 susp\u00e9n les Festes de Moros i Cristians del 2021 - COPE Alcoy","og_description":"Banyeres de Mariola tamb\u00e9 ha comunicat la suspensi\u00f3 de les Festes de Moros i Cristians per al 2021 a causa...","og_url":"https:\/\/www.copealcoy.es\/es\/banyeres-tambe-suspen-les-festes-de-moros-i-cristians-del-2021\/","og_site_name":"COPE Alcoy","article_published_time":"2021-02-22T09:01:25+00:00","article_modified_time":"2021-02-22T09:20:01+00:00","og_image":[{"width":957,"height":411,"url":"https:\/\/www.copealcoy.es\/wp-content\/uploads\/2018\/04\/31318263_1530432410401980_910719824814931968_n-e1525088733701.jpg","type":"image\/jpeg"}],"author":"Cope Alcoy","twitter_misc":{"Escrito por":"Cope Alcoy","Tiempo de lectura":"1 minuto"},"schema":{"@context":"https:\/\/schema.org","@graph":[{"@type":"Article","@id":"https:\/\/www.copealcoy.es\/es\/banyeres-tambe-suspen-les-festes-de-moros-i-cristians-del-2021\/#article","isPartOf":{"@id":"https:\/\/www.copealcoy.es\/es\/banyeres-tambe-suspen-les-festes-de-moros-i-cristians-del-2021\/"},"author":{"name":"Cope Alcoy","@id":"https:\/\/www.copealcoy.es\/es\/#\/schema\/person\/e777c87fa024e57d40170af9df39882c"},"headline":"Banyeres tamb\u00e9 susp\u00e9n les Festes de Moros i Cristians del 2021","datePublished":"2021-02-22T09:01:25+00:00","dateModified":"2021-02-22T09:20:01+00:00","mainEntityOfPage":{"@id":"https:\/\/www.copealcoy.es\/es\/banyeres-tambe-suspen-les-festes-de-moros-i-cristians-del-2021\/"},"wordCount":262,"commentCount":0,"image":{"@id":"https:\/\/www.copealcoy.es\/es\/banyeres-tambe-suspen-les-festes-de-moros-i-cristians-del-2021\/#primaryimage"},"thumbnailUrl":"https:\/\/www.copealcoy.es\/wp-content\/uploads\/2018\/04\/31318263_1530432410401980_910719824814931968_n-e1525088733701.jpg","keywords":["Banyeres","Coronavirus","crisis sanitaria","Festes de Moros i Cristians"],"articleSection":["Comarcas","Noticias"],"inLanguage":"es"},{"@type":"WebPage","@id":"https:\/\/www.copealcoy.es\/es\/banyeres-tambe-suspen-les-festes-de-moros-i-cristians-del-2021\/","url":"https:\/\/www.copealcoy.es\/es\/banyeres-tambe-suspen-les-festes-de-moros-i-cristians-del-2021\/","name":"Banyeres tamb\u00e9 susp\u00e9n les Festes de Moros i Cristians del 2021 - COPE Alcoy","isPartOf":{"@id":"https:\/\/www.copealcoy.es\/es\/#website"},"primaryImageOfPage":{"@id":"https:\/\/www.copealcoy.es\/es\/banyeres-tambe-suspen-les-festes-de-moros-i-cristians-del-2021\/#primaryimage"},"image":{"@id":"https:\/\/www.copealcoy.es\/es\/banyeres-tambe-suspen-les-festes-de-moros-i-cristians-del-2021\/#primaryimage"},"thumbnailUrl":"https:\/\/www.copealcoy.es\/wp-content\/uploads\/2018\/04\/31318263_1530432410401980_910719824814931968_n-e1525088733701.jpg","datePublished":"2021-02-22T09:01:25+00:00","dateModified":"2021-02-22T09:20:01+00:00","author":{"@id":"https:\/\/www.copealcoy.es\/es\/#\/schema\/person\/e777c87fa024e57d40170af9df39882c"},"breadcrumb":{"@id":"https:\/\/www.copealcoy.es\/es\/banyeres-tambe-suspen-les-festes-de-moros-i-cristians-del-2021\/#breadcrumb"},"inLanguage":"es","potentialAction":[{"@type":"ReadAction","target":["https:\/\/www.copealcoy.es\/es\/banyeres-tambe-suspen-les-festes-de-moros-i-cristians-del-2021\/"]}]},{"@type":"ImageObject","inLanguage":"es","@id":"https:\/\/www.copealcoy.es\/es\/banyeres-tambe-suspen-les-festes-de-moros-i-cristians-del-2021\/#primaryimage","url":"https:\/\/www.copealcoy.es\/wp-content\/uploads\/2018\/04\/31318263_1530432410401980_910719824814931968_n-e1525088733701.jpg","contentUrl":"https:\/\/www.copealcoy.es\/wp-content\/uploads\/2018\/04\/31318263_1530432410401980_910719824814931968_n-e1525088733701.jpg","width":957,"height":411,"caption":"La procesi\u00f3n de San Jorge fue uno de los actos destacados de las Fiestas \/ Foto: Cipriano Forn\u00e0s"},{"@type":"BreadcrumbList","@id":"https:\/\/www.copealcoy.es\/es\/banyeres-tambe-suspen-les-festes-de-moros-i-cristians-del-2021\/#breadcrumb","itemListElement":[{"@type":"ListItem","position":1,"name":"Portada","item":"https:\/\/www.copealcoy.es\/es\/"},{"@type":"ListItem","position":2,"name":"Banyeres tamb\u00e9 susp\u00e9n les Festes de Moros i Cristians del 2021"}]},{"@type":"WebSite","@id":"https:\/\/www.copealcoy.es\/es\/#website","url":"https:\/\/www.copealcoy.es\/es\/","name":"COPE Alcoy","description":"Emisora COPE de radio local con emisi\u00f3n online. Pont de Sant Jordi 8-10 03803 Alcoy","potentialAction":[{"@type":"SearchAction","target":{"@type":"EntryPoint","urlTemplate":"https:\/\/www.copealcoy.es\/es\/?s={search_term_string}"},"query-input":{"@type":"PropertyValueSpecification","valueRequired":true,"valueName":"search_term_string"}}],"inLanguage":"es"},{"@type":"Person","@id":"https:\/\/www.copealcoy.es\/es\/#\/schema\/person\/e777c87fa024e57d40170af9df39882c","name":"Cope Alcoy","image":{"@type":"ImageObject","inLanguage":"es","@id":"https:\/\/secure.gravatar.com\/avatar\/bb65d0283347e303893ba14f0692005417c1e0e690a325a4c5d8bb2b3943ee14?s=96&d=mm&r=g","url":"https:\/\/secure.gravatar.com\/avatar\/bb65d0283347e303893ba14f0692005417c1e0e690a325a4c5d8bb2b3943ee14?s=96&d=mm&r=g","contentUrl":"https:\/\/secure.gravatar.com\/avatar\/bb65d0283347e303893ba14f0692005417c1e0e690a325a4c5d8bb2b3943ee14?s=96&d=mm&r=g","caption":"Cope Alcoy"}}]}},"_links":{"self":[{"href":"https:\/\/www.copealcoy.es\/es\/wp-json\/wp\/v2\/posts\/71191","targetHints":{"allow":["GET"]}}],"collection":[{"href":"https:\/\/www.copealcoy.es\/es\/wp-json\/wp\/v2\/posts"}],"about":[{"href":"https:\/\/www.copealcoy.es\/es\/wp-json\/wp\/v2\/types\/post"}],"author":[{"embeddable":true,"href":"https:\/\/www.copealcoy.es\/es\/wp-json\/wp\/v2\/users\/1"}],"replies":[{"embeddable":true,"href":"https:\/\/www.copealcoy.es\/es\/wp-json\/wp\/v2\/comments?post=71191"}],"version-history":[{"count":0,"href":"https:\/\/www.copealcoy.es\/es\/wp-json\/wp\/v2\/posts\/71191\/revisions"}],"wp:featuredmedia":[{"embeddable":true,"href":"https:\/\/www.copealcoy.es\/es\/wp-json\/wp\/v2\/media\/41708"}],"wp:attachment":[{"href":"https:\/\/www.copealcoy.es\/es\/wp-json\/wp\/v2\/media?parent=71191"}],"wp:term":[{"taxonomy":"category","embeddable":true,"href":"https:\/\/www.copealcoy.es\/es\/wp-json\/wp\/v2\/categories?post=71191"},{"taxonomy":"post_tag","embeddable":true,"href":"https:\/\/www.copealcoy.es\/es\/wp-json\/wp\/v2\/tags?post=71191"}],"curies":[{"name":"wp","href":"https:\/\/api.w.org\/{rel}","templated":true}]}}