{"id":71033,"date":"2021-02-17T12:52:38","date_gmt":"2021-02-17T11:52:38","guid":{"rendered":"https:\/\/www.copealcoy.es\/?p=71033"},"modified":"2021-02-17T13:00:54","modified_gmt":"2021-02-17T12:00:54","slug":"el-union-alcoyana-fs-golea-al-novelda-en-el-reinicio-de-la-competicion","status":"publish","type":"post","link":"https:\/\/www.copealcoy.es\/es\/el-union-alcoyana-fs-golea-al-novelda-en-el-reinicio-de-la-competicion\/","title":{"rendered":"El Uni\u00f3n Alcoyana FS golea al Novelda en el reinicio de la competici\u00f3n"},"content":{"rendered":"<p style=\"text-align: justify;\">Volvi\u00f3 a competir <strong>el Uni\u00f3n Alcoyana FS<\/strong>. Tras mes y medio <strong>sin poder disputar ning\u00fan encuentro por la situaci\u00f3n sanitaria en la ciudad<\/strong>, el equipo <strong>volv\u00eda al parqu\u00e9 del Francisco Laporta<\/strong> para disputar <strong>el primero de los encuentros<\/strong> aplazados que le esperan en las pr\u00f3ximas fechas, en este caso <strong>el perteneciente a la jornada 14 del campeonato de liga<\/strong>, \u00faltima de campeonato.<\/p>\n<p style=\"text-align: justify;\">El s\u00e1bado 13 a las 17:30h<strong> arranc\u00f3 el choque frente a CFS Racing de Novelda<\/strong>, rival directo en la clasificaci\u00f3n y ante el que <strong>se obtuvo un empate a 5 en la primera vuelta<\/strong>.<\/p>\n<p style=\"text-align: justify;\">El m\u00edster alcoyano opt\u00f3 por salir con <strong>Javi Moyano<\/strong> en porter\u00eda, <strong>Vercher, Bili, Dako y Tito<\/strong>. Mientras que <strong>en el banquillo esperaban Tekio (ps)<\/strong>, <strong>Borja Jord\u00e1, Pablo Sanz, Pablo Garc\u00eda y Ximo<\/strong>. Eran baja<strong> Iago y Carmona<\/strong>.<\/p>\n<p style=\"text-align: justify;\">El encuentro <strong>comenz\u00f3 vibrante<\/strong>. Una buena ocasi\u00f3n para los locales y <strong>varias jugadas de estrategia<\/strong> eran el preludi\u00f3 del partidazo que se vio en el Francisco Laporta. Tras el fuerte arranque de los locales, <strong>Novelda se hizo con la posesi\u00f3n<\/strong>. Un gran juego entre l\u00edneas y <strong>una gran presi\u00f3n<\/strong> hac\u00edan que los visitantes dominaran el bal\u00f3n. Pese a ello, ocasiones repartidas. Los noveldenses <strong>no traduc\u00edan la posesi\u00f3n con claridad en las llegadas<\/strong> y <strong>los alcoyanos sal\u00edan r\u00e1pido a las contras y con balones a p\u00edvot<\/strong> trataban de deshacerse de la presi\u00f3n asfixiante del rival.<\/p>\n<p style=\"text-align: justify;\">Sser\u00edan los visitantes los que<strong> golpear\u00edan primero<\/strong>. Una buena jugada por banda superando a dos jugadores alcoyanos y <strong>la salida de Moyano pon\u00eda el 0-1 en el marcador (14\u2032)<\/strong>.\u00a0 Pero como ya vimos en el primer tramo de temporada <strong>el resultado adverso no hace si no mejorar a los alcoyanos<\/strong> que subieron la presi\u00f3n para tratar de evitar el juego c\u00f3modo del rival y mejoraron en la salida de bal\u00f3n. Fruto de ello, tras una salida de presi\u00f3n con una gran jugada por banda de Bili, <strong>ced\u00eda al segundo palo para que Tito pusiera el empate en el marcador (1-1 en el 16\u2032)<\/strong>.\u00a0 Y no acabar\u00eda ah\u00ed la cosa. A falta de 50 segundos para finalizar la primera parte, <strong>los locales se adelantar\u00edan en el marcador<\/strong> tras una nueva buena salida de presi\u00f3n del equipo alcoyano y, <strong>esta vez Dako<\/strong>, al segundo palo <strong>pondr\u00eda el 2-1 (19\u2032)<\/strong>. Tard\u00f3 en moverse el electr\u00f3nico pero lo hizo y de qu\u00e9 manera para los nuestros.<\/p>\n<p style=\"text-align: justify;\">La <strong>segunda parte<\/strong> fue si cabe m\u00e1s emocionante que la primera. Ambos equipos con <strong>la presi\u00f3n alta<\/strong> y buscando constantemente la porter\u00eda rival. Poco <strong>tard\u00f3 en moverse<\/strong> el marcador de nuevo. A los dos minutos, <strong>Sanz finalizaba al segundo palo una jugada de estrategia subiendo el 3-1 al marcador (22\u2032)<\/strong>. Los locales cog\u00edan ventaja y el partido adoptaba un ritmo fren\u00e9tico con 8 goles en apenas 12 minutos. Primero <strong>Bili pondr\u00eda el 4-1 con el gol de la tarde (27\u2032)<\/strong>. Un zurdazo desde 10 metros tras un saque de esquina <strong>se colar\u00eda por toda la escuadra<\/strong> ante la mirada at\u00f3nita de locales y visitantes. Con este resultado, <strong>Pascual Sepulcre opt\u00f3 por el portero jugador cuando aun restaban m\u00e1s de 10 minutos para acabar el partido<\/strong>. Novelda cre\u00f3 varias ocasiones de peligro aprovechando la superioridad, sin embargo, <strong>un robo de bal\u00f3n de Tito y un tiro desde su campo supondr\u00eda el 5-1 para los alcoyanos (31\u2032)<\/strong>. A falta de 7\u2032 para finalizar el encuentro <strong>Tito de nuevo distanciaba m\u00e1s al Uni\u00f3n Alcoyana FS en el marcador subiendo el 6-1 en el electr\u00f3nico<\/strong> tras finalizar un saque de esquina al segundo palo y certificar su particular hat-trick (33\u2032). Parec\u00eda que el partido estaba resuelto para los locales, pero dos goles pr\u00e1cticamente consecutivos del Novelda<strong> supon\u00edan el 6-3 con 6\u2032 por delante (34\u2032)<\/strong>. En f\u00fatbol sala puede pasar de todo. Los celestes esta vez no iban a dejar escapar el partido y su reacci\u00f3n no se hizo esperar. En la siguiente jugada <strong>Tito condujo una contra que acabar\u00eda Dako al segundo palo, 7-3 (35\u2032)<\/strong>. Y medio minuto despu\u00e9s, <strong>Bili sentenciar\u00eda el encuentro, recuperaba el bal\u00f3n con Novelda jugado de 5 y pon\u00eda el 8-3 desde su campo (35\u2032)<\/strong>. A tres minutos para el final, <strong>una buena jugada de Pablo Garc\u00eda la finalizar\u00eda Borja con un fuerte disparo desde la frontal colocando el 9-3 con el que finalizar\u00eda el encuentro (37\u2032)<\/strong>.<\/p>\n<p style=\"text-align: justify;\">Se volvi\u00f3 para reiniciar el campeonato en este 2021 y se volvi\u00f3 a lo grande. <strong>Contundente victoria<\/strong> frente a un rival directo que coloca moment\u00e1neamente, pues hay muchos partidos aplazados, <strong>al Uni\u00f3n Alcoyana FS como l\u00edder del Grupo XV-A<\/strong>.<\/p>\n<p style=\"text-align: justify;\">Destacar el trabajo de todo el equipo que, pese a llevar tan solo dos semanas entrenando, <strong>demostraron estar a un nivel f\u00edsico y mental alto<\/strong>.<\/p>\n<p style=\"text-align: justify;\">El pr\u00f3ximo s\u00e1bado <strong>nueva final<\/strong> para el equipo. De nuevo en casa, <strong>frente a La Nucia FS a las 18h<\/strong>.<\/p>\n","protected":false},"excerpt":{"rendered":"<p>Volvi\u00f3 a competir el Uni\u00f3n Alcoyana FS. Tras mes y medio sin poder disputar ning\u00fan encuentro por la situaci\u00f3n sanitaria&#8230;<\/p>\n","protected":false},"author":1,"featured_media":71034,"comment_status":"open","ping_status":"open","sticky":false,"template":"","format":"standard","meta":{"footnotes":""},"categories":[97,92,75],"tags":[1346,4825,300,10854,3284],"class_list":["post-71033","post","type-post","status-publish","format-standard","has-post-thumbnail","hentry","category-alcoy","category-deportes","category-noticias","tag-liga","tag-novelda","tag-partido","tag-reinicio-competicion","tag-union-alcoyana-fs"],"yoast_head":"<!-- This site is optimized with the Yoast SEO plugin v27.3 - https:\/\/yoast.com\/product\/yoast-seo-wordpress\/ -->\n<title>El Uni\u00f3n Alcoyana FS golea al Novelda en el reinicio de la competici\u00f3n - COPE Alcoy<\/title>\n<meta name=\"robots\" content=\"index, follow, max-snippet:-1, max-image-preview:large, max-video-preview:-1\" \/>\n<link rel=\"canonical\" href=\"https:\/\/www.copealcoy.es\/es\/el-union-alcoyana-fs-golea-al-novelda-en-el-reinicio-de-la-competicion\/\" \/>\n<meta property=\"og:locale\" content=\"es_ES\" \/>\n<meta property=\"og:type\" content=\"article\" \/>\n<meta property=\"og:title\" content=\"El Uni\u00f3n Alcoyana FS golea al Novelda en el reinicio de la competici\u00f3n - COPE Alcoy\" \/>\n<meta property=\"og:description\" content=\"Volvi\u00f3 a competir el Uni\u00f3n Alcoyana FS. Tras mes y medio sin poder disputar ning\u00fan encuentro por la situaci\u00f3n sanitaria...\" \/>\n<meta property=\"og:url\" content=\"https:\/\/www.copealcoy.es\/es\/el-union-alcoyana-fs-golea-al-novelda-en-el-reinicio-de-la-competicion\/\" \/>\n<meta property=\"og:site_name\" content=\"COPE Alcoy\" \/>\n<meta property=\"article:published_time\" content=\"2021-02-17T11:52:38+00:00\" \/>\n<meta property=\"article:modified_time\" content=\"2021-02-17T12:00:54+00:00\" \/>\n<meta property=\"og:image\" content=\"https:\/\/www.copealcoy.es\/wp-content\/uploads\/2021\/02\/PrevioJ14-Novelda-1.jpeg\" \/>\n\t<meta property=\"og:image:width\" content=\"1310\" \/>\n\t<meta property=\"og:image:height\" content=\"873\" \/>\n\t<meta property=\"og:image:type\" content=\"image\/jpeg\" \/>\n<meta name=\"author\" content=\"Cope Alcoy\" \/>\n<meta name=\"twitter:label1\" content=\"Escrito por\" \/>\n\t<meta name=\"twitter:data1\" content=\"Cope Alcoy\" \/>\n\t<meta name=\"twitter:label2\" content=\"Tiempo de lectura\" \/>\n\t<meta name=\"twitter:data2\" content=\"4 minutos\" \/>\n<script type=\"application\/ld+json\" class=\"yoast-schema-graph\">{\"@context\":\"https:\\\/\\\/schema.org\",\"@graph\":[{\"@type\":\"Article\",\"@id\":\"https:\\\/\\\/www.copealcoy.es\\\/es\\\/el-union-alcoyana-fs-golea-al-novelda-en-el-reinicio-de-la-competicion\\\/#article\",\"isPartOf\":{\"@id\":\"https:\\\/\\\/www.copealcoy.es\\\/es\\\/el-union-alcoyana-fs-golea-al-novelda-en-el-reinicio-de-la-competicion\\\/\"},\"author\":{\"name\":\"Cope Alcoy\",\"@id\":\"https:\\\/\\\/www.copealcoy.es\\\/es\\\/#\\\/schema\\\/person\\\/e777c87fa024e57d40170af9df39882c\"},\"headline\":\"El Uni\u00f3n Alcoyana FS golea al Novelda en el reinicio de la competici\u00f3n\",\"datePublished\":\"2021-02-17T11:52:38+00:00\",\"dateModified\":\"2021-02-17T12:00:54+00:00\",\"mainEntityOfPage\":{\"@id\":\"https:\\\/\\\/www.copealcoy.es\\\/es\\\/el-union-alcoyana-fs-golea-al-novelda-en-el-reinicio-de-la-competicion\\\/\"},\"wordCount\":850,\"commentCount\":0,\"image\":{\"@id\":\"https:\\\/\\\/www.copealcoy.es\\\/es\\\/el-union-alcoyana-fs-golea-al-novelda-en-el-reinicio-de-la-competicion\\\/#primaryimage\"},\"thumbnailUrl\":\"https:\\\/\\\/www.copealcoy.es\\\/wp-content\\\/uploads\\\/2021\\\/02\\\/PrevioJ14-Novelda-1.jpeg\",\"keywords\":[\"Liga\",\"Novelda\",\"Partido\",\"reinicio competici\u00f3n\",\"Uni\u00f3n Alcoyana FS\"],\"articleSection\":[\"Alcoy\",\"Deportes\",\"Noticias\"],\"inLanguage\":\"es\"},{\"@type\":\"WebPage\",\"@id\":\"https:\\\/\\\/www.copealcoy.es\\\/es\\\/el-union-alcoyana-fs-golea-al-novelda-en-el-reinicio-de-la-competicion\\\/\",\"url\":\"https:\\\/\\\/www.copealcoy.es\\\/es\\\/el-union-alcoyana-fs-golea-al-novelda-en-el-reinicio-de-la-competicion\\\/\",\"name\":\"El Uni\u00f3n Alcoyana FS golea al Novelda en el reinicio de la competici\u00f3n - COPE Alcoy\",\"isPartOf\":{\"@id\":\"https:\\\/\\\/www.copealcoy.es\\\/es\\\/#website\"},\"primaryImageOfPage\":{\"@id\":\"https:\\\/\\\/www.copealcoy.es\\\/es\\\/el-union-alcoyana-fs-golea-al-novelda-en-el-reinicio-de-la-competicion\\\/#primaryimage\"},\"image\":{\"@id\":\"https:\\\/\\\/www.copealcoy.es\\\/es\\\/el-union-alcoyana-fs-golea-al-novelda-en-el-reinicio-de-la-competicion\\\/#primaryimage\"},\"thumbnailUrl\":\"https:\\\/\\\/www.copealcoy.es\\\/wp-content\\\/uploads\\\/2021\\\/02\\\/PrevioJ14-Novelda-1.jpeg\",\"datePublished\":\"2021-02-17T11:52:38+00:00\",\"dateModified\":\"2021-02-17T12:00:54+00:00\",\"author\":{\"@id\":\"https:\\\/\\\/www.copealcoy.es\\\/es\\\/#\\\/schema\\\/person\\\/e777c87fa024e57d40170af9df39882c\"},\"breadcrumb\":{\"@id\":\"https:\\\/\\\/www.copealcoy.es\\\/es\\\/el-union-alcoyana-fs-golea-al-novelda-en-el-reinicio-de-la-competicion\\\/#breadcrumb\"},\"inLanguage\":\"es\",\"potentialAction\":[{\"@type\":\"ReadAction\",\"target\":[\"https:\\\/\\\/www.copealcoy.es\\\/es\\\/el-union-alcoyana-fs-golea-al-novelda-en-el-reinicio-de-la-competicion\\\/\"]}]},{\"@type\":\"ImageObject\",\"inLanguage\":\"es\",\"@id\":\"https:\\\/\\\/www.copealcoy.es\\\/es\\\/el-union-alcoyana-fs-golea-al-novelda-en-el-reinicio-de-la-competicion\\\/#primaryimage\",\"url\":\"https:\\\/\\\/www.copealcoy.es\\\/wp-content\\\/uploads\\\/2021\\\/02\\\/PrevioJ14-Novelda-1.jpeg\",\"contentUrl\":\"https:\\\/\\\/www.copealcoy.es\\\/wp-content\\\/uploads\\\/2021\\\/02\\\/PrevioJ14-Novelda-1.jpeg\",\"width\":1310,\"height\":873},{\"@type\":\"BreadcrumbList\",\"@id\":\"https:\\\/\\\/www.copealcoy.es\\\/es\\\/el-union-alcoyana-fs-golea-al-novelda-en-el-reinicio-de-la-competicion\\\/#breadcrumb\",\"itemListElement\":[{\"@type\":\"ListItem\",\"position\":1,\"name\":\"Portada\",\"item\":\"https:\\\/\\\/www.copealcoy.es\\\/es\\\/\"},{\"@type\":\"ListItem\",\"position\":2,\"name\":\"El Uni\u00f3n Alcoyana FS golea al Novelda en el reinicio de la competici\u00f3n\"}]},{\"@type\":\"WebSite\",\"@id\":\"https:\\\/\\\/www.copealcoy.es\\\/es\\\/#website\",\"url\":\"https:\\\/\\\/www.copealcoy.es\\\/es\\\/\",\"name\":\"COPE Alcoy\",\"description\":\"Emisora COPE de radio local con emisi\u00f3n online. Pont de Sant Jordi 8-10 03803 Alcoy\",\"potentialAction\":[{\"@type\":\"SearchAction\",\"target\":{\"@type\":\"EntryPoint\",\"urlTemplate\":\"https:\\\/\\\/www.copealcoy.es\\\/es\\\/?s={search_term_string}\"},\"query-input\":{\"@type\":\"PropertyValueSpecification\",\"valueRequired\":true,\"valueName\":\"search_term_string\"}}],\"inLanguage\":\"es\"},{\"@type\":\"Person\",\"@id\":\"https:\\\/\\\/www.copealcoy.es\\\/es\\\/#\\\/schema\\\/person\\\/e777c87fa024e57d40170af9df39882c\",\"name\":\"Cope Alcoy\",\"image\":{\"@type\":\"ImageObject\",\"inLanguage\":\"es\",\"@id\":\"https:\\\/\\\/secure.gravatar.com\\\/avatar\\\/bb65d0283347e303893ba14f0692005417c1e0e690a325a4c5d8bb2b3943ee14?s=96&d=mm&r=g\",\"url\":\"https:\\\/\\\/secure.gravatar.com\\\/avatar\\\/bb65d0283347e303893ba14f0692005417c1e0e690a325a4c5d8bb2b3943ee14?s=96&d=mm&r=g\",\"contentUrl\":\"https:\\\/\\\/secure.gravatar.com\\\/avatar\\\/bb65d0283347e303893ba14f0692005417c1e0e690a325a4c5d8bb2b3943ee14?s=96&d=mm&r=g\",\"caption\":\"Cope Alcoy\"}}]}<\/script>\n<!-- \/ Yoast SEO plugin. -->","yoast_head_json":{"title":"El Uni\u00f3n Alcoyana FS golea al Novelda en el reinicio de la competici\u00f3n - COPE Alcoy","robots":{"index":"index","follow":"follow","max-snippet":"max-snippet:-1","max-image-preview":"max-image-preview:large","max-video-preview":"max-video-preview:-1"},"canonical":"https:\/\/www.copealcoy.es\/es\/el-union-alcoyana-fs-golea-al-novelda-en-el-reinicio-de-la-competicion\/","og_locale":"es_ES","og_type":"article","og_title":"El Uni\u00f3n Alcoyana FS golea al Novelda en el reinicio de la competici\u00f3n - COPE Alcoy","og_description":"Volvi\u00f3 a competir el Uni\u00f3n Alcoyana FS. Tras mes y medio sin poder disputar ning\u00fan encuentro por la situaci\u00f3n sanitaria...","og_url":"https:\/\/www.copealcoy.es\/es\/el-union-alcoyana-fs-golea-al-novelda-en-el-reinicio-de-la-competicion\/","og_site_name":"COPE Alcoy","article_published_time":"2021-02-17T11:52:38+00:00","article_modified_time":"2021-02-17T12:00:54+00:00","og_image":[{"width":1310,"height":873,"url":"https:\/\/www.copealcoy.es\/wp-content\/uploads\/2021\/02\/PrevioJ14-Novelda-1.jpeg","type":"image\/jpeg"}],"author":"Cope Alcoy","twitter_misc":{"Escrito por":"Cope Alcoy","Tiempo de lectura":"4 minutos"},"schema":{"@context":"https:\/\/schema.org","@graph":[{"@type":"Article","@id":"https:\/\/www.copealcoy.es\/es\/el-union-alcoyana-fs-golea-al-novelda-en-el-reinicio-de-la-competicion\/#article","isPartOf":{"@id":"https:\/\/www.copealcoy.es\/es\/el-union-alcoyana-fs-golea-al-novelda-en-el-reinicio-de-la-competicion\/"},"author":{"name":"Cope Alcoy","@id":"https:\/\/www.copealcoy.es\/es\/#\/schema\/person\/e777c87fa024e57d40170af9df39882c"},"headline":"El Uni\u00f3n Alcoyana FS golea al Novelda en el reinicio de la competici\u00f3n","datePublished":"2021-02-17T11:52:38+00:00","dateModified":"2021-02-17T12:00:54+00:00","mainEntityOfPage":{"@id":"https:\/\/www.copealcoy.es\/es\/el-union-alcoyana-fs-golea-al-novelda-en-el-reinicio-de-la-competicion\/"},"wordCount":850,"commentCount":0,"image":{"@id":"https:\/\/www.copealcoy.es\/es\/el-union-alcoyana-fs-golea-al-novelda-en-el-reinicio-de-la-competicion\/#primaryimage"},"thumbnailUrl":"https:\/\/www.copealcoy.es\/wp-content\/uploads\/2021\/02\/PrevioJ14-Novelda-1.jpeg","keywords":["Liga","Novelda","Partido","reinicio competici\u00f3n","Uni\u00f3n Alcoyana FS"],"articleSection":["Alcoy","Deportes","Noticias"],"inLanguage":"es"},{"@type":"WebPage","@id":"https:\/\/www.copealcoy.es\/es\/el-union-alcoyana-fs-golea-al-novelda-en-el-reinicio-de-la-competicion\/","url":"https:\/\/www.copealcoy.es\/es\/el-union-alcoyana-fs-golea-al-novelda-en-el-reinicio-de-la-competicion\/","name":"El Uni\u00f3n Alcoyana FS golea al Novelda en el reinicio de la competici\u00f3n - COPE Alcoy","isPartOf":{"@id":"https:\/\/www.copealcoy.es\/es\/#website"},"primaryImageOfPage":{"@id":"https:\/\/www.copealcoy.es\/es\/el-union-alcoyana-fs-golea-al-novelda-en-el-reinicio-de-la-competicion\/#primaryimage"},"image":{"@id":"https:\/\/www.copealcoy.es\/es\/el-union-alcoyana-fs-golea-al-novelda-en-el-reinicio-de-la-competicion\/#primaryimage"},"thumbnailUrl":"https:\/\/www.copealcoy.es\/wp-content\/uploads\/2021\/02\/PrevioJ14-Novelda-1.jpeg","datePublished":"2021-02-17T11:52:38+00:00","dateModified":"2021-02-17T12:00:54+00:00","author":{"@id":"https:\/\/www.copealcoy.es\/es\/#\/schema\/person\/e777c87fa024e57d40170af9df39882c"},"breadcrumb":{"@id":"https:\/\/www.copealcoy.es\/es\/el-union-alcoyana-fs-golea-al-novelda-en-el-reinicio-de-la-competicion\/#breadcrumb"},"inLanguage":"es","potentialAction":[{"@type":"ReadAction","target":["https:\/\/www.copealcoy.es\/es\/el-union-alcoyana-fs-golea-al-novelda-en-el-reinicio-de-la-competicion\/"]}]},{"@type":"ImageObject","inLanguage":"es","@id":"https:\/\/www.copealcoy.es\/es\/el-union-alcoyana-fs-golea-al-novelda-en-el-reinicio-de-la-competicion\/#primaryimage","url":"https:\/\/www.copealcoy.es\/wp-content\/uploads\/2021\/02\/PrevioJ14-Novelda-1.jpeg","contentUrl":"https:\/\/www.copealcoy.es\/wp-content\/uploads\/2021\/02\/PrevioJ14-Novelda-1.jpeg","width":1310,"height":873},{"@type":"BreadcrumbList","@id":"https:\/\/www.copealcoy.es\/es\/el-union-alcoyana-fs-golea-al-novelda-en-el-reinicio-de-la-competicion\/#breadcrumb","itemListElement":[{"@type":"ListItem","position":1,"name":"Portada","item":"https:\/\/www.copealcoy.es\/es\/"},{"@type":"ListItem","position":2,"name":"El Uni\u00f3n Alcoyana FS golea al Novelda en el reinicio de la competici\u00f3n"}]},{"@type":"WebSite","@id":"https:\/\/www.copealcoy.es\/es\/#website","url":"https:\/\/www.copealcoy.es\/es\/","name":"COPE Alcoy","description":"Emisora COPE de radio local con emisi\u00f3n online. Pont de Sant Jordi 8-10 03803 Alcoy","potentialAction":[{"@type":"SearchAction","target":{"@type":"EntryPoint","urlTemplate":"https:\/\/www.copealcoy.es\/es\/?s={search_term_string}"},"query-input":{"@type":"PropertyValueSpecification","valueRequired":true,"valueName":"search_term_string"}}],"inLanguage":"es"},{"@type":"Person","@id":"https:\/\/www.copealcoy.es\/es\/#\/schema\/person\/e777c87fa024e57d40170af9df39882c","name":"Cope Alcoy","image":{"@type":"ImageObject","inLanguage":"es","@id":"https:\/\/secure.gravatar.com\/avatar\/bb65d0283347e303893ba14f0692005417c1e0e690a325a4c5d8bb2b3943ee14?s=96&d=mm&r=g","url":"https:\/\/secure.gravatar.com\/avatar\/bb65d0283347e303893ba14f0692005417c1e0e690a325a4c5d8bb2b3943ee14?s=96&d=mm&r=g","contentUrl":"https:\/\/secure.gravatar.com\/avatar\/bb65d0283347e303893ba14f0692005417c1e0e690a325a4c5d8bb2b3943ee14?s=96&d=mm&r=g","caption":"Cope Alcoy"}}]}},"_links":{"self":[{"href":"https:\/\/www.copealcoy.es\/es\/wp-json\/wp\/v2\/posts\/71033","targetHints":{"allow":["GET"]}}],"collection":[{"href":"https:\/\/www.copealcoy.es\/es\/wp-json\/wp\/v2\/posts"}],"about":[{"href":"https:\/\/www.copealcoy.es\/es\/wp-json\/wp\/v2\/types\/post"}],"author":[{"embeddable":true,"href":"https:\/\/www.copealcoy.es\/es\/wp-json\/wp\/v2\/users\/1"}],"replies":[{"embeddable":true,"href":"https:\/\/www.copealcoy.es\/es\/wp-json\/wp\/v2\/comments?post=71033"}],"version-history":[{"count":0,"href":"https:\/\/www.copealcoy.es\/es\/wp-json\/wp\/v2\/posts\/71033\/revisions"}],"wp:featuredmedia":[{"embeddable":true,"href":"https:\/\/www.copealcoy.es\/es\/wp-json\/wp\/v2\/media\/71034"}],"wp:attachment":[{"href":"https:\/\/www.copealcoy.es\/es\/wp-json\/wp\/v2\/media?parent=71033"}],"wp:term":[{"taxonomy":"category","embeddable":true,"href":"https:\/\/www.copealcoy.es\/es\/wp-json\/wp\/v2\/categories?post=71033"},{"taxonomy":"post_tag","embeddable":true,"href":"https:\/\/www.copealcoy.es\/es\/wp-json\/wp\/v2\/tags?post=71033"}],"curies":[{"name":"wp","href":"https:\/\/api.w.org\/{rel}","templated":true}]}}