{"id":70928,"date":"2021-02-15T10:14:33","date_gmt":"2021-02-15T09:14:33","guid":{"rendered":"https:\/\/www.copealcoy.es\/?p=70928"},"modified":"2021-02-15T10:15:41","modified_gmt":"2021-02-15T09:15:41","slug":"el-consell-prepara-una-desescalada-lenta-y-sin-prisa","status":"publish","type":"post","link":"https:\/\/www.copealcoy.es\/es\/el-consell-prepara-una-desescalada-lenta-y-sin-prisa\/","title":{"rendered":"El Consell prepara una desescalada &#8220;lenta y sin prisa&#8221;"},"content":{"rendered":"<p style=\"text-align: justify;\">El President de la <a href=\"http:\/\/www.gva.es\/\">Generalitat<\/a>,<strong>\u00a0Ximo Puig<\/strong>, avisa de que sobrepasado el mes de marzo, la\u00a0<strong>desescalada<\/strong>\u00a0de las restricciones ser\u00e1 <em>&#8220;lenta y gradual, sin prisas, sin agobios&#8221;<\/em>, pero asegura que <em>&#8220;las restricciones no durar\u00e1n ni un d\u00eda m\u00e1s de los que sean necesarios&#8221;<\/em>. Todo despu\u00e9s de anunciar que las restricciones vigentes en la actualidad se mantendr\u00e1n\u00a0<strong>hasta el 1 de marzo.<\/strong><\/p>\n<p style=\"text-align: justify;\">Puig ha justificado la decisi\u00f3n adoptada en que &#8220;<em>la\u00a0evoluci\u00f3n\u00a0de los datos es\u00a0positiva&#8221;<\/em> pero la situaci\u00f3n\u00a0<em>&#8220;todav\u00eda no es buena&#8221;<\/em>. Adem\u00e1s ha hecho alusi\u00f3n a los datos e indicadores de la incidencia del Coronavirus en la Comunitat Valenciana, as\u00ed como a la recomendaci\u00f3n de los expertos, y a la advertencia realizada a Espa\u00f1a por la Organizaci\u00f3n Mundial de la Salud de que deben mantenerse las restricciones vigentes.<\/p>\n<p style=\"text-align: justify;\">Asegura que las restricciones &#8220;<em>limitan derechos y generan situaciones injustas<\/em>&#8220;, pero sin embargo\u00a0<em>&#8220;no se pueden relajar porque no ser\u00eda responsable&#8221;<\/em>, por lo que &#8220;<em>durar\u00e1n el tiempo que resulte necesario<\/em>&#8220;.<\/p>\n<p style=\"text-align: justify;\">El Jefe del Consell ha destacado<strong> el gran esfuerzo realizado por la sociedad valenciana<\/strong> en las dos \u00faltimas semanas que seg\u00fan ha manifestado se ha traducido &#8220;<em>en unos resultados esperanzadores<\/em>&#8220;.<\/p>\n<p style=\"text-align: justify;\">En este sentido ha se\u00f1alado que durante los \u00faltimos 15 d\u00edas de restricciones se ha registrado un<strong>\u00a0descenso del 39% en las hospitalizaciones; ya inferiores a las 3.000, y se ha reducido la incidencia un 41%, con una ca\u00edda de 682 puntos, lo que supone registrar 777 casos por 100.000 habitantes.<\/strong><\/p>\n<p style=\"text-align: justify;\">Asimismo, ha destacado que actualmente las altas hospitalarias &#8220;<em>casi triplican<\/em>&#8221; los nuevos casos en esta \u00faltima semana, es decir que por cada nuevo positivo se registran 2,5 altas; y\u00a0<strong>en los \u00faltimos 10 d\u00edas el n\u00famero de personas enfermas por COVID-19 se ha reducido en 30.000<\/strong>, as\u00ed como el n\u00famero de hospitalizados en 2.000, en 17 d\u00edas.<\/p>\n","protected":false},"excerpt":{"rendered":"<p>El President de la Generalitat,\u00a0Ximo Puig, avisa de que sobrepasado el mes de marzo, la\u00a0desescalada\u00a0de las restricciones ser\u00e1 &#8220;lenta y&#8230;<\/p>\n","protected":false},"author":1,"featured_media":70929,"comment_status":"open","ping_status":"open","sticky":false,"template":"","format":"standard","meta":{"footnotes":""},"categories":[97,75,79],"tags":[479,7281,10050,7574,1728],"class_list":["post-70928","post","type-post","status-publish","format-standard","has-post-thumbnail","hentry","category-alcoy","category-noticias","category-politicayeconomia","tag-consell","tag-coronavirus","tag-crisis-sanitaria","tag-desescalada","tag-ximo-puig"],"yoast_head":"<!-- This site is optimized with the Yoast SEO plugin v27.3 - https:\/\/yoast.com\/product\/yoast-seo-wordpress\/ -->\n<title>El Consell prepara una desescalada &quot;lenta y sin prisa&quot; - COPE Alcoy<\/title>\n<meta name=\"robots\" content=\"index, follow, max-snippet:-1, max-image-preview:large, max-video-preview:-1\" \/>\n<link rel=\"canonical\" href=\"https:\/\/www.copealcoy.es\/es\/el-consell-prepara-una-desescalada-lenta-y-sin-prisa\/\" \/>\n<meta property=\"og:locale\" content=\"es_ES\" \/>\n<meta property=\"og:type\" content=\"article\" \/>\n<meta property=\"og:title\" content=\"El Consell prepara una desescalada &quot;lenta y sin prisa&quot; - COPE Alcoy\" \/>\n<meta property=\"og:description\" content=\"El President de la Generalitat,\u00a0Ximo Puig, avisa de que sobrepasado el mes de marzo, la\u00a0desescalada\u00a0de las restricciones ser\u00e1 &#8220;lenta y...\" \/>\n<meta property=\"og:url\" content=\"https:\/\/www.copealcoy.es\/es\/el-consell-prepara-una-desescalada-lenta-y-sin-prisa\/\" \/>\n<meta property=\"og:site_name\" content=\"COPE Alcoy\" \/>\n<meta property=\"article:published_time\" content=\"2021-02-15T09:14:33+00:00\" \/>\n<meta property=\"article:modified_time\" content=\"2021-02-15T09:15:41+00:00\" \/>\n<meta property=\"og:image\" content=\"https:\/\/www.copealcoy.es\/wp-content\/uploads\/2021\/02\/1603439065453.jpg\" \/>\n\t<meta property=\"og:image:width\" content=\"976\" \/>\n\t<meta property=\"og:image:height\" content=\"515\" \/>\n\t<meta property=\"og:image:type\" content=\"image\/jpeg\" \/>\n<meta name=\"author\" content=\"Cope Alcoy\" \/>\n<meta name=\"twitter:label1\" content=\"Escrito por\" \/>\n\t<meta name=\"twitter:data1\" content=\"Cope Alcoy\" \/>\n\t<meta name=\"twitter:label2\" content=\"Tiempo de lectura\" \/>\n\t<meta name=\"twitter:data2\" content=\"2 minutos\" \/>\n<script type=\"application\/ld+json\" class=\"yoast-schema-graph\">{\"@context\":\"https:\\\/\\\/schema.org\",\"@graph\":[{\"@type\":\"Article\",\"@id\":\"https:\\\/\\\/www.copealcoy.es\\\/es\\\/el-consell-prepara-una-desescalada-lenta-y-sin-prisa\\\/#article\",\"isPartOf\":{\"@id\":\"https:\\\/\\\/www.copealcoy.es\\\/es\\\/el-consell-prepara-una-desescalada-lenta-y-sin-prisa\\\/\"},\"author\":{\"name\":\"Cope Alcoy\",\"@id\":\"https:\\\/\\\/www.copealcoy.es\\\/es\\\/#\\\/schema\\\/person\\\/e777c87fa024e57d40170af9df39882c\"},\"headline\":\"El Consell prepara una desescalada &#8220;lenta y sin prisa&#8221;\",\"datePublished\":\"2021-02-15T09:14:33+00:00\",\"dateModified\":\"2021-02-15T09:15:41+00:00\",\"mainEntityOfPage\":{\"@id\":\"https:\\\/\\\/www.copealcoy.es\\\/es\\\/el-consell-prepara-una-desescalada-lenta-y-sin-prisa\\\/\"},\"wordCount\":319,\"commentCount\":0,\"image\":{\"@id\":\"https:\\\/\\\/www.copealcoy.es\\\/es\\\/el-consell-prepara-una-desescalada-lenta-y-sin-prisa\\\/#primaryimage\"},\"thumbnailUrl\":\"https:\\\/\\\/www.copealcoy.es\\\/wp-content\\\/uploads\\\/2021\\\/02\\\/1603439065453.jpg\",\"keywords\":[\"Consell\",\"Coronavirus\",\"crisis sanitaria\",\"desescalada\",\"Ximo Puig\"],\"articleSection\":[\"Alcoy\",\"Noticias\",\"Pol\u00edtica y Econom\u00eda\"],\"inLanguage\":\"es\"},{\"@type\":\"WebPage\",\"@id\":\"https:\\\/\\\/www.copealcoy.es\\\/es\\\/el-consell-prepara-una-desescalada-lenta-y-sin-prisa\\\/\",\"url\":\"https:\\\/\\\/www.copealcoy.es\\\/es\\\/el-consell-prepara-una-desescalada-lenta-y-sin-prisa\\\/\",\"name\":\"El Consell prepara una desescalada \\\"lenta y sin prisa\\\" - COPE Alcoy\",\"isPartOf\":{\"@id\":\"https:\\\/\\\/www.copealcoy.es\\\/es\\\/#website\"},\"primaryImageOfPage\":{\"@id\":\"https:\\\/\\\/www.copealcoy.es\\\/es\\\/el-consell-prepara-una-desescalada-lenta-y-sin-prisa\\\/#primaryimage\"},\"image\":{\"@id\":\"https:\\\/\\\/www.copealcoy.es\\\/es\\\/el-consell-prepara-una-desescalada-lenta-y-sin-prisa\\\/#primaryimage\"},\"thumbnailUrl\":\"https:\\\/\\\/www.copealcoy.es\\\/wp-content\\\/uploads\\\/2021\\\/02\\\/1603439065453.jpg\",\"datePublished\":\"2021-02-15T09:14:33+00:00\",\"dateModified\":\"2021-02-15T09:15:41+00:00\",\"author\":{\"@id\":\"https:\\\/\\\/www.copealcoy.es\\\/es\\\/#\\\/schema\\\/person\\\/e777c87fa024e57d40170af9df39882c\"},\"breadcrumb\":{\"@id\":\"https:\\\/\\\/www.copealcoy.es\\\/es\\\/el-consell-prepara-una-desescalada-lenta-y-sin-prisa\\\/#breadcrumb\"},\"inLanguage\":\"es\",\"potentialAction\":[{\"@type\":\"ReadAction\",\"target\":[\"https:\\\/\\\/www.copealcoy.es\\\/es\\\/el-consell-prepara-una-desescalada-lenta-y-sin-prisa\\\/\"]}]},{\"@type\":\"ImageObject\",\"inLanguage\":\"es\",\"@id\":\"https:\\\/\\\/www.copealcoy.es\\\/es\\\/el-consell-prepara-una-desescalada-lenta-y-sin-prisa\\\/#primaryimage\",\"url\":\"https:\\\/\\\/www.copealcoy.es\\\/wp-content\\\/uploads\\\/2021\\\/02\\\/1603439065453.jpg\",\"contentUrl\":\"https:\\\/\\\/www.copealcoy.es\\\/wp-content\\\/uploads\\\/2021\\\/02\\\/1603439065453.jpg\",\"width\":976,\"height\":515},{\"@type\":\"BreadcrumbList\",\"@id\":\"https:\\\/\\\/www.copealcoy.es\\\/es\\\/el-consell-prepara-una-desescalada-lenta-y-sin-prisa\\\/#breadcrumb\",\"itemListElement\":[{\"@type\":\"ListItem\",\"position\":1,\"name\":\"Portada\",\"item\":\"https:\\\/\\\/www.copealcoy.es\\\/es\\\/\"},{\"@type\":\"ListItem\",\"position\":2,\"name\":\"El Consell prepara una desescalada &#8220;lenta y sin prisa&#8221;\"}]},{\"@type\":\"WebSite\",\"@id\":\"https:\\\/\\\/www.copealcoy.es\\\/es\\\/#website\",\"url\":\"https:\\\/\\\/www.copealcoy.es\\\/es\\\/\",\"name\":\"COPE Alcoy\",\"description\":\"Emisora COPE de radio local con emisi\u00f3n online. Pont de Sant Jordi 8-10 03803 Alcoy\",\"potentialAction\":[{\"@type\":\"SearchAction\",\"target\":{\"@type\":\"EntryPoint\",\"urlTemplate\":\"https:\\\/\\\/www.copealcoy.es\\\/es\\\/?s={search_term_string}\"},\"query-input\":{\"@type\":\"PropertyValueSpecification\",\"valueRequired\":true,\"valueName\":\"search_term_string\"}}],\"inLanguage\":\"es\"},{\"@type\":\"Person\",\"@id\":\"https:\\\/\\\/www.copealcoy.es\\\/es\\\/#\\\/schema\\\/person\\\/e777c87fa024e57d40170af9df39882c\",\"name\":\"Cope Alcoy\",\"image\":{\"@type\":\"ImageObject\",\"inLanguage\":\"es\",\"@id\":\"https:\\\/\\\/secure.gravatar.com\\\/avatar\\\/bb65d0283347e303893ba14f0692005417c1e0e690a325a4c5d8bb2b3943ee14?s=96&d=mm&r=g\",\"url\":\"https:\\\/\\\/secure.gravatar.com\\\/avatar\\\/bb65d0283347e303893ba14f0692005417c1e0e690a325a4c5d8bb2b3943ee14?s=96&d=mm&r=g\",\"contentUrl\":\"https:\\\/\\\/secure.gravatar.com\\\/avatar\\\/bb65d0283347e303893ba14f0692005417c1e0e690a325a4c5d8bb2b3943ee14?s=96&d=mm&r=g\",\"caption\":\"Cope Alcoy\"}}]}<\/script>\n<!-- \/ Yoast SEO plugin. -->","yoast_head_json":{"title":"El Consell prepara una desescalada \"lenta y sin prisa\" - COPE Alcoy","robots":{"index":"index","follow":"follow","max-snippet":"max-snippet:-1","max-image-preview":"max-image-preview:large","max-video-preview":"max-video-preview:-1"},"canonical":"https:\/\/www.copealcoy.es\/es\/el-consell-prepara-una-desescalada-lenta-y-sin-prisa\/","og_locale":"es_ES","og_type":"article","og_title":"El Consell prepara una desescalada \"lenta y sin prisa\" - COPE Alcoy","og_description":"El President de la Generalitat,\u00a0Ximo Puig, avisa de que sobrepasado el mes de marzo, la\u00a0desescalada\u00a0de las restricciones ser\u00e1 &#8220;lenta y...","og_url":"https:\/\/www.copealcoy.es\/es\/el-consell-prepara-una-desescalada-lenta-y-sin-prisa\/","og_site_name":"COPE Alcoy","article_published_time":"2021-02-15T09:14:33+00:00","article_modified_time":"2021-02-15T09:15:41+00:00","og_image":[{"width":976,"height":515,"url":"https:\/\/www.copealcoy.es\/wp-content\/uploads\/2021\/02\/1603439065453.jpg","type":"image\/jpeg"}],"author":"Cope Alcoy","twitter_misc":{"Escrito por":"Cope Alcoy","Tiempo de lectura":"2 minutos"},"schema":{"@context":"https:\/\/schema.org","@graph":[{"@type":"Article","@id":"https:\/\/www.copealcoy.es\/es\/el-consell-prepara-una-desescalada-lenta-y-sin-prisa\/#article","isPartOf":{"@id":"https:\/\/www.copealcoy.es\/es\/el-consell-prepara-una-desescalada-lenta-y-sin-prisa\/"},"author":{"name":"Cope Alcoy","@id":"https:\/\/www.copealcoy.es\/es\/#\/schema\/person\/e777c87fa024e57d40170af9df39882c"},"headline":"El Consell prepara una desescalada &#8220;lenta y sin prisa&#8221;","datePublished":"2021-02-15T09:14:33+00:00","dateModified":"2021-02-15T09:15:41+00:00","mainEntityOfPage":{"@id":"https:\/\/www.copealcoy.es\/es\/el-consell-prepara-una-desescalada-lenta-y-sin-prisa\/"},"wordCount":319,"commentCount":0,"image":{"@id":"https:\/\/www.copealcoy.es\/es\/el-consell-prepara-una-desescalada-lenta-y-sin-prisa\/#primaryimage"},"thumbnailUrl":"https:\/\/www.copealcoy.es\/wp-content\/uploads\/2021\/02\/1603439065453.jpg","keywords":["Consell","Coronavirus","crisis sanitaria","desescalada","Ximo Puig"],"articleSection":["Alcoy","Noticias","Pol\u00edtica y Econom\u00eda"],"inLanguage":"es"},{"@type":"WebPage","@id":"https:\/\/www.copealcoy.es\/es\/el-consell-prepara-una-desescalada-lenta-y-sin-prisa\/","url":"https:\/\/www.copealcoy.es\/es\/el-consell-prepara-una-desescalada-lenta-y-sin-prisa\/","name":"El Consell prepara una desescalada \"lenta y sin prisa\" - COPE Alcoy","isPartOf":{"@id":"https:\/\/www.copealcoy.es\/es\/#website"},"primaryImageOfPage":{"@id":"https:\/\/www.copealcoy.es\/es\/el-consell-prepara-una-desescalada-lenta-y-sin-prisa\/#primaryimage"},"image":{"@id":"https:\/\/www.copealcoy.es\/es\/el-consell-prepara-una-desescalada-lenta-y-sin-prisa\/#primaryimage"},"thumbnailUrl":"https:\/\/www.copealcoy.es\/wp-content\/uploads\/2021\/02\/1603439065453.jpg","datePublished":"2021-02-15T09:14:33+00:00","dateModified":"2021-02-15T09:15:41+00:00","author":{"@id":"https:\/\/www.copealcoy.es\/es\/#\/schema\/person\/e777c87fa024e57d40170af9df39882c"},"breadcrumb":{"@id":"https:\/\/www.copealcoy.es\/es\/el-consell-prepara-una-desescalada-lenta-y-sin-prisa\/#breadcrumb"},"inLanguage":"es","potentialAction":[{"@type":"ReadAction","target":["https:\/\/www.copealcoy.es\/es\/el-consell-prepara-una-desescalada-lenta-y-sin-prisa\/"]}]},{"@type":"ImageObject","inLanguage":"es","@id":"https:\/\/www.copealcoy.es\/es\/el-consell-prepara-una-desescalada-lenta-y-sin-prisa\/#primaryimage","url":"https:\/\/www.copealcoy.es\/wp-content\/uploads\/2021\/02\/1603439065453.jpg","contentUrl":"https:\/\/www.copealcoy.es\/wp-content\/uploads\/2021\/02\/1603439065453.jpg","width":976,"height":515},{"@type":"BreadcrumbList","@id":"https:\/\/www.copealcoy.es\/es\/el-consell-prepara-una-desescalada-lenta-y-sin-prisa\/#breadcrumb","itemListElement":[{"@type":"ListItem","position":1,"name":"Portada","item":"https:\/\/www.copealcoy.es\/es\/"},{"@type":"ListItem","position":2,"name":"El Consell prepara una desescalada &#8220;lenta y sin prisa&#8221;"}]},{"@type":"WebSite","@id":"https:\/\/www.copealcoy.es\/es\/#website","url":"https:\/\/www.copealcoy.es\/es\/","name":"COPE Alcoy","description":"Emisora COPE de radio local con emisi\u00f3n online. Pont de Sant Jordi 8-10 03803 Alcoy","potentialAction":[{"@type":"SearchAction","target":{"@type":"EntryPoint","urlTemplate":"https:\/\/www.copealcoy.es\/es\/?s={search_term_string}"},"query-input":{"@type":"PropertyValueSpecification","valueRequired":true,"valueName":"search_term_string"}}],"inLanguage":"es"},{"@type":"Person","@id":"https:\/\/www.copealcoy.es\/es\/#\/schema\/person\/e777c87fa024e57d40170af9df39882c","name":"Cope Alcoy","image":{"@type":"ImageObject","inLanguage":"es","@id":"https:\/\/secure.gravatar.com\/avatar\/bb65d0283347e303893ba14f0692005417c1e0e690a325a4c5d8bb2b3943ee14?s=96&d=mm&r=g","url":"https:\/\/secure.gravatar.com\/avatar\/bb65d0283347e303893ba14f0692005417c1e0e690a325a4c5d8bb2b3943ee14?s=96&d=mm&r=g","contentUrl":"https:\/\/secure.gravatar.com\/avatar\/bb65d0283347e303893ba14f0692005417c1e0e690a325a4c5d8bb2b3943ee14?s=96&d=mm&r=g","caption":"Cope Alcoy"}}]}},"_links":{"self":[{"href":"https:\/\/www.copealcoy.es\/es\/wp-json\/wp\/v2\/posts\/70928","targetHints":{"allow":["GET"]}}],"collection":[{"href":"https:\/\/www.copealcoy.es\/es\/wp-json\/wp\/v2\/posts"}],"about":[{"href":"https:\/\/www.copealcoy.es\/es\/wp-json\/wp\/v2\/types\/post"}],"author":[{"embeddable":true,"href":"https:\/\/www.copealcoy.es\/es\/wp-json\/wp\/v2\/users\/1"}],"replies":[{"embeddable":true,"href":"https:\/\/www.copealcoy.es\/es\/wp-json\/wp\/v2\/comments?post=70928"}],"version-history":[{"count":0,"href":"https:\/\/www.copealcoy.es\/es\/wp-json\/wp\/v2\/posts\/70928\/revisions"}],"wp:featuredmedia":[{"embeddable":true,"href":"https:\/\/www.copealcoy.es\/es\/wp-json\/wp\/v2\/media\/70929"}],"wp:attachment":[{"href":"https:\/\/www.copealcoy.es\/es\/wp-json\/wp\/v2\/media?parent=70928"}],"wp:term":[{"taxonomy":"category","embeddable":true,"href":"https:\/\/www.copealcoy.es\/es\/wp-json\/wp\/v2\/categories?post=70928"},{"taxonomy":"post_tag","embeddable":true,"href":"https:\/\/www.copealcoy.es\/es\/wp-json\/wp\/v2\/tags?post=70928"}],"curies":[{"name":"wp","href":"https:\/\/api.w.org\/{rel}","templated":true}]}}