{"id":70702,"date":"2021-02-08T13:13:40","date_gmt":"2021-02-08T12:13:40","guid":{"rendered":"https:\/\/www.copealcoy.es\/?p=70702"},"modified":"2021-02-08T13:45:52","modified_gmt":"2021-02-08T12:45:52","slug":"la-abstencion-de-podem-impide-la-reprobacion-del-pleno-al-alcalde","status":"publish","type":"post","link":"https:\/\/www.copealcoy.es\/es\/la-abstencion-de-podem-impide-la-reprobacion-del-pleno-al-alcalde\/","title":{"rendered":"La abstenci\u00f3n de Podem impide la reprobaci\u00f3n del Pleno al alcalde"},"content":{"rendered":"<p style=\"text-align: justify;\">La <strong>moci\u00f3n<\/strong> propuesta por el Partido Popular de Alcoy en la sesi\u00f3n plenaria del pasado viernes, y que <strong>pretend\u00eda reprobar al alcalde<\/strong> por haber entrado y salido de la ciudad en pleno cierre perimetral de fin de semana, <strong>fue rechazada por la abstenci\u00f3n del grupo municipal de Podem<\/strong>. El resto de partidos pol\u00edticos de la oposici\u00f3n<strong> votaron a favor<\/strong> a excepci\u00f3n del<strong> PSOE<\/strong> que lo hizo en contra.<\/p>\n<p style=\"text-align: justify;\"><span style=\"font-size: inherit;\">Desde la formaci\u00f3n morada expresaron que <strong>el comportamiento del alcalde no hab\u00eda sido el m\u00e1s adecuado<\/strong> y <strong>acusaron al PP de querer sacar r\u00e9dito pol\u00edtico de la situaci\u00f3n<\/strong>. El portavoz de Podem Alcoi sentenci\u00f3 que <strong>no era momento de andar en discusiones<\/strong> por este tipo de cuestiones &#8220;<\/span><span style=\"font-size: inherit;\"><em>es evidente que como m\u00e1ximo responsable de la ciudad este comportamiento no es ni est\u00e9tico ni \u00e9tico y si conlleva una sanci\u00f3n administrativa, debe de pagarla como cualquier otro ciudadano<\/em>&#8220;, apostill\u00f3<strong> Cristian Santiago<\/strong>. Por su parte desde VOX destacaron que los hechos protagonizados por el primer edil <strong>hab\u00edan provocado un gran rechazo entre la ciudan\u00eda<\/strong> &#8220;<em>e<\/em><\/span><em>l que nos ha pedido que no estemos en casa ha sido el primero en marcharse a su segunda residencia y el primero que se ha saltado el cierre perimetral alegando un asunto laboral cuando pod\u00eda haberlo delegado en otro compa\u00f1ero<\/em>&#8220;, dijo el portavoz del Partido, <strong>David Abad<\/strong>. De igual forma <strong>Guanyar Alcoi<\/strong> pregunt\u00f3 <strong>qu\u00e9 legitimidad puede tener el alcalde<\/strong> para pedir ahora a los ciudadanos que cumplan las normas que son necesarias &#8220;<em>estas contradicciones nos hacen desconfiar de usted<\/em>&#8220;, manifest\u00f3 la portavoz de la plataforma; Sandra Obiol. Tambi\u00e9n<strong> Ciudadanos<\/strong> aprovech\u00f3 el debate del pleno para<strong> hablar de la importancia de los gestos en pol\u00edtica<\/strong> &#8220;<em>son tan importantes como la propia gesti\u00f3n y el gesto de usted fue poco afortunado porque debiendo dar ejemplo no lo hizo<\/em>&#8220;, coment\u00f3 la l\u00edder del partido naranja; <strong>Rosa Garc\u00eda<\/strong>. Para <strong>Comprom\u00eds<\/strong> esta moci\u00f3n escenifica, una vez m\u00e1s,<strong> la batalla entre PSOE y PP<\/strong> &#8220;<em>entendemos los motivos y las disculpas, pero no c\u00f3mo lo hizo. Demostr\u00f3 falta de empat\u00eda. Sin haber ninguna ilegalidad, s\u00ed que fue una falta de \u00e9tica<\/em>&#8220;, apunt\u00f3 <strong>M\u00e0rius Ivorra<\/strong>; el portavoz municipal de la formaci\u00f3n valencianista.<\/p>\n<p style=\"text-align: justify;\">Por su parte <strong>el portavoz del PP se refiri\u00f3 a la indignaci\u00f3n de los ciudadanos y a la mofa que sobre este asunto se ha generado a nivel nacional<\/strong>. Tambi\u00e9n reproch\u00f3 al primer edil el hecho de que <strong>hubiera abandonado la ciudad en uno de los peores momentos de la pandemia<\/strong> e insist\u00eda en que <strong>si la disculpa que dio el alcalde era sincera<\/strong> <em>&#8220;lo l\u00f3gico es que se apruebe esta reprobaci\u00f3n.<\/em> <em>Lo que se ha ratificado en este pleno es su nula credibilidad y su nivel moral<\/em>&#8220;, asegur\u00f3 <strong>Quique Ruiz<\/strong>.<\/p>\n<p style=\"text-align: justify;\">Finalmente el alcalde clausur\u00f3 el debate <strong>volviendo a pedir disculpas a todos los ciudadanos<\/strong> que se hayan podido sentir defraudados y <strong>a toda la Corporaci\u00f3n<\/strong>, tras reconocer nuevamente que su decisi\u00f3n fue equivocada.<\/p>\n","protected":false},"excerpt":{"rendered":"<p>La moci\u00f3n propuesta por el Partido Popular de Alcoy en la sesi\u00f3n plenaria del pasado viernes, y que pretend\u00eda reprobar&#8230;<\/p>\n","protected":false},"author":1,"featured_media":70630,"comment_status":"open","ping_status":"open","sticky":false,"template":"","format":"standard","meta":{"footnotes":""},"categories":[97,75,79],"tags":[10781,388,322,2386,10753],"class_list":["post-70702","post","type-post","status-publish","format-standard","has-post-thumbnail","hentry","category-alcoy","category-noticias","category-politicayeconomia","tag-abstencion","tag-alcalde","tag-pleno","tag-podem","tag-reprobacion"],"yoast_head":"<!-- This site is optimized with the Yoast SEO plugin v27.3 - https:\/\/yoast.com\/product\/yoast-seo-wordpress\/ -->\n<title>La abstenci\u00f3n de Podem impide la reprobaci\u00f3n del Pleno al alcalde - COPE Alcoy<\/title>\n<meta name=\"robots\" content=\"index, follow, max-snippet:-1, max-image-preview:large, max-video-preview:-1\" \/>\n<link rel=\"canonical\" href=\"https:\/\/www.copealcoy.es\/es\/la-abstencion-de-podem-impide-la-reprobacion-del-pleno-al-alcalde\/\" \/>\n<meta property=\"og:locale\" content=\"es_ES\" \/>\n<meta property=\"og:type\" content=\"article\" \/>\n<meta property=\"og:title\" content=\"La abstenci\u00f3n de Podem impide la reprobaci\u00f3n del Pleno al alcalde - COPE Alcoy\" \/>\n<meta property=\"og:description\" content=\"La moci\u00f3n propuesta por el Partido Popular de Alcoy en la sesi\u00f3n plenaria del pasado viernes, y que pretend\u00eda reprobar...\" \/>\n<meta property=\"og:url\" content=\"https:\/\/www.copealcoy.es\/es\/la-abstencion-de-podem-impide-la-reprobacion-del-pleno-al-alcalde\/\" \/>\n<meta property=\"og:site_name\" content=\"COPE Alcoy\" \/>\n<meta property=\"article:published_time\" content=\"2021-02-08T12:13:40+00:00\" \/>\n<meta property=\"article:modified_time\" content=\"2021-02-08T12:45:52+00:00\" \/>\n<meta property=\"og:image\" content=\"https:\/\/www.copealcoy.es\/wp-content\/uploads\/2021\/02\/captura-Ple-Febrer-02-980x588.png\" \/>\n\t<meta property=\"og:image:width\" content=\"980\" \/>\n\t<meta property=\"og:image:height\" content=\"588\" \/>\n\t<meta property=\"og:image:type\" content=\"image\/png\" \/>\n<meta name=\"author\" content=\"Cope Alcoy\" \/>\n<meta name=\"twitter:label1\" content=\"Escrito por\" \/>\n\t<meta name=\"twitter:data1\" content=\"Cope Alcoy\" \/>\n\t<meta name=\"twitter:label2\" content=\"Tiempo de lectura\" \/>\n\t<meta name=\"twitter:data2\" content=\"3 minutos\" \/>\n<script type=\"application\/ld+json\" class=\"yoast-schema-graph\">{\"@context\":\"https:\\\/\\\/schema.org\",\"@graph\":[{\"@type\":\"Article\",\"@id\":\"https:\\\/\\\/www.copealcoy.es\\\/es\\\/la-abstencion-de-podem-impide-la-reprobacion-del-pleno-al-alcalde\\\/#article\",\"isPartOf\":{\"@id\":\"https:\\\/\\\/www.copealcoy.es\\\/es\\\/la-abstencion-de-podem-impide-la-reprobacion-del-pleno-al-alcalde\\\/\"},\"author\":{\"name\":\"Cope Alcoy\",\"@id\":\"https:\\\/\\\/www.copealcoy.es\\\/es\\\/#\\\/schema\\\/person\\\/e777c87fa024e57d40170af9df39882c\"},\"headline\":\"La abstenci\u00f3n de Podem impide la reprobaci\u00f3n del Pleno al alcalde\",\"datePublished\":\"2021-02-08T12:13:40+00:00\",\"dateModified\":\"2021-02-08T12:45:52+00:00\",\"mainEntityOfPage\":{\"@id\":\"https:\\\/\\\/www.copealcoy.es\\\/es\\\/la-abstencion-de-podem-impide-la-reprobacion-del-pleno-al-alcalde\\\/\"},\"wordCount\":532,\"commentCount\":0,\"image\":{\"@id\":\"https:\\\/\\\/www.copealcoy.es\\\/es\\\/la-abstencion-de-podem-impide-la-reprobacion-del-pleno-al-alcalde\\\/#primaryimage\"},\"thumbnailUrl\":\"https:\\\/\\\/www.copealcoy.es\\\/wp-content\\\/uploads\\\/2021\\\/02\\\/captura-Ple-Febrer-02.png\",\"keywords\":[\"Abstenci\u00f3n\",\"Alcalde\",\"Pleno\",\"Podem\",\"reprobaci\u00f3n\"],\"articleSection\":[\"Alcoy\",\"Noticias\",\"Pol\u00edtica y Econom\u00eda\"],\"inLanguage\":\"es\"},{\"@type\":\"WebPage\",\"@id\":\"https:\\\/\\\/www.copealcoy.es\\\/es\\\/la-abstencion-de-podem-impide-la-reprobacion-del-pleno-al-alcalde\\\/\",\"url\":\"https:\\\/\\\/www.copealcoy.es\\\/es\\\/la-abstencion-de-podem-impide-la-reprobacion-del-pleno-al-alcalde\\\/\",\"name\":\"La abstenci\u00f3n de Podem impide la reprobaci\u00f3n del Pleno al alcalde - COPE Alcoy\",\"isPartOf\":{\"@id\":\"https:\\\/\\\/www.copealcoy.es\\\/es\\\/#website\"},\"primaryImageOfPage\":{\"@id\":\"https:\\\/\\\/www.copealcoy.es\\\/es\\\/la-abstencion-de-podem-impide-la-reprobacion-del-pleno-al-alcalde\\\/#primaryimage\"},\"image\":{\"@id\":\"https:\\\/\\\/www.copealcoy.es\\\/es\\\/la-abstencion-de-podem-impide-la-reprobacion-del-pleno-al-alcalde\\\/#primaryimage\"},\"thumbnailUrl\":\"https:\\\/\\\/www.copealcoy.es\\\/wp-content\\\/uploads\\\/2021\\\/02\\\/captura-Ple-Febrer-02.png\",\"datePublished\":\"2021-02-08T12:13:40+00:00\",\"dateModified\":\"2021-02-08T12:45:52+00:00\",\"author\":{\"@id\":\"https:\\\/\\\/www.copealcoy.es\\\/es\\\/#\\\/schema\\\/person\\\/e777c87fa024e57d40170af9df39882c\"},\"breadcrumb\":{\"@id\":\"https:\\\/\\\/www.copealcoy.es\\\/es\\\/la-abstencion-de-podem-impide-la-reprobacion-del-pleno-al-alcalde\\\/#breadcrumb\"},\"inLanguage\":\"es\",\"potentialAction\":[{\"@type\":\"ReadAction\",\"target\":[\"https:\\\/\\\/www.copealcoy.es\\\/es\\\/la-abstencion-de-podem-impide-la-reprobacion-del-pleno-al-alcalde\\\/\"]}]},{\"@type\":\"ImageObject\",\"inLanguage\":\"es\",\"@id\":\"https:\\\/\\\/www.copealcoy.es\\\/es\\\/la-abstencion-de-podem-impide-la-reprobacion-del-pleno-al-alcalde\\\/#primaryimage\",\"url\":\"https:\\\/\\\/www.copealcoy.es\\\/wp-content\\\/uploads\\\/2021\\\/02\\\/captura-Ple-Febrer-02.png\",\"contentUrl\":\"https:\\\/\\\/www.copealcoy.es\\\/wp-content\\\/uploads\\\/2021\\\/02\\\/captura-Ple-Febrer-02.png\",\"width\":1459,\"height\":828},{\"@type\":\"BreadcrumbList\",\"@id\":\"https:\\\/\\\/www.copealcoy.es\\\/es\\\/la-abstencion-de-podem-impide-la-reprobacion-del-pleno-al-alcalde\\\/#breadcrumb\",\"itemListElement\":[{\"@type\":\"ListItem\",\"position\":1,\"name\":\"Portada\",\"item\":\"https:\\\/\\\/www.copealcoy.es\\\/es\\\/\"},{\"@type\":\"ListItem\",\"position\":2,\"name\":\"La abstenci\u00f3n de Podem impide la reprobaci\u00f3n del Pleno al alcalde\"}]},{\"@type\":\"WebSite\",\"@id\":\"https:\\\/\\\/www.copealcoy.es\\\/es\\\/#website\",\"url\":\"https:\\\/\\\/www.copealcoy.es\\\/es\\\/\",\"name\":\"COPE Alcoy\",\"description\":\"Emisora COPE de radio local con emisi\u00f3n online. Pont de Sant Jordi 8-10 03803 Alcoy\",\"potentialAction\":[{\"@type\":\"SearchAction\",\"target\":{\"@type\":\"EntryPoint\",\"urlTemplate\":\"https:\\\/\\\/www.copealcoy.es\\\/es\\\/?s={search_term_string}\"},\"query-input\":{\"@type\":\"PropertyValueSpecification\",\"valueRequired\":true,\"valueName\":\"search_term_string\"}}],\"inLanguage\":\"es\"},{\"@type\":\"Person\",\"@id\":\"https:\\\/\\\/www.copealcoy.es\\\/es\\\/#\\\/schema\\\/person\\\/e777c87fa024e57d40170af9df39882c\",\"name\":\"Cope Alcoy\",\"image\":{\"@type\":\"ImageObject\",\"inLanguage\":\"es\",\"@id\":\"https:\\\/\\\/secure.gravatar.com\\\/avatar\\\/bb65d0283347e303893ba14f0692005417c1e0e690a325a4c5d8bb2b3943ee14?s=96&d=mm&r=g\",\"url\":\"https:\\\/\\\/secure.gravatar.com\\\/avatar\\\/bb65d0283347e303893ba14f0692005417c1e0e690a325a4c5d8bb2b3943ee14?s=96&d=mm&r=g\",\"contentUrl\":\"https:\\\/\\\/secure.gravatar.com\\\/avatar\\\/bb65d0283347e303893ba14f0692005417c1e0e690a325a4c5d8bb2b3943ee14?s=96&d=mm&r=g\",\"caption\":\"Cope Alcoy\"}}]}<\/script>\n<!-- \/ Yoast SEO plugin. -->","yoast_head_json":{"title":"La abstenci\u00f3n de Podem impide la reprobaci\u00f3n del Pleno al alcalde - COPE Alcoy","robots":{"index":"index","follow":"follow","max-snippet":"max-snippet:-1","max-image-preview":"max-image-preview:large","max-video-preview":"max-video-preview:-1"},"canonical":"https:\/\/www.copealcoy.es\/es\/la-abstencion-de-podem-impide-la-reprobacion-del-pleno-al-alcalde\/","og_locale":"es_ES","og_type":"article","og_title":"La abstenci\u00f3n de Podem impide la reprobaci\u00f3n del Pleno al alcalde - COPE Alcoy","og_description":"La moci\u00f3n propuesta por el Partido Popular de Alcoy en la sesi\u00f3n plenaria del pasado viernes, y que pretend\u00eda reprobar...","og_url":"https:\/\/www.copealcoy.es\/es\/la-abstencion-de-podem-impide-la-reprobacion-del-pleno-al-alcalde\/","og_site_name":"COPE Alcoy","article_published_time":"2021-02-08T12:13:40+00:00","article_modified_time":"2021-02-08T12:45:52+00:00","og_image":[{"width":980,"height":588,"url":"https:\/\/www.copealcoy.es\/wp-content\/uploads\/2021\/02\/captura-Ple-Febrer-02-980x588.png","type":"image\/png"}],"author":"Cope Alcoy","twitter_misc":{"Escrito por":"Cope Alcoy","Tiempo de lectura":"3 minutos"},"schema":{"@context":"https:\/\/schema.org","@graph":[{"@type":"Article","@id":"https:\/\/www.copealcoy.es\/es\/la-abstencion-de-podem-impide-la-reprobacion-del-pleno-al-alcalde\/#article","isPartOf":{"@id":"https:\/\/www.copealcoy.es\/es\/la-abstencion-de-podem-impide-la-reprobacion-del-pleno-al-alcalde\/"},"author":{"name":"Cope Alcoy","@id":"https:\/\/www.copealcoy.es\/es\/#\/schema\/person\/e777c87fa024e57d40170af9df39882c"},"headline":"La abstenci\u00f3n de Podem impide la reprobaci\u00f3n del Pleno al alcalde","datePublished":"2021-02-08T12:13:40+00:00","dateModified":"2021-02-08T12:45:52+00:00","mainEntityOfPage":{"@id":"https:\/\/www.copealcoy.es\/es\/la-abstencion-de-podem-impide-la-reprobacion-del-pleno-al-alcalde\/"},"wordCount":532,"commentCount":0,"image":{"@id":"https:\/\/www.copealcoy.es\/es\/la-abstencion-de-podem-impide-la-reprobacion-del-pleno-al-alcalde\/#primaryimage"},"thumbnailUrl":"https:\/\/www.copealcoy.es\/wp-content\/uploads\/2021\/02\/captura-Ple-Febrer-02.png","keywords":["Abstenci\u00f3n","Alcalde","Pleno","Podem","reprobaci\u00f3n"],"articleSection":["Alcoy","Noticias","Pol\u00edtica y Econom\u00eda"],"inLanguage":"es"},{"@type":"WebPage","@id":"https:\/\/www.copealcoy.es\/es\/la-abstencion-de-podem-impide-la-reprobacion-del-pleno-al-alcalde\/","url":"https:\/\/www.copealcoy.es\/es\/la-abstencion-de-podem-impide-la-reprobacion-del-pleno-al-alcalde\/","name":"La abstenci\u00f3n de Podem impide la reprobaci\u00f3n del Pleno al alcalde - COPE Alcoy","isPartOf":{"@id":"https:\/\/www.copealcoy.es\/es\/#website"},"primaryImageOfPage":{"@id":"https:\/\/www.copealcoy.es\/es\/la-abstencion-de-podem-impide-la-reprobacion-del-pleno-al-alcalde\/#primaryimage"},"image":{"@id":"https:\/\/www.copealcoy.es\/es\/la-abstencion-de-podem-impide-la-reprobacion-del-pleno-al-alcalde\/#primaryimage"},"thumbnailUrl":"https:\/\/www.copealcoy.es\/wp-content\/uploads\/2021\/02\/captura-Ple-Febrer-02.png","datePublished":"2021-02-08T12:13:40+00:00","dateModified":"2021-02-08T12:45:52+00:00","author":{"@id":"https:\/\/www.copealcoy.es\/es\/#\/schema\/person\/e777c87fa024e57d40170af9df39882c"},"breadcrumb":{"@id":"https:\/\/www.copealcoy.es\/es\/la-abstencion-de-podem-impide-la-reprobacion-del-pleno-al-alcalde\/#breadcrumb"},"inLanguage":"es","potentialAction":[{"@type":"ReadAction","target":["https:\/\/www.copealcoy.es\/es\/la-abstencion-de-podem-impide-la-reprobacion-del-pleno-al-alcalde\/"]}]},{"@type":"ImageObject","inLanguage":"es","@id":"https:\/\/www.copealcoy.es\/es\/la-abstencion-de-podem-impide-la-reprobacion-del-pleno-al-alcalde\/#primaryimage","url":"https:\/\/www.copealcoy.es\/wp-content\/uploads\/2021\/02\/captura-Ple-Febrer-02.png","contentUrl":"https:\/\/www.copealcoy.es\/wp-content\/uploads\/2021\/02\/captura-Ple-Febrer-02.png","width":1459,"height":828},{"@type":"BreadcrumbList","@id":"https:\/\/www.copealcoy.es\/es\/la-abstencion-de-podem-impide-la-reprobacion-del-pleno-al-alcalde\/#breadcrumb","itemListElement":[{"@type":"ListItem","position":1,"name":"Portada","item":"https:\/\/www.copealcoy.es\/es\/"},{"@type":"ListItem","position":2,"name":"La abstenci\u00f3n de Podem impide la reprobaci\u00f3n del Pleno al alcalde"}]},{"@type":"WebSite","@id":"https:\/\/www.copealcoy.es\/es\/#website","url":"https:\/\/www.copealcoy.es\/es\/","name":"COPE Alcoy","description":"Emisora COPE de radio local con emisi\u00f3n online. Pont de Sant Jordi 8-10 03803 Alcoy","potentialAction":[{"@type":"SearchAction","target":{"@type":"EntryPoint","urlTemplate":"https:\/\/www.copealcoy.es\/es\/?s={search_term_string}"},"query-input":{"@type":"PropertyValueSpecification","valueRequired":true,"valueName":"search_term_string"}}],"inLanguage":"es"},{"@type":"Person","@id":"https:\/\/www.copealcoy.es\/es\/#\/schema\/person\/e777c87fa024e57d40170af9df39882c","name":"Cope Alcoy","image":{"@type":"ImageObject","inLanguage":"es","@id":"https:\/\/secure.gravatar.com\/avatar\/bb65d0283347e303893ba14f0692005417c1e0e690a325a4c5d8bb2b3943ee14?s=96&d=mm&r=g","url":"https:\/\/secure.gravatar.com\/avatar\/bb65d0283347e303893ba14f0692005417c1e0e690a325a4c5d8bb2b3943ee14?s=96&d=mm&r=g","contentUrl":"https:\/\/secure.gravatar.com\/avatar\/bb65d0283347e303893ba14f0692005417c1e0e690a325a4c5d8bb2b3943ee14?s=96&d=mm&r=g","caption":"Cope Alcoy"}}]}},"_links":{"self":[{"href":"https:\/\/www.copealcoy.es\/es\/wp-json\/wp\/v2\/posts\/70702","targetHints":{"allow":["GET"]}}],"collection":[{"href":"https:\/\/www.copealcoy.es\/es\/wp-json\/wp\/v2\/posts"}],"about":[{"href":"https:\/\/www.copealcoy.es\/es\/wp-json\/wp\/v2\/types\/post"}],"author":[{"embeddable":true,"href":"https:\/\/www.copealcoy.es\/es\/wp-json\/wp\/v2\/users\/1"}],"replies":[{"embeddable":true,"href":"https:\/\/www.copealcoy.es\/es\/wp-json\/wp\/v2\/comments?post=70702"}],"version-history":[{"count":0,"href":"https:\/\/www.copealcoy.es\/es\/wp-json\/wp\/v2\/posts\/70702\/revisions"}],"wp:featuredmedia":[{"embeddable":true,"href":"https:\/\/www.copealcoy.es\/es\/wp-json\/wp\/v2\/media\/70630"}],"wp:attachment":[{"href":"https:\/\/www.copealcoy.es\/es\/wp-json\/wp\/v2\/media?parent=70702"}],"wp:term":[{"taxonomy":"category","embeddable":true,"href":"https:\/\/www.copealcoy.es\/es\/wp-json\/wp\/v2\/categories?post=70702"},{"taxonomy":"post_tag","embeddable":true,"href":"https:\/\/www.copealcoy.es\/es\/wp-json\/wp\/v2\/tags?post=70702"}],"curies":[{"name":"wp","href":"https:\/\/api.w.org\/{rel}","templated":true}]}}