{"id":70682,"date":"2021-02-06T23:44:41","date_gmt":"2021-02-06T22:44:41","guid":{"rendered":"https:\/\/www.copealcoy.es\/?p=70682"},"modified":"2021-02-07T00:11:01","modified_gmt":"2021-02-06T23:11:01","slug":"alcoy-amplia-la-conexion-wifi-gratuita-con-11-nuevos-puntos","status":"publish","type":"post","link":"https:\/\/www.copealcoy.es\/es\/alcoy-amplia-la-conexion-wifi-gratuita-con-11-nuevos-puntos\/","title":{"rendered":"Alcoy ampl\u00eda la conexi\u00f3n Wifi gratuita con 11 nuevos puntos"},"content":{"rendered":"<p style=\"text-align: justify;\">Alcoy <strong>cuenta con 11 nuevos puntos de conexi\u00f3n Wifi gratuita<\/strong> gracias a <strong>una subvenci\u00f3n de 15.000 euros<\/strong> procedente de la Comisi\u00f3n Europea. La instalaci\u00f3n de esta nueva red <strong>ha sido adjudicada a la empresa Telef\u00f3nica de Espa\u00f1a S.A.U<\/strong>, que se ha encargado del suministro de material y licencias, configuraci\u00f3n y puesta en marcha del servicio.<\/p>\n<p style=\"text-align: justify;\"><span lang=\"es-ES\">Esta red gratuita, que\u00a0<\/span><strong>recibe el nombre de Wifi4EU<\/strong>, cuenta con un punto de acceso exterior en <strong>la Pla\u00e7a de Dins<\/strong>, uno en <strong>la Plaza de Espa\u00f1a<\/strong>, uno en <strong>la Oficina de Turismo<\/strong> y uno en <strong>el Polideportivo de Caramanxel<\/strong>. En el <strong>Polideportivo Francisco Laporta<\/strong> hay tambi\u00e9n un punto de acceso exterior, junto a otros dos interiores, mientras que se han instalado dos puntos de acceso exteriores en <strong>el Paseo de Cervantes<\/strong> y otros dos en el <strong>Parque de La Glorieta<\/strong> &#8220;<em>este servicio se presta a trav\u00e9s de un convenio firmado con la Agencia Ejecutiva de Innovaci\u00f3n y Redes, en el marco de esta iniciativa europea, que contempla la financiaci\u00f3n de una red para ofrecer a los ciudadanos una experiencia de gran calidad<\/em>&#8220;, afirma el edil de Modernizaci\u00f3n de la Administraci\u00f3n; <strong>Alberto Belda<\/strong>.<\/p>\n<p style=\"text-align: justify;\" align=\"justify\">Indicar que <strong>se trata de una red abierta<\/strong>, que no requiere al usuario ofrecer informaci\u00f3n de autenticaci\u00f3n, as\u00ed como ning\u00fan tipo de registro. Con un solo click, <strong>el usuario ser\u00e1 redirigido al portal de acceso<\/strong> y de aqu\u00ed, <strong>ya podr\u00e1 navegar de forma gratuita<\/strong> durante un periodo que se restablecer\u00e1 autom\u00e1ticamente cada d\u00eda a las 00:00 horas o que, en todo caso, est\u00e1 configurado para reconocer un mismo acceso gratuito durante 12 horas.<\/p>\n","protected":false},"excerpt":{"rendered":"<p>Alcoy cuenta con 11 nuevos puntos de conexi\u00f3n Wifi gratuita gracias a una subvenci\u00f3n de 15.000 euros procedente de la&#8230;<\/p>\n","protected":false},"author":1,"featured_media":70686,"comment_status":"open","ping_status":"open","sticky":false,"template":"","format":"standard","meta":{"footnotes":""},"categories":[6909,97,75],"tags":[10776,1752,1494,1338,10775],"class_list":["post-70682","post","type-post","status-publish","format-standard","has-post-thumbnail","hentry","category-actualidad","category-alcoy","category-noticias","tag-11-nuevos-puntos","tag-alberto-belda","tag-alcoy","tag-ampliacion","tag-conexion-wifi"],"yoast_head":"<!-- This site is optimized with the Yoast SEO plugin v27.3 - https:\/\/yoast.com\/product\/yoast-seo-wordpress\/ -->\n<title>Alcoy ampl\u00eda la conexi\u00f3n Wifi gratuita con 11 nuevos puntos - COPE Alcoy<\/title>\n<meta name=\"robots\" content=\"index, follow, max-snippet:-1, max-image-preview:large, max-video-preview:-1\" \/>\n<link rel=\"canonical\" href=\"https:\/\/www.copealcoy.es\/es\/alcoy-amplia-la-conexion-wifi-gratuita-con-11-nuevos-puntos\/\" \/>\n<meta property=\"og:locale\" content=\"es_ES\" \/>\n<meta property=\"og:type\" content=\"article\" \/>\n<meta property=\"og:title\" content=\"Alcoy ampl\u00eda la conexi\u00f3n Wifi gratuita con 11 nuevos puntos - COPE Alcoy\" \/>\n<meta property=\"og:description\" content=\"Alcoy cuenta con 11 nuevos puntos de conexi\u00f3n Wifi gratuita gracias a una subvenci\u00f3n de 15.000 euros procedente de la...\" \/>\n<meta property=\"og:url\" content=\"https:\/\/www.copealcoy.es\/es\/alcoy-amplia-la-conexion-wifi-gratuita-con-11-nuevos-puntos\/\" \/>\n<meta property=\"og:site_name\" content=\"COPE Alcoy\" \/>\n<meta property=\"article:published_time\" content=\"2021-02-06T22:44:41+00:00\" \/>\n<meta property=\"article:modified_time\" content=\"2021-02-06T23:11:01+00:00\" \/>\n<meta property=\"og:image\" content=\"https:\/\/www.copealcoy.es\/wp-content\/uploads\/2021\/02\/unnamed-3.jpg\" \/>\n\t<meta property=\"og:image:width\" content=\"2197\" \/>\n\t<meta property=\"og:image:height\" content=\"1328\" \/>\n\t<meta property=\"og:image:type\" content=\"image\/jpeg\" \/>\n<meta name=\"author\" content=\"Cope Alcoy\" \/>\n<meta name=\"twitter:label1\" content=\"Escrito por\" \/>\n\t<meta name=\"twitter:data1\" content=\"Cope Alcoy\" \/>\n\t<meta name=\"twitter:label2\" content=\"Tiempo de lectura\" \/>\n\t<meta name=\"twitter:data2\" content=\"1 minuto\" \/>\n<script type=\"application\/ld+json\" class=\"yoast-schema-graph\">{\"@context\":\"https:\\\/\\\/schema.org\",\"@graph\":[{\"@type\":\"Article\",\"@id\":\"https:\\\/\\\/www.copealcoy.es\\\/es\\\/alcoy-amplia-la-conexion-wifi-gratuita-con-11-nuevos-puntos\\\/#article\",\"isPartOf\":{\"@id\":\"https:\\\/\\\/www.copealcoy.es\\\/es\\\/alcoy-amplia-la-conexion-wifi-gratuita-con-11-nuevos-puntos\\\/\"},\"author\":{\"name\":\"Cope Alcoy\",\"@id\":\"https:\\\/\\\/www.copealcoy.es\\\/es\\\/#\\\/schema\\\/person\\\/e777c87fa024e57d40170af9df39882c\"},\"headline\":\"Alcoy ampl\u00eda la conexi\u00f3n Wifi gratuita con 11 nuevos puntos\",\"datePublished\":\"2021-02-06T22:44:41+00:00\",\"dateModified\":\"2021-02-06T23:11:01+00:00\",\"mainEntityOfPage\":{\"@id\":\"https:\\\/\\\/www.copealcoy.es\\\/es\\\/alcoy-amplia-la-conexion-wifi-gratuita-con-11-nuevos-puntos\\\/\"},\"wordCount\":291,\"commentCount\":0,\"image\":{\"@id\":\"https:\\\/\\\/www.copealcoy.es\\\/es\\\/alcoy-amplia-la-conexion-wifi-gratuita-con-11-nuevos-puntos\\\/#primaryimage\"},\"thumbnailUrl\":\"https:\\\/\\\/www.copealcoy.es\\\/wp-content\\\/uploads\\\/2021\\\/02\\\/unnamed-3.jpg\",\"keywords\":[\"11 nuevos puntos\",\"Alberto Belda\",\"Alcoy\",\"ampliaci\u00f3n\",\"conexi\u00f3n Wifi\"],\"articleSection\":[\"Actualidad\",\"Alcoy\",\"Noticias\"],\"inLanguage\":\"es\"},{\"@type\":\"WebPage\",\"@id\":\"https:\\\/\\\/www.copealcoy.es\\\/es\\\/alcoy-amplia-la-conexion-wifi-gratuita-con-11-nuevos-puntos\\\/\",\"url\":\"https:\\\/\\\/www.copealcoy.es\\\/es\\\/alcoy-amplia-la-conexion-wifi-gratuita-con-11-nuevos-puntos\\\/\",\"name\":\"Alcoy ampl\u00eda la conexi\u00f3n Wifi gratuita con 11 nuevos puntos - COPE Alcoy\",\"isPartOf\":{\"@id\":\"https:\\\/\\\/www.copealcoy.es\\\/es\\\/#website\"},\"primaryImageOfPage\":{\"@id\":\"https:\\\/\\\/www.copealcoy.es\\\/es\\\/alcoy-amplia-la-conexion-wifi-gratuita-con-11-nuevos-puntos\\\/#primaryimage\"},\"image\":{\"@id\":\"https:\\\/\\\/www.copealcoy.es\\\/es\\\/alcoy-amplia-la-conexion-wifi-gratuita-con-11-nuevos-puntos\\\/#primaryimage\"},\"thumbnailUrl\":\"https:\\\/\\\/www.copealcoy.es\\\/wp-content\\\/uploads\\\/2021\\\/02\\\/unnamed-3.jpg\",\"datePublished\":\"2021-02-06T22:44:41+00:00\",\"dateModified\":\"2021-02-06T23:11:01+00:00\",\"author\":{\"@id\":\"https:\\\/\\\/www.copealcoy.es\\\/es\\\/#\\\/schema\\\/person\\\/e777c87fa024e57d40170af9df39882c\"},\"breadcrumb\":{\"@id\":\"https:\\\/\\\/www.copealcoy.es\\\/es\\\/alcoy-amplia-la-conexion-wifi-gratuita-con-11-nuevos-puntos\\\/#breadcrumb\"},\"inLanguage\":\"es\",\"potentialAction\":[{\"@type\":\"ReadAction\",\"target\":[\"https:\\\/\\\/www.copealcoy.es\\\/es\\\/alcoy-amplia-la-conexion-wifi-gratuita-con-11-nuevos-puntos\\\/\"]}]},{\"@type\":\"ImageObject\",\"inLanguage\":\"es\",\"@id\":\"https:\\\/\\\/www.copealcoy.es\\\/es\\\/alcoy-amplia-la-conexion-wifi-gratuita-con-11-nuevos-puntos\\\/#primaryimage\",\"url\":\"https:\\\/\\\/www.copealcoy.es\\\/wp-content\\\/uploads\\\/2021\\\/02\\\/unnamed-3.jpg\",\"contentUrl\":\"https:\\\/\\\/www.copealcoy.es\\\/wp-content\\\/uploads\\\/2021\\\/02\\\/unnamed-3.jpg\",\"width\":2197,\"height\":1328},{\"@type\":\"BreadcrumbList\",\"@id\":\"https:\\\/\\\/www.copealcoy.es\\\/es\\\/alcoy-amplia-la-conexion-wifi-gratuita-con-11-nuevos-puntos\\\/#breadcrumb\",\"itemListElement\":[{\"@type\":\"ListItem\",\"position\":1,\"name\":\"Portada\",\"item\":\"https:\\\/\\\/www.copealcoy.es\\\/es\\\/\"},{\"@type\":\"ListItem\",\"position\":2,\"name\":\"Alcoy ampl\u00eda la conexi\u00f3n Wifi gratuita con 11 nuevos puntos\"}]},{\"@type\":\"WebSite\",\"@id\":\"https:\\\/\\\/www.copealcoy.es\\\/es\\\/#website\",\"url\":\"https:\\\/\\\/www.copealcoy.es\\\/es\\\/\",\"name\":\"COPE Alcoy\",\"description\":\"Emisora COPE de radio local con emisi\u00f3n online. Pont de Sant Jordi 8-10 03803 Alcoy\",\"potentialAction\":[{\"@type\":\"SearchAction\",\"target\":{\"@type\":\"EntryPoint\",\"urlTemplate\":\"https:\\\/\\\/www.copealcoy.es\\\/es\\\/?s={search_term_string}\"},\"query-input\":{\"@type\":\"PropertyValueSpecification\",\"valueRequired\":true,\"valueName\":\"search_term_string\"}}],\"inLanguage\":\"es\"},{\"@type\":\"Person\",\"@id\":\"https:\\\/\\\/www.copealcoy.es\\\/es\\\/#\\\/schema\\\/person\\\/e777c87fa024e57d40170af9df39882c\",\"name\":\"Cope Alcoy\",\"image\":{\"@type\":\"ImageObject\",\"inLanguage\":\"es\",\"@id\":\"https:\\\/\\\/secure.gravatar.com\\\/avatar\\\/bb65d0283347e303893ba14f0692005417c1e0e690a325a4c5d8bb2b3943ee14?s=96&d=mm&r=g\",\"url\":\"https:\\\/\\\/secure.gravatar.com\\\/avatar\\\/bb65d0283347e303893ba14f0692005417c1e0e690a325a4c5d8bb2b3943ee14?s=96&d=mm&r=g\",\"contentUrl\":\"https:\\\/\\\/secure.gravatar.com\\\/avatar\\\/bb65d0283347e303893ba14f0692005417c1e0e690a325a4c5d8bb2b3943ee14?s=96&d=mm&r=g\",\"caption\":\"Cope Alcoy\"}}]}<\/script>\n<!-- \/ Yoast SEO plugin. -->","yoast_head_json":{"title":"Alcoy ampl\u00eda la conexi\u00f3n Wifi gratuita con 11 nuevos puntos - COPE Alcoy","robots":{"index":"index","follow":"follow","max-snippet":"max-snippet:-1","max-image-preview":"max-image-preview:large","max-video-preview":"max-video-preview:-1"},"canonical":"https:\/\/www.copealcoy.es\/es\/alcoy-amplia-la-conexion-wifi-gratuita-con-11-nuevos-puntos\/","og_locale":"es_ES","og_type":"article","og_title":"Alcoy ampl\u00eda la conexi\u00f3n Wifi gratuita con 11 nuevos puntos - COPE Alcoy","og_description":"Alcoy cuenta con 11 nuevos puntos de conexi\u00f3n Wifi gratuita gracias a una subvenci\u00f3n de 15.000 euros procedente de la...","og_url":"https:\/\/www.copealcoy.es\/es\/alcoy-amplia-la-conexion-wifi-gratuita-con-11-nuevos-puntos\/","og_site_name":"COPE Alcoy","article_published_time":"2021-02-06T22:44:41+00:00","article_modified_time":"2021-02-06T23:11:01+00:00","og_image":[{"width":2197,"height":1328,"url":"https:\/\/www.copealcoy.es\/wp-content\/uploads\/2021\/02\/unnamed-3.jpg","type":"image\/jpeg"}],"author":"Cope Alcoy","twitter_misc":{"Escrito por":"Cope Alcoy","Tiempo de lectura":"1 minuto"},"schema":{"@context":"https:\/\/schema.org","@graph":[{"@type":"Article","@id":"https:\/\/www.copealcoy.es\/es\/alcoy-amplia-la-conexion-wifi-gratuita-con-11-nuevos-puntos\/#article","isPartOf":{"@id":"https:\/\/www.copealcoy.es\/es\/alcoy-amplia-la-conexion-wifi-gratuita-con-11-nuevos-puntos\/"},"author":{"name":"Cope Alcoy","@id":"https:\/\/www.copealcoy.es\/es\/#\/schema\/person\/e777c87fa024e57d40170af9df39882c"},"headline":"Alcoy ampl\u00eda la conexi\u00f3n Wifi gratuita con 11 nuevos puntos","datePublished":"2021-02-06T22:44:41+00:00","dateModified":"2021-02-06T23:11:01+00:00","mainEntityOfPage":{"@id":"https:\/\/www.copealcoy.es\/es\/alcoy-amplia-la-conexion-wifi-gratuita-con-11-nuevos-puntos\/"},"wordCount":291,"commentCount":0,"image":{"@id":"https:\/\/www.copealcoy.es\/es\/alcoy-amplia-la-conexion-wifi-gratuita-con-11-nuevos-puntos\/#primaryimage"},"thumbnailUrl":"https:\/\/www.copealcoy.es\/wp-content\/uploads\/2021\/02\/unnamed-3.jpg","keywords":["11 nuevos puntos","Alberto Belda","Alcoy","ampliaci\u00f3n","conexi\u00f3n Wifi"],"articleSection":["Actualidad","Alcoy","Noticias"],"inLanguage":"es"},{"@type":"WebPage","@id":"https:\/\/www.copealcoy.es\/es\/alcoy-amplia-la-conexion-wifi-gratuita-con-11-nuevos-puntos\/","url":"https:\/\/www.copealcoy.es\/es\/alcoy-amplia-la-conexion-wifi-gratuita-con-11-nuevos-puntos\/","name":"Alcoy ampl\u00eda la conexi\u00f3n Wifi gratuita con 11 nuevos puntos - COPE Alcoy","isPartOf":{"@id":"https:\/\/www.copealcoy.es\/es\/#website"},"primaryImageOfPage":{"@id":"https:\/\/www.copealcoy.es\/es\/alcoy-amplia-la-conexion-wifi-gratuita-con-11-nuevos-puntos\/#primaryimage"},"image":{"@id":"https:\/\/www.copealcoy.es\/es\/alcoy-amplia-la-conexion-wifi-gratuita-con-11-nuevos-puntos\/#primaryimage"},"thumbnailUrl":"https:\/\/www.copealcoy.es\/wp-content\/uploads\/2021\/02\/unnamed-3.jpg","datePublished":"2021-02-06T22:44:41+00:00","dateModified":"2021-02-06T23:11:01+00:00","author":{"@id":"https:\/\/www.copealcoy.es\/es\/#\/schema\/person\/e777c87fa024e57d40170af9df39882c"},"breadcrumb":{"@id":"https:\/\/www.copealcoy.es\/es\/alcoy-amplia-la-conexion-wifi-gratuita-con-11-nuevos-puntos\/#breadcrumb"},"inLanguage":"es","potentialAction":[{"@type":"ReadAction","target":["https:\/\/www.copealcoy.es\/es\/alcoy-amplia-la-conexion-wifi-gratuita-con-11-nuevos-puntos\/"]}]},{"@type":"ImageObject","inLanguage":"es","@id":"https:\/\/www.copealcoy.es\/es\/alcoy-amplia-la-conexion-wifi-gratuita-con-11-nuevos-puntos\/#primaryimage","url":"https:\/\/www.copealcoy.es\/wp-content\/uploads\/2021\/02\/unnamed-3.jpg","contentUrl":"https:\/\/www.copealcoy.es\/wp-content\/uploads\/2021\/02\/unnamed-3.jpg","width":2197,"height":1328},{"@type":"BreadcrumbList","@id":"https:\/\/www.copealcoy.es\/es\/alcoy-amplia-la-conexion-wifi-gratuita-con-11-nuevos-puntos\/#breadcrumb","itemListElement":[{"@type":"ListItem","position":1,"name":"Portada","item":"https:\/\/www.copealcoy.es\/es\/"},{"@type":"ListItem","position":2,"name":"Alcoy ampl\u00eda la conexi\u00f3n Wifi gratuita con 11 nuevos puntos"}]},{"@type":"WebSite","@id":"https:\/\/www.copealcoy.es\/es\/#website","url":"https:\/\/www.copealcoy.es\/es\/","name":"COPE Alcoy","description":"Emisora COPE de radio local con emisi\u00f3n online. Pont de Sant Jordi 8-10 03803 Alcoy","potentialAction":[{"@type":"SearchAction","target":{"@type":"EntryPoint","urlTemplate":"https:\/\/www.copealcoy.es\/es\/?s={search_term_string}"},"query-input":{"@type":"PropertyValueSpecification","valueRequired":true,"valueName":"search_term_string"}}],"inLanguage":"es"},{"@type":"Person","@id":"https:\/\/www.copealcoy.es\/es\/#\/schema\/person\/e777c87fa024e57d40170af9df39882c","name":"Cope Alcoy","image":{"@type":"ImageObject","inLanguage":"es","@id":"https:\/\/secure.gravatar.com\/avatar\/bb65d0283347e303893ba14f0692005417c1e0e690a325a4c5d8bb2b3943ee14?s=96&d=mm&r=g","url":"https:\/\/secure.gravatar.com\/avatar\/bb65d0283347e303893ba14f0692005417c1e0e690a325a4c5d8bb2b3943ee14?s=96&d=mm&r=g","contentUrl":"https:\/\/secure.gravatar.com\/avatar\/bb65d0283347e303893ba14f0692005417c1e0e690a325a4c5d8bb2b3943ee14?s=96&d=mm&r=g","caption":"Cope Alcoy"}}]}},"_links":{"self":[{"href":"https:\/\/www.copealcoy.es\/es\/wp-json\/wp\/v2\/posts\/70682","targetHints":{"allow":["GET"]}}],"collection":[{"href":"https:\/\/www.copealcoy.es\/es\/wp-json\/wp\/v2\/posts"}],"about":[{"href":"https:\/\/www.copealcoy.es\/es\/wp-json\/wp\/v2\/types\/post"}],"author":[{"embeddable":true,"href":"https:\/\/www.copealcoy.es\/es\/wp-json\/wp\/v2\/users\/1"}],"replies":[{"embeddable":true,"href":"https:\/\/www.copealcoy.es\/es\/wp-json\/wp\/v2\/comments?post=70682"}],"version-history":[{"count":0,"href":"https:\/\/www.copealcoy.es\/es\/wp-json\/wp\/v2\/posts\/70682\/revisions"}],"wp:featuredmedia":[{"embeddable":true,"href":"https:\/\/www.copealcoy.es\/es\/wp-json\/wp\/v2\/media\/70686"}],"wp:attachment":[{"href":"https:\/\/www.copealcoy.es\/es\/wp-json\/wp\/v2\/media?parent=70682"}],"wp:term":[{"taxonomy":"category","embeddable":true,"href":"https:\/\/www.copealcoy.es\/es\/wp-json\/wp\/v2\/categories?post=70682"},{"taxonomy":"post_tag","embeddable":true,"href":"https:\/\/www.copealcoy.es\/es\/wp-json\/wp\/v2\/tags?post=70682"}],"curies":[{"name":"wp","href":"https:\/\/api.w.org\/{rel}","templated":true}]}}