{"id":70650,"date":"2021-02-03T20:20:23","date_gmt":"2021-02-03T19:20:23","guid":{"rendered":"https:\/\/www.copealcoy.es\/?p=70650"},"modified":"2021-02-06T20:55:28","modified_gmt":"2021-02-06T19:55:28","slug":"ayuntamiento-y-asociacion-de-san-jorge-descartan-las-fiestas-en-abril","status":"publish","type":"post","link":"https:\/\/www.copealcoy.es\/es\/ayuntamiento-y-asociacion-de-san-jorge-descartan-las-fiestas-en-abril\/","title":{"rendered":"Ayuntamiento y Asociaci\u00f3n de San Jorge descartan las Fiestas en abril"},"content":{"rendered":"<p style=\"text-align: justify;\">El <strong>Ayuntamiento de Alcoy<\/strong> y la <strong>Asociaci\u00f3n de San Jorge<\/strong> han descartado <strong>la celebraci\u00f3n de las Fiestas de Moros y Cristianos para el mes de abril<\/strong> dada <strong>la negativa evoluci\u00f3n<\/strong> que est\u00e1 teniendo <strong>la crisis sanitaria del Coronavirus<\/strong> en este inicio del a\u00f1o 2021. Desde el Consistorio <strong>ven imposible celebrar la trilog\u00eda festera en su formato habitual<\/strong> y conf\u00edan en que a partir del segundo semestre del a\u00f1o <strong>haya un contexto m\u00e1s favorable<\/strong> &#8220;<em>ahora mismo, con la situaci\u00f3n que presenta nuestra ciudad en cuanto a la incidencia de la pandemia se refiere, se hace complicado pensar en Fiestas<\/em>&#8220;, manifestaba el alcalde; <strong>Antonio Franc\u00e9s<\/strong>, el lunes por la ma\u00f1ana.<\/p>\n<p><strong>El Casal no propone fechas de Fiestas en su Asamblea\u00a0<\/strong><\/p>\n<p style=\"text-align: justify;\">Antes de ello, <strong>el jueves por la tarde<\/strong>, se celebr\u00f3 en formato telem\u00e1tico <strong>la Asamblea General del Casal de Sant Jordi<\/strong> correspondiente al mes de enero.<\/p>\n<p style=\"text-align: justify;\">En ella <strong>no se propusieron fechas para celebrar las Fiestas<\/strong>, a la espera de ver la evoluci\u00f3n de los acontecimientos de cara a los pr\u00f3ximos meses, y <strong>se ratific\u00f3 una estimaci\u00f3n presupuestaria para 2021 de 833.243,04 euros<\/strong> &#8220;<em>necesita estar viva para alentar la Festa, pero tambi\u00e9n para que pueda sobrevivir econ\u00f3micamente. La ASJ cuenta con una estructura importante con empleados, un museo de relevancia internacional y unos costes fijos que deben ser asumidos por las cuotas de las personas asociadas, pero tambi\u00e9n a trav\u00e9s de ayudas p\u00fablicas que proceden de distintas administraciones y que, de perderse durante un ejercicio, ser\u00eda muy complicado recuperarlas en el futuro. Ahora mismo s\u00f3lo podemos pensar en superar la Pandemia, en estar al lado de las personas afectadas y de sus familiares. Es evidente que las Fiestas no se convocar\u00e1n mientras la situaci\u00f3n sanitaria no est\u00e9 totalmente restablecida<\/em>&#8220;, dijo el Presidente de la instituci\u00f3n festera; <strong>Juan Jos\u00e9 Olcina<\/strong>.<\/p>\n<p style=\"text-align: justify;\">Adem\u00e1s <strong>se present\u00f3 la concordia del a\u00f1o 2021<\/strong> en la que figuran <strong>varios actos religiosos en honor a San Jorge<\/strong> para el d\u00eda 23 de abril. En este sentido Olcina avanz\u00f3 que se <strong>seguir\u00e1n promoviendo los cultos en dedicados al patr\u00f3n as\u00ed como actos culturales<\/strong> &#8220;<em>el Estado de Alarma est\u00e1 previsto que, como pronto, finalice en el mes de mayo. Adem\u00e1s, el momento actual de la Pandemia no invita al optimismo. Seguiremos trabajando, en la medida de lo posible para que, desde la Asociaci\u00f3n, se puedan celebrar actos telem\u00e1ticos o presenciales que mantengan viva la Fiesta. Nos referimos a la edici\u00f3n de las Revistas de Fiestas, a las exposiciones del MAF, concursos de Teatro y los infantiles, y cualquier otro acontecimiento que la Pandemia nos permita llevar a cabo<\/em>&#8220;, detalla el Presidente.<\/p>\n<p style=\"text-align: justify;\">Desde el Casal han instado a los festeros, bandas de m\u00fasica, industria de la Festa o asociados\u00a0<strong> a mantener viva la esperanza y a trabajar por mantener unidos los v\u00ednculos entre Filaes y sus miembros<\/strong> en estos momentos tan complicados.<\/p>\n","protected":false},"excerpt":{"rendered":"<p>El Ayuntamiento de Alcoy y la Asociaci\u00f3n de San Jorge han descartado la celebraci\u00f3n de las Fiestas de Moros y&#8230;<\/p>\n","protected":false},"author":1,"featured_media":70651,"comment_status":"open","ping_status":"open","sticky":false,"template":"","format":"standard","meta":{"footnotes":""},"categories":[97,78,75],"tags":[2113,1494,1771,229,2001,7477],"class_list":["post-70650","post","type-post","status-publish","format-standard","has-post-thumbnail","hentry","category-alcoy","category-fiestaycultura","category-noticias","tag-abril","tag-alcoy","tag-asociacion-de-san-jorge","tag-ayuntamiento","tag-fiestas-de-moros-y-cristianos","tag-pandemia"],"yoast_head":"<!-- This site is optimized with the Yoast SEO plugin v27.3 - https:\/\/yoast.com\/product\/yoast-seo-wordpress\/ -->\n<title>Ayuntamiento y Asociaci\u00f3n de San Jorge descartan las Fiestas en abril - COPE Alcoy<\/title>\n<meta name=\"robots\" content=\"index, follow, max-snippet:-1, max-image-preview:large, max-video-preview:-1\" \/>\n<link rel=\"canonical\" href=\"https:\/\/www.copealcoy.es\/es\/ayuntamiento-y-asociacion-de-san-jorge-descartan-las-fiestas-en-abril\/\" \/>\n<meta property=\"og:locale\" content=\"es_ES\" \/>\n<meta property=\"og:type\" content=\"article\" \/>\n<meta property=\"og:title\" content=\"Ayuntamiento y Asociaci\u00f3n de San Jorge descartan las Fiestas en abril - COPE Alcoy\" \/>\n<meta property=\"og:description\" content=\"El Ayuntamiento de Alcoy y la Asociaci\u00f3n de San Jorge han descartado la celebraci\u00f3n de las Fiestas de Moros y...\" \/>\n<meta property=\"og:url\" content=\"https:\/\/www.copealcoy.es\/es\/ayuntamiento-y-asociacion-de-san-jorge-descartan-las-fiestas-en-abril\/\" \/>\n<meta property=\"og:site_name\" content=\"COPE Alcoy\" \/>\n<meta property=\"article:published_time\" content=\"2021-02-03T19:20:23+00:00\" \/>\n<meta property=\"article:modified_time\" content=\"2021-02-06T19:55:28+00:00\" \/>\n<meta property=\"og:image\" content=\"https:\/\/www.copealcoy.es\/wp-content\/uploads\/2021\/02\/noticia-web.jpg\" \/>\n\t<meta property=\"og:image:width\" content=\"1600\" \/>\n\t<meta property=\"og:image:height\" content=\"900\" \/>\n\t<meta property=\"og:image:type\" content=\"image\/jpeg\" \/>\n<meta name=\"author\" content=\"Cope Alcoy\" \/>\n<meta name=\"twitter:label1\" content=\"Escrito por\" \/>\n\t<meta name=\"twitter:data1\" content=\"Cope Alcoy\" \/>\n\t<meta name=\"twitter:label2\" content=\"Tiempo de lectura\" \/>\n\t<meta name=\"twitter:data2\" content=\"3 minutos\" \/>\n<script type=\"application\/ld+json\" class=\"yoast-schema-graph\">{\"@context\":\"https:\\\/\\\/schema.org\",\"@graph\":[{\"@type\":\"Article\",\"@id\":\"https:\\\/\\\/www.copealcoy.es\\\/es\\\/ayuntamiento-y-asociacion-de-san-jorge-descartan-las-fiestas-en-abril\\\/#article\",\"isPartOf\":{\"@id\":\"https:\\\/\\\/www.copealcoy.es\\\/es\\\/ayuntamiento-y-asociacion-de-san-jorge-descartan-las-fiestas-en-abril\\\/\"},\"author\":{\"name\":\"Cope Alcoy\",\"@id\":\"https:\\\/\\\/www.copealcoy.es\\\/es\\\/#\\\/schema\\\/person\\\/e777c87fa024e57d40170af9df39882c\"},\"headline\":\"Ayuntamiento y Asociaci\u00f3n de San Jorge descartan las Fiestas en abril\",\"datePublished\":\"2021-02-03T19:20:23+00:00\",\"dateModified\":\"2021-02-06T19:55:28+00:00\",\"mainEntityOfPage\":{\"@id\":\"https:\\\/\\\/www.copealcoy.es\\\/es\\\/ayuntamiento-y-asociacion-de-san-jorge-descartan-las-fiestas-en-abril\\\/\"},\"wordCount\":512,\"commentCount\":0,\"image\":{\"@id\":\"https:\\\/\\\/www.copealcoy.es\\\/es\\\/ayuntamiento-y-asociacion-de-san-jorge-descartan-las-fiestas-en-abril\\\/#primaryimage\"},\"thumbnailUrl\":\"https:\\\/\\\/www.copealcoy.es\\\/wp-content\\\/uploads\\\/2021\\\/02\\\/noticia-web.jpg\",\"keywords\":[\"Abril\",\"Alcoy\",\"Asociaci\u00f3n de San Jorge\",\"Ayuntamiento\",\"Fiestas de Moros y Cristianos\",\"pandemia\"],\"articleSection\":[\"Alcoy\",\"Fiesta y Cultura\",\"Noticias\"],\"inLanguage\":\"es\"},{\"@type\":\"WebPage\",\"@id\":\"https:\\\/\\\/www.copealcoy.es\\\/es\\\/ayuntamiento-y-asociacion-de-san-jorge-descartan-las-fiestas-en-abril\\\/\",\"url\":\"https:\\\/\\\/www.copealcoy.es\\\/es\\\/ayuntamiento-y-asociacion-de-san-jorge-descartan-las-fiestas-en-abril\\\/\",\"name\":\"Ayuntamiento y Asociaci\u00f3n de San Jorge descartan las Fiestas en abril - COPE Alcoy\",\"isPartOf\":{\"@id\":\"https:\\\/\\\/www.copealcoy.es\\\/es\\\/#website\"},\"primaryImageOfPage\":{\"@id\":\"https:\\\/\\\/www.copealcoy.es\\\/es\\\/ayuntamiento-y-asociacion-de-san-jorge-descartan-las-fiestas-en-abril\\\/#primaryimage\"},\"image\":{\"@id\":\"https:\\\/\\\/www.copealcoy.es\\\/es\\\/ayuntamiento-y-asociacion-de-san-jorge-descartan-las-fiestas-en-abril\\\/#primaryimage\"},\"thumbnailUrl\":\"https:\\\/\\\/www.copealcoy.es\\\/wp-content\\\/uploads\\\/2021\\\/02\\\/noticia-web.jpg\",\"datePublished\":\"2021-02-03T19:20:23+00:00\",\"dateModified\":\"2021-02-06T19:55:28+00:00\",\"author\":{\"@id\":\"https:\\\/\\\/www.copealcoy.es\\\/es\\\/#\\\/schema\\\/person\\\/e777c87fa024e57d40170af9df39882c\"},\"breadcrumb\":{\"@id\":\"https:\\\/\\\/www.copealcoy.es\\\/es\\\/ayuntamiento-y-asociacion-de-san-jorge-descartan-las-fiestas-en-abril\\\/#breadcrumb\"},\"inLanguage\":\"es\",\"potentialAction\":[{\"@type\":\"ReadAction\",\"target\":[\"https:\\\/\\\/www.copealcoy.es\\\/es\\\/ayuntamiento-y-asociacion-de-san-jorge-descartan-las-fiestas-en-abril\\\/\"]}]},{\"@type\":\"ImageObject\",\"inLanguage\":\"es\",\"@id\":\"https:\\\/\\\/www.copealcoy.es\\\/es\\\/ayuntamiento-y-asociacion-de-san-jorge-descartan-las-fiestas-en-abril\\\/#primaryimage\",\"url\":\"https:\\\/\\\/www.copealcoy.es\\\/wp-content\\\/uploads\\\/2021\\\/02\\\/noticia-web.jpg\",\"contentUrl\":\"https:\\\/\\\/www.copealcoy.es\\\/wp-content\\\/uploads\\\/2021\\\/02\\\/noticia-web.jpg\",\"width\":1600,\"height\":900},{\"@type\":\"BreadcrumbList\",\"@id\":\"https:\\\/\\\/www.copealcoy.es\\\/es\\\/ayuntamiento-y-asociacion-de-san-jorge-descartan-las-fiestas-en-abril\\\/#breadcrumb\",\"itemListElement\":[{\"@type\":\"ListItem\",\"position\":1,\"name\":\"Portada\",\"item\":\"https:\\\/\\\/www.copealcoy.es\\\/es\\\/\"},{\"@type\":\"ListItem\",\"position\":2,\"name\":\"Ayuntamiento y Asociaci\u00f3n de San Jorge descartan las Fiestas en abril\"}]},{\"@type\":\"WebSite\",\"@id\":\"https:\\\/\\\/www.copealcoy.es\\\/es\\\/#website\",\"url\":\"https:\\\/\\\/www.copealcoy.es\\\/es\\\/\",\"name\":\"COPE Alcoy\",\"description\":\"Emisora COPE de radio local con emisi\u00f3n online. Pont de Sant Jordi 8-10 03803 Alcoy\",\"potentialAction\":[{\"@type\":\"SearchAction\",\"target\":{\"@type\":\"EntryPoint\",\"urlTemplate\":\"https:\\\/\\\/www.copealcoy.es\\\/es\\\/?s={search_term_string}\"},\"query-input\":{\"@type\":\"PropertyValueSpecification\",\"valueRequired\":true,\"valueName\":\"search_term_string\"}}],\"inLanguage\":\"es\"},{\"@type\":\"Person\",\"@id\":\"https:\\\/\\\/www.copealcoy.es\\\/es\\\/#\\\/schema\\\/person\\\/e777c87fa024e57d40170af9df39882c\",\"name\":\"Cope Alcoy\",\"image\":{\"@type\":\"ImageObject\",\"inLanguage\":\"es\",\"@id\":\"https:\\\/\\\/secure.gravatar.com\\\/avatar\\\/bb65d0283347e303893ba14f0692005417c1e0e690a325a4c5d8bb2b3943ee14?s=96&d=mm&r=g\",\"url\":\"https:\\\/\\\/secure.gravatar.com\\\/avatar\\\/bb65d0283347e303893ba14f0692005417c1e0e690a325a4c5d8bb2b3943ee14?s=96&d=mm&r=g\",\"contentUrl\":\"https:\\\/\\\/secure.gravatar.com\\\/avatar\\\/bb65d0283347e303893ba14f0692005417c1e0e690a325a4c5d8bb2b3943ee14?s=96&d=mm&r=g\",\"caption\":\"Cope Alcoy\"}}]}<\/script>\n<!-- \/ Yoast SEO plugin. -->","yoast_head_json":{"title":"Ayuntamiento y Asociaci\u00f3n de San Jorge descartan las Fiestas en abril - COPE Alcoy","robots":{"index":"index","follow":"follow","max-snippet":"max-snippet:-1","max-image-preview":"max-image-preview:large","max-video-preview":"max-video-preview:-1"},"canonical":"https:\/\/www.copealcoy.es\/es\/ayuntamiento-y-asociacion-de-san-jorge-descartan-las-fiestas-en-abril\/","og_locale":"es_ES","og_type":"article","og_title":"Ayuntamiento y Asociaci\u00f3n de San Jorge descartan las Fiestas en abril - COPE Alcoy","og_description":"El Ayuntamiento de Alcoy y la Asociaci\u00f3n de San Jorge han descartado la celebraci\u00f3n de las Fiestas de Moros y...","og_url":"https:\/\/www.copealcoy.es\/es\/ayuntamiento-y-asociacion-de-san-jorge-descartan-las-fiestas-en-abril\/","og_site_name":"COPE Alcoy","article_published_time":"2021-02-03T19:20:23+00:00","article_modified_time":"2021-02-06T19:55:28+00:00","og_image":[{"width":1600,"height":900,"url":"https:\/\/www.copealcoy.es\/wp-content\/uploads\/2021\/02\/noticia-web.jpg","type":"image\/jpeg"}],"author":"Cope Alcoy","twitter_misc":{"Escrito por":"Cope Alcoy","Tiempo de lectura":"3 minutos"},"schema":{"@context":"https:\/\/schema.org","@graph":[{"@type":"Article","@id":"https:\/\/www.copealcoy.es\/es\/ayuntamiento-y-asociacion-de-san-jorge-descartan-las-fiestas-en-abril\/#article","isPartOf":{"@id":"https:\/\/www.copealcoy.es\/es\/ayuntamiento-y-asociacion-de-san-jorge-descartan-las-fiestas-en-abril\/"},"author":{"name":"Cope Alcoy","@id":"https:\/\/www.copealcoy.es\/es\/#\/schema\/person\/e777c87fa024e57d40170af9df39882c"},"headline":"Ayuntamiento y Asociaci\u00f3n de San Jorge descartan las Fiestas en abril","datePublished":"2021-02-03T19:20:23+00:00","dateModified":"2021-02-06T19:55:28+00:00","mainEntityOfPage":{"@id":"https:\/\/www.copealcoy.es\/es\/ayuntamiento-y-asociacion-de-san-jorge-descartan-las-fiestas-en-abril\/"},"wordCount":512,"commentCount":0,"image":{"@id":"https:\/\/www.copealcoy.es\/es\/ayuntamiento-y-asociacion-de-san-jorge-descartan-las-fiestas-en-abril\/#primaryimage"},"thumbnailUrl":"https:\/\/www.copealcoy.es\/wp-content\/uploads\/2021\/02\/noticia-web.jpg","keywords":["Abril","Alcoy","Asociaci\u00f3n de San Jorge","Ayuntamiento","Fiestas de Moros y Cristianos","pandemia"],"articleSection":["Alcoy","Fiesta y Cultura","Noticias"],"inLanguage":"es"},{"@type":"WebPage","@id":"https:\/\/www.copealcoy.es\/es\/ayuntamiento-y-asociacion-de-san-jorge-descartan-las-fiestas-en-abril\/","url":"https:\/\/www.copealcoy.es\/es\/ayuntamiento-y-asociacion-de-san-jorge-descartan-las-fiestas-en-abril\/","name":"Ayuntamiento y Asociaci\u00f3n de San Jorge descartan las Fiestas en abril - COPE Alcoy","isPartOf":{"@id":"https:\/\/www.copealcoy.es\/es\/#website"},"primaryImageOfPage":{"@id":"https:\/\/www.copealcoy.es\/es\/ayuntamiento-y-asociacion-de-san-jorge-descartan-las-fiestas-en-abril\/#primaryimage"},"image":{"@id":"https:\/\/www.copealcoy.es\/es\/ayuntamiento-y-asociacion-de-san-jorge-descartan-las-fiestas-en-abril\/#primaryimage"},"thumbnailUrl":"https:\/\/www.copealcoy.es\/wp-content\/uploads\/2021\/02\/noticia-web.jpg","datePublished":"2021-02-03T19:20:23+00:00","dateModified":"2021-02-06T19:55:28+00:00","author":{"@id":"https:\/\/www.copealcoy.es\/es\/#\/schema\/person\/e777c87fa024e57d40170af9df39882c"},"breadcrumb":{"@id":"https:\/\/www.copealcoy.es\/es\/ayuntamiento-y-asociacion-de-san-jorge-descartan-las-fiestas-en-abril\/#breadcrumb"},"inLanguage":"es","potentialAction":[{"@type":"ReadAction","target":["https:\/\/www.copealcoy.es\/es\/ayuntamiento-y-asociacion-de-san-jorge-descartan-las-fiestas-en-abril\/"]}]},{"@type":"ImageObject","inLanguage":"es","@id":"https:\/\/www.copealcoy.es\/es\/ayuntamiento-y-asociacion-de-san-jorge-descartan-las-fiestas-en-abril\/#primaryimage","url":"https:\/\/www.copealcoy.es\/wp-content\/uploads\/2021\/02\/noticia-web.jpg","contentUrl":"https:\/\/www.copealcoy.es\/wp-content\/uploads\/2021\/02\/noticia-web.jpg","width":1600,"height":900},{"@type":"BreadcrumbList","@id":"https:\/\/www.copealcoy.es\/es\/ayuntamiento-y-asociacion-de-san-jorge-descartan-las-fiestas-en-abril\/#breadcrumb","itemListElement":[{"@type":"ListItem","position":1,"name":"Portada","item":"https:\/\/www.copealcoy.es\/es\/"},{"@type":"ListItem","position":2,"name":"Ayuntamiento y Asociaci\u00f3n de San Jorge descartan las Fiestas en abril"}]},{"@type":"WebSite","@id":"https:\/\/www.copealcoy.es\/es\/#website","url":"https:\/\/www.copealcoy.es\/es\/","name":"COPE Alcoy","description":"Emisora COPE de radio local con emisi\u00f3n online. Pont de Sant Jordi 8-10 03803 Alcoy","potentialAction":[{"@type":"SearchAction","target":{"@type":"EntryPoint","urlTemplate":"https:\/\/www.copealcoy.es\/es\/?s={search_term_string}"},"query-input":{"@type":"PropertyValueSpecification","valueRequired":true,"valueName":"search_term_string"}}],"inLanguage":"es"},{"@type":"Person","@id":"https:\/\/www.copealcoy.es\/es\/#\/schema\/person\/e777c87fa024e57d40170af9df39882c","name":"Cope Alcoy","image":{"@type":"ImageObject","inLanguage":"es","@id":"https:\/\/secure.gravatar.com\/avatar\/bb65d0283347e303893ba14f0692005417c1e0e690a325a4c5d8bb2b3943ee14?s=96&d=mm&r=g","url":"https:\/\/secure.gravatar.com\/avatar\/bb65d0283347e303893ba14f0692005417c1e0e690a325a4c5d8bb2b3943ee14?s=96&d=mm&r=g","contentUrl":"https:\/\/secure.gravatar.com\/avatar\/bb65d0283347e303893ba14f0692005417c1e0e690a325a4c5d8bb2b3943ee14?s=96&d=mm&r=g","caption":"Cope Alcoy"}}]}},"_links":{"self":[{"href":"https:\/\/www.copealcoy.es\/es\/wp-json\/wp\/v2\/posts\/70650","targetHints":{"allow":["GET"]}}],"collection":[{"href":"https:\/\/www.copealcoy.es\/es\/wp-json\/wp\/v2\/posts"}],"about":[{"href":"https:\/\/www.copealcoy.es\/es\/wp-json\/wp\/v2\/types\/post"}],"author":[{"embeddable":true,"href":"https:\/\/www.copealcoy.es\/es\/wp-json\/wp\/v2\/users\/1"}],"replies":[{"embeddable":true,"href":"https:\/\/www.copealcoy.es\/es\/wp-json\/wp\/v2\/comments?post=70650"}],"version-history":[{"count":0,"href":"https:\/\/www.copealcoy.es\/es\/wp-json\/wp\/v2\/posts\/70650\/revisions"}],"wp:featuredmedia":[{"embeddable":true,"href":"https:\/\/www.copealcoy.es\/es\/wp-json\/wp\/v2\/media\/70651"}],"wp:attachment":[{"href":"https:\/\/www.copealcoy.es\/es\/wp-json\/wp\/v2\/media?parent=70650"}],"wp:term":[{"taxonomy":"category","embeddable":true,"href":"https:\/\/www.copealcoy.es\/es\/wp-json\/wp\/v2\/categories?post=70650"},{"taxonomy":"post_tag","embeddable":true,"href":"https:\/\/www.copealcoy.es\/es\/wp-json\/wp\/v2\/tags?post=70650"}],"curies":[{"name":"wp","href":"https:\/\/api.w.org\/{rel}","templated":true}]}}