{"id":70629,"date":"2021-02-05T22:55:03","date_gmt":"2021-02-05T21:55:03","guid":{"rendered":"https:\/\/www.copealcoy.es\/?p=70629"},"modified":"2021-02-05T23:53:21","modified_gmt":"2021-02-05T22:53:21","slug":"aprobados-los-presupuestos-municipales-de-alcoy-para-el-2021","status":"publish","type":"post","link":"https:\/\/www.copealcoy.es\/es\/aprobados-los-presupuestos-municipales-de-alcoy-para-el-2021\/","title":{"rendered":"Aprobados los Presupuestos Municipales de Alcoy para el 2021"},"content":{"rendered":"<p style=\"text-align: justify;\">El <strong>Pleno del Ayuntamiento de Alcoy<\/strong> ha aprobado en la sesi\u00f3n ordinaria de este viernes <strong>los Presupuestos Municipales para el 2021<\/strong>, unas cuentas que <strong>rozan los setenta millones de euros<\/strong>. Las mismas <strong>crecen un 16&#8217;5%<\/strong> respecto al a\u00f1o anterior, especialmente para <strong>atender las necesidades de la situaci\u00f3n econ\u00f3mica derivada de la crisis sanitaria del Coronavirus<\/strong>, y <strong>prev\u00e9n m\u00e1s de 13 millones <\/strong>para diferentes inversiones.<\/p>\n<p><strong>Comprom\u00eds, Ciudadanos y Podem dicen &#8216;s\u00ed&#8217;\u00a0<\/strong><\/p>\n<p style=\"text-align: justify;\">Los<strong> Presupuestos<\/strong> presentados por el Gobierno Municipal del PSOE <strong>han contado con el respaldo de Comprom\u00eds, Ciudadanos y Podem Alcoi<\/strong>. La formaci\u00f3n nacionalista ha recordado que <strong>sus aportaciones estuvieron centradas en mejorar la atenci\u00f3n a los colectivos m\u00e1s vulnerables<\/strong>, que est\u00e1n sufriendo con dureza los efectos de la pandemia, as\u00ed como en <strong>fomentar el alquiler de viviendas<\/strong> &#8220;<em>Alcoy necesita un cambio, necesita poner en pr\u00e1ctica una visi\u00f3n y una misi\u00f3n que nos lleve hacia la cuarta revoluci\u00f3n industrial con clara ventaja y liderazgo sin dejar de lado a los que m\u00e1s lo necesitan. Y ah\u00ed siempre podr\u00e1n encontrar a Comprom\u00eds<\/em>&#8220;, ha dicho el portavoz del partido;<strong> M\u00e0rius Ivorra<\/strong>. Por su parte <strong>Ciudadanos<\/strong> ha recordado que apoyando el Presupuesto abogan por proyectos como <strong>la construcci\u00f3n de la rotonda de acceso norte a la ciudad<\/strong> o <strong>el refuerzo de las ayudas para los sectores m\u00e1s castigados por la crisis de la Covid-19<\/strong> &#8220;<em>los alcoyanos y alcoyanas nos exigen soluciones urgentes. La situaci\u00f3n que vivimos nos obliga a hacer un esfuerzo a todos los partidos de la Corporaci\u00f3n Municipal para sacar adelante las cuentas con el m\u00e1ximo consenso posible<\/em>&#8220;, ha apostillado la l\u00edder de la formaci\u00f3n naranja; <strong>Rosa Garc\u00eda<\/strong>. Por \u00faltimo <strong>Podem Alcoi<\/strong> ha recordado que con estos Presupuestos <strong>se fortalecen los servicios p\u00fablicos<\/strong> &#8220;<em>gracias a este acuerdo, adem\u00e1s, se incluyen propuestas para la reactivaci\u00f3n econ\u00f3mica, y se apuestan por la mejora de los espacios de la ciudad<\/em>&#8220;; signific\u00f3 el portavoz de los morados;<strong> Cristian Santiago<\/strong>.<\/p>\n<p><strong>Guanyar se abstiene<\/strong><\/p>\n<p style=\"text-align: justify;\">El Grupo Municipal de<strong> Guanyar Alcoi<\/strong> finalmente se ha abstenido en la votaci\u00f3n al considerar que <strong>no se hab\u00edan tenido en cuenta algunas de sus enmiendas<\/strong> centradas en, por ejemplo, <strong>el incremento de la inversi\u00f3n en pol\u00edticas sociales<\/strong>. La portavoz, <strong>Sandra Obiol<\/strong>, echa de en falta <strong>m\u00e1s transparencia en el reparto de las ayudas municipales<\/strong> y ha dado <strong>un voto de confianza<\/strong> al Ejecutivo Local &#8220;<em>confiamos en la palabra del alcalde as\u00ed como la concejal de Hacienda para que se puedan poner en marcha algunas de estas medidas o un plan para facilitar la emancipaci\u00f3n juvenil<\/em>&#8220;, detall\u00f3.<\/p>\n<p><strong>VOX y el PP votan en contra\u00a0<\/strong><\/p>\n<p style=\"text-align: justify;\">Desde VOX <strong>han votado en contra del Presupuesto<\/strong> porque considera que las cuentas <strong>no han estado dise\u00f1adas para hacer frente a la situaci\u00f3n de pandemia<\/strong> que vivimos. El portavoz, <strong>David Abad<\/strong>, las ha calificado de ineficientes &#8220;<em>no contemplan la gravedad de lo que estamos viviendo e incrementan la deuda del Ayuntamiento y por tanto de todos los alcoyanos<\/em>&#8220;, asever\u00f3. En id\u00e9nticos t\u00e9rminos <strong>se expres\u00f3 el PP<\/strong> al detallar que las cuentas <strong>no cubrir\u00e1n todas las necesidades econ\u00f3micas surgidas a ra\u00edz de la crisis sanitaria del Coronavirus<\/strong> &#8220;<em>solo 1&#8217;4 millones, el 2%, est\u00e1 reservado para las ayudas econ\u00f3micas de emergencia. El Gobierno Local aprovecha la suspensi\u00f3n de las reglas fiscales para disparar el endeudamiento del Ayuntamiento, hacer obras e iniciar inciertas aventuras como la creaci\u00f3n de una empresa p\u00fablica<\/em>&#8220;, defendi\u00f3 el portavoz de los populares; <strong>Quique Ruiz<\/strong>.<\/p>\n<p style=\"text-align: justify;\">En la recta final del Pleno el alcalde, <strong>Antonio Franc\u00e9s<\/strong>, agradeci\u00f3 <strong>el gesto que hab\u00edan tenido Comprom\u00eds, Podem y Ciudadanos<\/strong> a la hora de facilitar la aprobaci\u00f3n de los Presupuestos y <strong>lament\u00f3 la negativa de PP y VOX a respaldar las cuentas<\/strong>. Estas, tras la oportuna tramitaci\u00f3n, <strong>entrar\u00e1n en vigor<\/strong> en las pr\u00f3ximas semanas.<\/p>\n","protected":false},"excerpt":{"rendered":"<p>El Pleno del Ayuntamiento de Alcoy ha aprobado en la sesi\u00f3n ordinaria de este viernes los Presupuestos Municipales para el&#8230;<\/p>\n","protected":false},"author":1,"featured_media":70630,"comment_status":"open","ping_status":"open","sticky":false,"template":"","format":"standard","meta":{"footnotes":""},"categories":[97,75,79],"tags":[7503,276,1572],"class_list":["post-70629","post","type-post","status-publish","format-standard","has-post-thumbnail","hentry","category-alcoy","category-noticias","category-politicayeconomia","tag-7503","tag-aprobacion","tag-presupuestos-municipales"],"yoast_head":"<!-- This site is optimized with the Yoast SEO plugin v27.3 - https:\/\/yoast.com\/product\/yoast-seo-wordpress\/ -->\n<title>Aprobados los Presupuestos Municipales de Alcoy para el 2021 - COPE Alcoy<\/title>\n<meta name=\"robots\" content=\"index, follow, max-snippet:-1, max-image-preview:large, max-video-preview:-1\" \/>\n<link rel=\"canonical\" href=\"https:\/\/www.copealcoy.es\/es\/aprobados-los-presupuestos-municipales-de-alcoy-para-el-2021\/\" \/>\n<meta property=\"og:locale\" content=\"es_ES\" \/>\n<meta property=\"og:type\" content=\"article\" \/>\n<meta property=\"og:title\" content=\"Aprobados los Presupuestos Municipales de Alcoy para el 2021 - COPE Alcoy\" \/>\n<meta property=\"og:description\" content=\"El Pleno del Ayuntamiento de Alcoy ha aprobado en la sesi\u00f3n ordinaria de este viernes los Presupuestos Municipales para el...\" \/>\n<meta property=\"og:url\" content=\"https:\/\/www.copealcoy.es\/es\/aprobados-los-presupuestos-municipales-de-alcoy-para-el-2021\/\" \/>\n<meta property=\"og:site_name\" content=\"COPE Alcoy\" \/>\n<meta property=\"article:published_time\" content=\"2021-02-05T21:55:03+00:00\" \/>\n<meta property=\"article:modified_time\" content=\"2021-02-05T22:53:21+00:00\" \/>\n<meta property=\"og:image\" content=\"https:\/\/www.copealcoy.es\/wp-content\/uploads\/2021\/02\/captura-Ple-Febrer-02-980x588.png\" \/>\n\t<meta property=\"og:image:width\" content=\"980\" \/>\n\t<meta property=\"og:image:height\" content=\"588\" \/>\n\t<meta property=\"og:image:type\" content=\"image\/png\" \/>\n<meta name=\"author\" content=\"Cope Alcoy\" \/>\n<meta name=\"twitter:label1\" content=\"Escrito por\" \/>\n\t<meta name=\"twitter:data1\" content=\"Cope Alcoy\" \/>\n\t<meta name=\"twitter:label2\" content=\"Tiempo de lectura\" \/>\n\t<meta name=\"twitter:data2\" content=\"3 minutos\" \/>\n<script type=\"application\/ld+json\" class=\"yoast-schema-graph\">{\"@context\":\"https:\\\/\\\/schema.org\",\"@graph\":[{\"@type\":\"Article\",\"@id\":\"https:\\\/\\\/www.copealcoy.es\\\/es\\\/aprobados-los-presupuestos-municipales-de-alcoy-para-el-2021\\\/#article\",\"isPartOf\":{\"@id\":\"https:\\\/\\\/www.copealcoy.es\\\/es\\\/aprobados-los-presupuestos-municipales-de-alcoy-para-el-2021\\\/\"},\"author\":{\"name\":\"Cope Alcoy\",\"@id\":\"https:\\\/\\\/www.copealcoy.es\\\/es\\\/#\\\/schema\\\/person\\\/e777c87fa024e57d40170af9df39882c\"},\"headline\":\"Aprobados los Presupuestos Municipales de Alcoy para el 2021\",\"datePublished\":\"2021-02-05T21:55:03+00:00\",\"dateModified\":\"2021-02-05T22:53:21+00:00\",\"mainEntityOfPage\":{\"@id\":\"https:\\\/\\\/www.copealcoy.es\\\/es\\\/aprobados-los-presupuestos-municipales-de-alcoy-para-el-2021\\\/\"},\"wordCount\":669,\"commentCount\":0,\"image\":{\"@id\":\"https:\\\/\\\/www.copealcoy.es\\\/es\\\/aprobados-los-presupuestos-municipales-de-alcoy-para-el-2021\\\/#primaryimage\"},\"thumbnailUrl\":\"https:\\\/\\\/www.copealcoy.es\\\/wp-content\\\/uploads\\\/2021\\\/02\\\/captura-Ple-Febrer-02.png\",\"keywords\":[\"2021\",\"Aprobaci\u00f3n\",\"Presupuestos Municipales\"],\"articleSection\":[\"Alcoy\",\"Noticias\",\"Pol\u00edtica y Econom\u00eda\"],\"inLanguage\":\"es\"},{\"@type\":\"WebPage\",\"@id\":\"https:\\\/\\\/www.copealcoy.es\\\/es\\\/aprobados-los-presupuestos-municipales-de-alcoy-para-el-2021\\\/\",\"url\":\"https:\\\/\\\/www.copealcoy.es\\\/es\\\/aprobados-los-presupuestos-municipales-de-alcoy-para-el-2021\\\/\",\"name\":\"Aprobados los Presupuestos Municipales de Alcoy para el 2021 - COPE Alcoy\",\"isPartOf\":{\"@id\":\"https:\\\/\\\/www.copealcoy.es\\\/es\\\/#website\"},\"primaryImageOfPage\":{\"@id\":\"https:\\\/\\\/www.copealcoy.es\\\/es\\\/aprobados-los-presupuestos-municipales-de-alcoy-para-el-2021\\\/#primaryimage\"},\"image\":{\"@id\":\"https:\\\/\\\/www.copealcoy.es\\\/es\\\/aprobados-los-presupuestos-municipales-de-alcoy-para-el-2021\\\/#primaryimage\"},\"thumbnailUrl\":\"https:\\\/\\\/www.copealcoy.es\\\/wp-content\\\/uploads\\\/2021\\\/02\\\/captura-Ple-Febrer-02.png\",\"datePublished\":\"2021-02-05T21:55:03+00:00\",\"dateModified\":\"2021-02-05T22:53:21+00:00\",\"author\":{\"@id\":\"https:\\\/\\\/www.copealcoy.es\\\/es\\\/#\\\/schema\\\/person\\\/e777c87fa024e57d40170af9df39882c\"},\"breadcrumb\":{\"@id\":\"https:\\\/\\\/www.copealcoy.es\\\/es\\\/aprobados-los-presupuestos-municipales-de-alcoy-para-el-2021\\\/#breadcrumb\"},\"inLanguage\":\"es\",\"potentialAction\":[{\"@type\":\"ReadAction\",\"target\":[\"https:\\\/\\\/www.copealcoy.es\\\/es\\\/aprobados-los-presupuestos-municipales-de-alcoy-para-el-2021\\\/\"]}]},{\"@type\":\"ImageObject\",\"inLanguage\":\"es\",\"@id\":\"https:\\\/\\\/www.copealcoy.es\\\/es\\\/aprobados-los-presupuestos-municipales-de-alcoy-para-el-2021\\\/#primaryimage\",\"url\":\"https:\\\/\\\/www.copealcoy.es\\\/wp-content\\\/uploads\\\/2021\\\/02\\\/captura-Ple-Febrer-02.png\",\"contentUrl\":\"https:\\\/\\\/www.copealcoy.es\\\/wp-content\\\/uploads\\\/2021\\\/02\\\/captura-Ple-Febrer-02.png\",\"width\":1459,\"height\":828},{\"@type\":\"BreadcrumbList\",\"@id\":\"https:\\\/\\\/www.copealcoy.es\\\/es\\\/aprobados-los-presupuestos-municipales-de-alcoy-para-el-2021\\\/#breadcrumb\",\"itemListElement\":[{\"@type\":\"ListItem\",\"position\":1,\"name\":\"Portada\",\"item\":\"https:\\\/\\\/www.copealcoy.es\\\/es\\\/\"},{\"@type\":\"ListItem\",\"position\":2,\"name\":\"Aprobados los Presupuestos Municipales de Alcoy para el 2021\"}]},{\"@type\":\"WebSite\",\"@id\":\"https:\\\/\\\/www.copealcoy.es\\\/es\\\/#website\",\"url\":\"https:\\\/\\\/www.copealcoy.es\\\/es\\\/\",\"name\":\"COPE Alcoy\",\"description\":\"Emisora COPE de radio local con emisi\u00f3n online. Pont de Sant Jordi 8-10 03803 Alcoy\",\"potentialAction\":[{\"@type\":\"SearchAction\",\"target\":{\"@type\":\"EntryPoint\",\"urlTemplate\":\"https:\\\/\\\/www.copealcoy.es\\\/es\\\/?s={search_term_string}\"},\"query-input\":{\"@type\":\"PropertyValueSpecification\",\"valueRequired\":true,\"valueName\":\"search_term_string\"}}],\"inLanguage\":\"es\"},{\"@type\":\"Person\",\"@id\":\"https:\\\/\\\/www.copealcoy.es\\\/es\\\/#\\\/schema\\\/person\\\/e777c87fa024e57d40170af9df39882c\",\"name\":\"Cope Alcoy\",\"image\":{\"@type\":\"ImageObject\",\"inLanguage\":\"es\",\"@id\":\"https:\\\/\\\/secure.gravatar.com\\\/avatar\\\/bb65d0283347e303893ba14f0692005417c1e0e690a325a4c5d8bb2b3943ee14?s=96&d=mm&r=g\",\"url\":\"https:\\\/\\\/secure.gravatar.com\\\/avatar\\\/bb65d0283347e303893ba14f0692005417c1e0e690a325a4c5d8bb2b3943ee14?s=96&d=mm&r=g\",\"contentUrl\":\"https:\\\/\\\/secure.gravatar.com\\\/avatar\\\/bb65d0283347e303893ba14f0692005417c1e0e690a325a4c5d8bb2b3943ee14?s=96&d=mm&r=g\",\"caption\":\"Cope Alcoy\"}}]}<\/script>\n<!-- \/ Yoast SEO plugin. -->","yoast_head_json":{"title":"Aprobados los Presupuestos Municipales de Alcoy para el 2021 - COPE Alcoy","robots":{"index":"index","follow":"follow","max-snippet":"max-snippet:-1","max-image-preview":"max-image-preview:large","max-video-preview":"max-video-preview:-1"},"canonical":"https:\/\/www.copealcoy.es\/es\/aprobados-los-presupuestos-municipales-de-alcoy-para-el-2021\/","og_locale":"es_ES","og_type":"article","og_title":"Aprobados los Presupuestos Municipales de Alcoy para el 2021 - COPE Alcoy","og_description":"El Pleno del Ayuntamiento de Alcoy ha aprobado en la sesi\u00f3n ordinaria de este viernes los Presupuestos Municipales para el...","og_url":"https:\/\/www.copealcoy.es\/es\/aprobados-los-presupuestos-municipales-de-alcoy-para-el-2021\/","og_site_name":"COPE Alcoy","article_published_time":"2021-02-05T21:55:03+00:00","article_modified_time":"2021-02-05T22:53:21+00:00","og_image":[{"width":980,"height":588,"url":"https:\/\/www.copealcoy.es\/wp-content\/uploads\/2021\/02\/captura-Ple-Febrer-02-980x588.png","type":"image\/png"}],"author":"Cope Alcoy","twitter_misc":{"Escrito por":"Cope Alcoy","Tiempo de lectura":"3 minutos"},"schema":{"@context":"https:\/\/schema.org","@graph":[{"@type":"Article","@id":"https:\/\/www.copealcoy.es\/es\/aprobados-los-presupuestos-municipales-de-alcoy-para-el-2021\/#article","isPartOf":{"@id":"https:\/\/www.copealcoy.es\/es\/aprobados-los-presupuestos-municipales-de-alcoy-para-el-2021\/"},"author":{"name":"Cope Alcoy","@id":"https:\/\/www.copealcoy.es\/es\/#\/schema\/person\/e777c87fa024e57d40170af9df39882c"},"headline":"Aprobados los Presupuestos Municipales de Alcoy para el 2021","datePublished":"2021-02-05T21:55:03+00:00","dateModified":"2021-02-05T22:53:21+00:00","mainEntityOfPage":{"@id":"https:\/\/www.copealcoy.es\/es\/aprobados-los-presupuestos-municipales-de-alcoy-para-el-2021\/"},"wordCount":669,"commentCount":0,"image":{"@id":"https:\/\/www.copealcoy.es\/es\/aprobados-los-presupuestos-municipales-de-alcoy-para-el-2021\/#primaryimage"},"thumbnailUrl":"https:\/\/www.copealcoy.es\/wp-content\/uploads\/2021\/02\/captura-Ple-Febrer-02.png","keywords":["2021","Aprobaci\u00f3n","Presupuestos Municipales"],"articleSection":["Alcoy","Noticias","Pol\u00edtica y Econom\u00eda"],"inLanguage":"es"},{"@type":"WebPage","@id":"https:\/\/www.copealcoy.es\/es\/aprobados-los-presupuestos-municipales-de-alcoy-para-el-2021\/","url":"https:\/\/www.copealcoy.es\/es\/aprobados-los-presupuestos-municipales-de-alcoy-para-el-2021\/","name":"Aprobados los Presupuestos Municipales de Alcoy para el 2021 - COPE Alcoy","isPartOf":{"@id":"https:\/\/www.copealcoy.es\/es\/#website"},"primaryImageOfPage":{"@id":"https:\/\/www.copealcoy.es\/es\/aprobados-los-presupuestos-municipales-de-alcoy-para-el-2021\/#primaryimage"},"image":{"@id":"https:\/\/www.copealcoy.es\/es\/aprobados-los-presupuestos-municipales-de-alcoy-para-el-2021\/#primaryimage"},"thumbnailUrl":"https:\/\/www.copealcoy.es\/wp-content\/uploads\/2021\/02\/captura-Ple-Febrer-02.png","datePublished":"2021-02-05T21:55:03+00:00","dateModified":"2021-02-05T22:53:21+00:00","author":{"@id":"https:\/\/www.copealcoy.es\/es\/#\/schema\/person\/e777c87fa024e57d40170af9df39882c"},"breadcrumb":{"@id":"https:\/\/www.copealcoy.es\/es\/aprobados-los-presupuestos-municipales-de-alcoy-para-el-2021\/#breadcrumb"},"inLanguage":"es","potentialAction":[{"@type":"ReadAction","target":["https:\/\/www.copealcoy.es\/es\/aprobados-los-presupuestos-municipales-de-alcoy-para-el-2021\/"]}]},{"@type":"ImageObject","inLanguage":"es","@id":"https:\/\/www.copealcoy.es\/es\/aprobados-los-presupuestos-municipales-de-alcoy-para-el-2021\/#primaryimage","url":"https:\/\/www.copealcoy.es\/wp-content\/uploads\/2021\/02\/captura-Ple-Febrer-02.png","contentUrl":"https:\/\/www.copealcoy.es\/wp-content\/uploads\/2021\/02\/captura-Ple-Febrer-02.png","width":1459,"height":828},{"@type":"BreadcrumbList","@id":"https:\/\/www.copealcoy.es\/es\/aprobados-los-presupuestos-municipales-de-alcoy-para-el-2021\/#breadcrumb","itemListElement":[{"@type":"ListItem","position":1,"name":"Portada","item":"https:\/\/www.copealcoy.es\/es\/"},{"@type":"ListItem","position":2,"name":"Aprobados los Presupuestos Municipales de Alcoy para el 2021"}]},{"@type":"WebSite","@id":"https:\/\/www.copealcoy.es\/es\/#website","url":"https:\/\/www.copealcoy.es\/es\/","name":"COPE Alcoy","description":"Emisora COPE de radio local con emisi\u00f3n online. Pont de Sant Jordi 8-10 03803 Alcoy","potentialAction":[{"@type":"SearchAction","target":{"@type":"EntryPoint","urlTemplate":"https:\/\/www.copealcoy.es\/es\/?s={search_term_string}"},"query-input":{"@type":"PropertyValueSpecification","valueRequired":true,"valueName":"search_term_string"}}],"inLanguage":"es"},{"@type":"Person","@id":"https:\/\/www.copealcoy.es\/es\/#\/schema\/person\/e777c87fa024e57d40170af9df39882c","name":"Cope Alcoy","image":{"@type":"ImageObject","inLanguage":"es","@id":"https:\/\/secure.gravatar.com\/avatar\/bb65d0283347e303893ba14f0692005417c1e0e690a325a4c5d8bb2b3943ee14?s=96&d=mm&r=g","url":"https:\/\/secure.gravatar.com\/avatar\/bb65d0283347e303893ba14f0692005417c1e0e690a325a4c5d8bb2b3943ee14?s=96&d=mm&r=g","contentUrl":"https:\/\/secure.gravatar.com\/avatar\/bb65d0283347e303893ba14f0692005417c1e0e690a325a4c5d8bb2b3943ee14?s=96&d=mm&r=g","caption":"Cope Alcoy"}}]}},"_links":{"self":[{"href":"https:\/\/www.copealcoy.es\/es\/wp-json\/wp\/v2\/posts\/70629","targetHints":{"allow":["GET"]}}],"collection":[{"href":"https:\/\/www.copealcoy.es\/es\/wp-json\/wp\/v2\/posts"}],"about":[{"href":"https:\/\/www.copealcoy.es\/es\/wp-json\/wp\/v2\/types\/post"}],"author":[{"embeddable":true,"href":"https:\/\/www.copealcoy.es\/es\/wp-json\/wp\/v2\/users\/1"}],"replies":[{"embeddable":true,"href":"https:\/\/www.copealcoy.es\/es\/wp-json\/wp\/v2\/comments?post=70629"}],"version-history":[{"count":0,"href":"https:\/\/www.copealcoy.es\/es\/wp-json\/wp\/v2\/posts\/70629\/revisions"}],"wp:featuredmedia":[{"embeddable":true,"href":"https:\/\/www.copealcoy.es\/es\/wp-json\/wp\/v2\/media\/70630"}],"wp:attachment":[{"href":"https:\/\/www.copealcoy.es\/es\/wp-json\/wp\/v2\/media?parent=70629"}],"wp:term":[{"taxonomy":"category","embeddable":true,"href":"https:\/\/www.copealcoy.es\/es\/wp-json\/wp\/v2\/categories?post=70629"},{"taxonomy":"post_tag","embeddable":true,"href":"https:\/\/www.copealcoy.es\/es\/wp-json\/wp\/v2\/tags?post=70629"}],"curies":[{"name":"wp","href":"https:\/\/api.w.org\/{rel}","templated":true}]}}