{"id":70619,"date":"2021-02-05T22:00:44","date_gmt":"2021-02-05T21:00:44","guid":{"rendered":"https:\/\/www.copealcoy.es\/?p=70619"},"modified":"2021-02-05T22:08:44","modified_gmt":"2021-02-05T21:08:44","slug":"la-pandemia-deixa-a-cocentaina-sense-la-mostra-de-teatre-amateur","status":"publish","type":"post","link":"https:\/\/www.copealcoy.es\/es\/la-pandemia-deixa-a-cocentaina-sense-la-mostra-de-teatre-amateur\/","title":{"rendered":"La pand\u00e8mia deixa a Cocentaina sense la Mostra de Teatre Amateur"},"content":{"rendered":"<p style=\"text-align: justify;\">El <strong>grup Tel\u00f3 Teatre<\/strong> de la capital del Comtat <strong>ha decidit cancel\u00b7lar definitivament la Mostra de Teatre Amateur &#8216;Vila de Cocentaina&#8217;<\/strong>, un certamen que compta <strong>amb una gran acceptaci\u00f3<\/strong> i que enguany <strong>no es pot desenvolupar amb normalitat<\/strong> a causa de la crisi sanit\u00e0ria del Coronavirus.<\/p>\n<p style=\"text-align: justify;\">La Mostra porta cada any fins al municipi a <strong>grups de teatre amateur procedents de la Comunitat Valenciana<\/strong> i que presenten una obra <strong>sobre l&#8217;escenari del Centre Cultural El Teular<\/strong> durant els caps de setmana de febrer. Aquesta opci\u00f3 <strong>havia quedat inicialment descartada per a 2021<\/strong> amb la finalitat d&#8217;evitar despla\u00e7aments per\u00f2 si que<strong> Tel\u00f3 Teatre havia pensat una alternativa<\/strong> que finalment no es podr\u00e0 realitzar &#8220;<em>nosaltres clausurem cada any la Mostra amb una obra i enguany hav\u00edem pensat realitzar-la encara que no hi haguera certamen teatral com a tal amb totes les seues caracter\u00edstiques. Al final rebutjarem la idea perqu\u00e8 ara mateix no podem fer \u00fas del Teular, ja que estan tancats els espais culturals a causa de l&#8217;elevada incid\u00e8ncia del Coronavirus, i fins i tot hem de fer els assajos en format virtual amb la dificultat que aix\u00f2 comporta<\/em>&#8220;, explica el President del col\u00b7lectiu; <strong>Sa\u00fal Santonja<\/strong>. Malgrat aix\u00f2 Santonja indica que l&#8217;obra que porten temps preparant <strong>es podr\u00e0 veure a Cocentaina durant els pr\u00f2xims mesos<\/strong> si l&#8217;evoluci\u00f3 de la Covid-19 ho permet &#8220;<em>continuem treballant amb el nostre director, Jos\u00e9 Miguel L\u00f3pez, i si podem la presentarem al mar\u00e7 amb motiu del Dia Mundial del Teatre o a l&#8217;estiu&#8221;<\/em>, conclou.<\/p>\n<p style=\"text-align: justify;\">La Mostra de 2020, fa un any,<strong> fou pr\u00e0cticament l&#8217;\u00faltima cita cultural que va oferir Tel\u00f3 Teatre en la poblaci\u00f3<\/strong> a excepci\u00f3 d&#8217;una <strong>recopilaci\u00f3 de mon\u00f2legs<\/strong> que va presentar el grup al Palau Comtal a la fi de juliol dins de les activitats estiuenques que va organitzar l&#8217;Ajuntament contest\u00e0 despr\u00e9s del confinament.<\/p>\n","protected":false},"excerpt":{"rendered":"<p>El grup Tel\u00f3 Teatre de la capital del Comtat ha decidit cancel\u00b7lar definitivament la Mostra de Teatre Amateur &#8216;Vila de&#8230;<\/p>\n","protected":false},"author":1,"featured_media":60595,"comment_status":"open","ping_status":"open","sticky":false,"template":"","format":"standard","meta":{"footnotes":""},"categories":[98,75],"tags":[629,132,1604,7477,2139,630],"class_list":["post-70619","post","type-post","status-publish","format-standard","has-post-thumbnail","hentry","category-comarcas","category-noticias","tag-amateur","tag-cocentaina","tag-mostra-teatre","tag-pandemia","tag-saul-santonja","tag-telo-teatre"],"yoast_head":"<!-- This site is optimized with the Yoast SEO plugin v27.3 - https:\/\/yoast.com\/product\/yoast-seo-wordpress\/ -->\n<title>La pand\u00e8mia deixa a Cocentaina sense la Mostra de Teatre Amateur - COPE Alcoy<\/title>\n<meta name=\"robots\" content=\"index, follow, max-snippet:-1, max-image-preview:large, max-video-preview:-1\" \/>\n<link rel=\"canonical\" href=\"https:\/\/www.copealcoy.es\/es\/la-pandemia-deixa-a-cocentaina-sense-la-mostra-de-teatre-amateur\/\" \/>\n<meta property=\"og:locale\" content=\"es_ES\" \/>\n<meta property=\"og:type\" content=\"article\" \/>\n<meta property=\"og:title\" content=\"La pand\u00e8mia deixa a Cocentaina sense la Mostra de Teatre Amateur - COPE Alcoy\" \/>\n<meta property=\"og:description\" content=\"El grup Tel\u00f3 Teatre de la capital del Comtat ha decidit cancel\u00b7lar definitivament la Mostra de Teatre Amateur &#8216;Vila de...\" \/>\n<meta property=\"og:url\" content=\"https:\/\/www.copealcoy.es\/es\/la-pandemia-deixa-a-cocentaina-sense-la-mostra-de-teatre-amateur\/\" \/>\n<meta property=\"og:site_name\" content=\"COPE Alcoy\" \/>\n<meta property=\"article:published_time\" content=\"2021-02-05T21:00:44+00:00\" \/>\n<meta property=\"article:modified_time\" content=\"2021-02-05T21:08:44+00:00\" \/>\n<meta property=\"og:image\" content=\"https:\/\/www.copealcoy.es\/wp-content\/uploads\/2020\/03\/4-La-representaci\u00f3n-tuvo-lugar-el-pasado-s\u00e1bado-29-de-febrero-Foto-Tel\u00f3-Teatre-1.jpg\" \/>\n\t<meta property=\"og:image:width\" content=\"960\" \/>\n\t<meta property=\"og:image:height\" content=\"454\" \/>\n\t<meta property=\"og:image:type\" content=\"image\/jpeg\" \/>\n<meta name=\"author\" content=\"Cope Alcoy\" \/>\n<meta name=\"twitter:label1\" content=\"Escrito por\" \/>\n\t<meta name=\"twitter:data1\" content=\"Cope Alcoy\" \/>\n\t<meta name=\"twitter:label2\" content=\"Tiempo de lectura\" \/>\n\t<meta name=\"twitter:data2\" content=\"2 minutos\" \/>\n<script type=\"application\/ld+json\" class=\"yoast-schema-graph\">{\"@context\":\"https:\\\/\\\/schema.org\",\"@graph\":[{\"@type\":\"Article\",\"@id\":\"https:\\\/\\\/www.copealcoy.es\\\/es\\\/la-pandemia-deixa-a-cocentaina-sense-la-mostra-de-teatre-amateur\\\/#article\",\"isPartOf\":{\"@id\":\"https:\\\/\\\/www.copealcoy.es\\\/es\\\/la-pandemia-deixa-a-cocentaina-sense-la-mostra-de-teatre-amateur\\\/\"},\"author\":{\"name\":\"Cope Alcoy\",\"@id\":\"https:\\\/\\\/www.copealcoy.es\\\/es\\\/#\\\/schema\\\/person\\\/e777c87fa024e57d40170af9df39882c\"},\"headline\":\"La pand\u00e8mia deixa a Cocentaina sense la Mostra de Teatre Amateur\",\"datePublished\":\"2021-02-05T21:00:44+00:00\",\"dateModified\":\"2021-02-05T21:08:44+00:00\",\"mainEntityOfPage\":{\"@id\":\"https:\\\/\\\/www.copealcoy.es\\\/es\\\/la-pandemia-deixa-a-cocentaina-sense-la-mostra-de-teatre-amateur\\\/\"},\"wordCount\":331,\"commentCount\":0,\"image\":{\"@id\":\"https:\\\/\\\/www.copealcoy.es\\\/es\\\/la-pandemia-deixa-a-cocentaina-sense-la-mostra-de-teatre-amateur\\\/#primaryimage\"},\"thumbnailUrl\":\"https:\\\/\\\/www.copealcoy.es\\\/wp-content\\\/uploads\\\/2020\\\/03\\\/4-La-representaci\u00f3n-tuvo-lugar-el-pasado-s\u00e1bado-29-de-febrero-Foto-Tel\u00f3-Teatre-1.jpg\",\"keywords\":[\"Amateur\",\"Cocentaina\",\"Mostra Teatre\",\"pandemia\",\"Sa\u00fal Santonja\",\"Tel\u00f3 Teatre\"],\"articleSection\":[\"Comarcas\",\"Noticias\"],\"inLanguage\":\"es\"},{\"@type\":\"WebPage\",\"@id\":\"https:\\\/\\\/www.copealcoy.es\\\/es\\\/la-pandemia-deixa-a-cocentaina-sense-la-mostra-de-teatre-amateur\\\/\",\"url\":\"https:\\\/\\\/www.copealcoy.es\\\/es\\\/la-pandemia-deixa-a-cocentaina-sense-la-mostra-de-teatre-amateur\\\/\",\"name\":\"La pand\u00e8mia deixa a Cocentaina sense la Mostra de Teatre Amateur - COPE Alcoy\",\"isPartOf\":{\"@id\":\"https:\\\/\\\/www.copealcoy.es\\\/es\\\/#website\"},\"primaryImageOfPage\":{\"@id\":\"https:\\\/\\\/www.copealcoy.es\\\/es\\\/la-pandemia-deixa-a-cocentaina-sense-la-mostra-de-teatre-amateur\\\/#primaryimage\"},\"image\":{\"@id\":\"https:\\\/\\\/www.copealcoy.es\\\/es\\\/la-pandemia-deixa-a-cocentaina-sense-la-mostra-de-teatre-amateur\\\/#primaryimage\"},\"thumbnailUrl\":\"https:\\\/\\\/www.copealcoy.es\\\/wp-content\\\/uploads\\\/2020\\\/03\\\/4-La-representaci\u00f3n-tuvo-lugar-el-pasado-s\u00e1bado-29-de-febrero-Foto-Tel\u00f3-Teatre-1.jpg\",\"datePublished\":\"2021-02-05T21:00:44+00:00\",\"dateModified\":\"2021-02-05T21:08:44+00:00\",\"author\":{\"@id\":\"https:\\\/\\\/www.copealcoy.es\\\/es\\\/#\\\/schema\\\/person\\\/e777c87fa024e57d40170af9df39882c\"},\"breadcrumb\":{\"@id\":\"https:\\\/\\\/www.copealcoy.es\\\/es\\\/la-pandemia-deixa-a-cocentaina-sense-la-mostra-de-teatre-amateur\\\/#breadcrumb\"},\"inLanguage\":\"es\",\"potentialAction\":[{\"@type\":\"ReadAction\",\"target\":[\"https:\\\/\\\/www.copealcoy.es\\\/es\\\/la-pandemia-deixa-a-cocentaina-sense-la-mostra-de-teatre-amateur\\\/\"]}]},{\"@type\":\"ImageObject\",\"inLanguage\":\"es\",\"@id\":\"https:\\\/\\\/www.copealcoy.es\\\/es\\\/la-pandemia-deixa-a-cocentaina-sense-la-mostra-de-teatre-amateur\\\/#primaryimage\",\"url\":\"https:\\\/\\\/www.copealcoy.es\\\/wp-content\\\/uploads\\\/2020\\\/03\\\/4-La-representaci\u00f3n-tuvo-lugar-el-pasado-s\u00e1bado-29-de-febrero-Foto-Tel\u00f3-Teatre-1.jpg\",\"contentUrl\":\"https:\\\/\\\/www.copealcoy.es\\\/wp-content\\\/uploads\\\/2020\\\/03\\\/4-La-representaci\u00f3n-tuvo-lugar-el-pasado-s\u00e1bado-29-de-febrero-Foto-Tel\u00f3-Teatre-1.jpg\",\"width\":960,\"height\":454,\"caption\":\"La representaci\u00f3n tuvo lugar el pasado s\u00e1bado 29 de febrero \\\/ Foto Tel\u00f3 Teatre\"},{\"@type\":\"BreadcrumbList\",\"@id\":\"https:\\\/\\\/www.copealcoy.es\\\/es\\\/la-pandemia-deixa-a-cocentaina-sense-la-mostra-de-teatre-amateur\\\/#breadcrumb\",\"itemListElement\":[{\"@type\":\"ListItem\",\"position\":1,\"name\":\"Portada\",\"item\":\"https:\\\/\\\/www.copealcoy.es\\\/es\\\/\"},{\"@type\":\"ListItem\",\"position\":2,\"name\":\"La pand\u00e8mia deixa a Cocentaina sense la Mostra de Teatre Amateur\"}]},{\"@type\":\"WebSite\",\"@id\":\"https:\\\/\\\/www.copealcoy.es\\\/es\\\/#website\",\"url\":\"https:\\\/\\\/www.copealcoy.es\\\/es\\\/\",\"name\":\"COPE Alcoy\",\"description\":\"Emisora COPE de radio local con emisi\u00f3n online. Pont de Sant Jordi 8-10 03803 Alcoy\",\"potentialAction\":[{\"@type\":\"SearchAction\",\"target\":{\"@type\":\"EntryPoint\",\"urlTemplate\":\"https:\\\/\\\/www.copealcoy.es\\\/es\\\/?s={search_term_string}\"},\"query-input\":{\"@type\":\"PropertyValueSpecification\",\"valueRequired\":true,\"valueName\":\"search_term_string\"}}],\"inLanguage\":\"es\"},{\"@type\":\"Person\",\"@id\":\"https:\\\/\\\/www.copealcoy.es\\\/es\\\/#\\\/schema\\\/person\\\/e777c87fa024e57d40170af9df39882c\",\"name\":\"Cope Alcoy\",\"image\":{\"@type\":\"ImageObject\",\"inLanguage\":\"es\",\"@id\":\"https:\\\/\\\/secure.gravatar.com\\\/avatar\\\/bb65d0283347e303893ba14f0692005417c1e0e690a325a4c5d8bb2b3943ee14?s=96&d=mm&r=g\",\"url\":\"https:\\\/\\\/secure.gravatar.com\\\/avatar\\\/bb65d0283347e303893ba14f0692005417c1e0e690a325a4c5d8bb2b3943ee14?s=96&d=mm&r=g\",\"contentUrl\":\"https:\\\/\\\/secure.gravatar.com\\\/avatar\\\/bb65d0283347e303893ba14f0692005417c1e0e690a325a4c5d8bb2b3943ee14?s=96&d=mm&r=g\",\"caption\":\"Cope Alcoy\"}}]}<\/script>\n<!-- \/ Yoast SEO plugin. -->","yoast_head_json":{"title":"La pand\u00e8mia deixa a Cocentaina sense la Mostra de Teatre Amateur - COPE Alcoy","robots":{"index":"index","follow":"follow","max-snippet":"max-snippet:-1","max-image-preview":"max-image-preview:large","max-video-preview":"max-video-preview:-1"},"canonical":"https:\/\/www.copealcoy.es\/es\/la-pandemia-deixa-a-cocentaina-sense-la-mostra-de-teatre-amateur\/","og_locale":"es_ES","og_type":"article","og_title":"La pand\u00e8mia deixa a Cocentaina sense la Mostra de Teatre Amateur - COPE Alcoy","og_description":"El grup Tel\u00f3 Teatre de la capital del Comtat ha decidit cancel\u00b7lar definitivament la Mostra de Teatre Amateur &#8216;Vila de...","og_url":"https:\/\/www.copealcoy.es\/es\/la-pandemia-deixa-a-cocentaina-sense-la-mostra-de-teatre-amateur\/","og_site_name":"COPE Alcoy","article_published_time":"2021-02-05T21:00:44+00:00","article_modified_time":"2021-02-05T21:08:44+00:00","og_image":[{"width":960,"height":454,"url":"https:\/\/www.copealcoy.es\/wp-content\/uploads\/2020\/03\/4-La-representaci\u00f3n-tuvo-lugar-el-pasado-s\u00e1bado-29-de-febrero-Foto-Tel\u00f3-Teatre-1.jpg","type":"image\/jpeg"}],"author":"Cope Alcoy","twitter_misc":{"Escrito por":"Cope Alcoy","Tiempo de lectura":"2 minutos"},"schema":{"@context":"https:\/\/schema.org","@graph":[{"@type":"Article","@id":"https:\/\/www.copealcoy.es\/es\/la-pandemia-deixa-a-cocentaina-sense-la-mostra-de-teatre-amateur\/#article","isPartOf":{"@id":"https:\/\/www.copealcoy.es\/es\/la-pandemia-deixa-a-cocentaina-sense-la-mostra-de-teatre-amateur\/"},"author":{"name":"Cope Alcoy","@id":"https:\/\/www.copealcoy.es\/es\/#\/schema\/person\/e777c87fa024e57d40170af9df39882c"},"headline":"La pand\u00e8mia deixa a Cocentaina sense la Mostra de Teatre Amateur","datePublished":"2021-02-05T21:00:44+00:00","dateModified":"2021-02-05T21:08:44+00:00","mainEntityOfPage":{"@id":"https:\/\/www.copealcoy.es\/es\/la-pandemia-deixa-a-cocentaina-sense-la-mostra-de-teatre-amateur\/"},"wordCount":331,"commentCount":0,"image":{"@id":"https:\/\/www.copealcoy.es\/es\/la-pandemia-deixa-a-cocentaina-sense-la-mostra-de-teatre-amateur\/#primaryimage"},"thumbnailUrl":"https:\/\/www.copealcoy.es\/wp-content\/uploads\/2020\/03\/4-La-representaci\u00f3n-tuvo-lugar-el-pasado-s\u00e1bado-29-de-febrero-Foto-Tel\u00f3-Teatre-1.jpg","keywords":["Amateur","Cocentaina","Mostra Teatre","pandemia","Sa\u00fal Santonja","Tel\u00f3 Teatre"],"articleSection":["Comarcas","Noticias"],"inLanguage":"es"},{"@type":"WebPage","@id":"https:\/\/www.copealcoy.es\/es\/la-pandemia-deixa-a-cocentaina-sense-la-mostra-de-teatre-amateur\/","url":"https:\/\/www.copealcoy.es\/es\/la-pandemia-deixa-a-cocentaina-sense-la-mostra-de-teatre-amateur\/","name":"La pand\u00e8mia deixa a Cocentaina sense la Mostra de Teatre Amateur - COPE Alcoy","isPartOf":{"@id":"https:\/\/www.copealcoy.es\/es\/#website"},"primaryImageOfPage":{"@id":"https:\/\/www.copealcoy.es\/es\/la-pandemia-deixa-a-cocentaina-sense-la-mostra-de-teatre-amateur\/#primaryimage"},"image":{"@id":"https:\/\/www.copealcoy.es\/es\/la-pandemia-deixa-a-cocentaina-sense-la-mostra-de-teatre-amateur\/#primaryimage"},"thumbnailUrl":"https:\/\/www.copealcoy.es\/wp-content\/uploads\/2020\/03\/4-La-representaci\u00f3n-tuvo-lugar-el-pasado-s\u00e1bado-29-de-febrero-Foto-Tel\u00f3-Teatre-1.jpg","datePublished":"2021-02-05T21:00:44+00:00","dateModified":"2021-02-05T21:08:44+00:00","author":{"@id":"https:\/\/www.copealcoy.es\/es\/#\/schema\/person\/e777c87fa024e57d40170af9df39882c"},"breadcrumb":{"@id":"https:\/\/www.copealcoy.es\/es\/la-pandemia-deixa-a-cocentaina-sense-la-mostra-de-teatre-amateur\/#breadcrumb"},"inLanguage":"es","potentialAction":[{"@type":"ReadAction","target":["https:\/\/www.copealcoy.es\/es\/la-pandemia-deixa-a-cocentaina-sense-la-mostra-de-teatre-amateur\/"]}]},{"@type":"ImageObject","inLanguage":"es","@id":"https:\/\/www.copealcoy.es\/es\/la-pandemia-deixa-a-cocentaina-sense-la-mostra-de-teatre-amateur\/#primaryimage","url":"https:\/\/www.copealcoy.es\/wp-content\/uploads\/2020\/03\/4-La-representaci\u00f3n-tuvo-lugar-el-pasado-s\u00e1bado-29-de-febrero-Foto-Tel\u00f3-Teatre-1.jpg","contentUrl":"https:\/\/www.copealcoy.es\/wp-content\/uploads\/2020\/03\/4-La-representaci\u00f3n-tuvo-lugar-el-pasado-s\u00e1bado-29-de-febrero-Foto-Tel\u00f3-Teatre-1.jpg","width":960,"height":454,"caption":"La representaci\u00f3n tuvo lugar el pasado s\u00e1bado 29 de febrero \/ Foto Tel\u00f3 Teatre"},{"@type":"BreadcrumbList","@id":"https:\/\/www.copealcoy.es\/es\/la-pandemia-deixa-a-cocentaina-sense-la-mostra-de-teatre-amateur\/#breadcrumb","itemListElement":[{"@type":"ListItem","position":1,"name":"Portada","item":"https:\/\/www.copealcoy.es\/es\/"},{"@type":"ListItem","position":2,"name":"La pand\u00e8mia deixa a Cocentaina sense la Mostra de Teatre Amateur"}]},{"@type":"WebSite","@id":"https:\/\/www.copealcoy.es\/es\/#website","url":"https:\/\/www.copealcoy.es\/es\/","name":"COPE Alcoy","description":"Emisora COPE de radio local con emisi\u00f3n online. Pont de Sant Jordi 8-10 03803 Alcoy","potentialAction":[{"@type":"SearchAction","target":{"@type":"EntryPoint","urlTemplate":"https:\/\/www.copealcoy.es\/es\/?s={search_term_string}"},"query-input":{"@type":"PropertyValueSpecification","valueRequired":true,"valueName":"search_term_string"}}],"inLanguage":"es"},{"@type":"Person","@id":"https:\/\/www.copealcoy.es\/es\/#\/schema\/person\/e777c87fa024e57d40170af9df39882c","name":"Cope Alcoy","image":{"@type":"ImageObject","inLanguage":"es","@id":"https:\/\/secure.gravatar.com\/avatar\/bb65d0283347e303893ba14f0692005417c1e0e690a325a4c5d8bb2b3943ee14?s=96&d=mm&r=g","url":"https:\/\/secure.gravatar.com\/avatar\/bb65d0283347e303893ba14f0692005417c1e0e690a325a4c5d8bb2b3943ee14?s=96&d=mm&r=g","contentUrl":"https:\/\/secure.gravatar.com\/avatar\/bb65d0283347e303893ba14f0692005417c1e0e690a325a4c5d8bb2b3943ee14?s=96&d=mm&r=g","caption":"Cope Alcoy"}}]}},"_links":{"self":[{"href":"https:\/\/www.copealcoy.es\/es\/wp-json\/wp\/v2\/posts\/70619","targetHints":{"allow":["GET"]}}],"collection":[{"href":"https:\/\/www.copealcoy.es\/es\/wp-json\/wp\/v2\/posts"}],"about":[{"href":"https:\/\/www.copealcoy.es\/es\/wp-json\/wp\/v2\/types\/post"}],"author":[{"embeddable":true,"href":"https:\/\/www.copealcoy.es\/es\/wp-json\/wp\/v2\/users\/1"}],"replies":[{"embeddable":true,"href":"https:\/\/www.copealcoy.es\/es\/wp-json\/wp\/v2\/comments?post=70619"}],"version-history":[{"count":0,"href":"https:\/\/www.copealcoy.es\/es\/wp-json\/wp\/v2\/posts\/70619\/revisions"}],"wp:featuredmedia":[{"embeddable":true,"href":"https:\/\/www.copealcoy.es\/es\/wp-json\/wp\/v2\/media\/60595"}],"wp:attachment":[{"href":"https:\/\/www.copealcoy.es\/es\/wp-json\/wp\/v2\/media?parent=70619"}],"wp:term":[{"taxonomy":"category","embeddable":true,"href":"https:\/\/www.copealcoy.es\/es\/wp-json\/wp\/v2\/categories?post=70619"},{"taxonomy":"post_tag","embeddable":true,"href":"https:\/\/www.copealcoy.es\/es\/wp-json\/wp\/v2\/tags?post=70619"}],"curies":[{"name":"wp","href":"https:\/\/api.w.org\/{rel}","templated":true}]}}